{"id":91,"date":"2021-01-20T10:37:00","date_gmt":"2021-01-20T09:37:00","guid":{"rendered":"https:\/\/www.frankentourismus.de\/blog\/?p=91"},"modified":"2022-10-13T14:25:09","modified_gmt":"2022-10-13T12:25:09","slug":"auf-fruchtiger-entdeckungstour-durch-die-streuobstwiesen-im-romantischen-franken","status":"publish","type":"post","link":"https:\/\/www.frankentourismus.de\/blog\/2021\/01\/20\/auf-fruchtiger-entdeckungstour-durch-die-streuobstwiesen-im-romantischen-franken\/","title":{"rendered":"Auf fruchtiger Entdeckungstour durch die Streuobstwiesen im Romantischen Franken"},"content":{"rendered":"\n<p><strong>Wir befinden uns im <a href=\"https:\/\/www.frankentourismus.de\/gebiete\/romantisches-franken\/\" data-type=\"URL\" data-id=\"https:\/\/www.frankentourismus.de\/gebiete\/romantisches-franken\/\" target=\"_blank\" rel=\"noreferrer noopener\">Romantischen Franken<\/a>, genauer in Burgbernheim inmitten von bunten Blumenwiesen, Hecken und<\/strong> <strong>S\u00e4umen. Das Summen der Bienen, das Rauschen der Bl\u00e4tter der vielen Obstb\u00e4ume<\/strong> <strong>dringt beruhigend an unsere Ohren. Was wie ein entspanntes Naturparadies klingt, ist<\/strong> <strong>seit 34 Jahren mein Arbeitsplatz als Stadtg\u00e4rtner.<\/strong><\/p>\n\n\n<div class=\"hint\">\n            <figure>\n            <img width=\"200\" height=\"300\" src=\"https:\/\/www.frankentourismus.de\/blog\/wp-content\/uploads\/2021\/01\/Aepfel_JimAlbrightFoto_061014-bea-200x300.jpg\" class=\"attachment-medium size-medium\" alt=\"\" decoding=\"async\" loading=\"lazy\" srcset=\"https:\/\/www.frankentourismus.de\/blog\/wp-content\/uploads\/2021\/01\/Aepfel_JimAlbrightFoto_061014-bea-200x300.jpg 200w, https:\/\/www.frankentourismus.de\/blog\/wp-content\/uploads\/2021\/01\/Aepfel_JimAlbrightFoto_061014-bea-682x1024.jpg 682w, https:\/\/www.frankentourismus.de\/blog\/wp-content\/uploads\/2021\/01\/Aepfel_JimAlbrightFoto_061014-bea-768x1153.jpg 768w, https:\/\/www.frankentourismus.de\/blog\/wp-content\/uploads\/2021\/01\/Aepfel_JimAlbrightFoto_061014-bea-1023x1536.jpg 1023w, https:\/\/www.frankentourismus.de\/blog\/wp-content\/uploads\/2021\/01\/Aepfel_JimAlbrightFoto_061014-bea-1364x2048.jpg 1364w, https:\/\/www.frankentourismus.de\/blog\/wp-content\/uploads\/2021\/01\/Aepfel_JimAlbrightFoto_061014-bea-scaled.jpg 1705w\" sizes=\"(max-width: 200px) 100vw, 200px\" \/>        <\/figure>\n    \n    <div class=\"content\">\n        <p>Hallo zusammen, mein Name ist Ernst Grefig und wenn es etwas gibt, in das ich all mein Herzblut stecke, dann sind es die Streuobstwiesen hier in Burgbernheim. <\/p>\n    <\/div>\n<\/div>\n\n\n\n<p>Unser St\u00e4dtchen liegt angeschmiegt an der Frankenh\u00f6he und ist f\u00fcr seine \u00f6kologisch wertvollen Obstb\u00e4ume bekannt. Auf den 120 Hektar Streuobstwiesen in der <a href=\"https:\/\/www.frankentourismus.de\/gebiete\/romantisches-franken\/\" data-type=\"URL\" data-id=\"https:\/\/www.frankentourismus.de\/gebiete\/romantisches-franken\/\">Ferienregion Romantisches Franken<\/a> stehen rund<strong> 30.000 Obstb\u00e4ume<\/strong>, die auch einer Vielzahl von Insekten und V\u00f6geln Wohnraum bieten. Wer uns in der Zeit von Anfang Juli bis November besucht, trifft hier auf jede Menge Fr\u00fcchte, die satt und reif an den B\u00e4umen h\u00e4ngen und geerntet werden wollen. Die Vielfalt ist gro\u00df, es gibt \u00c4pfel, Birnen, Kirschen, Zwetschgen, Mirabellen, Maulbeeren, Elsbeeren und N\u00fcsse.<\/p>\n\n\n\n<figure class=\"wp-block-image size-large\"><img decoding=\"async\" loading=\"lazy\" width=\"1024\" height=\"768\" src=\"https:\/\/www.frankentourismus.de\/blog\/wp-content\/uploads\/2020\/12\/20190526_113347-1024x768.jpg\" alt=\"\" class=\"wp-image-97\" srcset=\"https:\/\/www.frankentourismus.de\/blog\/wp-content\/uploads\/2020\/12\/20190526_113347-1024x768.jpg 1024w, https:\/\/www.frankentourismus.de\/blog\/wp-content\/uploads\/2020\/12\/20190526_113347-300x225.jpg 300w, https:\/\/www.frankentourismus.de\/blog\/wp-content\/uploads\/2020\/12\/20190526_113347-768x576.jpg 768w, https:\/\/www.frankentourismus.de\/blog\/wp-content\/uploads\/2020\/12\/20190526_113347-1536x1152.jpg 1536w, https:\/\/www.frankentourismus.de\/blog\/wp-content\/uploads\/2020\/12\/20190526_113347-2048x1536.jpg 2048w\" sizes=\"(max-width: 1024px) 100vw, 1024px\" \/><figcaption>\u00a9Stadt Burgbernheim<\/figcaption><\/figure>\n\n\n\n<h2>Streuobstwiesen sind ein wichtiges Kulturgut, welches es zu pflegen gilt<\/h2>\n\n\n\n<p>Wir betreiben einen sehr gro\u00dfen Aufwand, um unser St\u00e4dtchen <a href=\"https:\/\/www.frankentourismus.de\/poi\/genussort_burgbernheim-26883\/\">Burgbernheim<\/a> bekannter zu machen. Unser Hauptanliegen ist es, die Leute f\u00fcr das Thema Streuobstwiesen als wichtiges Kulturgut zu sensibilisieren. Es ist sch\u00f6n zu sehen, dass die Begeisterung f\u00fcr die Kulturlandschaft und regionales Obst gerade bei den jungen Leuten wieder zunimmt. Das war nicht immer so, denn von 1952 bis 1975 sind viele Obstb\u00e4ume einem regelrechten Bereinigungswahn zum Opfer gefallen. Jeder Baumbesitzer, der seine Obstb\u00e4ume gef\u00e4llt hat, hat vom Bundesern\u00e4hrungsministerium eine Rodungspr\u00e4mie erhalten.<\/p>\n\n\n\n<blockquote class=\"wp-block-quote\"><p>&#8222;&#8230;so wurden insgesamt 80% der Streuobstwiesen in Bayern zerst\u00f6rt.&#8220;<\/p><cite>Ernst Grefig<\/cite><\/blockquote>\n\n\n\n<p>Warum das gemacht wurde? Ganz einfach, man wollte mehr \u00c4cker f\u00fcr die Landwirtschaft schaffen. Zus\u00e4tzlich mangelte es an Wertsch\u00e4tzung, dass es sich bei dem Obst von Streuobstwiesen um ein <strong>\u00f6kologisch wichtiges Lebensmittel <\/strong>handelt, welches es wert ist, in seiner Artenvielfalt erhalten zu bleiben. Und so wurden insgesamt 80% der Streuobstwiesen in Bayern zerst\u00f6rt. Gl\u00fcck f\u00fcr Burgbernheim war seine Lage. Da unsere Stadt an der Frankenh\u00f6he liegt, gibt es keine ebene Fl\u00e4che, hier war diese Art der Landwirtschaft schlichtweg nicht m\u00f6glich. Eine gl\u00fcckliche F\u00fcgung, Dank der wir hier immer noch so viele Streuobstwiesen haben.<\/p>\n\n\n\n<h2>Unterst\u00fctzung durch Baumpatenschaften<\/h2>\n\n\n\n<p>In der Hohenloher Gegend, in Uffenheim, im Alten Land bei Hamburg oder am Bodensee gibt es auch noch einige Streuobstwiesen, aber in der geballten Zahl wie in unserer Kommune findet man sie nicht mehr oft. Deshalb ist es jetzt unsere Hauptaufgabe, die vielen Obstb\u00e4ume in Burgbernheim zu<strong> pflegen und vor allem zu schneiden<\/strong>. Denn die alten B\u00e4ume drohen unter der Last der Fr\u00fcchte zusammenzubrechen. Die Ernte m\u00fcssen wir mittlerweile dank flei\u00dfiger Helfer nicht mehr alleine stemmen. F\u00fcr die H\u00e4lfte der insgesamt 120 Hektar an Streuobstwiesen haben wir Baumpaten gefunden. Insgesamt 2.600 Aluplaketten wurden in Burgbernheim verteilt. So hilft die Bev\u00f6lkerung uns dabei, sich um die B\u00e4ume unserer Vorfahren zu k\u00fcmmern und das reife Obst zu ernten. Die Baumpaten k\u00f6nnen so viele Fr\u00fcchte verbrauchen, wie sie m\u00f6chten, den Rest bringen sie zu uns.<\/p>\n\n\n\n<h3>Von Apfelsaft \u00fcber Schorlen bis hin zu Gl\u00fchmost &#8211; alles aus eigener Herstellung<\/h3>\n\n\n\n<p>Es gibt insgesamt f\u00fcnf Annahmestellen, hier wird dann gepresst und der einheimische Saft direkt weiterverarbeitet. Wir produzieren Apfelsaft, Apfelschorlen, eine rote Schorle (Apfel, Johannisbeere &amp; Traube), Aronia-Apfel-Saft, Gl\u00fchmost mit und ohne Alkohol und Secco aus Birnen und \u00c4pfeln. Fr\u00fcchte alleine werden aber nicht verkauft.<\/p>\n\n\n\n<div class=\"wp-block-image\"><figure class=\"alignright size-large is-resized\"><img decoding=\"async\" loading=\"lazy\" src=\"https:\/\/www.frankentourismus.de\/blog\/wp-content\/uploads\/2020\/12\/20190618_105912-768x1024.jpg\" alt=\"\" class=\"wp-image-99\" width=\"342\" height=\"456\" srcset=\"https:\/\/www.frankentourismus.de\/blog\/wp-content\/uploads\/2020\/12\/20190618_105912-768x1024.jpg 768w, https:\/\/www.frankentourismus.de\/blog\/wp-content\/uploads\/2020\/12\/20190618_105912-225x300.jpg 225w, https:\/\/www.frankentourismus.de\/blog\/wp-content\/uploads\/2020\/12\/20190618_105912-1152x1536.jpg 1152w, https:\/\/www.frankentourismus.de\/blog\/wp-content\/uploads\/2020\/12\/20190618_105912-1536x2048.jpg 1536w, https:\/\/www.frankentourismus.de\/blog\/wp-content\/uploads\/2020\/12\/20190618_105912-scaled.jpg 1920w\" sizes=\"(max-width: 342px) 100vw, 342px\" \/><figcaption>\u00a9Stadt Burgbernheim<\/figcaption><\/figure><\/div>\n\n\n\n<h3>Streuobstwiesen vs. Erwerbsobstbau<\/h3>\n\n\n\n<p>Neben den \u00c4pfeln ist Burgbernheim vor allem bekannt f\u00fcr seine Vielzahl an Zwetschgenb\u00e4umen. Hier wachsen z.B. die Burgbernheimer Bergzwetschge oder die Fr\u00e4nkische Hauszwetschge. Doch \u00c4pfel sind \u2013 \u00fcbrigens weltweit \u2013 nach wie vor das meist gegessene Obst. Um die Nachfrage decken zu k\u00f6nnen, ist deshalb auch der <strong>Erwerbsobstbau <\/strong>entstanden. Doch viele wissen gar nicht, wie diese sich unterscheiden.<\/p>\n\n\n\n<p>Bei Streuobstwiesen gibt es etwa 100-120 B\u00e4ume pro Hektar, die mit einem Abstand von 10 Metern stehen. Beim Erwerbsobstbau dagegen sind es bis zu 3.000 B\u00e4ume pro Hektar, die mit nur ca. 80 cm bis max. 1,20 Meter Abstand zueinander stehen. Durch den gro\u00dfen Abstand bei den<br>Streuobstwiesen konnten sich die B\u00e4ume gut entwickeln und breiter wachsen. Das bedeutet wiederum mehr Fl\u00e4che, mehr Licht und damit auch ein h\u00f6herer Obstertrag. Au\u00dferdem k\u00f6nnen durch den gr\u00f6\u00dferen Lichteinfall am Boden Kr\u00e4uter wachsen, die wichtig f\u00fcr die Vielzahl an Insekten und V\u00f6geln sind. Von M\u00e4rz bis Oktober haben wir zudem um die 600 Schafe, die die Fl\u00e4chen schonend beweiden.<\/p>\n\n\n\n<p>Das besondere an unseren Streuobstwiesen ist auch die <strong>Vielzahl an alten Apfelsorten<\/strong>. Da gibt es z.B. den Kaiser Wilhelm, den Maunzenapfel oder den ganz alten Edelborsdorfer, der 1250 das erste Mal erw\u00e4hnt wurde. Solche alten Sorten findet man beim Erwerbsobstbau einfach nicht.<\/p>\n\n\n\n<h2>Streuobstf\u00fchrungen in Burgbernheim<\/h2>\n\n\n\n<p>Nat\u00fcrlich m\u00f6chten wir Burgbernheim auch au\u00dferhalb der Region bekannter machen und bieten daher das ganze Jahr F\u00fchrungen an. Seit 2019 gibt es einen Lehrpfad mit vielen Stationen und einem Irrgarten, um den Spa\u00dffaktor f\u00fcr die Kleinen hoch zu halten. Kinder und Erwachsene sollen hier lernen, warum Streuobstwiesen so wichtig sind. Bei unseren F\u00fchrungen liegt der Schwerpunkt nat\u00fcrlich im Fr\u00fchjahr \u2013 vor allem zur wundersch\u00f6nen Bl\u00fctezeit \u2013 , im Sommer und im Herbst, wenn die Bl\u00e4tter sich f\u00e4rben und das Obst satt und schwer an den B\u00e4umen h\u00e4ngt. Im Winter bieten wir dann Baumschnittkurse an. Wir haben insgesamt drei Streuobstf\u00fchrer, die Touren f\u00fcr Privatpersonen, Vereine und Firmen machen. <\/p>\n\n\n\n<p>Unser St\u00e4dtchen ist \u00fcbrigens nicht nur per Auto erreichbar, es gibt eine gute Anbindung zu unserem Unteren Bahnhof an der Bahnstrecke Steinach b.R. und Neustadt\/ Aisch, sowie zum Oberen Bahnhof an der Bahnstrecke Treuchtlingen &#8211; W\u00fcrzburg. Von hier aus erreichen Sie z.B. \u00fcber Ansbach bequem N\u00fcrnberg in rund 50 Minuten.<br><\/p>\n\n\n\n<h3>Das j\u00e4hrliche Highlight: Die Schlemmerwanderung<\/h3>\n\n\n\n<p>Zweimal im Jahr (im Fr\u00fchjahr &amp; Herbst) gibt es au\u00dferdem unsere begehrte Schlemmerwanderung: Die drei Wirtsleute im Ort (Der goldene Engel, Der goldene Hirsch, Das Wildbad) bereiten dann 3 G\u00e4nge zu, die in den Streuobstwiesen verzehrt werden. Der Schwerpunkt liegt hierbei auf<strong> regionalen und saisonalen Produkten<\/strong>. Es gibt z.B. Mostschnitzel, einheimischen Secco und am Schluss bieten wir noch eine Schnapsprobe an. Und nat\u00fcrlich erz\u00e4hlen wir ganz viel \u00fcber unsere Streuobstwiesen und das Obst.<\/p>\n\n\n\n<figure class=\"wp-block-image size-large\"><img decoding=\"async\" loading=\"lazy\" width=\"1024\" height=\"768\" src=\"https:\/\/www.frankentourismus.de\/blog\/wp-content\/uploads\/2020\/12\/20150517_124423-1-1024x768.jpg\" alt=\"\" class=\"wp-image-103\" srcset=\"https:\/\/www.frankentourismus.de\/blog\/wp-content\/uploads\/2020\/12\/20150517_124423-1-1024x768.jpg 1024w, https:\/\/www.frankentourismus.de\/blog\/wp-content\/uploads\/2020\/12\/20150517_124423-1-300x225.jpg 300w, https:\/\/www.frankentourismus.de\/blog\/wp-content\/uploads\/2020\/12\/20150517_124423-1-768x576.jpg 768w, https:\/\/www.frankentourismus.de\/blog\/wp-content\/uploads\/2020\/12\/20150517_124423-1-1536x1152.jpg 1536w, https:\/\/www.frankentourismus.de\/blog\/wp-content\/uploads\/2020\/12\/20150517_124423-1-2048x1536.jpg 2048w\" sizes=\"(max-width: 1024px) 100vw, 1024px\" \/><figcaption>\u00a9Stadt Burgbernheim<\/figcaption><\/figure>\n\n\n\n<h3>Bildung f\u00fcr die Zukunft \u2013 Das Streuobst Kompetenzzentrum<\/h3>\n\n\n\n<p>Und da wir auch weiterhin die Wichtigkeit der Streuobstwiesen kommunizieren wollen, errichten wir gerade ein Streuobst Kompetenzzentrum, das einmalig in Deutschland ist. Es wird eine Art Bildungszentrum sein, in dem sich ein Museum mit Dauerausstellung befindet. Aber auch eine neue Presse, eine K\u00fcche f\u00fcr Kochkurse und eine Bibliothek mit alten B\u00fcchern ist geplant. Sie sehen, bei uns gibt es immer etwas zu tun, es wird nie langweilig!<\/p>\n\n\n\n<p><strong>Wer jetzt auf den Geschmack gekommen ist und auch gerne mal an einer F\u00fchrung durch die Streuobstwiesen in Burgbernheim teilnehmen m\u00f6chte: Infos zu Kosten und Teilnehmerzahlen gibt es unter <a rel=\"noreferrer noopener\" href=\"https:\/\/www.burgbernheim.de\/Startseite\/Streuobst\/ Streuobstfuehrungen\/K725.htm\" data-type=\"URL\" data-id=\"https:\/\/www.burgbernheim.de\/Startseite\/Streuobst\/ Streuobstfuehrungen\/K725.htm\" target=\"_blank\">www.burgbernheim.de<\/a>.<\/strong><\/p>\n\n\n\n<figure class=\"is-layout-flex wp-block-gallery-1 wp-block-gallery columns-3 is-cropped\"><ul class=\"blocks-gallery-grid\"><li class=\"blocks-gallery-item\"><figure><a href=\"https:\/\/www.frankentourismus.de\/blog\/wp-content\/uploads\/2020\/12\/20150517_145726-rotated.jpg\"><img decoding=\"async\" loading=\"lazy\" width=\"768\" height=\"1024\" src=\"https:\/\/www.frankentourismus.de\/blog\/wp-content\/uploads\/2020\/12\/20150517_145726-768x1024.jpg\" alt=\"\" data-id=\"105\" data-full-url=\"https:\/\/www.frankentourismus.de\/blog\/wp-content\/uploads\/2020\/12\/20150517_145726-rotated.jpg\" data-link=\"https:\/\/www.frankentourismus.de\/blog\/2021\/01\/20\/auf-fruchtiger-entdeckungstour-durch-die-streuobstwiesen-im-romantischen-franken\/20150517_145726\/\" class=\"wp-image-105\" srcset=\"https:\/\/www.frankentourismus.de\/blog\/wp-content\/uploads\/2020\/12\/20150517_145726-768x1024.jpg 768w, https:\/\/www.frankentourismus.de\/blog\/wp-content\/uploads\/2020\/12\/20150517_145726-225x300.jpg 225w, https:\/\/www.frankentourismus.de\/blog\/wp-content\/uploads\/2020\/12\/20150517_145726-1152x1536.jpg 1152w, https:\/\/www.frankentourismus.de\/blog\/wp-content\/uploads\/2020\/12\/20150517_145726-1536x2048.jpg 1536w, https:\/\/www.frankentourismus.de\/blog\/wp-content\/uploads\/2020\/12\/20150517_145726-rotated.jpg 1920w\" sizes=\"(max-width: 768px) 100vw, 768px\" \/><\/a><figcaption class=\"blocks-gallery-item__caption\">\u00a9Stadt Burgbernheim<\/figcaption><\/figure><\/li><li class=\"blocks-gallery-item\"><figure><a href=\"https:\/\/www.frankentourismus.de\/blog\/wp-content\/uploads\/2020\/12\/20150517_162644-rotated.jpg\"><img decoding=\"async\" loading=\"lazy\" width=\"768\" height=\"1024\" src=\"https:\/\/www.frankentourismus.de\/blog\/wp-content\/uploads\/2020\/12\/20150517_162644-768x1024.jpg\" alt=\"\" data-id=\"107\" data-full-url=\"https:\/\/www.frankentourismus.de\/blog\/wp-content\/uploads\/2020\/12\/20150517_162644-rotated.jpg\" data-link=\"https:\/\/www.frankentourismus.de\/blog\/2021\/01\/20\/auf-fruchtiger-entdeckungstour-durch-die-streuobstwiesen-im-romantischen-franken\/20150517_162644\/\" class=\"wp-image-107\" srcset=\"https:\/\/www.frankentourismus.de\/blog\/wp-content\/uploads\/2020\/12\/20150517_162644-768x1024.jpg 768w, https:\/\/www.frankentourismus.de\/blog\/wp-content\/uploads\/2020\/12\/20150517_162644-225x300.jpg 225w, https:\/\/www.frankentourismus.de\/blog\/wp-content\/uploads\/2020\/12\/20150517_162644-1152x1536.jpg 1152w, https:\/\/www.frankentourismus.de\/blog\/wp-content\/uploads\/2020\/12\/20150517_162644-1536x2048.jpg 1536w, https:\/\/www.frankentourismus.de\/blog\/wp-content\/uploads\/2020\/12\/20150517_162644-rotated.jpg 1920w\" sizes=\"(max-width: 768px) 100vw, 768px\" \/><\/a><figcaption class=\"blocks-gallery-item__caption\">\u00a9Stadt Burgbernheim<\/figcaption><\/figure><\/li><li class=\"blocks-gallery-item\"><figure><a href=\"https:\/\/www.frankentourismus.de\/blog\/wp-content\/uploads\/2021\/01\/Aepfel_JimAlbrightFoto_061014-bea-hohe-aufloesung-scaled.jpg\"><img decoding=\"async\" loading=\"lazy\" width=\"682\" height=\"1024\" src=\"https:\/\/www.frankentourismus.de\/blog\/wp-content\/uploads\/2021\/01\/Aepfel_JimAlbrightFoto_061014-bea-hohe-aufloesung-682x1024.jpg\" alt=\"\" data-id=\"583\" data-full-url=\"https:\/\/www.frankentourismus.de\/blog\/wp-content\/uploads\/2021\/01\/Aepfel_JimAlbrightFoto_061014-bea-hohe-aufloesung-scaled.jpg\" data-link=\"https:\/\/www.frankentourismus.de\/blog\/aepfel_jimalbrightfoto_061014-bea-hohe-aufloesung\/\" class=\"wp-image-583\" srcset=\"https:\/\/www.frankentourismus.de\/blog\/wp-content\/uploads\/2021\/01\/Aepfel_JimAlbrightFoto_061014-bea-hohe-aufloesung-682x1024.jpg 682w, https:\/\/www.frankentourismus.de\/blog\/wp-content\/uploads\/2021\/01\/Aepfel_JimAlbrightFoto_061014-bea-hohe-aufloesung-200x300.jpg 200w, https:\/\/www.frankentourismus.de\/blog\/wp-content\/uploads\/2021\/01\/Aepfel_JimAlbrightFoto_061014-bea-hohe-aufloesung-768x1153.jpg 768w, https:\/\/www.frankentourismus.de\/blog\/wp-content\/uploads\/2021\/01\/Aepfel_JimAlbrightFoto_061014-bea-hohe-aufloesung-1023x1536.jpg 1023w, https:\/\/www.frankentourismus.de\/blog\/wp-content\/uploads\/2021\/01\/Aepfel_JimAlbrightFoto_061014-bea-hohe-aufloesung-1364x2048.jpg 1364w, https:\/\/www.frankentourismus.de\/blog\/wp-content\/uploads\/2021\/01\/Aepfel_JimAlbrightFoto_061014-bea-hohe-aufloesung-scaled.jpg 1705w\" sizes=\"(max-width: 682px) 100vw, 682px\" \/><\/a><figcaption class=\"blocks-gallery-item__caption\">\u00a9 Jim Albright, Romantisches Franken<\/figcaption><\/figure><\/li><\/ul><\/figure>\n\n\n\n<p><\/p>\n","protected":false},"excerpt":{"rendered":"<p>Wir befinden uns im Romantischen Franken, genauer in Burgbernheim inmitten von bunten Blumenwiesen, Hecken und S\u00e4umen. Das Summen der Bienen, das Rauschen der Bl\u00e4tter der vielen Obstb\u00e4ume dringt beruhigend an unsere Ohren. Was wie ein entspanntes Naturparadies klingt, ist seit 34 Jahren mein Arbeitsplatz als Stadtg\u00e4rtner. Unser St\u00e4dtchen liegt angeschmiegt an der Frankenh\u00f6he und ist [&hellip;]<\/p>\n","protected":false},"author":13,"featured_media":591,"comment_status":"open","ping_status":"open","sticky":false,"template":"","format":"standard","meta":[],"categories":[19,289],"tags":[167,3,41,209,153],"yoast_head":"<!-- This site is optimized with the Yoast SEO plugin v19.14 - https:\/\/yoast.com\/wordpress\/plugins\/seo\/ -->\n<title>Auf fruchtiger Entdeckungstour durch die Streuobstwiesen im Romantischen Franken - Franken Blog<\/title>\n<meta name=\"robots\" content=\"index, follow, max-snippet:-1, max-image-preview:large, max-video-preview:-1\" \/>\n<link rel=\"canonical\" href=\"https:\/\/www.frankentourismus.de\/blog\/2021\/01\/20\/auf-fruchtiger-entdeckungstour-durch-die-streuobstwiesen-im-romantischen-franken\/\" \/>\n<meta property=\"og:locale\" content=\"de_DE\" \/>\n<meta property=\"og:type\" content=\"article\" \/>\n<meta property=\"og:title\" content=\"Auf fruchtiger Entdeckungstour durch die Streuobstwiesen im Romantischen Franken - Franken Blog\" \/>\n<meta property=\"og:description\" content=\"Wir befinden uns im Romantischen Franken, genauer in Burgbernheim inmitten von bunten Blumenwiesen, Hecken und S\u00e4umen. Das Summen der Bienen, das Rauschen der Bl\u00e4tter der vielen Obstb\u00e4ume dringt beruhigend an unsere Ohren. Was wie ein entspanntes Naturparadies klingt, ist seit 34 Jahren mein Arbeitsplatz als Stadtg\u00e4rtner. Unser St\u00e4dtchen liegt angeschmiegt an der Frankenh\u00f6he und ist [&hellip;]\" \/>\n<meta property=\"og:url\" content=\"https:\/\/www.frankentourismus.de\/blog\/2021\/01\/20\/auf-fruchtiger-entdeckungstour-durch-die-streuobstwiesen-im-romantischen-franken\/\" \/>\n<meta property=\"og:site_name\" content=\"Franken Blog\" \/>\n<meta property=\"article:published_time\" content=\"2021-01-20T09:37:00+00:00\" \/>\n<meta property=\"article:modified_time\" content=\"2022-10-13T12:25:09+00:00\" \/>\n<meta property=\"og:image\" content=\"https:\/\/www.frankentourismus.de\/blog\/wp-content\/uploads\/2021\/01\/P9190092-scaled.jpg\" \/>\n\t<meta property=\"og:image:width\" content=\"2560\" \/>\n\t<meta property=\"og:image:height\" content=\"1920\" \/>\n\t<meta property=\"og:image:type\" content=\"image\/jpeg\" \/>\n<meta name=\"author\" content=\"Ernst Grefig\" \/>\n<meta name=\"twitter:card\" content=\"summary_large_image\" \/>\n<meta name=\"twitter:label1\" content=\"Written by\" \/>\n\t<meta name=\"twitter:data1\" content=\"Ernst Grefig\" \/>\n\t<meta name=\"twitter:label2\" content=\"Est. reading time\" \/>\n\t<meta name=\"twitter:data2\" content=\"6 Minuten\" \/>\n<script type=\"application\/ld+json\" class=\"yoast-schema-graph\">{\"@context\":\"https:\/\/schema.org\",\"@graph\":[{\"@type\":\"WebPage\",\"@id\":\"https:\/\/www.frankentourismus.de\/blog\/2021\/01\/20\/auf-fruchtiger-entdeckungstour-durch-die-streuobstwiesen-im-romantischen-franken\/\",\"url\":\"https:\/\/www.frankentourismus.de\/blog\/2021\/01\/20\/auf-fruchtiger-entdeckungstour-durch-die-streuobstwiesen-im-romantischen-franken\/\",\"name\":\"Auf fruchtiger Entdeckungstour durch die Streuobstwiesen im Romantischen Franken - Franken Blog\",\"isPartOf\":{\"@id\":\"https:\/\/www.frankentourismus.de\/blog\/#website\"},\"datePublished\":\"2021-01-20T09:37:00+00:00\",\"dateModified\":\"2022-10-13T12:25:09+00:00\",\"author\":{\"@id\":\"https:\/\/www.frankentourismus.de\/blog\/#\/schema\/person\/50048561f7614323c14669c0b4f29514\"},\"breadcrumb\":{\"@id\":\"https:\/\/www.frankentourismus.de\/blog\/2021\/01\/20\/auf-fruchtiger-entdeckungstour-durch-die-streuobstwiesen-im-romantischen-franken\/#breadcrumb\"},\"inLanguage\":\"de-DE\",\"potentialAction\":[{\"@type\":\"ReadAction\",\"target\":[\"https:\/\/www.frankentourismus.de\/blog\/2021\/01\/20\/auf-fruchtiger-entdeckungstour-durch-die-streuobstwiesen-im-romantischen-franken\/\"]}]},{\"@type\":\"BreadcrumbList\",\"@id\":\"https:\/\/www.frankentourismus.de\/blog\/2021\/01\/20\/auf-fruchtiger-entdeckungstour-durch-die-streuobstwiesen-im-romantischen-franken\/#breadcrumb\",\"itemListElement\":[{\"@type\":\"ListItem\",\"position\":1,\"name\":\"Home\",\"item\":\"https:\/\/www.frankentourismus.de\/blog\/\"},{\"@type\":\"ListItem\",\"position\":2,\"name\":\"Auf fruchtiger Entdeckungstour durch die Streuobstwiesen im Romantischen Franken\"}]},{\"@type\":\"WebSite\",\"@id\":\"https:\/\/www.frankentourismus.de\/blog\/#website\",\"url\":\"https:\/\/www.frankentourismus.de\/blog\/\",\"name\":\"Franken Blog\",\"description\":\"Urlaub in Franken!\",\"potentialAction\":[{\"@type\":\"SearchAction\",\"target\":{\"@type\":\"EntryPoint\",\"urlTemplate\":\"https:\/\/www.frankentourismus.de\/blog\/?s={search_term_string}\"},\"query-input\":\"required name=search_term_string\"}],\"inLanguage\":\"de-DE\"},{\"@type\":\"Person\",\"@id\":\"https:\/\/www.frankentourismus.de\/blog\/#\/schema\/person\/50048561f7614323c14669c0b4f29514\",\"name\":\"Ernst Grefig\",\"image\":{\"@type\":\"ImageObject\",\"inLanguage\":\"de-DE\",\"@id\":\"https:\/\/www.frankentourismus.de\/blog\/#\/schema\/person\/image\/\",\"url\":\"https:\/\/www.frankentourismus.de\/blog\/wp-content\/uploads\/2021\/01\/Aepfel_JimAlbrightFoto_061014-bea-150x150.jpg\",\"contentUrl\":\"https:\/\/www.frankentourismus.de\/blog\/wp-content\/uploads\/2021\/01\/Aepfel_JimAlbrightFoto_061014-bea-150x150.jpg\",\"caption\":\"Ernst Grefig\"},\"sameAs\":[\"http:\/\/www.burgbernheim.de\"],\"url\":\"https:\/\/www.frankentourismus.de\/blog\/author\/ernst-grefig\/\"}]}<\/script>\n<!-- \/ Yoast SEO plugin. -->","yoast_head_json":{"title":"Auf fruchtiger Entdeckungstour durch die Streuobstwiesen im Romantischen Franken - Franken Blog","robots":{"index":"index","follow":"follow","max-snippet":"max-snippet:-1","max-image-preview":"max-image-preview:large","max-video-preview":"max-video-preview:-1"},"canonical":"https:\/\/www.frankentourismus.de\/blog\/2021\/01\/20\/auf-fruchtiger-entdeckungstour-durch-die-streuobstwiesen-im-romantischen-franken\/","og_locale":"de_DE","og_type":"article","og_title":"Auf fruchtiger Entdeckungstour durch die Streuobstwiesen im Romantischen Franken - Franken Blog","og_description":"Wir befinden uns im Romantischen Franken, genauer in Burgbernheim inmitten von bunten Blumenwiesen, Hecken und S\u00e4umen. Das Summen der Bienen, das Rauschen der Bl\u00e4tter der vielen Obstb\u00e4ume dringt beruhigend an unsere Ohren. Was wie ein entspanntes Naturparadies klingt, ist seit 34 Jahren mein Arbeitsplatz als Stadtg\u00e4rtner. Unser St\u00e4dtchen liegt angeschmiegt an der Frankenh\u00f6he und ist [&hellip;]","og_url":"https:\/\/www.frankentourismus.de\/blog\/2021\/01\/20\/auf-fruchtiger-entdeckungstour-durch-die-streuobstwiesen-im-romantischen-franken\/","og_site_name":"Franken Blog","article_published_time":"2021-01-20T09:37:00+00:00","article_modified_time":"2022-10-13T12:25:09+00:00","og_image":[{"width":2560,"height":1920,"url":"https:\/\/www.frankentourismus.de\/blog\/wp-content\/uploads\/2021\/01\/P9190092-scaled.jpg","type":"image\/jpeg"}],"author":"Ernst Grefig","twitter_card":"summary_large_image","twitter_misc":{"Written by":"Ernst Grefig","Est. reading time":"6 Minuten"},"schema":{"@context":"https:\/\/schema.org","@graph":[{"@type":"WebPage","@id":"https:\/\/www.frankentourismus.de\/blog\/2021\/01\/20\/auf-fruchtiger-entdeckungstour-durch-die-streuobstwiesen-im-romantischen-franken\/","url":"https:\/\/www.frankentourismus.de\/blog\/2021\/01\/20\/auf-fruchtiger-entdeckungstour-durch-die-streuobstwiesen-im-romantischen-franken\/","name":"Auf fruchtiger Entdeckungstour durch die Streuobstwiesen im Romantischen Franken - Franken Blog","isPartOf":{"@id":"https:\/\/www.frankentourismus.de\/blog\/#website"},"datePublished":"2021-01-20T09:37:00+00:00","dateModified":"2022-10-13T12:25:09+00:00","author":{"@id":"https:\/\/www.frankentourismus.de\/blog\/#\/schema\/person\/50048561f7614323c14669c0b4f29514"},"breadcrumb":{"@id":"https:\/\/www.frankentourismus.de\/blog\/2021\/01\/20\/auf-fruchtiger-entdeckungstour-durch-die-streuobstwiesen-im-romantischen-franken\/#breadcrumb"},"inLanguage":"de-DE","potentialAction":[{"@type":"ReadAction","target":["https:\/\/www.frankentourismus.de\/blog\/2021\/01\/20\/auf-fruchtiger-entdeckungstour-durch-die-streuobstwiesen-im-romantischen-franken\/"]}]},{"@type":"BreadcrumbList","@id":"https:\/\/www.frankentourismus.de\/blog\/2021\/01\/20\/auf-fruchtiger-entdeckungstour-durch-die-streuobstwiesen-im-romantischen-franken\/#breadcrumb","itemListElement":[{"@type":"ListItem","position":1,"name":"Home","item":"https:\/\/www.frankentourismus.de\/blog\/"},{"@type":"ListItem","position":2,"name":"Auf fruchtiger Entdeckungstour durch die Streuobstwiesen im Romantischen Franken"}]},{"@type":"WebSite","@id":"https:\/\/www.frankentourismus.de\/blog\/#website","url":"https:\/\/www.frankentourismus.de\/blog\/","name":"Franken Blog","description":"Urlaub in Franken!","potentialAction":[{"@type":"SearchAction","target":{"@type":"EntryPoint","urlTemplate":"https:\/\/www.frankentourismus.de\/blog\/?s={search_term_string}"},"query-input":"required name=search_term_string"}],"inLanguage":"de-DE"},{"@type":"Person","@id":"https:\/\/www.frankentourismus.de\/blog\/#\/schema\/person\/50048561f7614323c14669c0b4f29514","name":"Ernst Grefig","image":{"@type":"ImageObject","inLanguage":"de-DE","@id":"https:\/\/www.frankentourismus.de\/blog\/#\/schema\/person\/image\/","url":"https:\/\/www.frankentourismus.de\/blog\/wp-content\/uploads\/2021\/01\/Aepfel_JimAlbrightFoto_061014-bea-150x150.jpg","contentUrl":"https:\/\/www.frankentourismus.de\/blog\/wp-content\/uploads\/2021\/01\/Aepfel_JimAlbrightFoto_061014-bea-150x150.jpg","caption":"Ernst Grefig"},"sameAs":["http:\/\/www.burgbernheim.de"],"url":"https:\/\/www.frankentourismus.de\/blog\/author\/ernst-grefig\/"}]}},"_links":{"self":[{"href":"https:\/\/www.frankentourismus.de\/blog\/wp-json\/wp\/v2\/posts\/91"}],"collection":[{"href":"https:\/\/www.frankentourismus.de\/blog\/wp-json\/wp\/v2\/posts"}],"about":[{"href":"https:\/\/www.frankentourismus.de\/blog\/wp-json\/wp\/v2\/types\/post"}],"author":[{"embeddable":true,"href":"https:\/\/www.frankentourismus.de\/blog\/wp-json\/wp\/v2\/users\/13"}],"replies":[{"embeddable":true,"href":"https:\/\/www.frankentourismus.de\/blog\/wp-json\/wp\/v2\/comments?post=91"}],"version-history":[{"count":32,"href":"https:\/\/www.frankentourismus.de\/blog\/wp-json\/wp\/v2\/posts\/91\/revisions"}],"predecessor-version":[{"id":3567,"href":"https:\/\/www.frankentourismus.de\/blog\/wp-json\/wp\/v2\/posts\/91\/revisions\/3567"}],"wp:featuredmedia":[{"embeddable":true,"href":"https:\/\/www.frankentourismus.de\/blog\/wp-json\/wp\/v2\/media\/591"}],"wp:attachment":[{"href":"https:\/\/www.frankentourismus.de\/blog\/wp-json\/wp\/v2\/media?parent=91"}],"wp:term":[{"taxonomy":"category","embeddable":true,"href":"https:\/\/www.frankentourismus.de\/blog\/wp-json\/wp\/v2\/categories?post=91"},{"taxonomy":"post_tag","embeddable":true,"href":"https:\/\/www.frankentourismus.de\/blog\/wp-json\/wp\/v2\/tags?post=91"}],"curies":[{"name":"wp","href":"https:\/\/api.w.org\/{rel}","templated":true}]}}