{"id":8093,"date":"2026-08-21T09:00:00","date_gmt":"2026-08-21T07:00:00","guid":{"rendered":"https:\/\/www.frankentourismus.de\/blog\/?p=8093"},"modified":"2026-07-31T15:05:21","modified_gmt":"2026-07-31T13:05:21","slug":"museumsschatz-fuerth-verlobungsring","status":"publish","type":"post","link":"https:\/\/www.frankentourismus.de\/blog\/2026\/08\/21\/museumsschatz-fuerth-verlobungsring\/","title":{"rendered":"Verbotene Liebe: Der F\u00fcrther Verlobungsring im J\u00fcdischen Museum Franken"},"content":{"rendered":"\n<p>Ein Verlobungsring, eine Fotografie und technische Zeichnungen: Im <strong><a href=\"https:\/\/www.frankentourismus.de\/poi\/juedisches_museum_franken-5634\/\" target=\"_blank\" rel=\"noreferrer noopener\">J\u00fcdischen Museum Franken<\/a><\/strong> in <strong><a href=\"https:\/\/www.tourismus-fuerth.de\/\" target=\"_blank\" rel=\"noreferrer noopener\">F\u00fcrth<\/a><\/strong> erz\u00e4hlen wenige erhaltene Gegenst\u00e4nde die bewegende Geschichte von <strong>Frieda Waldmann<\/strong> und <strong>Alfred Davidsohn<\/strong>.<\/p>\n\n\n\n<p>Ihre Liebe war verboten, weil Frieda protestantisch und Alfred j\u00fcdisch war. Ihr gemeinsames Leben wurde durch die nationalsozialistische Verfolgung zerst\u00f6rt. Was im Museum zu sehen ist, erz\u00e4hlt deshalb nicht nur eine pers\u00f6nliche Liebesgeschichte, sondern steht exemplarisch f\u00fcr viele Schicksale jener Zeit.<\/p>\n\n\n<div class=\"hint\">\n            <figure>\n            <img width=\"300\" height=\"300\" src=\"https:\/\/www.frankentourismus.de\/blog\/wp-content\/uploads\/2026\/03\/Logo-Museumsschaetze-300x300.png\" class=\"attachment-medium size-medium\" alt=\"\" decoding=\"async\" loading=\"lazy\" srcset=\"https:\/\/www.frankentourismus.de\/blog\/wp-content\/uploads\/2026\/03\/Logo-Museumsschaetze-300x300.png 300w, https:\/\/www.frankentourismus.de\/blog\/wp-content\/uploads\/2026\/03\/Logo-Museumsschaetze-150x150.png 150w, https:\/\/www.frankentourismus.de\/blog\/wp-content\/uploads\/2026\/03\/Logo-Museumsschaetze-768x768.png 768w, https:\/\/www.frankentourismus.de\/blog\/wp-content\/uploads\/2026\/03\/Logo-Museumsschaetze.png 852w\" sizes=\"(max-width: 300px) 100vw, 300px\" \/>        <\/figure>\n    \n    <div class=\"content\">\n        <p>Museumsschatz: Verlobungsring von Frieda Waldmann<br \/>\nOrt: J\u00fcdisches Museum Franken<br \/>\nStadt: F\u00fcrth (St\u00e4dteregion N\u00fcrnberg)<br \/>\nBesonders sehenswert: Verlobungsring, Foto des Paares, technische Zeichnungen<br \/>\nGeeignet f\u00fcr: Kulturinteressierte, Geschichtsinteressierte, Tagesausfl\u00fcgler, Schulgruppen<br \/>\nAnreise mit \u00d6PNV: Hauptbahnhof F\u00fcrth, anschlie\u00dfend Fu\u00dfweg oder Bus<br \/>\nWeitere Infos: \u00d6ffnungszeiten, Eintritt und aktuelle Besuchsinformationen bitte vorab pr\u00fcfen.<\/p>\n    <\/div>\n<\/div>\n\n\n\n<h2>Frieda und Alfred: Eine Liebe gegen die Regeln der Zeit<\/h2>\n\n\n\n<p>Frieda Waldmann ist protestantisch, Alfred Davidsohn j\u00fcdisch. Die beiden sind verlobt. Den Verlobungsring f\u00fcr Frieda entwirft Alfred, der Ingenieurstudent ist, sogar selbst.<\/p>\n\n\n\n<p>Doch 1935 werden die <strong>\u201eN\u00fcrnberger Rassengesetze\u201c<\/strong> erlassen. Sie verbieten Beziehungen zwischen j\u00fcdischen und nichtj\u00fcdischen Menschen. Was f\u00fcr Frieda und Alfred eine pers\u00f6nliche Entscheidung und ein Versprechen f\u00fcreinander ist, wird durch den nationalsozialistischen Staat kriminalisiert.<\/p>\n\n\n\n<p>Trotzdem treffen sich die beiden weiterhin heimlich. Ihre Beziehung bleibt nicht unentdeckt: Sie werden denunziert und am <strong>20. Oktober 1938<\/strong> in Untersuchungshaft genommen.<\/p>\n\n\n\n<figure class=\"wp-block-image size-large\"><img decoding=\"async\" loading=\"lazy\" width=\"1024\" height=\"661\" src=\"https:\/\/www.frankentourismus.de\/blog\/wp-content\/uploads\/2026\/07\/verbotene-liebe2juedisches-museum-franken-1024x661.jpg\" alt=\"Frieda Waldmann und Fredy Davidsohn um 1934 auf einem Foto im J\u00fcdischen Museum Franken\" class=\"wp-image-8105\" srcset=\"https:\/\/www.frankentourismus.de\/blog\/wp-content\/uploads\/2026\/07\/verbotene-liebe2juedisches-museum-franken-1024x661.jpg 1024w, https:\/\/www.frankentourismus.de\/blog\/wp-content\/uploads\/2026\/07\/verbotene-liebe2juedisches-museum-franken-300x194.jpg 300w, https:\/\/www.frankentourismus.de\/blog\/wp-content\/uploads\/2026\/07\/verbotene-liebe2juedisches-museum-franken-768x495.jpg 768w, https:\/\/www.frankentourismus.de\/blog\/wp-content\/uploads\/2026\/07\/verbotene-liebe2juedisches-museum-franken-1536x991.jpg 1536w, https:\/\/www.frankentourismus.de\/blog\/wp-content\/uploads\/2026\/07\/verbotene-liebe2juedisches-museum-franken.jpg 1984w\" sizes=\"(max-width: 1024px) 100vw, 1024px\" \/><figcaption class=\"wp-element-caption\">\u00a9 J\u00fcdisches Museum Franken<\/figcaption><\/figure>\n\n\n\n<h2>Verhaftung, Prozess und Abschied<\/h2>\n\n\n\n<p>Frieda wird noch am Tag der Verhaftung entlassen. Doch der Kontakt zu Alfred ist ihr nun verboten \u2013 unter Androhung einer Gef\u00e4ngnisstrafe.<\/p>\n\n\n\n<p>Am <strong>10. Mai 1939<\/strong> muss sie als Zeugin im Prozess gegen Alfred aussagen. Es ist das letzte Mal, dass sich Frieda und Alfred sehen.<\/p>\n\n\n\n<p>Diese wenigen Daten machen deutlich, wie tief die nationalsozialistische Verfolgung in das private Leben der Menschen eingriff. Eine Verlobung, ein Ring, ein gemeinsamer Zukunftswunsch \u2013 all das wurde durch Ausgrenzung, \u00dcberwachung und Gewalt zerst\u00f6rt.<\/p>\n\n\n\n<h2>Alfred Davidsohns letzter Gru\u00df an Frieda<\/h2>\n\n\n\n<p>Alfred Davidsohn wird am <strong>13. Dezember 1942 nach Auschwitz deportiert<\/strong> und dort ermordet.<\/p>\n\n\n\n<p>Kurz vor Kriegsende erh\u00e4lt Frieda ein Kuvert per Post. Abgeschickt wurde es von einem nichtj\u00fcdischen Mith\u00e4ftling Alfreds. Darin befinden sich technische Zeichnungen f\u00fcr einen neuartigen <strong>Zigarettenautomaten<\/strong>.<\/p>\n\n\n\n<p>Alfred hatte diese Zeichnungen heimlich angefertigt. Sie sollten Frieda finanziell absichern. In den technischen Angaben versteckt sich ein kleiner, kaum sichtbarer Gru\u00df an sie \u2013 verbunden mit der Aufforderung, die Zeichnungen patentieren zu lassen.<\/p>\n\n\n\n<p>Damit werden die Zeichnungen zu weit mehr als technischen Dokumenten. Sie sind ein letzter Versuch, Frieda zu sch\u00fctzen, obwohl Alfred selbst ihr nicht mehr helfen konnte.<\/p>\n\n\n\n<figure class=\"wp-block-image size-large\"><img decoding=\"async\" loading=\"lazy\" width=\"1024\" height=\"685\" src=\"https:\/\/www.frankentourismus.de\/blog\/wp-content\/uploads\/2026\/07\/verbotene-liebejuedisches-museum-franken-1024x685.jpg\" alt=\"Verlobungsring und Briefe von Frieda Waldmann und Fredy Davidsohn im J\u00fcdischen Museum Franken\" class=\"wp-image-8107\" srcset=\"https:\/\/www.frankentourismus.de\/blog\/wp-content\/uploads\/2026\/07\/verbotene-liebejuedisches-museum-franken-1024x685.jpg 1024w, https:\/\/www.frankentourismus.de\/blog\/wp-content\/uploads\/2026\/07\/verbotene-liebejuedisches-museum-franken-300x201.jpg 300w, https:\/\/www.frankentourismus.de\/blog\/wp-content\/uploads\/2026\/07\/verbotene-liebejuedisches-museum-franken-768x514.jpg 768w, https:\/\/www.frankentourismus.de\/blog\/wp-content\/uploads\/2026\/07\/verbotene-liebejuedisches-museum-franken-1536x1028.jpg 1536w, https:\/\/www.frankentourismus.de\/blog\/wp-content\/uploads\/2026\/07\/verbotene-liebejuedisches-museum-franken-2048x1371.jpg 2048w\" sizes=\"(max-width: 1024px) 100vw, 1024px\" \/><figcaption class=\"wp-element-caption\">\u00a9 J\u00fcdisches Museum Franken<\/figcaption><\/figure>\n\n\n\n<h2>Eine posthume Ehe und ein unerf\u00fclltes Versprechen<\/h2>\n\n\n\n<p>Frieda \u00fcberlebt den Krieg. Im Jahr <strong>1956<\/strong> wird sie im F\u00fcrther Standesamt posthum mit Alfred Davidsohn verm\u00e4hlt.<\/p>\n\n\n\n<p>Vier Jahre sp\u00e4ter wird das Bundeserg\u00e4nzungsgesetz zur Entsch\u00e4digung f\u00fcr Opfer der nationalsozialistischen Verfolgung ge\u00e4ndert. In diesem Zuge wird Frieda Davidsohn zur Witwe und Alleinerbin des verschollenen Alfred Davidsohn erkl\u00e4rt.<\/p>\n\n\n\n<p>So erh\u00e4lt sie schlie\u00dflich die Unterst\u00fctzung, die Alfred sich f\u00fcr sie gew\u00fcnscht hatte. Die technischen Zeichnungen l\u00e4sst sie jedoch nie patentieren. Auch eine neue Bindung geht Frieda nach 1945 nicht mehr ein.<\/p>\n\n\n\n<p>Diese Entscheidung macht die Geschichte des Verlobungsrings noch eindringlicher. Er steht nicht nur f\u00fcr eine Verlobung, sondern f\u00fcr ein Leben, das durch Verfolgung gewaltsam unterbrochen wurde.<\/p>\n\n\n\n<h2>Der Verlobungsring im J\u00fcdischen Museum Franken<\/h2>\n\n\n\n<p>Heute sind der <strong>Verlobungsring<\/strong>, die <strong>Konstruktionszeichnungen<\/strong> und eine <strong>Fotografie von Frieda und Alfred<\/strong> im J\u00fcdischen Museum Franken in F\u00fcrth zu sehen.<\/p>\n\n\n\n<p>Das Foto zeigt das Paar kurz vor seiner Verhaftung. Gerade diese N\u00e4he zu den Menschen hinter der Geschichte macht den Museumsschatz so ber\u00fchrend. Es geht nicht um abstrakte Zahlen oder ferne Ereignisse, sondern um zwei Menschen, ihre Liebe und das, was man ihnen genommen hat.<\/p>\n\n\n\n<p>Das J\u00fcdische Museum Franken bewahrt solche Geschichten und macht sie sichtbar. Es zeigt j\u00fcdisches Leben in Franken, erz\u00e4hlt von Kultur, Alltag, Religion, Verfolgung und Erinnerung \u2013 und gibt pers\u00f6nlichen Zeugnissen wie dem Verlobungsring von Frieda und Alfred einen Ort.<\/p>\n\n\n\n<p>Wer die Geschichte von Frieda Waldmann und Alfred Davidsohn vor dem Besuch noch n\u00e4her kennenlernen m\u00f6chte, findet hier das Video zum F\u00fcrther Museumsschatz:<\/p>\n\n\n\n<figure class=\"wp-block-embed is-type-video is-provider-youtube wp-block-embed-youtube wp-embed-aspect-16-9 wp-has-aspect-ratio\"><div class=\"wp-block-embed__wrapper\">\n<iframe loading=\"lazy\" title=\"Museumssch\u00e4tze der Fr\u00e4nkischen St\u00e4dte \u2013 Der F\u00fcrther Verlobungsring\" width=\"500\" height=\"281\" src=\"https:\/\/www.youtube.com\/embed\/18OdWF2IlhI?feature=oembed\" frameborder=\"0\" allow=\"accelerometer; autoplay; clipboard-write; encrypted-media; gyroscope; picture-in-picture; web-share\" referrerpolicy=\"strict-origin-when-cross-origin\" allowfullscreen><\/iframe>\n<\/div><\/figure>\n\n\n\n<h2>F\u00fcrth und j\u00fcdische Geschichte<\/h2>\n\n\n\n<p>F\u00fcrth ist eng mit j\u00fcdischer Geschichte verbunden. \u00dcber Jahrhunderte pr\u00e4gte j\u00fcdisches Leben die Stadt in besonderer Weise. Das J\u00fcdische Museum Franken macht diese Geschichte erfahrbar und zeigt, wie vielschichtig j\u00fcdische Kultur in Franken war und ist.<\/p>\n\n\n\n<p>Ein Besuch im Museum l\u00e4sst sich gut mit einem Stadtspaziergang durch F\u00fcrth verbinden. Dabei wird deutlich, dass nicht nur Ausstellungen von der Geschichte erz\u00e4hlen, auch im Stadtraum st\u00f6\u00dft man immer wieder auf Spuren den j\u00fcdischen Vergangenheit.<\/p>\n\n\n\n<p>F\u00fcr Kulturinteressierte und Tagesausfl\u00fcgler ist F\u00fcrth daher ein Ziel, das historische Tiefe mit Stadterlebnis verbindet. Gleichzeitig bleibt der Besuch des Museums ein Ort der Auseinandersetzung, des Erinnerns und des genauen Hinsehens.<\/p>\n\n\n\n<h2>F\u00fcr wen lohnt sich der Besuch im J\u00fcdischen Museum Franken?<\/h2>\n\n\n\n<p>Der Besuch lohnt sich besonders f\u00fcr alle, die sich f\u00fcr <strong>j\u00fcdische Geschichte, Erinnerungskultur, F\u00fcrther Stadtgeschichte und pers\u00f6nliche Schicksale w\u00e4hrend der NS-Zeit<\/strong> interessieren.<\/p>\n\n\n\n<p>Der Verlobungsring von Frieda Waldmann und Alfred Davidsohn ist ein leiser, aber eindr\u00fccklicher Museumsschatz. Er erz\u00e4hlt eine Geschichte, die lange nachwirkt \u2013 gerade weil sie anhand weniger Gegenst\u00e4nde so konkret und menschlich wird.<\/p>\n\n\n\n<p>Auch ohne Auto l\u00e4sst sich der Museumsbesuch gut planen: <strong><a href=\"https:\/\/www.tourismus-fuerth.de\/planen-buchen\/service\/anreise\/\" target=\"_blank\" rel=\"noreferrer noopener\">F\u00fcrth ist mit Bahn, S-Bahn und U-Bahn sehr gut erreichbar<\/a><\/strong>. Vom Hauptbahnhof geht es zu Fu\u00df oder mit dem \u00f6ffentlichen Nahverkehr weiter in Richtung Altstadt und J\u00fcdisches Museum Franken.<\/p>\n\n\n\n<figure class=\"wp-block-image size-large\"><img decoding=\"async\" loading=\"lazy\" width=\"1024\" height=\"683\" src=\"https:\/\/www.frankentourismus.de\/blog\/wp-content\/uploads\/2026\/07\/fuerth_128_Staedteregion-Nuernberg_Fuerth_Bezaubernder-Hinterhof-in-Fuerth-1024x683.jpg\" alt=\"Hinterhof in F\u00fcrth mit bunten Blumen und verzierten Geb\u00e4uden\" class=\"wp-image-8113\" srcset=\"https:\/\/www.frankentourismus.de\/blog\/wp-content\/uploads\/2026\/07\/fuerth_128_Staedteregion-Nuernberg_Fuerth_Bezaubernder-Hinterhof-in-Fuerth-1024x683.jpg 1024w, https:\/\/www.frankentourismus.de\/blog\/wp-content\/uploads\/2026\/07\/fuerth_128_Staedteregion-Nuernberg_Fuerth_Bezaubernder-Hinterhof-in-Fuerth-300x200.jpg 300w, https:\/\/www.frankentourismus.de\/blog\/wp-content\/uploads\/2026\/07\/fuerth_128_Staedteregion-Nuernberg_Fuerth_Bezaubernder-Hinterhof-in-Fuerth-768x512.jpg 768w, https:\/\/www.frankentourismus.de\/blog\/wp-content\/uploads\/2026\/07\/fuerth_128_Staedteregion-Nuernberg_Fuerth_Bezaubernder-Hinterhof-in-Fuerth-1536x1024.jpg 1536w, https:\/\/www.frankentourismus.de\/blog\/wp-content\/uploads\/2026\/07\/fuerth_128_Staedteregion-Nuernberg_Fuerth_Bezaubernder-Hinterhof-in-Fuerth-2048x1365.jpg 2048w\" sizes=\"(max-width: 1024px) 100vw, 1024px\" \/><figcaption class=\"wp-element-caption\">\u00a9 FrankenTourismus \/ kommwirmachendaseinfach.de<\/figcaption><\/figure>\n\n\n\n<h2>H\u00e4ufige Fragen zum J\u00fcdischen Museum Franken und dem Verlobungsring<\/h2>\n\n\n\n<h3>Wer waren Frieda Waldmann und Alfred Davidsohn?<\/h3>\n\n\n\n<p>Frieda Waldmann war Protestantin, Alfred Davidsohn war Jude. Die beiden waren verlobt. Ihre Beziehung wurde nach den nationalsozialistischen \u201eN\u00fcrnberger Rassengesetzen\u201c verboten und verfolgt.<\/p>\n\n\n\n<h3>Was kann man im J\u00fcdischen Museum Franken in F\u00fcrth sehen?<\/h3>\n\n\n\n<p>Das J\u00fcdische Museum Franken zeigt j\u00fcdische Geschichte, Kultur und Alltagsleben in Franken. Dazu geh\u00f6ren pers\u00f6nliche Objekte, Dokumente und Geschichten wie die von Frieda Waldmann und Alfred Davidsohn.<\/p>\n\n\n\n<h3>Was zeigen die technischen Zeichnungen Alfred Davidsohns?<\/h3>\n\n\n\n<p>Die Zeichnungen zeigen einen neuartigen Zigarettenautomaten. Alfred fertigte sie heimlich als m\u00f6gliche finanzielle Absicherung f\u00fcr Frieda an. In den Angaben versteckte er einen letzten Gru\u00df an sie.<\/p>\n\n\n\n<h3>Wie kommt man mit \u00f6ffentlichen Verkehrsmitteln zum J\u00fcdischen Museum Franken in F\u00fcrth?<\/h3>\n\n\n\n<p>F\u00fcrth ist sehr gut mit Bahn, S-Bahn und U-Bahn erreichbar. Vom Hauptbahnhof F\u00fcrth gelangt man zu Fu\u00df oder mit dem \u00f6ffentlichen Nahverkehr weiter in Richtung Altstadt und Museum.<\/p>\n\n\n\n<figure class=\"is-layout-flex wp-block-gallery-1 wp-block-gallery has-nested-images columns-default is-cropped\">\n<figure class=\"wp-block-image size-large\"><img decoding=\"async\" loading=\"lazy\" width=\"1024\" height=\"683\" data-id=\"8101\"  src=\"https:\/\/www.frankentourismus.de\/blog\/wp-content\/uploads\/2026\/07\/fuerth_127_Staedteregion-Nuernberg_Fuerth_Blick-auf-die-Fuerther-Altstadt-1024x683.jpg\" alt=\"Blick \u00fcber die D\u00e4cher der F\u00fcrther Altstadt\" class=\"wp-image-8101\" srcset=\"https:\/\/www.frankentourismus.de\/blog\/wp-content\/uploads\/2026\/07\/fuerth_127_Staedteregion-Nuernberg_Fuerth_Blick-auf-die-Fuerther-Altstadt-1024x683.jpg 1024w, https:\/\/www.frankentourismus.de\/blog\/wp-content\/uploads\/2026\/07\/fuerth_127_Staedteregion-Nuernberg_Fuerth_Blick-auf-die-Fuerther-Altstadt-300x200.jpg 300w, https:\/\/www.frankentourismus.de\/blog\/wp-content\/uploads\/2026\/07\/fuerth_127_Staedteregion-Nuernberg_Fuerth_Blick-auf-die-Fuerther-Altstadt-768x512.jpg 768w, https:\/\/www.frankentourismus.de\/blog\/wp-content\/uploads\/2026\/07\/fuerth_127_Staedteregion-Nuernberg_Fuerth_Blick-auf-die-Fuerther-Altstadt-1536x1024.jpg 1536w, https:\/\/www.frankentourismus.de\/blog\/wp-content\/uploads\/2026\/07\/fuerth_127_Staedteregion-Nuernberg_Fuerth_Blick-auf-die-Fuerther-Altstadt-2048x1365.jpg 2048w\" sizes=\"(max-width: 1024px) 100vw, 1024px\" \/><figcaption class=\"wp-element-caption\">\u00a9 FrankenTourismus \/ kommwirmachendaseinfach.de<\/figcaption><\/figure>\n\n\n\n<figure class=\"wp-block-image size-large\"><img decoding=\"async\" loading=\"lazy\" width=\"1024\" height=\"683\" data-id=\"8117\"  src=\"https:\/\/www.frankentourismus.de\/blog\/wp-content\/uploads\/2026\/07\/rng_0763_Staedteregion-Nuernberg_Fuerth_Auf-dem-\uf020Fuerth-Festival\uf020-1024x683.jpg\" alt=\"Blick von einer B\u00fchne mit Band in ein gro\u00dfes Publikum unter freiem Himmel\" class=\"wp-image-8117\" srcset=\"https:\/\/www.frankentourismus.de\/blog\/wp-content\/uploads\/2026\/07\/rng_0763_Staedteregion-Nuernberg_Fuerth_Auf-dem-\uf020Fuerth-Festival\uf020-1024x683.jpg 1024w, https:\/\/www.frankentourismus.de\/blog\/wp-content\/uploads\/2026\/07\/rng_0763_Staedteregion-Nuernberg_Fuerth_Auf-dem-\uf020Fuerth-Festival\uf020-300x200.jpg 300w, https:\/\/www.frankentourismus.de\/blog\/wp-content\/uploads\/2026\/07\/rng_0763_Staedteregion-Nuernberg_Fuerth_Auf-dem-\uf020Fuerth-Festival\uf020-768x512.jpg 768w, https:\/\/www.frankentourismus.de\/blog\/wp-content\/uploads\/2026\/07\/rng_0763_Staedteregion-Nuernberg_Fuerth_Auf-dem-\uf020Fuerth-Festival\uf020-1536x1024.jpg 1536w, https:\/\/www.frankentourismus.de\/blog\/wp-content\/uploads\/2026\/07\/rng_0763_Staedteregion-Nuernberg_Fuerth_Auf-dem-\uf020Fuerth-Festival\uf020-2048x1365.jpg 2048w\" sizes=\"(max-width: 1024px) 100vw, 1024px\" \/><figcaption class=\"wp-element-caption\">\u00a9 FrankenTourismus \/ Holger Leue<\/figcaption><\/figure>\n\n\n\n<figure class=\"wp-block-image size-large\"><img decoding=\"async\" loading=\"lazy\" width=\"1024\" height=\"683\" data-id=\"8115\"  src=\"https:\/\/www.frankentourismus.de\/blog\/wp-content\/uploads\/2026\/07\/fuerth_129_Staedteregion-Nuernberg_Fuerth_An-der-Fuerther-Uferpromenade-1024x683.jpg\" alt=\"Ein Mann mit Fahrrad direkt an der F\u00fcrther Uferpromenade\" class=\"wp-image-8115\" srcset=\"https:\/\/www.frankentourismus.de\/blog\/wp-content\/uploads\/2026\/07\/fuerth_129_Staedteregion-Nuernberg_Fuerth_An-der-Fuerther-Uferpromenade-1024x683.jpg 1024w, https:\/\/www.frankentourismus.de\/blog\/wp-content\/uploads\/2026\/07\/fuerth_129_Staedteregion-Nuernberg_Fuerth_An-der-Fuerther-Uferpromenade-300x200.jpg 300w, https:\/\/www.frankentourismus.de\/blog\/wp-content\/uploads\/2026\/07\/fuerth_129_Staedteregion-Nuernberg_Fuerth_An-der-Fuerther-Uferpromenade-768x512.jpg 768w, https:\/\/www.frankentourismus.de\/blog\/wp-content\/uploads\/2026\/07\/fuerth_129_Staedteregion-Nuernberg_Fuerth_An-der-Fuerther-Uferpromenade-1536x1024.jpg 1536w, https:\/\/www.frankentourismus.de\/blog\/wp-content\/uploads\/2026\/07\/fuerth_129_Staedteregion-Nuernberg_Fuerth_An-der-Fuerther-Uferpromenade-2048x1365.jpg 2048w\" sizes=\"(max-width: 1024px) 100vw, 1024px\" \/><figcaption class=\"wp-element-caption\">\u00a9 FrankenTourismus \/ kommwirmachendaseinfach.de<\/figcaption><\/figure>\n<\/figure>\n","protected":false},"excerpt":{"rendered":"<p>Im J\u00fcdischen Museum Franken in F\u00fcrth erz\u00e4hlen ein Verlobungsring, ein Foto und technische Zeichnungen von der tragischen Liebesgeschichte Frieda Waldmanns und Alfred Davidsohns w\u00e4hrend der NS-Zeit.<\/p>\n","protected":false},"author":63,"featured_media":8101,"comment_status":"open","ping_status":"closed","sticky":false,"template":"","format":"standard","meta":[],"categories":[21,307,379],"tags":[287,119,427,423,87,381,425],"yoast_head":"<!-- This site is optimized with the Yoast SEO plugin v19.14 - https:\/\/yoast.com\/wordpress\/plugins\/seo\/ -->\n<title>J\u00fcdisches Museum Franken: Verlobungsring von Frieda und Alfred<\/title>\n<meta name=\"description\" content=\"Im J\u00fcdischen Museum Franken in F\u00fcrth erz\u00e4hlen ein Verlobungsring und ein Foto die Geschichte von Frieda Waldmann und Alfred Davidsohn.\" \/>\n<meta name=\"robots\" content=\"index, follow, max-snippet:-1, max-image-preview:large, max-video-preview:-1\" \/>\n<link rel=\"canonical\" href=\"https:\/\/www.frankentourismus.de\/blog\/2026\/08\/21\/museumsschatz-fuerth-verlobungsring\/\" \/>\n<meta property=\"og:locale\" content=\"de_DE\" \/>\n<meta property=\"og:type\" content=\"article\" \/>\n<meta property=\"og:title\" content=\"J\u00fcdisches Museum Franken: Verlobungsring von Frieda und Alfred\" \/>\n<meta property=\"og:description\" content=\"Im J\u00fcdischen Museum Franken in F\u00fcrth erz\u00e4hlen ein Verlobungsring und ein Foto die Geschichte von Frieda Waldmann und Alfred Davidsohn.\" \/>\n<meta property=\"og:url\" content=\"https:\/\/www.frankentourismus.de\/blog\/2026\/08\/21\/museumsschatz-fuerth-verlobungsring\/\" \/>\n<meta property=\"og:site_name\" content=\"Franken Blog\" \/>\n<meta property=\"article:published_time\" content=\"2026-08-21T07:00:00+00:00\" \/>\n<meta property=\"article:modified_time\" content=\"2026-07-31T13:05:21+00:00\" \/>\n<meta property=\"og:image\" content=\"https:\/\/www.frankentourismus.de\/blog\/wp-content\/uploads\/2026\/07\/fuerth_127_Staedteregion-Nuernberg_Fuerth_Blick-auf-die-Fuerther-Altstadt-scaled.jpg\" \/>\n\t<meta property=\"og:image:width\" content=\"2560\" \/>\n\t<meta property=\"og:image:height\" content=\"1707\" \/>\n\t<meta property=\"og:image:type\" content=\"image\/jpeg\" \/>\n<meta name=\"author\" content=\"Tourismusverband Franken e.V.\" \/>\n<meta name=\"twitter:card\" content=\"summary_large_image\" \/>\n<meta name=\"twitter:label1\" content=\"Written by\" \/>\n\t<meta name=\"twitter:data1\" content=\"Tourismusverband Franken e.V.\" \/>\n\t<meta name=\"twitter:label2\" content=\"Est. reading time\" \/>\n\t<meta name=\"twitter:data2\" content=\"7 Minuten\" \/>\n<script type=\"application\/ld+json\" class=\"yoast-schema-graph\">{\"@context\":\"https:\/\/schema.org\",\"@graph\":[{\"@type\":\"WebPage\",\"@id\":\"https:\/\/www.frankentourismus.de\/blog\/2026\/08\/21\/museumsschatz-fuerth-verlobungsring\/\",\"url\":\"https:\/\/www.frankentourismus.de\/blog\/2026\/08\/21\/museumsschatz-fuerth-verlobungsring\/\",\"name\":\"J\u00fcdisches Museum Franken: Verlobungsring von Frieda und Alfred\",\"isPartOf\":{\"@id\":\"https:\/\/www.frankentourismus.de\/blog\/#website\"},\"datePublished\":\"2026-08-21T07:00:00+00:00\",\"dateModified\":\"2026-07-31T13:05:21+00:00\",\"author\":{\"@id\":\"https:\/\/www.frankentourismus.de\/blog\/#\/schema\/person\/4ba3da83e99990b558f4f503d080ceaa\"},\"description\":\"Im J\u00fcdischen Museum Franken in F\u00fcrth erz\u00e4hlen ein Verlobungsring und ein Foto die Geschichte von Frieda Waldmann und Alfred Davidsohn.\",\"breadcrumb\":{\"@id\":\"https:\/\/www.frankentourismus.de\/blog\/2026\/08\/21\/museumsschatz-fuerth-verlobungsring\/#breadcrumb\"},\"inLanguage\":\"de-DE\",\"potentialAction\":[{\"@type\":\"ReadAction\",\"target\":[\"https:\/\/www.frankentourismus.de\/blog\/2026\/08\/21\/museumsschatz-fuerth-verlobungsring\/\"]}]},{\"@type\":\"BreadcrumbList\",\"@id\":\"https:\/\/www.frankentourismus.de\/blog\/2026\/08\/21\/museumsschatz-fuerth-verlobungsring\/#breadcrumb\",\"itemListElement\":[{\"@type\":\"ListItem\",\"position\":1,\"name\":\"Home\",\"item\":\"https:\/\/www.frankentourismus.de\/blog\/\"},{\"@type\":\"ListItem\",\"position\":2,\"name\":\"Verbotene Liebe: Der F\u00fcrther Verlobungsring im J\u00fcdischen Museum Franken\"}]},{\"@type\":\"WebSite\",\"@id\":\"https:\/\/www.frankentourismus.de\/blog\/#website\",\"url\":\"https:\/\/www.frankentourismus.de\/blog\/\",\"name\":\"Franken Blog\",\"description\":\"Urlaub in Franken!\",\"potentialAction\":[{\"@type\":\"SearchAction\",\"target\":{\"@type\":\"EntryPoint\",\"urlTemplate\":\"https:\/\/www.frankentourismus.de\/blog\/?s={search_term_string}\"},\"query-input\":\"required name=search_term_string\"}],\"inLanguage\":\"de-DE\"},{\"@type\":\"Person\",\"@id\":\"https:\/\/www.frankentourismus.de\/blog\/#\/schema\/person\/4ba3da83e99990b558f4f503d080ceaa\",\"name\":\"Tourismusverband Franken e.V.\",\"image\":{\"@type\":\"ImageObject\",\"inLanguage\":\"de-DE\",\"@id\":\"https:\/\/www.frankentourismus.de\/blog\/#\/schema\/person\/image\/\",\"url\":\"https:\/\/www.frankentourismus.de\/blog\/wp-content\/uploads\/2025\/10\/Bildmarke-TVF-150x150.png\",\"contentUrl\":\"https:\/\/www.frankentourismus.de\/blog\/wp-content\/uploads\/2025\/10\/Bildmarke-TVF-150x150.png\",\"caption\":\"Tourismusverband Franken e.V.\"},\"url\":\"https:\/\/www.frankentourismus.de\/blog\/author\/tourismusverband-franken-e-v\/\"}]}<\/script>\n<!-- \/ Yoast SEO plugin. -->","yoast_head_json":{"title":"J\u00fcdisches Museum Franken: Verlobungsring von Frieda und Alfred","description":"Im J\u00fcdischen Museum Franken in F\u00fcrth erz\u00e4hlen ein Verlobungsring und ein Foto die Geschichte von Frieda Waldmann und Alfred Davidsohn.","robots":{"index":"index","follow":"follow","max-snippet":"max-snippet:-1","max-image-preview":"max-image-preview:large","max-video-preview":"max-video-preview:-1"},"canonical":"https:\/\/www.frankentourismus.de\/blog\/2026\/08\/21\/museumsschatz-fuerth-verlobungsring\/","og_locale":"de_DE","og_type":"article","og_title":"J\u00fcdisches Museum Franken: Verlobungsring von Frieda und Alfred","og_description":"Im J\u00fcdischen Museum Franken in F\u00fcrth erz\u00e4hlen ein Verlobungsring und ein Foto die Geschichte von Frieda Waldmann und Alfred Davidsohn.","og_url":"https:\/\/www.frankentourismus.de\/blog\/2026\/08\/21\/museumsschatz-fuerth-verlobungsring\/","og_site_name":"Franken Blog","article_published_time":"2026-08-21T07:00:00+00:00","article_modified_time":"2026-07-31T13:05:21+00:00","og_image":[{"width":2560,"height":1707,"url":"https:\/\/www.frankentourismus.de\/blog\/wp-content\/uploads\/2026\/07\/fuerth_127_Staedteregion-Nuernberg_Fuerth_Blick-auf-die-Fuerther-Altstadt-scaled.jpg","type":"image\/jpeg"}],"author":"Tourismusverband Franken e.V.","twitter_card":"summary_large_image","twitter_misc":{"Written by":"Tourismusverband Franken e.V.","Est. reading time":"7 Minuten"},"schema":{"@context":"https:\/\/schema.org","@graph":[{"@type":"WebPage","@id":"https:\/\/www.frankentourismus.de\/blog\/2026\/08\/21\/museumsschatz-fuerth-verlobungsring\/","url":"https:\/\/www.frankentourismus.de\/blog\/2026\/08\/21\/museumsschatz-fuerth-verlobungsring\/","name":"J\u00fcdisches Museum Franken: Verlobungsring von Frieda und Alfred","isPartOf":{"@id":"https:\/\/www.frankentourismus.de\/blog\/#website"},"datePublished":"2026-08-21T07:00:00+00:00","dateModified":"2026-07-31T13:05:21+00:00","author":{"@id":"https:\/\/www.frankentourismus.de\/blog\/#\/schema\/person\/4ba3da83e99990b558f4f503d080ceaa"},"description":"Im J\u00fcdischen Museum Franken in F\u00fcrth erz\u00e4hlen ein Verlobungsring und ein Foto die Geschichte von Frieda Waldmann und Alfred Davidsohn.","breadcrumb":{"@id":"https:\/\/www.frankentourismus.de\/blog\/2026\/08\/21\/museumsschatz-fuerth-verlobungsring\/#breadcrumb"},"inLanguage":"de-DE","potentialAction":[{"@type":"ReadAction","target":["https:\/\/www.frankentourismus.de\/blog\/2026\/08\/21\/museumsschatz-fuerth-verlobungsring\/"]}]},{"@type":"BreadcrumbList","@id":"https:\/\/www.frankentourismus.de\/blog\/2026\/08\/21\/museumsschatz-fuerth-verlobungsring\/#breadcrumb","itemListElement":[{"@type":"ListItem","position":1,"name":"Home","item":"https:\/\/www.frankentourismus.de\/blog\/"},{"@type":"ListItem","position":2,"name":"Verbotene Liebe: Der F\u00fcrther Verlobungsring im J\u00fcdischen Museum Franken"}]},{"@type":"WebSite","@id":"https:\/\/www.frankentourismus.de\/blog\/#website","url":"https:\/\/www.frankentourismus.de\/blog\/","name":"Franken Blog","description":"Urlaub in Franken!","potentialAction":[{"@type":"SearchAction","target":{"@type":"EntryPoint","urlTemplate":"https:\/\/www.frankentourismus.de\/blog\/?s={search_term_string}"},"query-input":"required name=search_term_string"}],"inLanguage":"de-DE"},{"@type":"Person","@id":"https:\/\/www.frankentourismus.de\/blog\/#\/schema\/person\/4ba3da83e99990b558f4f503d080ceaa","name":"Tourismusverband Franken e.V.","image":{"@type":"ImageObject","inLanguage":"de-DE","@id":"https:\/\/www.frankentourismus.de\/blog\/#\/schema\/person\/image\/","url":"https:\/\/www.frankentourismus.de\/blog\/wp-content\/uploads\/2025\/10\/Bildmarke-TVF-150x150.png","contentUrl":"https:\/\/www.frankentourismus.de\/blog\/wp-content\/uploads\/2025\/10\/Bildmarke-TVF-150x150.png","caption":"Tourismusverband Franken e.V."},"url":"https:\/\/www.frankentourismus.de\/blog\/author\/tourismusverband-franken-e-v\/"}]}},"_links":{"self":[{"href":"https:\/\/www.frankentourismus.de\/blog\/wp-json\/wp\/v2\/posts\/8093"}],"collection":[{"href":"https:\/\/www.frankentourismus.de\/blog\/wp-json\/wp\/v2\/posts"}],"about":[{"href":"https:\/\/www.frankentourismus.de\/blog\/wp-json\/wp\/v2\/types\/post"}],"author":[{"embeddable":true,"href":"https:\/\/www.frankentourismus.de\/blog\/wp-json\/wp\/v2\/users\/63"}],"replies":[{"embeddable":true,"href":"https:\/\/www.frankentourismus.de\/blog\/wp-json\/wp\/v2\/comments?post=8093"}],"version-history":[{"count":4,"href":"https:\/\/www.frankentourismus.de\/blog\/wp-json\/wp\/v2\/posts\/8093\/revisions"}],"predecessor-version":[{"id":8119,"href":"https:\/\/www.frankentourismus.de\/blog\/wp-json\/wp\/v2\/posts\/8093\/revisions\/8119"}],"wp:featuredmedia":[{"embeddable":true,"href":"https:\/\/www.frankentourismus.de\/blog\/wp-json\/wp\/v2\/media\/8101"}],"wp:attachment":[{"href":"https:\/\/www.frankentourismus.de\/blog\/wp-json\/wp\/v2\/media?parent=8093"}],"wp:term":[{"taxonomy":"category","embeddable":true,"href":"https:\/\/www.frankentourismus.de\/blog\/wp-json\/wp\/v2\/categories?post=8093"},{"taxonomy":"post_tag","embeddable":true,"href":"https:\/\/www.frankentourismus.de\/blog\/wp-json\/wp\/v2\/tags?post=8093"}],"curies":[{"name":"wp","href":"https:\/\/api.w.org\/{rel}","templated":true}]}}