{"id":7727,"date":"2026-04-24T09:00:00","date_gmt":"2026-04-24T07:00:00","guid":{"rendered":"https:\/\/www.frankentourismus.de\/blog\/?p=7727"},"modified":"2026-04-24T08:09:19","modified_gmt":"2026-04-24T06:09:19","slug":"verborgener-glanz-ein-schatz-und-grosse-geschichte-in-kulmbach","status":"publish","type":"post","link":"https:\/\/www.frankentourismus.de\/blog\/2026\/04\/24\/verborgener-glanz-ein-schatz-und-grosse-geschichte-in-kulmbach\/","title":{"rendered":"Verborgener Glanz: Ein Schatz und gro\u00dfe Geschichte in Kulmbach"},"content":{"rendered":"\n<p><strong>Ein dumpfer Schlag, dann ein erstaunter Ruf. Es ist ein Sommertag im August 1912, als Bauarbeiter in <a href=\"https:\/\/www.kulmbach.de\/\" target=\"_blank\" rel=\"noreferrer noopener\">Kulmbach<\/a> auf etwas sto\u00dfen, das dort seit Jahrhunderten im Verborgenen lag. Doch was genau hier zum Vorschein kommt, bleibt zun\u00e4chst ein R\u00e4tsel\u2026<\/strong><\/p>\n\n\n<div class=\"hint\">\n            <figure>\n            <img width=\"300\" height=\"300\" src=\"https:\/\/www.frankentourismus.de\/blog\/wp-content\/uploads\/2026\/03\/Logo-Museumsschaetze-300x300.png\" class=\"attachment-medium size-medium\" alt=\"\" decoding=\"async\" loading=\"lazy\" srcset=\"https:\/\/www.frankentourismus.de\/blog\/wp-content\/uploads\/2026\/03\/Logo-Museumsschaetze-300x300.png 300w, https:\/\/www.frankentourismus.de\/blog\/wp-content\/uploads\/2026\/03\/Logo-Museumsschaetze-150x150.png 150w, https:\/\/www.frankentourismus.de\/blog\/wp-content\/uploads\/2026\/03\/Logo-Museumsschaetze-768x768.png 768w, https:\/\/www.frankentourismus.de\/blog\/wp-content\/uploads\/2026\/03\/Logo-Museumsschaetze.png 852w\" sizes=\"(max-width: 300px) 100vw, 300px\" \/>        <\/figure>\n    \n    <div class=\"content\">\n        <p>Unsere Museumssch\u00e4tze stellen besondere und oft einmalige Exponate aus den Museen der Fr\u00e4nkischen St\u00e4dte vor \u2013 Sie erz\u00e4hlen Geschichten, die Geschichte lebendig werden lassen. In Kulmbach zeugt der wiederentdeckte P\u00f6rbitscher Schatz aus vergoldetem Silber von Krieg, Flucht und jahrhundertelangem Verborgensein und geh\u00f6rt heute zu den eindrucksvollsten Museumsh\u00f6hepunkten der Stadt.<\/p>\n    <\/div>\n<\/div>\n\n\n\n<p>Erst nach einigen Augenblicken wird klar, worum es sich handelt: ein Sack, kaum 90 Zentimeter unter der Erde, gef\u00fcllt mit <strong>funkelnden Kostbarkeiten<\/strong> aus <strong>vergoldetem Silber<\/strong>. Pokale, Becher, L\u00f6ffel und filigrane Gef\u00e4\u00dfe \u2013 <strong>\u00fcber 250 Jahre verborgen<\/strong>, aber nun wieder ans Licht gebracht. Was die Bauarbeiter in den H\u00e4nden halten, ist mehr als nur altes Silber: Es ist ein <strong>St\u00fcck Geschichte<\/strong>, das von Krieg, Flucht und Verborgensein erz\u00e4hlt \u2013 ein Schatz, dessen Geschichte die <strong>Stadt Kulmbach<\/strong> bis heute fasziniert.<\/p>\n\n\n\n<figure class=\"wp-block-image size-full\"><img decoding=\"async\" loading=\"lazy\" width=\"943\" height=\"849\" src=\"https:\/\/www.frankentourismus.de\/blog\/wp-content\/uploads\/2026\/04\/Museumsschatz-Kulmbach-1.png\" alt=\"\" class=\"wp-image-7731\" srcset=\"https:\/\/www.frankentourismus.de\/blog\/wp-content\/uploads\/2026\/04\/Museumsschatz-Kulmbach-1.png 943w, https:\/\/www.frankentourismus.de\/blog\/wp-content\/uploads\/2026\/04\/Museumsschatz-Kulmbach-1-300x270.png 300w, https:\/\/www.frankentourismus.de\/blog\/wp-content\/uploads\/2026\/04\/Museumsschatz-Kulmbach-1-768x691.png 768w\" sizes=\"(max-width: 943px) 100vw, 943px\" \/><figcaption class=\"wp-element-caption\">\u00a9 Stadt Kulmbach<\/figcaption><\/figure>\n\n\n\n<h2>Ein Schatz erz\u00e4hlt vom Drei\u00dfigj\u00e4hrigen Krieg<\/h2>\n\n\n\n<p>Die Spur f\u00fchrt zur\u00fcck ins <strong>Jahr 1634<\/strong>, mitten in die Wirren des <strong>Drei\u00dfigj\u00e4hrigen Krieges<\/strong>. Kaiserliche Truppen stehen vor Kulmbach, Pl\u00fcnderung droht. In dieser Ausnahmesituation trifft der <strong>Patrizier Georg Gutterer<\/strong> eine folgenschwere Entscheidung: Er <strong>vergr\u00e4bt das wertvolle Tafelsilber<\/strong> seiner Familie \u2013 heimlich, hastig, ohne jemandem den genauen Ort zu verraten.<\/p>\n\n\n\n<p>Was als Schutz gedacht ist, wird zum R\u00e4tsel f\u00fcr Generationen. Denn Gutterer nimmt das Versteck mit ins Grab. Mehr als 250 Jahre bleibt der Schatz verschwunden, bevor ihn der Zufall bei Bauarbeiten im <strong>Ortsteil P\u00f6rbitsch<\/strong> wieder freigibt.<\/p>\n\n\n\n<p>Als die Arbeiter den Sack \u00f6ffnen, kommen <strong>kunstvoll gearbeitete Prunkst\u00fccke<\/strong> ans Licht: <strong>vergoldete Pokale, Becher, L\u00f6ffel und filigrane Gef\u00e4\u00dfe<\/strong>. Einige von ihnen werden kurzerhand mit Bier gef\u00fcllt \u2013 ein erster, ungew\u00f6hnlicher \u201eTestlauf\u201c nach Jahrhunderten im Erdreich.<\/p>\n\n\n\n<figure class=\"wp-block-image size-large\"><img decoding=\"async\" loading=\"lazy\" width=\"1024\" height=\"894\" src=\"https:\/\/www.frankentourismus.de\/blog\/wp-content\/uploads\/2026\/04\/Museumsschatz-Kulmbach-2-1024x894.png\" alt=\"\" class=\"wp-image-7733\" srcset=\"https:\/\/www.frankentourismus.de\/blog\/wp-content\/uploads\/2026\/04\/Museumsschatz-Kulmbach-2-1024x894.png 1024w, https:\/\/www.frankentourismus.de\/blog\/wp-content\/uploads\/2026\/04\/Museumsschatz-Kulmbach-2-300x262.png 300w, https:\/\/www.frankentourismus.de\/blog\/wp-content\/uploads\/2026\/04\/Museumsschatz-Kulmbach-2-768x670.png 768w, https:\/\/www.frankentourismus.de\/blog\/wp-content\/uploads\/2026\/04\/Museumsschatz-Kulmbach-2.png 1037w\" sizes=\"(max-width: 1024px) 100vw, 1024px\" \/><figcaption class=\"wp-element-caption\">\u00a9 Stadt Kulmbach<\/figcaption><\/figure>\n\n\n\n<p>Heute z\u00e4hlt der sogenannte <strong>P\u00f6rbitscher Schatz<\/strong> zu den H\u00f6hepunkten im <strong><a href=\"https:\/\/www.frankentourismus.de\/poi\/landschaftsmuseum_obermain-22944\/\" target=\"_blank\" rel=\"noreferrer noopener\">Landschaftsmuseum Obermain<\/a><\/strong> auf der <strong><a href=\"https:\/\/www.frankentourismus.de\/poi\/plassenburg-22167\/\" target=\"_blank\" rel=\"noreferrer noopener\">Plassenburg<\/a><\/strong>. Besonders die reich verzierten Silberpokale ziehen die Blicke auf sich, denn geschm\u00fcckt mit Fr\u00fcchten, Blumen und aufwendigen Aufs\u00e4tzen erz\u00e4hlen sie von <strong>Reichtum<\/strong>, <strong>Handwerkskunst<\/strong> und einer Zeit, in der selbst Alltagsgegenst\u00e4nde <strong>Ausdruck von Status<\/strong> waren. Ein <strong>Becher in Form eines Gl\u00fccksschiffes<\/strong> scheint dabei fast sinnbildlich f\u00fcr die Reise dieses Schatzes durch die Jahrhunderte.<\/p>\n\n\n\n<h2>Genuss trifft Geschichte<\/h2>\n\n\n\n<p>Auch abseits des Museumsschatzes hat Kulmbach einiges zu bieten: Im <strong>Kulmbacher M\u00f6nchshof<\/strong> vereinen sich gleich drei Museen unter einem Dach \u2013 das <strong><a href=\"https:\/\/www.frankentourismus.de\/poi\/bayerisches_brauereimuseum_im-5028\/\" target=\"_blank\" rel=\"noreferrer noopener\">Bayerische Brauereimuseum<\/a><\/strong>, das <strong><a href=\"https:\/\/www.frankentourismus.de\/poi\/deutsches_gewuerzmuseum_im_kul-18406\/\" target=\"_blank\" rel=\"noreferrer noopener\">Deutsche Gew\u00fcrzmuseum<\/a><\/strong> und das <strong><a href=\"https:\/\/www.frankentourismus.de\/poi\/bayerisches_baeckereimuseum_im-20000\/\" target=\"_blank\" rel=\"noreferrer noopener\">Bayerische B\u00e4ckereimuseum<\/a><\/strong>. Gemeinsam erz\u00e4hlen sie eine genussvolle Zeitreise durch <strong>Braukunst, Gew\u00fcrzhandel und Backtradition<\/strong>. Ein H\u00f6hepunkt ist die \u201e<strong>Gl\u00e4serne Museumsbrauerei<\/strong>\u201c, in der die lange Biertradition der Stadt lebendig wird \u2013 inklusive Einblicken in den Brauprozess sowie einem Probierschluck fr\u00e4nkischer Spezialit\u00e4ten.<\/p>\n\n\n\n<figure class=\"is-layout-flex wp-block-gallery-1 wp-block-gallery has-nested-images columns-default is-cropped\">\n<figure class=\"wp-block-image size-large\"><img decoding=\"async\" loading=\"lazy\" width=\"1024\" height=\"768\" data-id=\"7739\"  src=\"https:\/\/www.frankentourismus.de\/blog\/wp-content\/uploads\/2026\/04\/kulmbach_0219_Frankenwald_Kulmbach_Kommunbraeu-Kulmbacher-Braukessel-1024x768.jpg\" alt=\"\" class=\"wp-image-7739\" srcset=\"https:\/\/www.frankentourismus.de\/blog\/wp-content\/uploads\/2026\/04\/kulmbach_0219_Frankenwald_Kulmbach_Kommunbraeu-Kulmbacher-Braukessel-1024x768.jpg 1024w, https:\/\/www.frankentourismus.de\/blog\/wp-content\/uploads\/2026\/04\/kulmbach_0219_Frankenwald_Kulmbach_Kommunbraeu-Kulmbacher-Braukessel-300x225.jpg 300w, https:\/\/www.frankentourismus.de\/blog\/wp-content\/uploads\/2026\/04\/kulmbach_0219_Frankenwald_Kulmbach_Kommunbraeu-Kulmbacher-Braukessel-768x576.jpg 768w, https:\/\/www.frankentourismus.de\/blog\/wp-content\/uploads\/2026\/04\/kulmbach_0219_Frankenwald_Kulmbach_Kommunbraeu-Kulmbacher-Braukessel.jpg 1181w\" sizes=\"(max-width: 1024px) 100vw, 1024px\" \/><figcaption class=\"wp-element-caption\">Bayerisches Brauereimuseum (\u00a9 Stadt Kulmbach)<\/figcaption><\/figure>\n\n\n\n<figure class=\"wp-block-image size-large\"><img decoding=\"async\" loading=\"lazy\" width=\"1024\" height=\"732\" data-id=\"7743\"  src=\"https:\/\/www.frankentourismus.de\/blog\/wp-content\/uploads\/2026\/04\/kulmbach_0231_Frankenwald_Kulmbach_Gewuerzmuseum-1024x732.jpg\" alt=\"\" class=\"wp-image-7743\" srcset=\"https:\/\/www.frankentourismus.de\/blog\/wp-content\/uploads\/2026\/04\/kulmbach_0231_Frankenwald_Kulmbach_Gewuerzmuseum-1024x732.jpg 1024w, https:\/\/www.frankentourismus.de\/blog\/wp-content\/uploads\/2026\/04\/kulmbach_0231_Frankenwald_Kulmbach_Gewuerzmuseum-300x214.jpg 300w, https:\/\/www.frankentourismus.de\/blog\/wp-content\/uploads\/2026\/04\/kulmbach_0231_Frankenwald_Kulmbach_Gewuerzmuseum-768x549.jpg 768w, https:\/\/www.frankentourismus.de\/blog\/wp-content\/uploads\/2026\/04\/kulmbach_0231_Frankenwald_Kulmbach_Gewuerzmuseum-1536x1098.jpg 1536w, https:\/\/www.frankentourismus.de\/blog\/wp-content\/uploads\/2026\/04\/kulmbach_0231_Frankenwald_Kulmbach_Gewuerzmuseum-2048x1464.jpg 2048w\" sizes=\"(max-width: 1024px) 100vw, 1024px\" \/><figcaption class=\"wp-element-caption\">Deutsches Gew\u00fcrzmuseum (\u00a9 Stadt Kulmbach)<\/figcaption><\/figure>\n\n\n\n<figure class=\"wp-block-image size-large\"><img decoding=\"async\" loading=\"lazy\" width=\"1024\" height=\"681\" data-id=\"7741\"  src=\"https:\/\/www.frankentourismus.de\/blog\/wp-content\/uploads\/2026\/04\/kulmbach_0227_Frankenwald_Kulmbach_Baeckereimuseum-1024x681.jpg\" alt=\"\" class=\"wp-image-7741\" srcset=\"https:\/\/www.frankentourismus.de\/blog\/wp-content\/uploads\/2026\/04\/kulmbach_0227_Frankenwald_Kulmbach_Baeckereimuseum-1024x681.jpg 1024w, https:\/\/www.frankentourismus.de\/blog\/wp-content\/uploads\/2026\/04\/kulmbach_0227_Frankenwald_Kulmbach_Baeckereimuseum-300x200.jpg 300w, https:\/\/www.frankentourismus.de\/blog\/wp-content\/uploads\/2026\/04\/kulmbach_0227_Frankenwald_Kulmbach_Baeckereimuseum-768x511.jpg 768w, https:\/\/www.frankentourismus.de\/blog\/wp-content\/uploads\/2026\/04\/kulmbach_0227_Frankenwald_Kulmbach_Baeckereimuseum-1536x1022.jpg 1536w, https:\/\/www.frankentourismus.de\/blog\/wp-content\/uploads\/2026\/04\/kulmbach_0227_Frankenwald_Kulmbach_Baeckereimuseum-2048x1363.jpg 2048w\" sizes=\"(max-width: 1024px) 100vw, 1024px\" \/><figcaption class=\"wp-element-caption\">Bayerisches B\u00e4ckereimuseum (\u00a9 Stadt Kulmbach)<\/figcaption><\/figure>\n<\/figure>\n\n\n\n<p>\u00dcber der Stadt thront die Plassenburg, die mit <strong>Renaissance-Architektur<\/strong>, <strong>spannenden Museen<\/strong> und <strong>weiten Ausblicken<\/strong> beeindruckt. Ein Rundgang durch den \u201eSch\u00f6nen Hof\u201c und die historischen Markgrafenzimmer l\u00e4sst die Geschichte der fr\u00e4nkischen Markgrafen lebendig werden. Kulinarisch geh\u00f6rt die <strong>Kulmbacher Bratwurst<\/strong> im \u201eSt\u00f6lla\u201c ebenso zu einem Besuch wie ein frisch gezapftes Bier.<\/p>\n\n\n\n<h2>Entspannt ankommen und weiter entdecken<\/h2>\n\n\n\n<p><strong>Kulmbach ist bequem mit der Bahn erreichbar (<a href=\"https:\/\/www.kulmbach.de\/seite\/712505\/anreise.html\" target=\"_blank\" rel=\"noreferrer noopener\">Informationen zur Anreise<\/a>). Vom Bahnhof aus ist es ein kurzer Spaziergang in die Altstadt und hinauf zur Plassenburg. Wer mehr Zeit mitbringt, kann die vielen Wander- und Radwege rund um die Stadt erkunden \u2013 durch stille W\u00e4lder des <a href=\"https:\/\/www.frankenwald-tourismus.de\/\" target=\"_blank\" rel=\"noreferrer noopener\">Frankenwalds<\/a>, entlang des Mains oder hin zu kleineren Ortschaften und Aussichtspunkten. So wird der Besuch in Kulmbach zu einer abwechslungsreichen Entdeckungsreise, die Geschichte, Genuss und Natur auf wunderbare Weise verbindet \u2013 und Lust macht, noch ein St\u00fcck weiterzugehen.<\/strong><\/p>\n\n\n\n<figure class=\"is-layout-flex wp-block-gallery-3 wp-block-gallery has-nested-images columns-default is-cropped\">\n<figure class=\"wp-block-image size-large\"><img decoding=\"async\" loading=\"lazy\" width=\"1024\" height=\"768\" data-id=\"7747\"  src=\"https:\/\/www.frankentourismus.de\/blog\/wp-content\/uploads\/2026\/04\/kulmbach_0223_Frankenwald_Kulmbach_Kulinarischer-Genuss-Kulmbacher-Bratwurst-1024x768.jpg\" alt=\"\" class=\"wp-image-7747\" srcset=\"https:\/\/www.frankentourismus.de\/blog\/wp-content\/uploads\/2026\/04\/kulmbach_0223_Frankenwald_Kulmbach_Kulinarischer-Genuss-Kulmbacher-Bratwurst-1024x768.jpg 1024w, https:\/\/www.frankentourismus.de\/blog\/wp-content\/uploads\/2026\/04\/kulmbach_0223_Frankenwald_Kulmbach_Kulinarischer-Genuss-Kulmbacher-Bratwurst-300x225.jpg 300w, https:\/\/www.frankentourismus.de\/blog\/wp-content\/uploads\/2026\/04\/kulmbach_0223_Frankenwald_Kulmbach_Kulinarischer-Genuss-Kulmbacher-Bratwurst-768x576.jpg 768w, https:\/\/www.frankentourismus.de\/blog\/wp-content\/uploads\/2026\/04\/kulmbach_0223_Frankenwald_Kulmbach_Kulinarischer-Genuss-Kulmbacher-Bratwurst-1536x1152.jpg 1536w, https:\/\/www.frankentourismus.de\/blog\/wp-content\/uploads\/2026\/04\/kulmbach_0223_Frankenwald_Kulmbach_Kulinarischer-Genuss-Kulmbacher-Bratwurst-2048x1536.jpg 2048w\" sizes=\"(max-width: 1024px) 100vw, 1024px\" \/><figcaption class=\"wp-element-caption\">\u00a9 Stadt Kulmbach<\/figcaption><\/figure>\n\n\n\n<figure class=\"wp-block-image size-large\"><img decoding=\"async\" loading=\"lazy\" width=\"1024\" height=\"662\" data-id=\"7745\"  src=\"https:\/\/www.frankentourismus.de\/blog\/wp-content\/uploads\/2026\/04\/frw_474_Frankenwald_Kulmbach_Radfahren-in-der-Kulmbacher-Altstadt-1024x662.jpg\" alt=\"\" class=\"wp-image-7745\" srcset=\"https:\/\/www.frankentourismus.de\/blog\/wp-content\/uploads\/2026\/04\/frw_474_Frankenwald_Kulmbach_Radfahren-in-der-Kulmbacher-Altstadt-1024x662.jpg 1024w, https:\/\/www.frankentourismus.de\/blog\/wp-content\/uploads\/2026\/04\/frw_474_Frankenwald_Kulmbach_Radfahren-in-der-Kulmbacher-Altstadt-300x194.jpg 300w, https:\/\/www.frankentourismus.de\/blog\/wp-content\/uploads\/2026\/04\/frw_474_Frankenwald_Kulmbach_Radfahren-in-der-Kulmbacher-Altstadt-768x496.jpg 768w, https:\/\/www.frankentourismus.de\/blog\/wp-content\/uploads\/2026\/04\/frw_474_Frankenwald_Kulmbach_Radfahren-in-der-Kulmbacher-Altstadt-1536x993.jpg 1536w, https:\/\/www.frankentourismus.de\/blog\/wp-content\/uploads\/2026\/04\/frw_474_Frankenwald_Kulmbach_Radfahren-in-der-Kulmbacher-Altstadt.jpg 1920w\" sizes=\"(max-width: 1024px) 100vw, 1024px\" \/><figcaption class=\"wp-element-caption\">\u00a9 Frankenwald Tourismus \/ Marco Felgenhauer<\/figcaption><\/figure>\n\n\n\n<figure class=\"wp-block-image size-large\"><img decoding=\"async\" loading=\"lazy\" width=\"1024\" height=\"767\" data-id=\"7749\"  src=\"https:\/\/www.frankentourismus.de\/blog\/wp-content\/uploads\/2026\/04\/kulmbach_0300_Frankenwald_Kulmbach_Blick-auf-die-Plassenburg-1024x767.jpg\" alt=\"\" class=\"wp-image-7749\" srcset=\"https:\/\/www.frankentourismus.de\/blog\/wp-content\/uploads\/2026\/04\/kulmbach_0300_Frankenwald_Kulmbach_Blick-auf-die-Plassenburg-1024x767.jpg 1024w, https:\/\/www.frankentourismus.de\/blog\/wp-content\/uploads\/2026\/04\/kulmbach_0300_Frankenwald_Kulmbach_Blick-auf-die-Plassenburg-300x225.jpg 300w, https:\/\/www.frankentourismus.de\/blog\/wp-content\/uploads\/2026\/04\/kulmbach_0300_Frankenwald_Kulmbach_Blick-auf-die-Plassenburg-768x576.jpg 768w, https:\/\/www.frankentourismus.de\/blog\/wp-content\/uploads\/2026\/04\/kulmbach_0300_Frankenwald_Kulmbach_Blick-auf-die-Plassenburg-1536x1151.jpg 1536w, https:\/\/www.frankentourismus.de\/blog\/wp-content\/uploads\/2026\/04\/kulmbach_0300_Frankenwald_Kulmbach_Blick-auf-die-Plassenburg-2048x1535.jpg 2048w\" sizes=\"(max-width: 1024px) 100vw, 1024px\" \/><figcaption class=\"wp-element-caption\">\u00a9 FrankenTourismus \/ Holger Leue<\/figcaption><\/figure>\n<\/figure>\n","protected":false},"excerpt":{"rendered":"<p>Ein dumpfer Schlag, dann ein erstaunter Ruf. Es ist ein Sommertag im August 1912, als Bauarbeiter in Kulmbach auf etwas sto\u00dfen, das dort seit Jahrhunderten im Verborgenen lag. Doch was genau hier zum Vorschein kommt, bleibt zun\u00e4chst ein R\u00e4tsel\u2026 Erst nach einigen Augenblicken wird klar, worum es sich handelt: ein Sack, kaum 90 Zentimeter unter [&hellip;]<\/p>\n","protected":false},"author":63,"featured_media":7749,"comment_status":"open","ping_status":"closed","sticky":false,"template":"","format":"standard","meta":[],"categories":[1,21,307,379],"tags":[83,81,87,381],"yoast_head":"<!-- This site is optimized with the Yoast SEO plugin v19.14 - https:\/\/yoast.com\/wordpress\/plugins\/seo\/ -->\n<title>Verborgener Glanz: Ein Schatz und gro\u00dfe Geschichte in Kulmbach - Franken Blog<\/title>\n<meta name=\"description\" content=\"Funkelnder Silberschatz, spannende Geschichte und fr\u00e4nkische Genusskultur: Entdecke Kulmbach mit Plassenburg und besonderen Erlebnissen.\" \/>\n<meta name=\"robots\" content=\"index, follow, max-snippet:-1, max-image-preview:large, max-video-preview:-1\" \/>\n<link rel=\"canonical\" href=\"https:\/\/www.frankentourismus.de\/blog\/2026\/04\/24\/verborgener-glanz-ein-schatz-und-grosse-geschichte-in-kulmbach\/\" \/>\n<meta property=\"og:locale\" content=\"de_DE\" \/>\n<meta property=\"og:type\" content=\"article\" \/>\n<meta property=\"og:title\" content=\"Verborgener Glanz: Ein Schatz und gro\u00dfe Geschichte in Kulmbach - Franken Blog\" \/>\n<meta property=\"og:description\" content=\"Funkelnder Silberschatz, spannende Geschichte und fr\u00e4nkische Genusskultur: Entdecke Kulmbach mit Plassenburg und besonderen Erlebnissen.\" \/>\n<meta property=\"og:url\" content=\"https:\/\/www.frankentourismus.de\/blog\/2026\/04\/24\/verborgener-glanz-ein-schatz-und-grosse-geschichte-in-kulmbach\/\" \/>\n<meta property=\"og:site_name\" content=\"Franken Blog\" \/>\n<meta property=\"article:published_time\" content=\"2026-04-24T07:00:00+00:00\" \/>\n<meta property=\"article:modified_time\" content=\"2026-04-24T06:09:19+00:00\" \/>\n<meta property=\"og:image\" content=\"https:\/\/www.frankentourismus.de\/blog\/wp-content\/uploads\/2026\/04\/kulmbach_0300_Frankenwald_Kulmbach_Blick-auf-die-Plassenburg-scaled.jpg\" \/>\n\t<meta property=\"og:image:width\" content=\"2560\" \/>\n\t<meta property=\"og:image:height\" content=\"1919\" \/>\n\t<meta property=\"og:image:type\" content=\"image\/jpeg\" \/>\n<meta name=\"author\" content=\"Tourismusverband Franken e.V.\" \/>\n<meta name=\"twitter:card\" content=\"summary_large_image\" \/>\n<meta name=\"twitter:label1\" content=\"Written by\" \/>\n\t<meta name=\"twitter:data1\" content=\"Tourismusverband Franken e.V.\" \/>\n\t<meta name=\"twitter:label2\" content=\"Est. reading time\" \/>\n\t<meta name=\"twitter:data2\" content=\"5 Minuten\" \/>\n<script type=\"application\/ld+json\" class=\"yoast-schema-graph\">{\"@context\":\"https:\/\/schema.org\",\"@graph\":[{\"@type\":\"WebPage\",\"@id\":\"https:\/\/www.frankentourismus.de\/blog\/2026\/04\/24\/verborgener-glanz-ein-schatz-und-grosse-geschichte-in-kulmbach\/\",\"url\":\"https:\/\/www.frankentourismus.de\/blog\/2026\/04\/24\/verborgener-glanz-ein-schatz-und-grosse-geschichte-in-kulmbach\/\",\"name\":\"Verborgener Glanz: Ein Schatz und gro\u00dfe Geschichte in Kulmbach - Franken Blog\",\"isPartOf\":{\"@id\":\"https:\/\/www.frankentourismus.de\/blog\/#website\"},\"datePublished\":\"2026-04-24T07:00:00+00:00\",\"dateModified\":\"2026-04-24T06:09:19+00:00\",\"author\":{\"@id\":\"https:\/\/www.frankentourismus.de\/blog\/#\/schema\/person\/4ba3da83e99990b558f4f503d080ceaa\"},\"description\":\"Funkelnder Silberschatz, spannende Geschichte und fr\u00e4nkische Genusskultur: Entdecke Kulmbach mit Plassenburg und besonderen Erlebnissen.\",\"breadcrumb\":{\"@id\":\"https:\/\/www.frankentourismus.de\/blog\/2026\/04\/24\/verborgener-glanz-ein-schatz-und-grosse-geschichte-in-kulmbach\/#breadcrumb\"},\"inLanguage\":\"de-DE\",\"potentialAction\":[{\"@type\":\"ReadAction\",\"target\":[\"https:\/\/www.frankentourismus.de\/blog\/2026\/04\/24\/verborgener-glanz-ein-schatz-und-grosse-geschichte-in-kulmbach\/\"]}]},{\"@type\":\"BreadcrumbList\",\"@id\":\"https:\/\/www.frankentourismus.de\/blog\/2026\/04\/24\/verborgener-glanz-ein-schatz-und-grosse-geschichte-in-kulmbach\/#breadcrumb\",\"itemListElement\":[{\"@type\":\"ListItem\",\"position\":1,\"name\":\"Home\",\"item\":\"https:\/\/www.frankentourismus.de\/blog\/\"},{\"@type\":\"ListItem\",\"position\":2,\"name\":\"Verborgener Glanz: Ein Schatz und gro\u00dfe Geschichte in Kulmbach\"}]},{\"@type\":\"WebSite\",\"@id\":\"https:\/\/www.frankentourismus.de\/blog\/#website\",\"url\":\"https:\/\/www.frankentourismus.de\/blog\/\",\"name\":\"Franken Blog\",\"description\":\"Urlaub in Franken!\",\"potentialAction\":[{\"@type\":\"SearchAction\",\"target\":{\"@type\":\"EntryPoint\",\"urlTemplate\":\"https:\/\/www.frankentourismus.de\/blog\/?s={search_term_string}\"},\"query-input\":\"required name=search_term_string\"}],\"inLanguage\":\"de-DE\"},{\"@type\":\"Person\",\"@id\":\"https:\/\/www.frankentourismus.de\/blog\/#\/schema\/person\/4ba3da83e99990b558f4f503d080ceaa\",\"name\":\"Tourismusverband Franken e.V.\",\"image\":{\"@type\":\"ImageObject\",\"inLanguage\":\"de-DE\",\"@id\":\"https:\/\/www.frankentourismus.de\/blog\/#\/schema\/person\/image\/\",\"url\":\"https:\/\/www.frankentourismus.de\/blog\/wp-content\/uploads\/2025\/10\/Bildmarke-TVF-150x150.png\",\"contentUrl\":\"https:\/\/www.frankentourismus.de\/blog\/wp-content\/uploads\/2025\/10\/Bildmarke-TVF-150x150.png\",\"caption\":\"Tourismusverband Franken e.V.\"},\"url\":\"https:\/\/www.frankentourismus.de\/blog\/author\/tourismusverband-franken-e-v\/\"}]}<\/script>\n<!-- \/ Yoast SEO plugin. -->","yoast_head_json":{"title":"Verborgener Glanz: Ein Schatz und gro\u00dfe Geschichte in Kulmbach - Franken Blog","description":"Funkelnder Silberschatz, spannende Geschichte und fr\u00e4nkische Genusskultur: Entdecke Kulmbach mit Plassenburg und besonderen Erlebnissen.","robots":{"index":"index","follow":"follow","max-snippet":"max-snippet:-1","max-image-preview":"max-image-preview:large","max-video-preview":"max-video-preview:-1"},"canonical":"https:\/\/www.frankentourismus.de\/blog\/2026\/04\/24\/verborgener-glanz-ein-schatz-und-grosse-geschichte-in-kulmbach\/","og_locale":"de_DE","og_type":"article","og_title":"Verborgener Glanz: Ein Schatz und gro\u00dfe Geschichte in Kulmbach - Franken Blog","og_description":"Funkelnder Silberschatz, spannende Geschichte und fr\u00e4nkische Genusskultur: Entdecke Kulmbach mit Plassenburg und besonderen Erlebnissen.","og_url":"https:\/\/www.frankentourismus.de\/blog\/2026\/04\/24\/verborgener-glanz-ein-schatz-und-grosse-geschichte-in-kulmbach\/","og_site_name":"Franken Blog","article_published_time":"2026-04-24T07:00:00+00:00","article_modified_time":"2026-04-24T06:09:19+00:00","og_image":[{"width":2560,"height":1919,"url":"https:\/\/www.frankentourismus.de\/blog\/wp-content\/uploads\/2026\/04\/kulmbach_0300_Frankenwald_Kulmbach_Blick-auf-die-Plassenburg-scaled.jpg","type":"image\/jpeg"}],"author":"Tourismusverband Franken e.V.","twitter_card":"summary_large_image","twitter_misc":{"Written by":"Tourismusverband Franken e.V.","Est. reading time":"5 Minuten"},"schema":{"@context":"https:\/\/schema.org","@graph":[{"@type":"WebPage","@id":"https:\/\/www.frankentourismus.de\/blog\/2026\/04\/24\/verborgener-glanz-ein-schatz-und-grosse-geschichte-in-kulmbach\/","url":"https:\/\/www.frankentourismus.de\/blog\/2026\/04\/24\/verborgener-glanz-ein-schatz-und-grosse-geschichte-in-kulmbach\/","name":"Verborgener Glanz: Ein Schatz und gro\u00dfe Geschichte in Kulmbach - Franken Blog","isPartOf":{"@id":"https:\/\/www.frankentourismus.de\/blog\/#website"},"datePublished":"2026-04-24T07:00:00+00:00","dateModified":"2026-04-24T06:09:19+00:00","author":{"@id":"https:\/\/www.frankentourismus.de\/blog\/#\/schema\/person\/4ba3da83e99990b558f4f503d080ceaa"},"description":"Funkelnder Silberschatz, spannende Geschichte und fr\u00e4nkische Genusskultur: Entdecke Kulmbach mit Plassenburg und besonderen Erlebnissen.","breadcrumb":{"@id":"https:\/\/www.frankentourismus.de\/blog\/2026\/04\/24\/verborgener-glanz-ein-schatz-und-grosse-geschichte-in-kulmbach\/#breadcrumb"},"inLanguage":"de-DE","potentialAction":[{"@type":"ReadAction","target":["https:\/\/www.frankentourismus.de\/blog\/2026\/04\/24\/verborgener-glanz-ein-schatz-und-grosse-geschichte-in-kulmbach\/"]}]},{"@type":"BreadcrumbList","@id":"https:\/\/www.frankentourismus.de\/blog\/2026\/04\/24\/verborgener-glanz-ein-schatz-und-grosse-geschichte-in-kulmbach\/#breadcrumb","itemListElement":[{"@type":"ListItem","position":1,"name":"Home","item":"https:\/\/www.frankentourismus.de\/blog\/"},{"@type":"ListItem","position":2,"name":"Verborgener Glanz: Ein Schatz und gro\u00dfe Geschichte in Kulmbach"}]},{"@type":"WebSite","@id":"https:\/\/www.frankentourismus.de\/blog\/#website","url":"https:\/\/www.frankentourismus.de\/blog\/","name":"Franken Blog","description":"Urlaub in Franken!","potentialAction":[{"@type":"SearchAction","target":{"@type":"EntryPoint","urlTemplate":"https:\/\/www.frankentourismus.de\/blog\/?s={search_term_string}"},"query-input":"required name=search_term_string"}],"inLanguage":"de-DE"},{"@type":"Person","@id":"https:\/\/www.frankentourismus.de\/blog\/#\/schema\/person\/4ba3da83e99990b558f4f503d080ceaa","name":"Tourismusverband Franken e.V.","image":{"@type":"ImageObject","inLanguage":"de-DE","@id":"https:\/\/www.frankentourismus.de\/blog\/#\/schema\/person\/image\/","url":"https:\/\/www.frankentourismus.de\/blog\/wp-content\/uploads\/2025\/10\/Bildmarke-TVF-150x150.png","contentUrl":"https:\/\/www.frankentourismus.de\/blog\/wp-content\/uploads\/2025\/10\/Bildmarke-TVF-150x150.png","caption":"Tourismusverband Franken e.V."},"url":"https:\/\/www.frankentourismus.de\/blog\/author\/tourismusverband-franken-e-v\/"}]}},"_links":{"self":[{"href":"https:\/\/www.frankentourismus.de\/blog\/wp-json\/wp\/v2\/posts\/7727"}],"collection":[{"href":"https:\/\/www.frankentourismus.de\/blog\/wp-json\/wp\/v2\/posts"}],"about":[{"href":"https:\/\/www.frankentourismus.de\/blog\/wp-json\/wp\/v2\/types\/post"}],"author":[{"embeddable":true,"href":"https:\/\/www.frankentourismus.de\/blog\/wp-json\/wp\/v2\/users\/63"}],"replies":[{"embeddable":true,"href":"https:\/\/www.frankentourismus.de\/blog\/wp-json\/wp\/v2\/comments?post=7727"}],"version-history":[{"count":7,"href":"https:\/\/www.frankentourismus.de\/blog\/wp-json\/wp\/v2\/posts\/7727\/revisions"}],"predecessor-version":[{"id":7771,"href":"https:\/\/www.frankentourismus.de\/blog\/wp-json\/wp\/v2\/posts\/7727\/revisions\/7771"}],"wp:featuredmedia":[{"embeddable":true,"href":"https:\/\/www.frankentourismus.de\/blog\/wp-json\/wp\/v2\/media\/7749"}],"wp:attachment":[{"href":"https:\/\/www.frankentourismus.de\/blog\/wp-json\/wp\/v2\/media?parent=7727"}],"wp:term":[{"taxonomy":"category","embeddable":true,"href":"https:\/\/www.frankentourismus.de\/blog\/wp-json\/wp\/v2\/categories?post=7727"},{"taxonomy":"post_tag","embeddable":true,"href":"https:\/\/www.frankentourismus.de\/blog\/wp-json\/wp\/v2\/tags?post=7727"}],"curies":[{"name":"wp","href":"https:\/\/api.w.org\/{rel}","templated":true}]}}