{"id":7655,"date":"2026-04-10T09:00:00","date_gmt":"2026-04-10T07:00:00","guid":{"rendered":"https:\/\/www.frankentourismus.de\/blog\/?p=7655"},"modified":"2026-04-09T13:01:45","modified_gmt":"2026-04-09T11:01:45","slug":"nuernberg-auf-den-spuren-des-behaim-globus","status":"publish","type":"post","link":"https:\/\/www.frankentourismus.de\/blog\/2026\/04\/10\/nuernberg-auf-den-spuren-des-behaim-globus\/","title":{"rendered":"N\u00fcrnberg: Auf den Spuren des Behaim-Globus"},"content":{"rendered":"\n<p><strong>Ein filigranes Kunstwerk, das die Welt in Miniatur zeigt \u2013 im <a href=\"https:\/\/www.frankentourismus.de\/poi\/germanisches_nationalmuseum-5628\/\" target=\"_blank\" rel=\"noreferrer noopener\">Germanischen Nationalmuseum<\/a> <a href=\"https:\/\/tourismus.nuernberg.de\/\" target=\"_blank\" rel=\"noreferrer noopener\">N\u00fcrnberg<\/a> zieht der Behaim-Globus die Blicke auf sich. Amerika ist noch unentdeckt, unbekannte Regionen bev\u00f6lkert von Fabelwesen und exotischen Tieren, und jeder Strich erz\u00e4hlt von Wissensdrang, Abenteuerlust und dem Mut, Grenzen zu \u00fcberschreiten.<\/strong><\/p>\n\n\n<div class=\"hint\">\n            <figure>\n            <img width=\"300\" height=\"300\" src=\"https:\/\/www.frankentourismus.de\/blog\/wp-content\/uploads\/2026\/03\/Logo-Museumsschaetze-300x300.png\" class=\"attachment-medium size-medium\" alt=\"\" decoding=\"async\" loading=\"lazy\" srcset=\"https:\/\/www.frankentourismus.de\/blog\/wp-content\/uploads\/2026\/03\/Logo-Museumsschaetze-300x300.png 300w, https:\/\/www.frankentourismus.de\/blog\/wp-content\/uploads\/2026\/03\/Logo-Museumsschaetze-150x150.png 150w, https:\/\/www.frankentourismus.de\/blog\/wp-content\/uploads\/2026\/03\/Logo-Museumsschaetze-768x768.png 768w, https:\/\/www.frankentourismus.de\/blog\/wp-content\/uploads\/2026\/03\/Logo-Museumsschaetze.png 852w\" sizes=\"(max-width: 300px) 100vw, 300px\" \/>        <\/figure>\n    \n    <div class=\"content\">\n        <p>Unsere Museumssch\u00e4tze stellen besondere und oft einmalige Exponate aus den Museen der Fr\u00e4nkischen St\u00e4dte vor \u2013 Sie erz\u00e4hlen Geschichten, die Geschichte lebendig werden lassen. In N\u00fcrnberg steht der Behaim-Globus im Rampenlicht, eine der \u00e4ltesten Darstellungen der Erde in Kugelform, die den Entdeckergeist ihrer Zeit einf\u00e4ngt und zeigt, wie Menschen einst begannen, die Welt als Ganzes zu begreifen.<\/p>\n    <\/div>\n<\/div>\n\n\n\n<h2>Zwischen Wissen und Fantasie <\/h2>\n\n\n\n<p>Kerzen flackern, Pergament raschelt, ein Zirkel kratzt \u00fcber die Oberfl\u00e4che einer runden Kugel. Es ist <strong>1492 <\/strong>in N\u00fcrnberg. In einem stillen Zimmer passiert gerade etwas, das die <strong>Welt<\/strong> f\u00fcr immer ver\u00e4ndern wird \u2013 zumindest die <strong>Vorstellung<\/strong> von ihr. Auf dem Tisch liegt die Erde in Miniaturform. Unfertig, geheimnisvoll, fast lebendig. Die bekannten Kontinente sind vorsichtig skizziert, K\u00fcstenlinien gezogen \u2013 doch ein ganzer Kontinent fehlt: Amerika. Unsichtbar, verborgen hinter einem Horizont, den noch niemand \u00fcberschritten hat.<\/p>\n\n\n\n<p>Und doch ist die Leere nicht leer. Drachen, Seeungeheuer, fremde Tiere \u2013 nur in Legenden existent, bev\u00f6lkern die unbekannten Regionen. Jeder Strich, jede Gravur ist ein Wagnis. Wer auf die Kugel blickt, sp\u00fcrt die Spannung zwischen <strong>Wissen<\/strong> und <strong>Fantasie<\/strong>. Alles, was entdeckt werden will, liegt hier vor einem: das Unbekannte, das Unerforschte, das Geheimnisvolle.<\/p>\n\n\n\n<p><strong><a href=\"https:\/\/www.die-fraenkischen-staedte.de\/eine-runde-sache-der-behaim-globus-in-nuernberg\/\" target=\"_blank\" rel=\"noreferrer noopener\">Martin Behaim<\/a><\/strong>, Kaufmann, Reisender, Tr\u00e4umer, arbeitet konzentriert, Hand in Hand mit den besten N\u00fcrnberger Handwerkern. Seine <strong>Reisen<\/strong> nach Portugal, in die Niederlande und zu fernen K\u00fcsten haben ihm <strong>Wissen<\/strong> gebracht, das nun in die Kugel einflie\u00dft. Gestell, Gravuren, jede Verzierung \u2013 alles entsteht mit \u00e4u\u00dferster Pr\u00e4zision, durchdacht bis ins kleinste Detail. Aber der Globus ist mehr als ein <strong>Kunstwerk<\/strong>. Er ist ein <strong>Werkzeug<\/strong> f\u00fcr Entdecker, ein Lockmittel f\u00fcr Investoren, ein Symbol f\u00fcr Aufbruch, Mut und Neugier.<\/p>\n\n\n\n<p><\/p>\n\n\n\n<figure class=\"is-layout-flex wp-block-gallery-1 wp-block-gallery has-nested-images columns-default is-cropped\">\n<figure class=\"wp-block-image size-full\"><img decoding=\"async\" loading=\"lazy\" width=\"1551\" height=\"1489\" data-id=\"7685\"  src=\"https:\/\/www.frankentourismus.de\/blog\/wp-content\/uploads\/2026\/04\/gnm-museum-behaim-globus-ansicht2.jpeg\" alt=\"\" class=\"wp-image-7685\" srcset=\"https:\/\/www.frankentourismus.de\/blog\/wp-content\/uploads\/2026\/04\/gnm-museum-behaim-globus-ansicht2.jpeg 1551w, https:\/\/www.frankentourismus.de\/blog\/wp-content\/uploads\/2026\/04\/gnm-museum-behaim-globus-ansicht2-300x288.jpeg 300w, https:\/\/www.frankentourismus.de\/blog\/wp-content\/uploads\/2026\/04\/gnm-museum-behaim-globus-ansicht2-1024x983.jpeg 1024w, https:\/\/www.frankentourismus.de\/blog\/wp-content\/uploads\/2026\/04\/gnm-museum-behaim-globus-ansicht2-768x737.jpeg 768w, https:\/\/www.frankentourismus.de\/blog\/wp-content\/uploads\/2026\/04\/gnm-museum-behaim-globus-ansicht2-1536x1475.jpeg 1536w\" sizes=\"(max-width: 1551px) 100vw, 1551px\" \/><figcaption class=\"wp-element-caption\">\u00a9 Germanisches Nationalmuseum 2007<\/figcaption><\/figure>\n\n\n\n<figure class=\"wp-block-image size-full\"><img decoding=\"async\" loading=\"lazy\" width=\"2560\" height=\"2400\" data-id=\"7677\"  src=\"https:\/\/www.frankentourismus.de\/blog\/wp-content\/uploads\/2026\/04\/gnm-museum-behaim-globus-ausschnitt-scaled.jpeg\" alt=\"\" class=\"wp-image-7677\" srcset=\"https:\/\/www.frankentourismus.de\/blog\/wp-content\/uploads\/2026\/04\/gnm-museum-behaim-globus-ausschnitt-scaled.jpeg 2560w, https:\/\/www.frankentourismus.de\/blog\/wp-content\/uploads\/2026\/04\/gnm-museum-behaim-globus-ausschnitt-300x281.jpeg 300w, https:\/\/www.frankentourismus.de\/blog\/wp-content\/uploads\/2026\/04\/gnm-museum-behaim-globus-ausschnitt-1024x960.jpeg 1024w, https:\/\/www.frankentourismus.de\/blog\/wp-content\/uploads\/2026\/04\/gnm-museum-behaim-globus-ausschnitt-768x720.jpeg 768w, https:\/\/www.frankentourismus.de\/blog\/wp-content\/uploads\/2026\/04\/gnm-museum-behaim-globus-ausschnitt-1536x1440.jpeg 1536w, https:\/\/www.frankentourismus.de\/blog\/wp-content\/uploads\/2026\/04\/gnm-museum-behaim-globus-ausschnitt-2048x1920.jpeg 2048w\" sizes=\"(max-width: 2560px) 100vw, 2560px\" \/><figcaption class=\"wp-element-caption\">\u00a9 Germanisches Nationalmuseum<\/figcaption><\/figure>\n<\/figure>\n\n\n\n<p><\/p>\n\n\n\n<p><\/p>\n\n\n\n<p>Ferne L\u00e4nder, reich an <strong>Rohstoffen<\/strong>, erscheinen auf der Kugel. Noch geheimnisvoll, noch unerforscht, noch voller R\u00e4tsel. Jeder Blick erz\u00e4hlt von Sehnsucht, von Neugier, vom Drang, Grenzen zu \u00fcberschreiten. Wer die Kugel betrachtet, sp\u00fcrt die Spannung jener Epoche, in der Wissen, Fantasie und Mut untrennbar verbunden waren \u2013 eine <strong>Welt voller M\u00f6glichkeiten<\/strong>, die darauf wartet, entdeckt zu werden.<\/p>\n\n\n\n<h2>N\u00fcrnberg erleben<\/h2>\n\n\n\n<p>Heute ist der <strong><a href=\"https:\/\/www.youtube.com\/watch?v=n82nqgyXMJY\" target=\"_blank\" rel=\"noreferrer noopener\">Behaim-Globus<\/a><\/strong> im <a href=\"https:\/\/www.frankentourismus.de\/poi\/germanisches_nationalmuseum-5628\/\" target=\"_blank\" rel=\"noreferrer noopener\"><strong>Germanisches Nationalmuseum<\/strong><\/a> zu sehen. Auch wenn Details verblasst sind, erz\u00e4hlt er noch immer von einer Zeit, in der Entdeckergeist und Vorstellungskraft alles ver\u00e4ndern konnten.<\/p>\n\n\n\n<figure class=\"is-layout-flex wp-block-gallery-3 wp-block-gallery has-nested-images columns-default is-cropped\">\n<figure class=\"wp-block-image size-full\"><img decoding=\"async\" loading=\"lazy\" width=\"2560\" height=\"1707\" data-id=\"7667\"  src=\"https:\/\/www.frankentourismus.de\/blog\/wp-content\/uploads\/2026\/04\/nuernberg_348_Staedteregion-Nuernberg_Nuernberg_Germanisches-Nationalmuseum-und-Strasse-der-Menschenrechte-scaled.jpg\" alt=\"\" class=\"wp-image-7667\" srcset=\"https:\/\/www.frankentourismus.de\/blog\/wp-content\/uploads\/2026\/04\/nuernberg_348_Staedteregion-Nuernberg_Nuernberg_Germanisches-Nationalmuseum-und-Strasse-der-Menschenrechte-scaled.jpg 2560w, https:\/\/www.frankentourismus.de\/blog\/wp-content\/uploads\/2026\/04\/nuernberg_348_Staedteregion-Nuernberg_Nuernberg_Germanisches-Nationalmuseum-und-Strasse-der-Menschenrechte-300x200.jpg 300w, https:\/\/www.frankentourismus.de\/blog\/wp-content\/uploads\/2026\/04\/nuernberg_348_Staedteregion-Nuernberg_Nuernberg_Germanisches-Nationalmuseum-und-Strasse-der-Menschenrechte-1024x683.jpg 1024w, https:\/\/www.frankentourismus.de\/blog\/wp-content\/uploads\/2026\/04\/nuernberg_348_Staedteregion-Nuernberg_Nuernberg_Germanisches-Nationalmuseum-und-Strasse-der-Menschenrechte-768x512.jpg 768w, https:\/\/www.frankentourismus.de\/blog\/wp-content\/uploads\/2026\/04\/nuernberg_348_Staedteregion-Nuernberg_Nuernberg_Germanisches-Nationalmuseum-und-Strasse-der-Menschenrechte-1536x1024.jpg 1536w, https:\/\/www.frankentourismus.de\/blog\/wp-content\/uploads\/2026\/04\/nuernberg_348_Staedteregion-Nuernberg_Nuernberg_Germanisches-Nationalmuseum-und-Strasse-der-Menschenrechte-2048x1365.jpg 2048w\" sizes=\"(max-width: 2560px) 100vw, 2560px\" \/><figcaption class=\"wp-element-caption\">\u00a9 CTZ N\u00fcrnberg \/ Niklas<\/figcaption><\/figure>\n\n\n\n<figure class=\"wp-block-image size-full\"><img decoding=\"async\" loading=\"lazy\" width=\"1197\" height=\"1816\" data-id=\"7681\"  src=\"https:\/\/www.frankentourismus.de\/blog\/wp-content\/uploads\/2026\/04\/nuernberg_051_Staedteregion-Nuernberg_Nuernberg_Globus-Germanisches-Nationalmuseum.jpg\" alt=\"\" class=\"wp-image-7681\" srcset=\"https:\/\/www.frankentourismus.de\/blog\/wp-content\/uploads\/2026\/04\/nuernberg_051_Staedteregion-Nuernberg_Nuernberg_Globus-Germanisches-Nationalmuseum.jpg 1197w, https:\/\/www.frankentourismus.de\/blog\/wp-content\/uploads\/2026\/04\/nuernberg_051_Staedteregion-Nuernberg_Nuernberg_Globus-Germanisches-Nationalmuseum-198x300.jpg 198w, https:\/\/www.frankentourismus.de\/blog\/wp-content\/uploads\/2026\/04\/nuernberg_051_Staedteregion-Nuernberg_Nuernberg_Globus-Germanisches-Nationalmuseum-675x1024.jpg 675w, https:\/\/www.frankentourismus.de\/blog\/wp-content\/uploads\/2026\/04\/nuernberg_051_Staedteregion-Nuernberg_Nuernberg_Globus-Germanisches-Nationalmuseum-768x1165.jpg 768w, https:\/\/www.frankentourismus.de\/blog\/wp-content\/uploads\/2026\/04\/nuernberg_051_Staedteregion-Nuernberg_Nuernberg_Globus-Germanisches-Nationalmuseum-1012x1536.jpg 1012w\" sizes=\"(max-width: 1197px) 100vw, 1197px\" \/><figcaption class=\"wp-element-caption\">\u00a9 GNM \/ J. Musolf<\/figcaption><\/figure>\n<\/figure>\n\n\n\n<p><\/p>\n\n\n\n<p>Wer den Globus bestaunt, kann <a href=\"https:\/\/tourismus.nuernberg.de\/\" target=\"_blank\" rel=\"noreferrer noopener\"><strong>N\u00fcrnberg<\/strong> <\/a>auf allen Sinnen erleben. Historische <strong>Altstadtgassen<\/strong>, die imposante <a href=\"https:\/\/www.frankentourismus.de\/poi\/kaiserburg-22175\/\" target=\"_blank\" rel=\"noreferrer noopener\"><strong>Kaiserburg<\/strong> <\/a>N\u00fcrnberg und kreative Viertel wie <strong>Gostenhof<\/strong> laden zum Entdecken ein. Kulinarisch runden <strong>Bratw\u00fcrste, Lebkuchen<\/strong> und <strong>Rotbier<\/strong> den Besuch ab \u2013 ein Geschmack der Stadt, der Lust auf mehr macht. <strong>Per Rad<\/strong> l\u00e4sst sich <a href=\"https:\/\/tourismus.nuernberg.de\/\" target=\"_blank\" rel=\"noreferrer noopener\">N\u00fcrnberg<\/a> au\u00dferdem wunderbar erkunden: <strong>Stadtmauer, Jakobsplatz, Handwerkerhof <\/strong>oder die <strong>Pegnitzauen<\/strong> bis zum <strong>Dutzendteich.<\/strong> Unterwegs laden kleine <strong>Caf\u00e9s<\/strong> und <strong>Bierg\u00e4rten<\/strong> zu Pausen ein, w\u00e4hrend Br\u00fccken, T\u00fcrme und historische H\u00e4user die Geschichte der Stadt lebendig werden lassen.<\/p>\n\n\n\n<p><\/p>\n\n\n\n<p><strong>Mit dem Verkehrsverbund Gro\u00dfraum N\u00fcrnberg (<a href=\"https:\/\/www.vgn.de\/\" target=\"_blank\" rel=\"noreferrer noopener\">VGN<\/a>) l\u00e4sst sich nachhaltig und stressfrei in die Stadt reisen. Mit Zug, Stra\u00dfenbahn oder Bus, also \u00fcber das <a href=\"https:\/\/www.nuernberg.de\/internet\/stadtportal\/nahverkehr.html\" target=\"_blank\" rel=\"noreferrer noopener\">\u00d6PNV-Netz<\/a>, gelangt man bequem in die Stadt, kann das Museum direkt erreichen und anschlie\u00dfend die Altstadt auf zwei R\u00e4dern erkunden \u2013 ganz ohne Parkplatzstress. Auch f\u00fcr Tagesausfl\u00fcge in die Umgebung bietet der VGN ein dichtes Netz, sodass N\u00fcrnberg und seine Umgebung spielend leicht entdeckt werden k\u00f6nnen.<\/strong><\/p>\n\n\n\n<figure class=\"is-layout-flex wp-block-gallery-5 wp-block-gallery has-nested-images columns-default is-cropped\">\n<figure class=\"wp-block-image size-large\"><img decoding=\"async\" loading=\"lazy\" width=\"1024\" height=\"683\" data-id=\"7675\"  src=\"https:\/\/www.frankentourismus.de\/blog\/wp-content\/uploads\/2026\/04\/nuernberg_422_Staedteregion-Nuernberg_Nuernberg_Kaiserburg-Nuernberg-1024x683.jpg\" alt=\"\" class=\"wp-image-7675\" srcset=\"https:\/\/www.frankentourismus.de\/blog\/wp-content\/uploads\/2026\/04\/nuernberg_422_Staedteregion-Nuernberg_Nuernberg_Kaiserburg-Nuernberg-1024x683.jpg 1024w, https:\/\/www.frankentourismus.de\/blog\/wp-content\/uploads\/2026\/04\/nuernberg_422_Staedteregion-Nuernberg_Nuernberg_Kaiserburg-Nuernberg-300x200.jpg 300w, https:\/\/www.frankentourismus.de\/blog\/wp-content\/uploads\/2026\/04\/nuernberg_422_Staedteregion-Nuernberg_Nuernberg_Kaiserburg-Nuernberg-768x512.jpg 768w, https:\/\/www.frankentourismus.de\/blog\/wp-content\/uploads\/2026\/04\/nuernberg_422_Staedteregion-Nuernberg_Nuernberg_Kaiserburg-Nuernberg-1536x1024.jpg 1536w, https:\/\/www.frankentourismus.de\/blog\/wp-content\/uploads\/2026\/04\/nuernberg_422_Staedteregion-Nuernberg_Nuernberg_Kaiserburg-Nuernberg-2048x1366.jpg 2048w\" sizes=\"(max-width: 1024px) 100vw, 1024px\" \/><figcaption class=\"wp-element-caption\">\u00a9 Florian Trykowski<\/figcaption><\/figure>\n\n\n\n<figure class=\"wp-block-image size-large\"><img decoding=\"async\" loading=\"lazy\" width=\"1024\" height=\"683\" data-id=\"7663\"  src=\"https:\/\/www.frankentourismus.de\/blog\/wp-content\/uploads\/2026\/04\/nuernberg_302_Staedteregion-Nuernberg_Nuernberg_Nuernberger-Christkindlesmarkt-Rostbratwuerste-1024x683.jpg\" alt=\"\" class=\"wp-image-7663\" srcset=\"https:\/\/www.frankentourismus.de\/blog\/wp-content\/uploads\/2026\/04\/nuernberg_302_Staedteregion-Nuernberg_Nuernberg_Nuernberger-Christkindlesmarkt-Rostbratwuerste-1024x683.jpg 1024w, https:\/\/www.frankentourismus.de\/blog\/wp-content\/uploads\/2026\/04\/nuernberg_302_Staedteregion-Nuernberg_Nuernberg_Nuernberger-Christkindlesmarkt-Rostbratwuerste-300x200.jpg 300w, https:\/\/www.frankentourismus.de\/blog\/wp-content\/uploads\/2026\/04\/nuernberg_302_Staedteregion-Nuernberg_Nuernberg_Nuernberger-Christkindlesmarkt-Rostbratwuerste-768x512.jpg 768w, https:\/\/www.frankentourismus.de\/blog\/wp-content\/uploads\/2026\/04\/nuernberg_302_Staedteregion-Nuernberg_Nuernberg_Nuernberger-Christkindlesmarkt-Rostbratwuerste-1536x1024.jpg 1536w, https:\/\/www.frankentourismus.de\/blog\/wp-content\/uploads\/2026\/04\/nuernberg_302_Staedteregion-Nuernberg_Nuernberg_Nuernberger-Christkindlesmarkt-Rostbratwuerste-2048x1365.jpg 2048w\" sizes=\"(max-width: 1024px) 100vw, 1024px\" \/><figcaption class=\"wp-element-caption\">\u00a9 CTZ N\u00fcrnberg \/ Riese<\/figcaption><\/figure>\n<\/figure>\n\n\n\n<figure class=\"is-layout-flex wp-block-gallery-7 wp-block-gallery has-nested-images columns-default is-cropped\">\n<figure class=\"wp-block-image size-large\"><img decoding=\"async\" loading=\"lazy\" width=\"1024\" height=\"683\" data-id=\"7671\"  src=\"https:\/\/www.frankentourismus.de\/blog\/wp-content\/uploads\/2026\/04\/nuernberg_371_Staedteregion-Nuernberg_Nuernberg_Lebkuchen-Nuernberg-1024x683.jpg\" alt=\"\" class=\"wp-image-7671\" srcset=\"https:\/\/www.frankentourismus.de\/blog\/wp-content\/uploads\/2026\/04\/nuernberg_371_Staedteregion-Nuernberg_Nuernberg_Lebkuchen-Nuernberg-1024x683.jpg 1024w, https:\/\/www.frankentourismus.de\/blog\/wp-content\/uploads\/2026\/04\/nuernberg_371_Staedteregion-Nuernberg_Nuernberg_Lebkuchen-Nuernberg-300x200.jpg 300w, https:\/\/www.frankentourismus.de\/blog\/wp-content\/uploads\/2026\/04\/nuernberg_371_Staedteregion-Nuernberg_Nuernberg_Lebkuchen-Nuernberg-768x512.jpg 768w, https:\/\/www.frankentourismus.de\/blog\/wp-content\/uploads\/2026\/04\/nuernberg_371_Staedteregion-Nuernberg_Nuernberg_Lebkuchen-Nuernberg-1536x1024.jpg 1536w, https:\/\/www.frankentourismus.de\/blog\/wp-content\/uploads\/2026\/04\/nuernberg_371_Staedteregion-Nuernberg_Nuernberg_Lebkuchen-Nuernberg-2048x1365.jpg 2048w\" sizes=\"(max-width: 1024px) 100vw, 1024px\" \/><figcaption class=\"wp-element-caption\">\u00a9 CTZ N\u00fcrnberg \/ Riese<\/figcaption><\/figure>\n\n\n\n<figure class=\"wp-block-image size-large\"><img decoding=\"async\" loading=\"lazy\" width=\"1024\" height=\"682\" data-id=\"7661\"  src=\"https:\/\/www.frankentourismus.de\/blog\/wp-content\/uploads\/2026\/04\/nuernberg_246_Staedteregion-Nuernberg_Nuernberg_Weissgerbergasse-1024x682.jpg\" alt=\"\" class=\"wp-image-7661\" srcset=\"https:\/\/www.frankentourismus.de\/blog\/wp-content\/uploads\/2026\/04\/nuernberg_246_Staedteregion-Nuernberg_Nuernberg_Weissgerbergasse-1024x682.jpg 1024w, https:\/\/www.frankentourismus.de\/blog\/wp-content\/uploads\/2026\/04\/nuernberg_246_Staedteregion-Nuernberg_Nuernberg_Weissgerbergasse-300x200.jpg 300w, https:\/\/www.frankentourismus.de\/blog\/wp-content\/uploads\/2026\/04\/nuernberg_246_Staedteregion-Nuernberg_Nuernberg_Weissgerbergasse-768x511.jpg 768w, https:\/\/www.frankentourismus.de\/blog\/wp-content\/uploads\/2026\/04\/nuernberg_246_Staedteregion-Nuernberg_Nuernberg_Weissgerbergasse-1536x1022.jpg 1536w, https:\/\/www.frankentourismus.de\/blog\/wp-content\/uploads\/2026\/04\/nuernberg_246_Staedteregion-Nuernberg_Nuernberg_Weissgerbergasse-2048x1363.jpg 2048w\" sizes=\"(max-width: 1024px) 100vw, 1024px\" \/><figcaption class=\"wp-element-caption\">\u00a9 FrankenTourismus \/ Andreas Hub<\/figcaption><\/figure>\n<\/figure>\n\n\n\n<figure class=\"is-layout-flex wp-block-gallery-9 wp-block-gallery has-nested-images columns-default is-cropped\">\n<figure class=\"wp-block-image size-large\"><img decoding=\"async\" loading=\"lazy\" width=\"1024\" height=\"683\" data-id=\"7673\"  src=\"https:\/\/www.frankentourismus.de\/blog\/wp-content\/uploads\/2026\/04\/nuernberg_406_Staedteregion-Nuernberg_Nuernberg_Stadtimpressionen-aus-Nuernberg-Weissgerbergasse-1024x683.jpg\" alt=\"\" class=\"wp-image-7673\" srcset=\"https:\/\/www.frankentourismus.de\/blog\/wp-content\/uploads\/2026\/04\/nuernberg_406_Staedteregion-Nuernberg_Nuernberg_Stadtimpressionen-aus-Nuernberg-Weissgerbergasse-1024x683.jpg 1024w, https:\/\/www.frankentourismus.de\/blog\/wp-content\/uploads\/2026\/04\/nuernberg_406_Staedteregion-Nuernberg_Nuernberg_Stadtimpressionen-aus-Nuernberg-Weissgerbergasse-300x200.jpg 300w, https:\/\/www.frankentourismus.de\/blog\/wp-content\/uploads\/2026\/04\/nuernberg_406_Staedteregion-Nuernberg_Nuernberg_Stadtimpressionen-aus-Nuernberg-Weissgerbergasse-768x512.jpg 768w, https:\/\/www.frankentourismus.de\/blog\/wp-content\/uploads\/2026\/04\/nuernberg_406_Staedteregion-Nuernberg_Nuernberg_Stadtimpressionen-aus-Nuernberg-Weissgerbergasse-1536x1024.jpg 1536w, https:\/\/www.frankentourismus.de\/blog\/wp-content\/uploads\/2026\/04\/nuernberg_406_Staedteregion-Nuernberg_Nuernberg_Stadtimpressionen-aus-Nuernberg-Weissgerbergasse-2048x1365.jpg 2048w\" sizes=\"(max-width: 1024px) 100vw, 1024px\" \/><figcaption class=\"wp-element-caption\">\u00a9 FrankenTourismus \/ Smile4Travel<\/figcaption><\/figure>\n\n\n\n<figure class=\"wp-block-image size-large\"><img decoding=\"async\" loading=\"lazy\" width=\"1024\" height=\"682\" data-id=\"7657\"  src=\"https:\/\/www.frankentourismus.de\/blog\/wp-content\/uploads\/2026\/04\/nuernberg_395_Staedteregion-Nuernberg_Nuernberg_Weinstadel-Nuernberg-1024x682.jpg\" alt=\"\" class=\"wp-image-7657\" srcset=\"https:\/\/www.frankentourismus.de\/blog\/wp-content\/uploads\/2026\/04\/nuernberg_395_Staedteregion-Nuernberg_Nuernberg_Weinstadel-Nuernberg-1024x682.jpg 1024w, https:\/\/www.frankentourismus.de\/blog\/wp-content\/uploads\/2026\/04\/nuernberg_395_Staedteregion-Nuernberg_Nuernberg_Weinstadel-Nuernberg-300x200.jpg 300w, https:\/\/www.frankentourismus.de\/blog\/wp-content\/uploads\/2026\/04\/nuernberg_395_Staedteregion-Nuernberg_Nuernberg_Weinstadel-Nuernberg-768x511.jpg 768w, https:\/\/www.frankentourismus.de\/blog\/wp-content\/uploads\/2026\/04\/nuernberg_395_Staedteregion-Nuernberg_Nuernberg_Weinstadel-Nuernberg-1536x1022.jpg 1536w, https:\/\/www.frankentourismus.de\/blog\/wp-content\/uploads\/2026\/04\/nuernberg_395_Staedteregion-Nuernberg_Nuernberg_Weinstadel-Nuernberg-2048x1363.jpg 2048w\" sizes=\"(max-width: 1024px) 100vw, 1024px\" \/><figcaption class=\"wp-element-caption\">\u00a9 CTZ N\u00fcrnberg \/ Niklas<\/figcaption><\/figure>\n<\/figure>\n","protected":false},"excerpt":{"rendered":"<p>Ein filigranes Kunstwerk, das die Welt in Miniatur zeigt \u2013 im Germanischen Nationalmuseum N\u00fcrnberg zieht der Behaim-Globus die Blicke auf sich. Amerika ist noch unentdeckt, unbekannte Regionen bev\u00f6lkert von Fabelwesen und exotischen Tieren, und jeder Strich erz\u00e4hlt von Wissensdrang, Abenteuerlust und dem Mut, Grenzen zu \u00fcberschreiten. Zwischen Wissen und Fantasie Kerzen flackern, Pergament raschelt, ein [&hellip;]<\/p>\n","protected":false},"author":63,"featured_media":7657,"comment_status":"open","ping_status":"closed","sticky":false,"template":"","format":"standard","meta":[],"categories":[1,21,307,379],"tags":[287,87,333,381,121,181],"yoast_head":"<!-- This site is optimized with the Yoast SEO plugin v19.14 - https:\/\/yoast.com\/wordpress\/plugins\/seo\/ -->\n<title>N\u00fcrnberg: Auf den Spuren des Behaim-Globus - Franken Blog<\/title>\n<meta name=\"description\" content=\"Erlebe den Behaim-Globus im Germanischen Nationalmuseum N\u00fcrnberg \u2013 Geschichte, Entdeckergeist und Highlights der Stadt auf einen Blick.\" \/>\n<meta name=\"robots\" content=\"index, follow, max-snippet:-1, max-image-preview:large, max-video-preview:-1\" \/>\n<link rel=\"canonical\" href=\"https:\/\/www.frankentourismus.de\/blog\/2026\/04\/10\/nuernberg-auf-den-spuren-des-behaim-globus\/\" \/>\n<meta property=\"og:locale\" content=\"de_DE\" \/>\n<meta property=\"og:type\" content=\"article\" \/>\n<meta property=\"og:title\" content=\"N\u00fcrnberg: Auf den Spuren des Behaim-Globus - Franken Blog\" \/>\n<meta property=\"og:description\" content=\"Erlebe den Behaim-Globus im Germanischen Nationalmuseum N\u00fcrnberg \u2013 Geschichte, Entdeckergeist und Highlights der Stadt auf einen Blick.\" \/>\n<meta property=\"og:url\" content=\"https:\/\/www.frankentourismus.de\/blog\/2026\/04\/10\/nuernberg-auf-den-spuren-des-behaim-globus\/\" \/>\n<meta property=\"og:site_name\" content=\"Franken Blog\" \/>\n<meta property=\"article:published_time\" content=\"2026-04-10T07:00:00+00:00\" \/>\n<meta property=\"article:modified_time\" content=\"2026-04-09T11:01:45+00:00\" \/>\n<meta property=\"og:image\" content=\"https:\/\/www.frankentourismus.de\/blog\/wp-content\/uploads\/2026\/04\/nuernberg_395_Staedteregion-Nuernberg_Nuernberg_Weinstadel-Nuernberg-scaled.jpg\" \/>\n\t<meta property=\"og:image:width\" content=\"2560\" \/>\n\t<meta property=\"og:image:height\" content=\"1704\" \/>\n\t<meta property=\"og:image:type\" content=\"image\/jpeg\" \/>\n<meta name=\"author\" content=\"Tourismusverband Franken e.V.\" \/>\n<meta name=\"twitter:card\" content=\"summary_large_image\" \/>\n<meta name=\"twitter:label1\" content=\"Written by\" \/>\n\t<meta name=\"twitter:data1\" content=\"Tourismusverband Franken e.V.\" \/>\n\t<meta name=\"twitter:label2\" content=\"Est. reading time\" \/>\n\t<meta name=\"twitter:data2\" content=\"5 Minuten\" \/>\n<script type=\"application\/ld+json\" class=\"yoast-schema-graph\">{\"@context\":\"https:\/\/schema.org\",\"@graph\":[{\"@type\":\"WebPage\",\"@id\":\"https:\/\/www.frankentourismus.de\/blog\/2026\/04\/10\/nuernberg-auf-den-spuren-des-behaim-globus\/\",\"url\":\"https:\/\/www.frankentourismus.de\/blog\/2026\/04\/10\/nuernberg-auf-den-spuren-des-behaim-globus\/\",\"name\":\"N\u00fcrnberg: Auf den Spuren des Behaim-Globus - Franken Blog\",\"isPartOf\":{\"@id\":\"https:\/\/www.frankentourismus.de\/blog\/#website\"},\"datePublished\":\"2026-04-10T07:00:00+00:00\",\"dateModified\":\"2026-04-09T11:01:45+00:00\",\"author\":{\"@id\":\"https:\/\/www.frankentourismus.de\/blog\/#\/schema\/person\/4ba3da83e99990b558f4f503d080ceaa\"},\"description\":\"Erlebe den Behaim-Globus im Germanischen Nationalmuseum N\u00fcrnberg \u2013 Geschichte, Entdeckergeist und Highlights der Stadt auf einen Blick.\",\"breadcrumb\":{\"@id\":\"https:\/\/www.frankentourismus.de\/blog\/2026\/04\/10\/nuernberg-auf-den-spuren-des-behaim-globus\/#breadcrumb\"},\"inLanguage\":\"de-DE\",\"potentialAction\":[{\"@type\":\"ReadAction\",\"target\":[\"https:\/\/www.frankentourismus.de\/blog\/2026\/04\/10\/nuernberg-auf-den-spuren-des-behaim-globus\/\"]}]},{\"@type\":\"BreadcrumbList\",\"@id\":\"https:\/\/www.frankentourismus.de\/blog\/2026\/04\/10\/nuernberg-auf-den-spuren-des-behaim-globus\/#breadcrumb\",\"itemListElement\":[{\"@type\":\"ListItem\",\"position\":1,\"name\":\"Home\",\"item\":\"https:\/\/www.frankentourismus.de\/blog\/\"},{\"@type\":\"ListItem\",\"position\":2,\"name\":\"N\u00fcrnberg: Auf den Spuren des Behaim-Globus\"}]},{\"@type\":\"WebSite\",\"@id\":\"https:\/\/www.frankentourismus.de\/blog\/#website\",\"url\":\"https:\/\/www.frankentourismus.de\/blog\/\",\"name\":\"Franken Blog\",\"description\":\"Urlaub in Franken!\",\"potentialAction\":[{\"@type\":\"SearchAction\",\"target\":{\"@type\":\"EntryPoint\",\"urlTemplate\":\"https:\/\/www.frankentourismus.de\/blog\/?s={search_term_string}\"},\"query-input\":\"required name=search_term_string\"}],\"inLanguage\":\"de-DE\"},{\"@type\":\"Person\",\"@id\":\"https:\/\/www.frankentourismus.de\/blog\/#\/schema\/person\/4ba3da83e99990b558f4f503d080ceaa\",\"name\":\"Tourismusverband Franken e.V.\",\"image\":{\"@type\":\"ImageObject\",\"inLanguage\":\"de-DE\",\"@id\":\"https:\/\/www.frankentourismus.de\/blog\/#\/schema\/person\/image\/\",\"url\":\"https:\/\/www.frankentourismus.de\/blog\/wp-content\/uploads\/2025\/10\/Bildmarke-TVF-150x150.png\",\"contentUrl\":\"https:\/\/www.frankentourismus.de\/blog\/wp-content\/uploads\/2025\/10\/Bildmarke-TVF-150x150.png\",\"caption\":\"Tourismusverband Franken e.V.\"},\"url\":\"https:\/\/www.frankentourismus.de\/blog\/author\/tourismusverband-franken-e-v\/\"}]}<\/script>\n<!-- \/ Yoast SEO plugin. -->","yoast_head_json":{"title":"N\u00fcrnberg: Auf den Spuren des Behaim-Globus - Franken Blog","description":"Erlebe den Behaim-Globus im Germanischen Nationalmuseum N\u00fcrnberg \u2013 Geschichte, Entdeckergeist und Highlights der Stadt auf einen Blick.","robots":{"index":"index","follow":"follow","max-snippet":"max-snippet:-1","max-image-preview":"max-image-preview:large","max-video-preview":"max-video-preview:-1"},"canonical":"https:\/\/www.frankentourismus.de\/blog\/2026\/04\/10\/nuernberg-auf-den-spuren-des-behaim-globus\/","og_locale":"de_DE","og_type":"article","og_title":"N\u00fcrnberg: Auf den Spuren des Behaim-Globus - Franken Blog","og_description":"Erlebe den Behaim-Globus im Germanischen Nationalmuseum N\u00fcrnberg \u2013 Geschichte, Entdeckergeist und Highlights der Stadt auf einen Blick.","og_url":"https:\/\/www.frankentourismus.de\/blog\/2026\/04\/10\/nuernberg-auf-den-spuren-des-behaim-globus\/","og_site_name":"Franken Blog","article_published_time":"2026-04-10T07:00:00+00:00","article_modified_time":"2026-04-09T11:01:45+00:00","og_image":[{"width":2560,"height":1704,"url":"https:\/\/www.frankentourismus.de\/blog\/wp-content\/uploads\/2026\/04\/nuernberg_395_Staedteregion-Nuernberg_Nuernberg_Weinstadel-Nuernberg-scaled.jpg","type":"image\/jpeg"}],"author":"Tourismusverband Franken e.V.","twitter_card":"summary_large_image","twitter_misc":{"Written by":"Tourismusverband Franken e.V.","Est. reading time":"5 Minuten"},"schema":{"@context":"https:\/\/schema.org","@graph":[{"@type":"WebPage","@id":"https:\/\/www.frankentourismus.de\/blog\/2026\/04\/10\/nuernberg-auf-den-spuren-des-behaim-globus\/","url":"https:\/\/www.frankentourismus.de\/blog\/2026\/04\/10\/nuernberg-auf-den-spuren-des-behaim-globus\/","name":"N\u00fcrnberg: Auf den Spuren des Behaim-Globus - Franken Blog","isPartOf":{"@id":"https:\/\/www.frankentourismus.de\/blog\/#website"},"datePublished":"2026-04-10T07:00:00+00:00","dateModified":"2026-04-09T11:01:45+00:00","author":{"@id":"https:\/\/www.frankentourismus.de\/blog\/#\/schema\/person\/4ba3da83e99990b558f4f503d080ceaa"},"description":"Erlebe den Behaim-Globus im Germanischen Nationalmuseum N\u00fcrnberg \u2013 Geschichte, Entdeckergeist und Highlights der Stadt auf einen Blick.","breadcrumb":{"@id":"https:\/\/www.frankentourismus.de\/blog\/2026\/04\/10\/nuernberg-auf-den-spuren-des-behaim-globus\/#breadcrumb"},"inLanguage":"de-DE","potentialAction":[{"@type":"ReadAction","target":["https:\/\/www.frankentourismus.de\/blog\/2026\/04\/10\/nuernberg-auf-den-spuren-des-behaim-globus\/"]}]},{"@type":"BreadcrumbList","@id":"https:\/\/www.frankentourismus.de\/blog\/2026\/04\/10\/nuernberg-auf-den-spuren-des-behaim-globus\/#breadcrumb","itemListElement":[{"@type":"ListItem","position":1,"name":"Home","item":"https:\/\/www.frankentourismus.de\/blog\/"},{"@type":"ListItem","position":2,"name":"N\u00fcrnberg: Auf den Spuren des Behaim-Globus"}]},{"@type":"WebSite","@id":"https:\/\/www.frankentourismus.de\/blog\/#website","url":"https:\/\/www.frankentourismus.de\/blog\/","name":"Franken Blog","description":"Urlaub in Franken!","potentialAction":[{"@type":"SearchAction","target":{"@type":"EntryPoint","urlTemplate":"https:\/\/www.frankentourismus.de\/blog\/?s={search_term_string}"},"query-input":"required name=search_term_string"}],"inLanguage":"de-DE"},{"@type":"Person","@id":"https:\/\/www.frankentourismus.de\/blog\/#\/schema\/person\/4ba3da83e99990b558f4f503d080ceaa","name":"Tourismusverband Franken e.V.","image":{"@type":"ImageObject","inLanguage":"de-DE","@id":"https:\/\/www.frankentourismus.de\/blog\/#\/schema\/person\/image\/","url":"https:\/\/www.frankentourismus.de\/blog\/wp-content\/uploads\/2025\/10\/Bildmarke-TVF-150x150.png","contentUrl":"https:\/\/www.frankentourismus.de\/blog\/wp-content\/uploads\/2025\/10\/Bildmarke-TVF-150x150.png","caption":"Tourismusverband Franken e.V."},"url":"https:\/\/www.frankentourismus.de\/blog\/author\/tourismusverband-franken-e-v\/"}]}},"_links":{"self":[{"href":"https:\/\/www.frankentourismus.de\/blog\/wp-json\/wp\/v2\/posts\/7655"}],"collection":[{"href":"https:\/\/www.frankentourismus.de\/blog\/wp-json\/wp\/v2\/posts"}],"about":[{"href":"https:\/\/www.frankentourismus.de\/blog\/wp-json\/wp\/v2\/types\/post"}],"author":[{"embeddable":true,"href":"https:\/\/www.frankentourismus.de\/blog\/wp-json\/wp\/v2\/users\/63"}],"replies":[{"embeddable":true,"href":"https:\/\/www.frankentourismus.de\/blog\/wp-json\/wp\/v2\/comments?post=7655"}],"version-history":[{"count":15,"href":"https:\/\/www.frankentourismus.de\/blog\/wp-json\/wp\/v2\/posts\/7655\/revisions"}],"predecessor-version":[{"id":7719,"href":"https:\/\/www.frankentourismus.de\/blog\/wp-json\/wp\/v2\/posts\/7655\/revisions\/7719"}],"wp:featuredmedia":[{"embeddable":true,"href":"https:\/\/www.frankentourismus.de\/blog\/wp-json\/wp\/v2\/media\/7657"}],"wp:attachment":[{"href":"https:\/\/www.frankentourismus.de\/blog\/wp-json\/wp\/v2\/media?parent=7655"}],"wp:term":[{"taxonomy":"category","embeddable":true,"href":"https:\/\/www.frankentourismus.de\/blog\/wp-json\/wp\/v2\/categories?post=7655"},{"taxonomy":"post_tag","embeddable":true,"href":"https:\/\/www.frankentourismus.de\/blog\/wp-json\/wp\/v2\/tags?post=7655"}],"curies":[{"name":"wp","href":"https:\/\/api.w.org\/{rel}","templated":true}]}}