{"id":753,"date":"2021-02-26T08:14:21","date_gmt":"2021-02-26T07:14:21","guid":{"rendered":"https:\/\/www.frankentourismus.de\/blog\/?p=753"},"modified":"2022-11-10T13:55:37","modified_gmt":"2022-11-10T12:55:37","slug":"die-stadt-kulmbach-immer-eine-reise-wert","status":"publish","type":"post","link":"https:\/\/www.frankentourismus.de\/blog\/2021\/02\/26\/die-stadt-kulmbach-immer-eine-reise-wert\/","title":{"rendered":"Die Stadt Kulmbach \u2013 Immer eine Reise wert"},"content":{"rendered":"\n<p><strong><a rel=\"noreferrer noopener\" href=\"https:\/\/www.frankentourismus.de\/orte\/kulmbach-275\/\" data-type=\"URL\" data-id=\"https:\/\/www.frankentourismus.de\/orte\/kulmbach-275\/\" target=\"_blank\">Kulmbach<\/a> gilt als \u201eheimliche Hauptstadt des Bieres\u201c. Doch neben vielen kulinarischen Highlights bietet die Universit\u00e4tsstadt am Fu\u00dfe des <a rel=\"noreferrer noopener\" href=\"https:\/\/www.frankentourismus.de\/gebiete\/frankenwald\/\" target=\"_blank\">Frankenwaldes<\/a><\/strong><strong> sowohl im Sommer als auch im Winter jede Menge Sehensw\u00fcrdigkeiten. Die wunderbare Aussicht von der Plassenburg bestaunen, sich in einem der zahlreichen Vereine engagieren, oder mit einem Cappuccino am Marktplatz das mediterrane Flair genie\u00dfen. Kulmbach ist definitiv immer eine Reise wert!<\/strong><\/p>\n\n\n<div class=\"hint\">\n            <figure>\n            <img width=\"223\" height=\"300\" src=\"https:\/\/www.frankentourismus.de\/blog\/wp-content\/uploads\/2021\/02\/Seite-Kulmbloggera-das-bin-ich-1-223x300.jpg\" class=\"attachment-medium size-medium\" alt=\"\" decoding=\"async\" loading=\"lazy\" srcset=\"https:\/\/www.frankentourismus.de\/blog\/wp-content\/uploads\/2021\/02\/Seite-Kulmbloggera-das-bin-ich-1-223x300.jpg 223w, https:\/\/www.frankentourismus.de\/blog\/wp-content\/uploads\/2021\/02\/Seite-Kulmbloggera-das-bin-ich-1-762x1024.jpg 762w, https:\/\/www.frankentourismus.de\/blog\/wp-content\/uploads\/2021\/02\/Seite-Kulmbloggera-das-bin-ich-1-768x1032.jpg 768w, https:\/\/www.frankentourismus.de\/blog\/wp-content\/uploads\/2021\/02\/Seite-Kulmbloggera-das-bin-ich-1-1143x1536.jpg 1143w, https:\/\/www.frankentourismus.de\/blog\/wp-content\/uploads\/2021\/02\/Seite-Kulmbloggera-das-bin-ich-1-1524x2048.jpg 1524w, https:\/\/www.frankentourismus.de\/blog\/wp-content\/uploads\/2021\/02\/Seite-Kulmbloggera-das-bin-ich-1-scaled.jpg 1905w\" sizes=\"(max-width: 223px) 100vw, 223px\" \/>        <\/figure>\n    \n    <div class=\"content\">\n        <p>Mein Name ist Ronja Anja Heim und ich bin der kreative Kopf hinter \u201eDie Kulmbloggera\u201c. Der Blog wurde im September 2019 aus einer Initiative der Kulmbacher H\u00e4ndlergemeinschaft \u201eUnser Kulmbach e. V.\u201c heraus gegr\u00fcndet, um unsere lokalen Gesch\u00e4fte im Netz zu unterst\u00fctzen. Gestartet als kleines Projekt ist es mittlerweile zu meiner Passion geworden. Von der geb\u00fcrtigen Kulmbacherin entwickelte ich mich zur Lokalpatriotin unserer Stadt und lerne seither gemeinsam mit meiner Community unsere Heimat, sowie auch Kulmbacher Originale von Tag zu Tag ein St\u00fcckchen besser kennen. Als Kulmbloggera versuche ich, sowohl Stimme des Volkes, als auch Botschafterin unserer vielf\u00e4ltigen Heimat zu sein.<\/p>\n    <\/div>\n<\/div>\n\n\n\n<p>Ich lebe schon von Geburt an hier und bin ein gro\u00dfer Fan der Stadt und der Region mit ihrer sehr breiten und reizvollen Kulturlandschaft. Aus der einstigen B\u00fcrger- und Handwerkerstadt hat sich die Stadt Kulmbach heute zu einem bedeutenden Lebensmittelstandort entwickelt. Und seit 2020 darf sie sich sogar Universit\u00e4tsstadt nennen.<\/p>\n\n\n\n<h2>Spannende Studieng\u00e4nge und ein attraktives Stadtleben<\/h2>\n\n\n\n<p>Den Wandel Kulmbachs konnte ich aus n\u00e4chster N\u00e4he mitverfolgen. Der stetige Ausbau der Infrastruktur, das sich immer erweiternde Angebot im Bildungs- und Freizeitsektor, aber auch die vielen Br\u00e4uche und Festlichkeiten machen Kulmbach nicht nur f\u00fcr junge Familien attraktiv. Es gibt immer mehr Studenten, die die Studieng\u00e4nge der Universit\u00e4t Bayreuth im Bereich Food, Nutrition &amp; Health nutzen. Zentrale Fragestellung dieses interdisziplin\u00e4ren, in Deutschland einzigartigen Studiengangs ist die Versorgung aller Menschen mit ausreichend qualitativ hochwertigen und nachhaltig produzierten Lebensmitteln.<br>Apropos Ern\u00e4hrung. F\u00fcr uns spielen die vielen kulinarischen K\u00f6stlichkeiten und die heimisch gebrauten, unverwechselbaren Biere schon immer eine gro\u00dfe Rolle. Nicht umsonst wird Kulmbach als <strong>\u201eheimliche Hauptstadt des Bieres&#8220; <\/strong>bezeichnet. W\u00e4hrend der Kulmbacher Bierwoche wird die Stadtmitte zu einem Zentrum gelebter Bierkultur. Aber auch das Essen darf nat\u00fcrlich nicht zu kurz kommen. Die Kulmbacher Bratwurst ist sozusagen \u201eGrundnahrungsmittel\u201c und fast immer und \u00fcberall zu haben. Denn wo kann man schon seine Geselligkeit friedlich ausleben, wenn nicht bei einem herzhaften Essen, serviert mit einem k\u00fchlen Pils, Bock oder Sommerbier?<br>Eines ist sicher, hier wird es nie langweilig! Neben den zahlreichen M\u00f6glichkeiten gut zu schlemmen kann man auch in einem der vielen Vereine mitwirken, auf der Eisbahn seine Runden drehen oder aber das Schwimmbad im Sommer und das Hallenbad im Winter genie\u00dfen. Kulmbach steckt voller Geheimnisse, die es f\u00fcr uns Einheimische, wie auch f\u00fcr ausw\u00e4rtige Besucher zu entdecken gilt.<\/p>\n\n\n\n<figure class=\"wp-block-image size-large\"><img decoding=\"async\" loading=\"lazy\" width=\"800\" height=\"600\" src=\"https:\/\/www.frankentourismus.de\/blog\/wp-content\/uploads\/2021\/02\/6D665110-50D7-48C1-91F3-6074444409D31.jpg\" alt=\"\" class=\"wp-image-757\" srcset=\"https:\/\/www.frankentourismus.de\/blog\/wp-content\/uploads\/2021\/02\/6D665110-50D7-48C1-91F3-6074444409D31.jpg 800w, https:\/\/www.frankentourismus.de\/blog\/wp-content\/uploads\/2021\/02\/6D665110-50D7-48C1-91F3-6074444409D31-300x225.jpg 300w, https:\/\/www.frankentourismus.de\/blog\/wp-content\/uploads\/2021\/02\/6D665110-50D7-48C1-91F3-6074444409D31-768x576.jpg 768w\" sizes=\"(max-width: 800px) 100vw, 800px\" \/><figcaption>\u00a9 Ronja Anja Heim<\/figcaption><\/figure>\n\n\n\n<h2>Von der Plassenburg Kulmbach von oben bestaunen<\/h2>\n\n\n\n<p>In der historischen Altstadt erleben wir die Geschichte unserer Stadt nahezu an jeder Ecke. Denkm\u00e4ler, Steintafeln, gut erhaltene Teile der Stadtmauer und deren T\u00fcrme, sowie alte Tunnelsysteme unter den H\u00e4usern warten darauf, entdeckt zu werden. Wer sich einen Tag Zeit nimmt, bekommt w\u00e4hrend gef\u00fchrter Exkursionen oder auch auf einem der ausgeschriebenen Rundg\u00e4nge interessante Einblicke in die historische Stadtentwicklung. Ein malerischer Weg f\u00fchrt durch vertr\u00e4umte Gassen, an einem geschichtstr\u00e4chtigen Rathaus vorbei zum alten \u201ePrinzessinenhaus\u201c und hinauf zur imposanten Plassenburg. Sie ist das <strong>Wahrzeichen der Stadt und eine der beeindruckendsten Burganlagen Europas<\/strong>. Besucher erwarten hier verschiedene Museen, sowie Konzerte und Feste, die regelm\u00e4\u00dfig im Innenhof stattfinden. Und den umwerfenden Blick von der Burg weit hinaus in die fr\u00e4nkische Landschaft sollte man sich ebenfalls nicht entgehen lassen.<\/p>\n\n\n\n<figure class=\"wp-block-image size-large\"><img decoding=\"async\" loading=\"lazy\" width=\"800\" height=\"600\" src=\"https:\/\/www.frankentourismus.de\/blog\/wp-content\/uploads\/2021\/02\/3329EB95-100A-4027-9F42-C6C857506F2B1.jpg\" alt=\"\" class=\"wp-image-759\" srcset=\"https:\/\/www.frankentourismus.de\/blog\/wp-content\/uploads\/2021\/02\/3329EB95-100A-4027-9F42-C6C857506F2B1.jpg 800w, https:\/\/www.frankentourismus.de\/blog\/wp-content\/uploads\/2021\/02\/3329EB95-100A-4027-9F42-C6C857506F2B1-300x225.jpg 300w, https:\/\/www.frankentourismus.de\/blog\/wp-content\/uploads\/2021\/02\/3329EB95-100A-4027-9F42-C6C857506F2B1-768x576.jpg 768w\" sizes=\"(max-width: 800px) 100vw, 800px\" \/><figcaption>\u00a9 Ronja Anja Heim<\/figcaption><\/figure>\n\n\n\n<h2>Der Marktplatz als beliebter Treffpunkt f\u00fcr Jung und Alt<\/h2>\n\n\n\n<p>Als Einkaufsstadt ist Kulmbach mit einem breiten Angebot an Einzelhandelsgesch\u00e4ften auch f\u00fcr die weitere Umgebung interessant. Der Einzelhandel engagiert sich sehr und Kundenfreundlichkeit zeichnet die Gesch\u00e4fte aus. Zum Markttag verwandelt sich der historische Marktplatz mit dem Luitpoldbrunnen und den sch\u00f6nen H\u00e4userfassaden in ein <strong>nostalgisch-charmantes Einkaufsparadies<\/strong>.<br>Besondere kulinarische Highlights bietet die \u201eSanremo\u201c Eisdiele &amp; Kaffeer\u00f6sterei De Pellegrin, die seit 50 Jahren den Kulmbacher Marktplatz bereichert und von M\u00e4rz bis Oktober ihr selbst hergestelltes Eis verkauft. Seit einigen Jahren kann man hier sogar k\u00f6stlichen Kaffee aus der hauseigenen Kaffeer\u00f6sterei trinken. Vor der \u201eSan\u201c am Marktplatz mit einem Cappuccino und einer Kugel Eis den Tag zu genie\u00dfen, das macht Kulmbach aus.<\/p>\n\n\n\n<h2>Kunst und Kultur in Kulmbach<\/h2>\n\n\n\n<p>Auch Fans von Kunst und Kultur kommen in Kulmbach voll auf ihren Genuss. Insgesamt sieben Museen bieten Einblicke in die unterschiedlichsten Lebensbereiche. So stellt der Kunstverein Kulmbach e. V. nicht nur Malereien namhafter Einheimischer aus. Im Atelier Kotyba kann man nach einem Ausflug in die Vergangenheit unserer Stadt und einem netten Einkaufsbummel auch noch die ausgestellten Gem\u00e4lde aus aller Welt betrachten.<br>Daneben bieten viele weitere Vereine Unterhaltung f\u00fcr jeden Geschmack. Es gibt einen Literaturverein, einen Turn- und Sportverein, den Bezirksfischereiverein Kulmbach e. V., zahlreiche Tennis- und Fu\u00dfballvereine und einen Treffpunkt f\u00fcr Sportsch\u00fctzen. Ach, und habe ich schon den Schachclub, unsere Kleintierz\u00fcchter und Hobbyg\u00e4rtner erw\u00e4hnt? Sie sehen, bei uns wird es nie langweilig!<br>Nat\u00fcrlich haben wir auch eine<strong> breite Medienlandschaft<\/strong> hier bei uns in Kulmbach. \u00dcber aktuelle Geschehnisse sowie \u00fcber die Ereignisse aus aller Welt berichtet auf Frequenz 101,6 das zuverl\u00e4ssige Team unseres heimischen Radiosenders \u201eRadio Plassenburg\u201c. Erg\u00e4nzt wird das Angebot nach Wissen und Lokalinformationen durch unsere ortsans\u00e4ssigen Zeitungen. Die Qualit\u00e4t der hiesigen Medien ist dabei jedoch nicht dem Zufall geschuldet. Die Akademie f\u00fcr Neue Medien e. V. sorgt seit vielen Jahren f\u00fcr eine hochkar\u00e4tige Ausbildung im Bereich Rundfunkjournalismus\/Broadcasting. In Kulmbach wurden schon viele bekannte Journalisten ausgebildet. Bei dem akademieeigenen Radiosender war ich selber bereits mehrere Male zu Gast. In Kulmbach l\u00e4sst es sich also nicht nur hervorragend leben, sondern auch Karriere machen.<\/p>\n\n\n\n<figure class=\"is-layout-flex wp-block-gallery-1 wp-block-gallery columns-3 is-cropped\"><ul class=\"blocks-gallery-grid\"><li class=\"blocks-gallery-item\"><figure><img decoding=\"async\" loading=\"lazy\" width=\"331\" height=\"447\" src=\"https:\/\/www.frankentourismus.de\/blog\/wp-content\/uploads\/2021\/02\/33BDDD2E-88DC-4FE6-9EB8-1AAC396C49DF1.jpg\" alt=\"\" data-id=\"761\" data-full-url=\"https:\/\/www.frankentourismus.de\/blog\/wp-content\/uploads\/2021\/02\/33BDDD2E-88DC-4FE6-9EB8-1AAC396C49DF1.jpg\" data-link=\"https:\/\/www.frankentourismus.de\/blog\/?attachment_id=761\" class=\"wp-image-761\" srcset=\"https:\/\/www.frankentourismus.de\/blog\/wp-content\/uploads\/2021\/02\/33BDDD2E-88DC-4FE6-9EB8-1AAC396C49DF1.jpg 331w, https:\/\/www.frankentourismus.de\/blog\/wp-content\/uploads\/2021\/02\/33BDDD2E-88DC-4FE6-9EB8-1AAC396C49DF1-222x300.jpg 222w\" sizes=\"(max-width: 331px) 100vw, 331px\" \/><figcaption class=\"blocks-gallery-item__caption\">\u00a9 Ronja Anja Heim<\/figcaption><\/figure><\/li><li class=\"blocks-gallery-item\"><figure><img decoding=\"async\" loading=\"lazy\" width=\"600\" height=\"800\" src=\"https:\/\/www.frankentourismus.de\/blog\/wp-content\/uploads\/2021\/02\/5685A0BF-247D-473F-A8F9-C5B57BC214F61-rotated.jpg\" alt=\"\" data-id=\"763\" data-full-url=\"https:\/\/www.frankentourismus.de\/blog\/wp-content\/uploads\/2021\/02\/5685A0BF-247D-473F-A8F9-C5B57BC214F61-rotated.jpg\" data-link=\"https:\/\/www.frankentourismus.de\/blog\/?attachment_id=763\" class=\"wp-image-763\" srcset=\"https:\/\/www.frankentourismus.de\/blog\/wp-content\/uploads\/2021\/02\/5685A0BF-247D-473F-A8F9-C5B57BC214F61-rotated.jpg 600w, https:\/\/www.frankentourismus.de\/blog\/wp-content\/uploads\/2021\/02\/5685A0BF-247D-473F-A8F9-C5B57BC214F61-225x300.jpg 225w\" sizes=\"(max-width: 600px) 100vw, 600px\" \/><figcaption class=\"blocks-gallery-item__caption\">\u00a9 Ronja Anja Heim<\/figcaption><\/figure><\/li><li class=\"blocks-gallery-item\"><figure><img decoding=\"async\" loading=\"lazy\" width=\"450\" height=\"600\" src=\"https:\/\/www.frankentourismus.de\/blog\/wp-content\/uploads\/2021\/02\/DDB72FE6-792D-476A-B202-CF5EF850677B1.jpg\" alt=\"\" data-id=\"765\" data-full-url=\"https:\/\/www.frankentourismus.de\/blog\/wp-content\/uploads\/2021\/02\/DDB72FE6-792D-476A-B202-CF5EF850677B1.jpg\" data-link=\"https:\/\/www.frankentourismus.de\/blog\/?attachment_id=765\" class=\"wp-image-765\" srcset=\"https:\/\/www.frankentourismus.de\/blog\/wp-content\/uploads\/2021\/02\/DDB72FE6-792D-476A-B202-CF5EF850677B1.jpg 450w, https:\/\/www.frankentourismus.de\/blog\/wp-content\/uploads\/2021\/02\/DDB72FE6-792D-476A-B202-CF5EF850677B1-225x300.jpg 225w\" sizes=\"(max-width: 450px) 100vw, 450px\" \/><figcaption class=\"blocks-gallery-item__caption\">\u00a9 Ronja Anja Heim<\/figcaption><\/figure><\/li><\/ul><\/figure>\n\n\n\n<p>Eines verbindet uns hier im Zwei-Main-Land gleicherma\u00dfen. Das florierende Leben der Innenstadt und die idyllische Ruhe des Umlandes, nur ein paar Minuten vor den Toren der Stadt. Durch die gute Anbindung mit Bus und Bahn ist Kulmbach, zwischen der Universit\u00e4tsstadt Bayreuth und dem historischen Kronach gelegen, f\u00fcr jedermann leicht zu erreichen und bietet Erlebnisurlaub f\u00fcr die ganze Familie. Zahlreiche Pensionen, Hotels und Ferienh\u00e4user stellen ihre Zimmer f\u00fcr einen Aufenthalt zur Verf\u00fcgung.<\/p>\n\n\n\n<p><strong>Freuen Sie sich auf die ganz eigene fr\u00e4nkische Lebensart, die Sie in Kulmbach erwartet. Wir freuen uns, Sie schon bald bei uns begr\u00fc\u00dfen zu d\u00fcrfen!<\/strong> <strong>Weitere Informationen zu Kulmbach gibt\u00b4s nat\u00fcrlich auch unter <a href=\"https:\/\/die-kulmbloggera.de\/\" data-type=\"URL\" data-id=\"https:\/\/die-kulmbloggera.de\/\" target=\"_blank\" rel=\"noreferrer noopener\">www.diekulmbloggera.de<\/a>.<\/strong><\/p>\n\n\n\n<figure class=\"is-layout-flex wp-block-gallery-3 wp-block-gallery columns-2 is-cropped\"><ul class=\"blocks-gallery-grid\"><li class=\"blocks-gallery-item\"><figure><img decoding=\"async\" loading=\"lazy\" width=\"600\" height=\"800\" src=\"https:\/\/www.frankentourismus.de\/blog\/wp-content\/uploads\/2021\/02\/2C0448FA-54A0-4D4F-BB79-21B02629C9F71-rotated.jpg\" alt=\"\" data-id=\"767\" data-full-url=\"https:\/\/www.frankentourismus.de\/blog\/wp-content\/uploads\/2021\/02\/2C0448FA-54A0-4D4F-BB79-21B02629C9F71-rotated.jpg\" data-link=\"https:\/\/www.frankentourismus.de\/blog\/2021\/02\/26\/die-stadt-kulmbach-immer-eine-reise-wert\/2c0448fa-54a0-4d4f-bb79-21b02629c9f71\/\" class=\"wp-image-767\" srcset=\"https:\/\/www.frankentourismus.de\/blog\/wp-content\/uploads\/2021\/02\/2C0448FA-54A0-4D4F-BB79-21B02629C9F71-rotated.jpg 600w, https:\/\/www.frankentourismus.de\/blog\/wp-content\/uploads\/2021\/02\/2C0448FA-54A0-4D4F-BB79-21B02629C9F71-225x300.jpg 225w\" sizes=\"(max-width: 600px) 100vw, 600px\" \/><figcaption class=\"blocks-gallery-item__caption\">\u00a9 Ronja Anja Heim<\/figcaption><\/figure><\/li><li class=\"blocks-gallery-item\"><figure><img decoding=\"async\" loading=\"lazy\" width=\"589\" height=\"600\" src=\"https:\/\/www.frankentourismus.de\/blog\/wp-content\/uploads\/2021\/02\/4B4D0B85-F064-43BC-9EA6-D54BFF950CE61.jpg\" alt=\"\" data-id=\"769\" data-full-url=\"https:\/\/www.frankentourismus.de\/blog\/wp-content\/uploads\/2021\/02\/4B4D0B85-F064-43BC-9EA6-D54BFF950CE61.jpg\" data-link=\"https:\/\/www.frankentourismus.de\/blog\/2021\/02\/26\/die-stadt-kulmbach-immer-eine-reise-wert\/4b4d0b85-f064-43bc-9ea6-d54bff950ce61\/\" class=\"wp-image-769\" srcset=\"https:\/\/www.frankentourismus.de\/blog\/wp-content\/uploads\/2021\/02\/4B4D0B85-F064-43BC-9EA6-D54BFF950CE61.jpg 589w, https:\/\/www.frankentourismus.de\/blog\/wp-content\/uploads\/2021\/02\/4B4D0B85-F064-43BC-9EA6-D54BFF950CE61-295x300.jpg 295w\" sizes=\"(max-width: 589px) 100vw, 589px\" \/><figcaption class=\"blocks-gallery-item__caption\">\u00a9 Ronja Anja Heim<\/figcaption><\/figure><\/li><\/ul><\/figure>\n","protected":false},"excerpt":{"rendered":"<p>Kulmbach gilt als \u201eheimliche Hauptstadt des Bieres\u201c. Doch neben vielen kulinarischen Highlights bietet die Universit\u00e4tsstadt am Fu\u00dfe des Frankenwaldes sowohl im Sommer als auch im Winter jede Menge Sehensw\u00fcrdigkeiten. Die wunderbare Aussicht von der Plassenburg bestaunen, sich in einem der zahlreichen Vereine engagieren, oder mit einem Cappuccino am Marktplatz das mediterrane Flair genie\u00dfen. Kulmbach ist [&hellip;]<\/p>\n","protected":false},"author":29,"featured_media":769,"comment_status":"open","ping_status":"","sticky":false,"template":"","format":"standard","meta":[],"categories":[43,21,19,307],"tags":[85,287,83,81,87,89],"yoast_head":"<!-- This site is optimized with the Yoast SEO plugin v19.14 - https:\/\/yoast.com\/wordpress\/plugins\/seo\/ -->\n<title>Die Stadt Kulmbach \u2013 Immer eine Reise wert - Franken Blog<\/title>\n<meta name=\"robots\" content=\"index, follow, max-snippet:-1, max-image-preview:large, max-video-preview:-1\" \/>\n<link rel=\"canonical\" href=\"https:\/\/www.frankentourismus.de\/blog\/2021\/02\/26\/die-stadt-kulmbach-immer-eine-reise-wert\/\" \/>\n<meta property=\"og:locale\" content=\"de_DE\" \/>\n<meta property=\"og:type\" content=\"article\" \/>\n<meta property=\"og:title\" content=\"Die Stadt Kulmbach \u2013 Immer eine Reise wert - Franken Blog\" \/>\n<meta property=\"og:description\" content=\"Kulmbach gilt als \u201eheimliche Hauptstadt des Bieres\u201c. Doch neben vielen kulinarischen Highlights bietet die Universit\u00e4tsstadt am Fu\u00dfe des Frankenwaldes sowohl im Sommer als auch im Winter jede Menge Sehensw\u00fcrdigkeiten. Die wunderbare Aussicht von der Plassenburg bestaunen, sich in einem der zahlreichen Vereine engagieren, oder mit einem Cappuccino am Marktplatz das mediterrane Flair genie\u00dfen. Kulmbach ist [&hellip;]\" \/>\n<meta property=\"og:url\" content=\"https:\/\/www.frankentourismus.de\/blog\/2021\/02\/26\/die-stadt-kulmbach-immer-eine-reise-wert\/\" \/>\n<meta property=\"og:site_name\" content=\"Franken Blog\" \/>\n<meta property=\"article:published_time\" content=\"2021-02-26T07:14:21+00:00\" \/>\n<meta property=\"article:modified_time\" content=\"2022-11-10T12:55:37+00:00\" \/>\n<meta property=\"og:image\" content=\"https:\/\/www.frankentourismus.de\/blog\/wp-content\/uploads\/2021\/02\/4B4D0B85-F064-43BC-9EA6-D54BFF950CE61.jpg\" \/>\n\t<meta property=\"og:image:width\" content=\"589\" \/>\n\t<meta property=\"og:image:height\" content=\"600\" \/>\n\t<meta property=\"og:image:type\" content=\"image\/jpeg\" \/>\n<meta name=\"author\" content=\"Ronja Anja Heim\" \/>\n<meta name=\"twitter:card\" content=\"summary_large_image\" \/>\n<meta name=\"twitter:label1\" content=\"Written by\" \/>\n\t<meta name=\"twitter:data1\" content=\"Ronja Anja Heim\" \/>\n\t<meta name=\"twitter:label2\" content=\"Est. reading time\" \/>\n\t<meta name=\"twitter:data2\" content=\"5 Minuten\" \/>\n<script type=\"application\/ld+json\" class=\"yoast-schema-graph\">{\"@context\":\"https:\/\/schema.org\",\"@graph\":[{\"@type\":\"WebPage\",\"@id\":\"https:\/\/www.frankentourismus.de\/blog\/2021\/02\/26\/die-stadt-kulmbach-immer-eine-reise-wert\/\",\"url\":\"https:\/\/www.frankentourismus.de\/blog\/2021\/02\/26\/die-stadt-kulmbach-immer-eine-reise-wert\/\",\"name\":\"Die Stadt Kulmbach \u2013 Immer eine Reise wert - Franken Blog\",\"isPartOf\":{\"@id\":\"https:\/\/www.frankentourismus.de\/blog\/#website\"},\"datePublished\":\"2021-02-26T07:14:21+00:00\",\"dateModified\":\"2022-11-10T12:55:37+00:00\",\"author\":{\"@id\":\"https:\/\/www.frankentourismus.de\/blog\/#\/schema\/person\/09e490f15c9e8d650ee37e0983905bea\"},\"breadcrumb\":{\"@id\":\"https:\/\/www.frankentourismus.de\/blog\/2021\/02\/26\/die-stadt-kulmbach-immer-eine-reise-wert\/#breadcrumb\"},\"inLanguage\":\"de-DE\",\"potentialAction\":[{\"@type\":\"ReadAction\",\"target\":[\"https:\/\/www.frankentourismus.de\/blog\/2021\/02\/26\/die-stadt-kulmbach-immer-eine-reise-wert\/\"]}]},{\"@type\":\"BreadcrumbList\",\"@id\":\"https:\/\/www.frankentourismus.de\/blog\/2021\/02\/26\/die-stadt-kulmbach-immer-eine-reise-wert\/#breadcrumb\",\"itemListElement\":[{\"@type\":\"ListItem\",\"position\":1,\"name\":\"Home\",\"item\":\"https:\/\/www.frankentourismus.de\/blog\/\"},{\"@type\":\"ListItem\",\"position\":2,\"name\":\"Die Stadt Kulmbach \u2013 Immer eine Reise wert\"}]},{\"@type\":\"WebSite\",\"@id\":\"https:\/\/www.frankentourismus.de\/blog\/#website\",\"url\":\"https:\/\/www.frankentourismus.de\/blog\/\",\"name\":\"Franken Blog\",\"description\":\"Urlaub in Franken!\",\"potentialAction\":[{\"@type\":\"SearchAction\",\"target\":{\"@type\":\"EntryPoint\",\"urlTemplate\":\"https:\/\/www.frankentourismus.de\/blog\/?s={search_term_string}\"},\"query-input\":\"required name=search_term_string\"}],\"inLanguage\":\"de-DE\"},{\"@type\":\"Person\",\"@id\":\"https:\/\/www.frankentourismus.de\/blog\/#\/schema\/person\/09e490f15c9e8d650ee37e0983905bea\",\"name\":\"Ronja Anja Heim\",\"image\":{\"@type\":\"ImageObject\",\"inLanguage\":\"de-DE\",\"@id\":\"https:\/\/www.frankentourismus.de\/blog\/#\/schema\/person\/image\/\",\"url\":\"https:\/\/www.frankentourismus.de\/blog\/wp-content\/uploads\/2021\/02\/Seite-Kulmbloggera-das-bin-ich-1-150x150.jpg\",\"contentUrl\":\"https:\/\/www.frankentourismus.de\/blog\/wp-content\/uploads\/2021\/02\/Seite-Kulmbloggera-das-bin-ich-1-150x150.jpg\",\"caption\":\"Ronja Anja Heim\"},\"sameAs\":[\"http:\/\/www.diekulmbloggera.de\"],\"url\":\"https:\/\/www.frankentourismus.de\/blog\/author\/ronja-anja-heim\/\"}]}<\/script>\n<!-- \/ Yoast SEO plugin. -->","yoast_head_json":{"title":"Die Stadt Kulmbach \u2013 Immer eine Reise wert - Franken Blog","robots":{"index":"index","follow":"follow","max-snippet":"max-snippet:-1","max-image-preview":"max-image-preview:large","max-video-preview":"max-video-preview:-1"},"canonical":"https:\/\/www.frankentourismus.de\/blog\/2021\/02\/26\/die-stadt-kulmbach-immer-eine-reise-wert\/","og_locale":"de_DE","og_type":"article","og_title":"Die Stadt Kulmbach \u2013 Immer eine Reise wert - Franken Blog","og_description":"Kulmbach gilt als \u201eheimliche Hauptstadt des Bieres\u201c. Doch neben vielen kulinarischen Highlights bietet die Universit\u00e4tsstadt am Fu\u00dfe des Frankenwaldes sowohl im Sommer als auch im Winter jede Menge Sehensw\u00fcrdigkeiten. Die wunderbare Aussicht von der Plassenburg bestaunen, sich in einem der zahlreichen Vereine engagieren, oder mit einem Cappuccino am Marktplatz das mediterrane Flair genie\u00dfen. Kulmbach ist [&hellip;]","og_url":"https:\/\/www.frankentourismus.de\/blog\/2021\/02\/26\/die-stadt-kulmbach-immer-eine-reise-wert\/","og_site_name":"Franken Blog","article_published_time":"2021-02-26T07:14:21+00:00","article_modified_time":"2022-11-10T12:55:37+00:00","og_image":[{"width":589,"height":600,"url":"https:\/\/www.frankentourismus.de\/blog\/wp-content\/uploads\/2021\/02\/4B4D0B85-F064-43BC-9EA6-D54BFF950CE61.jpg","type":"image\/jpeg"}],"author":"Ronja Anja Heim","twitter_card":"summary_large_image","twitter_misc":{"Written by":"Ronja Anja Heim","Est. reading time":"5 Minuten"},"schema":{"@context":"https:\/\/schema.org","@graph":[{"@type":"WebPage","@id":"https:\/\/www.frankentourismus.de\/blog\/2021\/02\/26\/die-stadt-kulmbach-immer-eine-reise-wert\/","url":"https:\/\/www.frankentourismus.de\/blog\/2021\/02\/26\/die-stadt-kulmbach-immer-eine-reise-wert\/","name":"Die Stadt Kulmbach \u2013 Immer eine Reise wert - Franken Blog","isPartOf":{"@id":"https:\/\/www.frankentourismus.de\/blog\/#website"},"datePublished":"2021-02-26T07:14:21+00:00","dateModified":"2022-11-10T12:55:37+00:00","author":{"@id":"https:\/\/www.frankentourismus.de\/blog\/#\/schema\/person\/09e490f15c9e8d650ee37e0983905bea"},"breadcrumb":{"@id":"https:\/\/www.frankentourismus.de\/blog\/2021\/02\/26\/die-stadt-kulmbach-immer-eine-reise-wert\/#breadcrumb"},"inLanguage":"de-DE","potentialAction":[{"@type":"ReadAction","target":["https:\/\/www.frankentourismus.de\/blog\/2021\/02\/26\/die-stadt-kulmbach-immer-eine-reise-wert\/"]}]},{"@type":"BreadcrumbList","@id":"https:\/\/www.frankentourismus.de\/blog\/2021\/02\/26\/die-stadt-kulmbach-immer-eine-reise-wert\/#breadcrumb","itemListElement":[{"@type":"ListItem","position":1,"name":"Home","item":"https:\/\/www.frankentourismus.de\/blog\/"},{"@type":"ListItem","position":2,"name":"Die Stadt Kulmbach \u2013 Immer eine Reise wert"}]},{"@type":"WebSite","@id":"https:\/\/www.frankentourismus.de\/blog\/#website","url":"https:\/\/www.frankentourismus.de\/blog\/","name":"Franken Blog","description":"Urlaub in Franken!","potentialAction":[{"@type":"SearchAction","target":{"@type":"EntryPoint","urlTemplate":"https:\/\/www.frankentourismus.de\/blog\/?s={search_term_string}"},"query-input":"required name=search_term_string"}],"inLanguage":"de-DE"},{"@type":"Person","@id":"https:\/\/www.frankentourismus.de\/blog\/#\/schema\/person\/09e490f15c9e8d650ee37e0983905bea","name":"Ronja Anja Heim","image":{"@type":"ImageObject","inLanguage":"de-DE","@id":"https:\/\/www.frankentourismus.de\/blog\/#\/schema\/person\/image\/","url":"https:\/\/www.frankentourismus.de\/blog\/wp-content\/uploads\/2021\/02\/Seite-Kulmbloggera-das-bin-ich-1-150x150.jpg","contentUrl":"https:\/\/www.frankentourismus.de\/blog\/wp-content\/uploads\/2021\/02\/Seite-Kulmbloggera-das-bin-ich-1-150x150.jpg","caption":"Ronja Anja Heim"},"sameAs":["http:\/\/www.diekulmbloggera.de"],"url":"https:\/\/www.frankentourismus.de\/blog\/author\/ronja-anja-heim\/"}]}},"_links":{"self":[{"href":"https:\/\/www.frankentourismus.de\/blog\/wp-json\/wp\/v2\/posts\/753"}],"collection":[{"href":"https:\/\/www.frankentourismus.de\/blog\/wp-json\/wp\/v2\/posts"}],"about":[{"href":"https:\/\/www.frankentourismus.de\/blog\/wp-json\/wp\/v2\/types\/post"}],"author":[{"embeddable":true,"href":"https:\/\/www.frankentourismus.de\/blog\/wp-json\/wp\/v2\/users\/29"}],"replies":[{"embeddable":true,"href":"https:\/\/www.frankentourismus.de\/blog\/wp-json\/wp\/v2\/comments?post=753"}],"version-history":[{"count":9,"href":"https:\/\/www.frankentourismus.de\/blog\/wp-json\/wp\/v2\/posts\/753\/revisions"}],"predecessor-version":[{"id":1855,"href":"https:\/\/www.frankentourismus.de\/blog\/wp-json\/wp\/v2\/posts\/753\/revisions\/1855"}],"wp:featuredmedia":[{"embeddable":true,"href":"https:\/\/www.frankentourismus.de\/blog\/wp-json\/wp\/v2\/media\/769"}],"wp:attachment":[{"href":"https:\/\/www.frankentourismus.de\/blog\/wp-json\/wp\/v2\/media?parent=753"}],"wp:term":[{"taxonomy":"category","embeddable":true,"href":"https:\/\/www.frankentourismus.de\/blog\/wp-json\/wp\/v2\/categories?post=753"},{"taxonomy":"post_tag","embeddable":true,"href":"https:\/\/www.frankentourismus.de\/blog\/wp-json\/wp\/v2\/tags?post=753"}],"curies":[{"name":"wp","href":"https:\/\/api.w.org\/{rel}","templated":true}]}}