{"id":7417,"date":"2026-01-09T10:30:00","date_gmt":"2026-01-09T09:30:00","guid":{"rendered":"https:\/\/www.frankentourismus.de\/blog\/?p=7417"},"modified":"2026-01-09T10:22:56","modified_gmt":"2026-01-09T09:22:56","slug":"ein-tag-zwischen-veste-schloss-und-winterstimmung-in-coburg","status":"publish","type":"post","link":"https:\/\/www.frankentourismus.de\/blog\/2026\/01\/09\/ein-tag-zwischen-veste-schloss-und-winterstimmung-in-coburg\/","title":{"rendered":"Ein Tag zwischen Veste, Schloss und Winterstimmung in Coburg"},"content":{"rendered":"\n<p><strong>Am Ende jeder romantischen Liebesgeschichte k\u00fcssen sich Heldin und Held. In <a href=\"https:\/\/www.coburgmarketing.de\/\" target=\"_blank\" rel=\"noreferrer noopener\">Coburg<\/a> aber geben sie sich wohl eher ein Schm\u00e4tzchen. Denn diese s\u00fc\u00dfe K\u00f6stlichkeit geh\u00f6rt zum Coburger Winterm\u00e4rchen zwischen Schloss, Veste und Kulturgenuss einfach dazu.<\/strong><\/p>\n\n\n<div class=\"hint\">\n            <figure>\n            <img width=\"300\" height=\"201\" src=\"https:\/\/www.frankentourismus.de\/blog\/wp-content\/uploads\/2026\/01\/coburg_093_Coburg.Rennsteig_Coburg_Stadthaus-Coburg-300x201.jpg\" class=\"attachment-medium size-medium\" alt=\"\" decoding=\"async\" loading=\"lazy\" srcset=\"https:\/\/www.frankentourismus.de\/blog\/wp-content\/uploads\/2026\/01\/coburg_093_Coburg.Rennsteig_Coburg_Stadthaus-Coburg-300x201.jpg 300w, https:\/\/www.frankentourismus.de\/blog\/wp-content\/uploads\/2026\/01\/coburg_093_Coburg.Rennsteig_Coburg_Stadthaus-Coburg-1024x685.jpg 1024w, https:\/\/www.frankentourismus.de\/blog\/wp-content\/uploads\/2026\/01\/coburg_093_Coburg.Rennsteig_Coburg_Stadthaus-Coburg-768x514.jpg 768w, https:\/\/www.frankentourismus.de\/blog\/wp-content\/uploads\/2026\/01\/coburg_093_Coburg.Rennsteig_Coburg_Stadthaus-Coburg-1536x1028.jpg 1536w, https:\/\/www.frankentourismus.de\/blog\/wp-content\/uploads\/2026\/01\/coburg_093_Coburg.Rennsteig_Coburg_Stadthaus-Coburg-2048x1371.jpg 2048w\" sizes=\"(max-width: 300px) 100vw, 300px\" \/>        <\/figure>\n    \n    <div class=\"content\">\n        <p>Wenn der Winter Coburg in sanftes Licht h\u00fcllt, ver\u00e4ndert sich der Rhythmus der Stadt: Kopfsteinpflaster glitzert, Atemz\u00fcge zeichnen sich in der klaren Luft ab und aus kleinen Caf\u00e9s zieht der Duft warmer Gew\u00fcrze durch die Gassen. In dieser besonderen Atmosph\u00e4re l\u00e4dt Coburg dazu ein, sein ganz eigenes Winterm\u00e4rchen zwischen Schloss, Veste und Altstadt zu entdecken.<\/p>\n    <\/div>\n<\/div>\n\n\n\n<h2>Wintergenuss mit Schm\u00e4tzchen, Bratwurst und hei\u00dfen Getr\u00e4nken<\/h2>\n\n\n\n<p>Warm und wohlig wird es bei einem hei\u00dfen Getr\u00e4nk in einem der <strong>gem\u00fctlichen Caf\u00e9s<\/strong> der Stadt. Zum Tee oder Kaffee passt perfekt ein <strong>Coburger Schm\u00e4tzchen<\/strong> \u2013 ein w\u00fcrzig-s\u00fc\u00dfes Honiggeb\u00e4ck, das an Lebkuchen erinnert. Der Legende nach wurde es einst erfunden, um Damen auf besonders charmante Weise mit einem s\u00fc\u00dfen K\u00fcsschen zu bedenken. Herzhaft kann Coburg nat\u00fcrlich auch: Eine <strong>original Coburger Bratwurst<\/strong> vom Rost ist Pflicht. Am historischen Marktplatz duftet es verf\u00fchrerisch, wenn sie frisch gegrillt \u00fcber den Tresen geht.<\/p>\n\n\n\n<figure class=\"wp-block-image size-large\"><img decoding=\"async\" loading=\"lazy\" width=\"1024\" height=\"685\" src=\"https:\/\/www.frankentourismus.de\/blog\/wp-content\/uploads\/2026\/01\/coburg_151_Coburg.Rennsteig_Coburg_Coburger-Bratwurst-1024x685.jpg\" alt=\"\" class=\"wp-image-7421\" srcset=\"https:\/\/www.frankentourismus.de\/blog\/wp-content\/uploads\/2026\/01\/coburg_151_Coburg.Rennsteig_Coburg_Coburger-Bratwurst-1024x685.jpg 1024w, https:\/\/www.frankentourismus.de\/blog\/wp-content\/uploads\/2026\/01\/coburg_151_Coburg.Rennsteig_Coburg_Coburger-Bratwurst-300x201.jpg 300w, https:\/\/www.frankentourismus.de\/blog\/wp-content\/uploads\/2026\/01\/coburg_151_Coburg.Rennsteig_Coburg_Coburger-Bratwurst-768x514.jpg 768w, https:\/\/www.frankentourismus.de\/blog\/wp-content\/uploads\/2026\/01\/coburg_151_Coburg.Rennsteig_Coburg_Coburger-Bratwurst-1536x1028.jpg 1536w, https:\/\/www.frankentourismus.de\/blog\/wp-content\/uploads\/2026\/01\/coburg_151_Coburg.Rennsteig_Coburg_Coburger-Bratwurst-2048x1371.jpg 2048w\" sizes=\"(max-width: 1024px) 100vw, 1024px\" \/><figcaption class=\"wp-element-caption\">\u00a9 Stadt Coburg<\/figcaption><\/figure>\n\n\n\n<h2>Zwischen Schloss, Veste und winterlichen Gassen<\/h2>\n\n\n\n<p>Gest\u00e4rkt f\u00fchrt der Weg durch die <strong>romantischen Gassen der Altstadt<\/strong>. H\u00fcbsch beleuchtete Schaufenster laden zum Bummeln ein, w\u00e4hrend mit der D\u00e4mmerung der <strong>Schlossplatz <\/strong>in warmem Licht erstrahlt. Der Blick von den <strong>Arkaden auf <a href=\"https:\/\/www.frankentourismus.de\/poi\/schloss_ehrenburg-7067\/\" target=\"_blank\" rel=\"noreferrer noopener\">Schloss Ehrenburg<\/a><\/strong> und die D\u00e4cher der Altstadt bleibt lange im Ged\u00e4chtnis. Bei einer <strong>gef\u00fchrten Schlossbesichtigung<\/strong> darf man sich dann ganz dem Traum vom h\u00f6fischen Leben hingeben \u2013 zumindest f\u00fcr einen Moment.<\/p>\n\n\n\n<figure class=\"wp-block-image size-large\"><img decoding=\"async\" loading=\"lazy\" width=\"1024\" height=\"585\" src=\"https:\/\/www.frankentourismus.de\/blog\/wp-content\/uploads\/2026\/01\/coburg_277_Coburg.Rennsteig_Coburg_Coburger-Marktplatz-bei-Nacht-1024x585.jpg\" alt=\"\" class=\"wp-image-7427\" srcset=\"https:\/\/www.frankentourismus.de\/blog\/wp-content\/uploads\/2026\/01\/coburg_277_Coburg.Rennsteig_Coburg_Coburger-Marktplatz-bei-Nacht-1024x585.jpg 1024w, https:\/\/www.frankentourismus.de\/blog\/wp-content\/uploads\/2026\/01\/coburg_277_Coburg.Rennsteig_Coburg_Coburger-Marktplatz-bei-Nacht-300x171.jpg 300w, https:\/\/www.frankentourismus.de\/blog\/wp-content\/uploads\/2026\/01\/coburg_277_Coburg.Rennsteig_Coburg_Coburger-Marktplatz-bei-Nacht-768x439.jpg 768w, https:\/\/www.frankentourismus.de\/blog\/wp-content\/uploads\/2026\/01\/coburg_277_Coburg.Rennsteig_Coburg_Coburger-Marktplatz-bei-Nacht-1536x878.jpg 1536w, https:\/\/www.frankentourismus.de\/blog\/wp-content\/uploads\/2026\/01\/coburg_277_Coburg.Rennsteig_Coburg_Coburger-Marktplatz-bei-Nacht-2048x1170.jpg 2048w\" sizes=\"(max-width: 1024px) 100vw, 1024px\" \/><figcaption class=\"wp-element-caption\">\u00a9 Coburg Marketing \/ Michael Selzer<\/figcaption><\/figure>\n\n\n\n<p>Auch abseits der klassischen Wege l\u00e4sst sich <strong>Coburg im Winter<\/strong> entdecken: <strong>Themen-, Genuss- oder Kost\u00fcmf\u00fchrungen<\/strong> er\u00f6ffnen neue Perspektiven auf die <strong>Stadt und ihre Geschichte<\/strong>. F\u00fcr den Abend bietet sich ein Besuch im <strong><a href=\"https:\/\/www.frankentourismus.de\/poi\/landestheater_coburg-6970\/\" target=\"_blank\" rel=\"noreferrer noopener\">Coburger Landestheater<\/a><\/strong> an. Im \u201e<strong><a href=\"https:\/\/www.frankentourismus.de\/poi\/globe_coburg-43007\/\" target=\"_blank\" rel=\"noreferrer noopener\">Globe Coburg<\/a><\/strong>\u201c entfalten Schauspiel, Oper, Musiktheater, Konzerte und Ballett ihre besondere Wirkung \u2013 ein <strong>kultureller H\u00f6hepunkt<\/strong> an kalten Wintertagen.<\/p>\n\n\n\n<figure class=\"wp-block-image size-large\"><img decoding=\"async\" loading=\"lazy\" width=\"1024\" height=\"683\" src=\"https:\/\/www.frankentourismus.de\/blog\/wp-content\/uploads\/2024\/05\/coburg_287_coburgrennsteig_coburg_veste-coburg-1-1024x683.jpg\" alt=\"\" class=\"wp-image-5511\" srcset=\"https:\/\/www.frankentourismus.de\/blog\/wp-content\/uploads\/2024\/05\/coburg_287_coburgrennsteig_coburg_veste-coburg-1-1024x683.jpg 1024w, https:\/\/www.frankentourismus.de\/blog\/wp-content\/uploads\/2024\/05\/coburg_287_coburgrennsteig_coburg_veste-coburg-1-300x200.jpg 300w, https:\/\/www.frankentourismus.de\/blog\/wp-content\/uploads\/2024\/05\/coburg_287_coburgrennsteig_coburg_veste-coburg-1-768x512.jpg 768w, https:\/\/www.frankentourismus.de\/blog\/wp-content\/uploads\/2024\/05\/coburg_287_coburgrennsteig_coburg_veste-coburg-1-1536x1024.jpg 1536w, https:\/\/www.frankentourismus.de\/blog\/wp-content\/uploads\/2024\/05\/coburg_287_coburgrennsteig_coburg_veste-coburg-1.jpg 1800w\" sizes=\"(max-width: 1024px) 100vw, 1024px\" \/><figcaption class=\"wp-element-caption\">\u00a9 Coburg Marketing \/ Rainer Brabec<\/figcaption><\/figure>\n\n\n\n<p>Hoch \u00fcber der Stadt thront die <strong><a href=\"https:\/\/www.frankentourismus.de\/poi\/veste_coburg_mit_kunstsammlung-11381\/\" target=\"_blank\" rel=\"noreferrer noopener\">Veste Coburg<\/a><\/strong>. Ihre <strong><a href=\"https:\/\/www.frankentourismus.de\/poi\/kunstsammlungen_der_veste_cobu-5650\/\" target=\"_blank\" rel=\"noreferrer noopener\">bedeutenden Kunstsammlungen<\/a><\/strong> machen sie zu einem <strong>kulturellen Schatz<\/strong> \u2013 und der Ausblick von der <strong>mittelalterlichen Anlage<\/strong> auf die <strong>winterliche Stadt und die umliegende Landschaft<\/strong> ist schlicht einmalig. Wenn die D\u00e4cher schneebedeckt sind, f\u00fchlt sich dieser Ort an wie aus einer anderen Zeit.<\/p>\n\n\n\n<figure class=\"wp-block-image size-large\"><img decoding=\"async\" loading=\"lazy\" width=\"1024\" height=\"698\" src=\"https:\/\/www.frankentourismus.de\/blog\/wp-content\/uploads\/2026\/01\/coburg_272_Coburg.Rennsteig_Coburg_Veste-Coburg-Kunstsammlung-Glassammlung-1024x698.jpg\" alt=\"\" class=\"wp-image-7425\" srcset=\"https:\/\/www.frankentourismus.de\/blog\/wp-content\/uploads\/2026\/01\/coburg_272_Coburg.Rennsteig_Coburg_Veste-Coburg-Kunstsammlung-Glassammlung-1024x698.jpg 1024w, https:\/\/www.frankentourismus.de\/blog\/wp-content\/uploads\/2026\/01\/coburg_272_Coburg.Rennsteig_Coburg_Veste-Coburg-Kunstsammlung-Glassammlung-300x204.jpg 300w, https:\/\/www.frankentourismus.de\/blog\/wp-content\/uploads\/2026\/01\/coburg_272_Coburg.Rennsteig_Coburg_Veste-Coburg-Kunstsammlung-Glassammlung-768x523.jpg 768w, https:\/\/www.frankentourismus.de\/blog\/wp-content\/uploads\/2026\/01\/coburg_272_Coburg.Rennsteig_Coburg_Veste-Coburg-Kunstsammlung-Glassammlung-1536x1047.jpg 1536w, https:\/\/www.frankentourismus.de\/blog\/wp-content\/uploads\/2026\/01\/coburg_272_Coburg.Rennsteig_Coburg_Veste-Coburg-Kunstsammlung-Glassammlung-2048x1396.jpg 2048w\" sizes=\"(max-width: 1024px) 100vw, 1024px\" \/><figcaption class=\"wp-element-caption\">\u00a9 Kunstsammlungen der Veste Coburg<\/figcaption><\/figure>\n\n\n\n<p><strong>Und wer nach so viel Stadtromantik Lust auf Bewegung bekommt, schn\u00fcrt einfach die Wanderschuhe: Rund um Coburg laden Winterwanderungen in die Urlaubsregion <a href=\"https:\/\/www.coburg-rennsteig.de\/\" target=\"_blank\" rel=\"noreferrer noopener\">Coburg.Rennsteig<\/a> zu stillen Momenten in der Natur ein. W\u00e4lder, H\u00f6henz\u00fcge und weite Blicke sorgen f\u00fcr frische Luft und klare Gedanken. Besonders angenehm: Coburg ist bequem mit dem \u00d6PNV erreichbar \u2013 entspannt ankommen, losgehen und genie\u00dfen. Genau diese Mischung aus Kultur, Kulinarik und winterlicher Natur macht Lust, Coburg selbst als Reiseziel f\u00fcr die kalte Jahreszeit zu entdecken. Wie stimmungsvoll der Winter hier sein kann, zeigt auch das <a href=\"https:\/\/www.youtube.com\/watch?v=UdGOOf-x638&amp;t=1s\" target=\"_blank\" rel=\"noreferrer noopener\">Video<\/a> \u201eWinterliches Coburg\u201c<\/strong>.<\/p>\n\n\n\n<figure class=\"is-layout-flex wp-block-gallery-1 wp-block-gallery has-nested-images columns-default is-cropped\">\n<figure class=\"wp-block-image size-large\"><img decoding=\"async\" loading=\"lazy\" width=\"1024\" height=\"765\" data-id=\"7423\"  src=\"https:\/\/www.frankentourismus.de\/blog\/wp-content\/uploads\/2026\/01\/coburg_263_Coburg.Rennsteig_Coburg_Veste-Coburg-im-Winter-1024x765.jpg\" alt=\"\" class=\"wp-image-7423\" srcset=\"https:\/\/www.frankentourismus.de\/blog\/wp-content\/uploads\/2026\/01\/coburg_263_Coburg.Rennsteig_Coburg_Veste-Coburg-im-Winter-1024x765.jpg 1024w, https:\/\/www.frankentourismus.de\/blog\/wp-content\/uploads\/2026\/01\/coburg_263_Coburg.Rennsteig_Coburg_Veste-Coburg-im-Winter-300x224.jpg 300w, https:\/\/www.frankentourismus.de\/blog\/wp-content\/uploads\/2026\/01\/coburg_263_Coburg.Rennsteig_Coburg_Veste-Coburg-im-Winter-768x574.jpg 768w, https:\/\/www.frankentourismus.de\/blog\/wp-content\/uploads\/2026\/01\/coburg_263_Coburg.Rennsteig_Coburg_Veste-Coburg-im-Winter-1536x1148.jpg 1536w, https:\/\/www.frankentourismus.de\/blog\/wp-content\/uploads\/2026\/01\/coburg_263_Coburg.Rennsteig_Coburg_Veste-Coburg-im-Winter.jpg 1987w\" sizes=\"(max-width: 1024px) 100vw, 1024px\" \/><figcaption class=\"wp-element-caption\">\u00a9 Stadt Coburg<\/figcaption><\/figure>\n\n\n\n<figure class=\"wp-block-image size-large\"><img decoding=\"async\" loading=\"lazy\" width=\"1024\" height=\"683\" data-id=\"7429\"  src=\"https:\/\/www.frankentourismus.de\/blog\/wp-content\/uploads\/2026\/01\/cor_0026_Coburg.Rennsteig__Winterwanderung-durch-Coburg.Rennsteig-1024x683.jpg\" alt=\"\" class=\"wp-image-7429\" srcset=\"https:\/\/www.frankentourismus.de\/blog\/wp-content\/uploads\/2026\/01\/cor_0026_Coburg.Rennsteig__Winterwanderung-durch-Coburg.Rennsteig-1024x683.jpg 1024w, https:\/\/www.frankentourismus.de\/blog\/wp-content\/uploads\/2026\/01\/cor_0026_Coburg.Rennsteig__Winterwanderung-durch-Coburg.Rennsteig-300x200.jpg 300w, https:\/\/www.frankentourismus.de\/blog\/wp-content\/uploads\/2026\/01\/cor_0026_Coburg.Rennsteig__Winterwanderung-durch-Coburg.Rennsteig-768x512.jpg 768w, https:\/\/www.frankentourismus.de\/blog\/wp-content\/uploads\/2026\/01\/cor_0026_Coburg.Rennsteig__Winterwanderung-durch-Coburg.Rennsteig-1536x1025.jpg 1536w, https:\/\/www.frankentourismus.de\/blog\/wp-content\/uploads\/2026\/01\/cor_0026_Coburg.Rennsteig__Winterwanderung-durch-Coburg.Rennsteig-2048x1366.jpg 2048w\" sizes=\"(max-width: 1024px) 100vw, 1024px\" \/><figcaption class=\"wp-element-caption\">\u00a9 Sebastian Buff<\/figcaption><\/figure>\n<\/figure>\n","protected":false},"excerpt":{"rendered":"<p>Am Ende jeder romantischen Liebesgeschichte k\u00fcssen sich Heldin und Held. In Coburg aber geben sie sich wohl eher ein Schm\u00e4tzchen. Denn diese s\u00fc\u00dfe K\u00f6stlichkeit geh\u00f6rt zum Coburger Winterm\u00e4rchen zwischen Schloss, Veste und Kulturgenuss einfach dazu. Wintergenuss mit Schm\u00e4tzchen, Bratwurst und hei\u00dfen Getr\u00e4nken Warm und wohlig wird es bei einem hei\u00dfen Getr\u00e4nk in einem der gem\u00fctlichen [&hellip;]<\/p>\n","protected":false},"author":63,"featured_media":7423,"comment_status":"open","ping_status":"closed","sticky":false,"template":"","format":"standard","meta":[],"categories":[21,19,307,289,329],"tags":[341,287,3,279],"yoast_head":"<!-- This site is optimized with the Yoast SEO plugin v19.14 - https:\/\/yoast.com\/wordpress\/plugins\/seo\/ -->\n<title>Ein Tag zwischen Veste, Schloss und Winterstimmung in Coburg - Franken Blog<\/title>\n<meta name=\"description\" content=\"Winter in Coburg erleben: Altstadt, Schloss Ehrenburg, Veste, Schm\u00e4tzchen und Winterwanderungen in der Region Coburg.Rennsteig.\" \/>\n<meta name=\"robots\" content=\"index, follow, max-snippet:-1, max-image-preview:large, max-video-preview:-1\" \/>\n<link rel=\"canonical\" href=\"https:\/\/www.frankentourismus.de\/blog\/2026\/01\/09\/ein-tag-zwischen-veste-schloss-und-winterstimmung-in-coburg\/\" \/>\n<meta property=\"og:locale\" content=\"de_DE\" \/>\n<meta property=\"og:type\" content=\"article\" \/>\n<meta property=\"og:title\" content=\"Ein Tag zwischen Veste, Schloss und Winterstimmung in Coburg - Franken Blog\" \/>\n<meta property=\"og:description\" content=\"Winter in Coburg erleben: Altstadt, Schloss Ehrenburg, Veste, Schm\u00e4tzchen und Winterwanderungen in der Region Coburg.Rennsteig.\" \/>\n<meta property=\"og:url\" content=\"https:\/\/www.frankentourismus.de\/blog\/2026\/01\/09\/ein-tag-zwischen-veste-schloss-und-winterstimmung-in-coburg\/\" \/>\n<meta property=\"og:site_name\" content=\"Franken Blog\" \/>\n<meta property=\"article:published_time\" content=\"2026-01-09T09:30:00+00:00\" \/>\n<meta property=\"article:modified_time\" content=\"2026-01-09T09:22:56+00:00\" \/>\n<meta property=\"og:image\" content=\"https:\/\/www.frankentourismus.de\/blog\/wp-content\/uploads\/2026\/01\/coburg_263_Coburg.Rennsteig_Coburg_Veste-Coburg-im-Winter-1024x765.jpg\" \/>\n\t<meta property=\"og:image:width\" content=\"1024\" \/>\n\t<meta property=\"og:image:height\" content=\"765\" \/>\n\t<meta property=\"og:image:type\" content=\"image\/jpeg\" \/>\n<meta name=\"author\" content=\"Tourismusverband Franken e.V.\" \/>\n<meta name=\"twitter:card\" content=\"summary_large_image\" \/>\n<meta name=\"twitter:label1\" content=\"Written by\" \/>\n\t<meta name=\"twitter:data1\" content=\"Tourismusverband Franken e.V.\" \/>\n\t<meta name=\"twitter:label2\" content=\"Est. reading time\" \/>\n\t<meta name=\"twitter:data2\" content=\"4 Minuten\" \/>\n<script type=\"application\/ld+json\" class=\"yoast-schema-graph\">{\"@context\":\"https:\/\/schema.org\",\"@graph\":[{\"@type\":\"WebPage\",\"@id\":\"https:\/\/www.frankentourismus.de\/blog\/2026\/01\/09\/ein-tag-zwischen-veste-schloss-und-winterstimmung-in-coburg\/\",\"url\":\"https:\/\/www.frankentourismus.de\/blog\/2026\/01\/09\/ein-tag-zwischen-veste-schloss-und-winterstimmung-in-coburg\/\",\"name\":\"Ein Tag zwischen Veste, Schloss und Winterstimmung in Coburg - Franken Blog\",\"isPartOf\":{\"@id\":\"https:\/\/www.frankentourismus.de\/blog\/#website\"},\"datePublished\":\"2026-01-09T09:30:00+00:00\",\"dateModified\":\"2026-01-09T09:22:56+00:00\",\"author\":{\"@id\":\"https:\/\/www.frankentourismus.de\/blog\/#\/schema\/person\/4ba3da83e99990b558f4f503d080ceaa\"},\"description\":\"Winter in Coburg erleben: Altstadt, Schloss Ehrenburg, Veste, Schm\u00e4tzchen und Winterwanderungen in der Region Coburg.Rennsteig.\",\"breadcrumb\":{\"@id\":\"https:\/\/www.frankentourismus.de\/blog\/2026\/01\/09\/ein-tag-zwischen-veste-schloss-und-winterstimmung-in-coburg\/#breadcrumb\"},\"inLanguage\":\"de-DE\",\"potentialAction\":[{\"@type\":\"ReadAction\",\"target\":[\"https:\/\/www.frankentourismus.de\/blog\/2026\/01\/09\/ein-tag-zwischen-veste-schloss-und-winterstimmung-in-coburg\/\"]}]},{\"@type\":\"BreadcrumbList\",\"@id\":\"https:\/\/www.frankentourismus.de\/blog\/2026\/01\/09\/ein-tag-zwischen-veste-schloss-und-winterstimmung-in-coburg\/#breadcrumb\",\"itemListElement\":[{\"@type\":\"ListItem\",\"position\":1,\"name\":\"Home\",\"item\":\"https:\/\/www.frankentourismus.de\/blog\/\"},{\"@type\":\"ListItem\",\"position\":2,\"name\":\"Ein Tag zwischen Veste, Schloss und Winterstimmung in Coburg\"}]},{\"@type\":\"WebSite\",\"@id\":\"https:\/\/www.frankentourismus.de\/blog\/#website\",\"url\":\"https:\/\/www.frankentourismus.de\/blog\/\",\"name\":\"Franken Blog\",\"description\":\"Urlaub in Franken!\",\"potentialAction\":[{\"@type\":\"SearchAction\",\"target\":{\"@type\":\"EntryPoint\",\"urlTemplate\":\"https:\/\/www.frankentourismus.de\/blog\/?s={search_term_string}\"},\"query-input\":\"required name=search_term_string\"}],\"inLanguage\":\"de-DE\"},{\"@type\":\"Person\",\"@id\":\"https:\/\/www.frankentourismus.de\/blog\/#\/schema\/person\/4ba3da83e99990b558f4f503d080ceaa\",\"name\":\"Tourismusverband Franken e.V.\",\"image\":{\"@type\":\"ImageObject\",\"inLanguage\":\"de-DE\",\"@id\":\"https:\/\/www.frankentourismus.de\/blog\/#\/schema\/person\/image\/\",\"url\":\"https:\/\/www.frankentourismus.de\/blog\/wp-content\/uploads\/2025\/10\/Bildmarke-TVF-150x150.png\",\"contentUrl\":\"https:\/\/www.frankentourismus.de\/blog\/wp-content\/uploads\/2025\/10\/Bildmarke-TVF-150x150.png\",\"caption\":\"Tourismusverband Franken e.V.\"},\"url\":\"https:\/\/www.frankentourismus.de\/blog\/author\/tourismusverband-franken-e-v\/\"}]}<\/script>\n<!-- \/ Yoast SEO plugin. -->","yoast_head_json":{"title":"Ein Tag zwischen Veste, Schloss und Winterstimmung in Coburg - Franken Blog","description":"Winter in Coburg erleben: Altstadt, Schloss Ehrenburg, Veste, Schm\u00e4tzchen und Winterwanderungen in der Region Coburg.Rennsteig.","robots":{"index":"index","follow":"follow","max-snippet":"max-snippet:-1","max-image-preview":"max-image-preview:large","max-video-preview":"max-video-preview:-1"},"canonical":"https:\/\/www.frankentourismus.de\/blog\/2026\/01\/09\/ein-tag-zwischen-veste-schloss-und-winterstimmung-in-coburg\/","og_locale":"de_DE","og_type":"article","og_title":"Ein Tag zwischen Veste, Schloss und Winterstimmung in Coburg - Franken Blog","og_description":"Winter in Coburg erleben: Altstadt, Schloss Ehrenburg, Veste, Schm\u00e4tzchen und Winterwanderungen in der Region Coburg.Rennsteig.","og_url":"https:\/\/www.frankentourismus.de\/blog\/2026\/01\/09\/ein-tag-zwischen-veste-schloss-und-winterstimmung-in-coburg\/","og_site_name":"Franken Blog","article_published_time":"2026-01-09T09:30:00+00:00","article_modified_time":"2026-01-09T09:22:56+00:00","og_image":[{"width":1024,"height":765,"url":"https:\/\/www.frankentourismus.de\/blog\/wp-content\/uploads\/2026\/01\/coburg_263_Coburg.Rennsteig_Coburg_Veste-Coburg-im-Winter-1024x765.jpg","type":"image\/jpeg"}],"author":"Tourismusverband Franken e.V.","twitter_card":"summary_large_image","twitter_misc":{"Written by":"Tourismusverband Franken e.V.","Est. reading time":"4 Minuten"},"schema":{"@context":"https:\/\/schema.org","@graph":[{"@type":"WebPage","@id":"https:\/\/www.frankentourismus.de\/blog\/2026\/01\/09\/ein-tag-zwischen-veste-schloss-und-winterstimmung-in-coburg\/","url":"https:\/\/www.frankentourismus.de\/blog\/2026\/01\/09\/ein-tag-zwischen-veste-schloss-und-winterstimmung-in-coburg\/","name":"Ein Tag zwischen Veste, Schloss und Winterstimmung in Coburg - Franken Blog","isPartOf":{"@id":"https:\/\/www.frankentourismus.de\/blog\/#website"},"datePublished":"2026-01-09T09:30:00+00:00","dateModified":"2026-01-09T09:22:56+00:00","author":{"@id":"https:\/\/www.frankentourismus.de\/blog\/#\/schema\/person\/4ba3da83e99990b558f4f503d080ceaa"},"description":"Winter in Coburg erleben: Altstadt, Schloss Ehrenburg, Veste, Schm\u00e4tzchen und Winterwanderungen in der Region Coburg.Rennsteig.","breadcrumb":{"@id":"https:\/\/www.frankentourismus.de\/blog\/2026\/01\/09\/ein-tag-zwischen-veste-schloss-und-winterstimmung-in-coburg\/#breadcrumb"},"inLanguage":"de-DE","potentialAction":[{"@type":"ReadAction","target":["https:\/\/www.frankentourismus.de\/blog\/2026\/01\/09\/ein-tag-zwischen-veste-schloss-und-winterstimmung-in-coburg\/"]}]},{"@type":"BreadcrumbList","@id":"https:\/\/www.frankentourismus.de\/blog\/2026\/01\/09\/ein-tag-zwischen-veste-schloss-und-winterstimmung-in-coburg\/#breadcrumb","itemListElement":[{"@type":"ListItem","position":1,"name":"Home","item":"https:\/\/www.frankentourismus.de\/blog\/"},{"@type":"ListItem","position":2,"name":"Ein Tag zwischen Veste, Schloss und Winterstimmung in Coburg"}]},{"@type":"WebSite","@id":"https:\/\/www.frankentourismus.de\/blog\/#website","url":"https:\/\/www.frankentourismus.de\/blog\/","name":"Franken Blog","description":"Urlaub in Franken!","potentialAction":[{"@type":"SearchAction","target":{"@type":"EntryPoint","urlTemplate":"https:\/\/www.frankentourismus.de\/blog\/?s={search_term_string}"},"query-input":"required name=search_term_string"}],"inLanguage":"de-DE"},{"@type":"Person","@id":"https:\/\/www.frankentourismus.de\/blog\/#\/schema\/person\/4ba3da83e99990b558f4f503d080ceaa","name":"Tourismusverband Franken e.V.","image":{"@type":"ImageObject","inLanguage":"de-DE","@id":"https:\/\/www.frankentourismus.de\/blog\/#\/schema\/person\/image\/","url":"https:\/\/www.frankentourismus.de\/blog\/wp-content\/uploads\/2025\/10\/Bildmarke-TVF-150x150.png","contentUrl":"https:\/\/www.frankentourismus.de\/blog\/wp-content\/uploads\/2025\/10\/Bildmarke-TVF-150x150.png","caption":"Tourismusverband Franken e.V."},"url":"https:\/\/www.frankentourismus.de\/blog\/author\/tourismusverband-franken-e-v\/"}]}},"_links":{"self":[{"href":"https:\/\/www.frankentourismus.de\/blog\/wp-json\/wp\/v2\/posts\/7417"}],"collection":[{"href":"https:\/\/www.frankentourismus.de\/blog\/wp-json\/wp\/v2\/posts"}],"about":[{"href":"https:\/\/www.frankentourismus.de\/blog\/wp-json\/wp\/v2\/types\/post"}],"author":[{"embeddable":true,"href":"https:\/\/www.frankentourismus.de\/blog\/wp-json\/wp\/v2\/users\/63"}],"replies":[{"embeddable":true,"href":"https:\/\/www.frankentourismus.de\/blog\/wp-json\/wp\/v2\/comments?post=7417"}],"version-history":[{"count":2,"href":"https:\/\/www.frankentourismus.de\/blog\/wp-json\/wp\/v2\/posts\/7417\/revisions"}],"predecessor-version":[{"id":7433,"href":"https:\/\/www.frankentourismus.de\/blog\/wp-json\/wp\/v2\/posts\/7417\/revisions\/7433"}],"wp:featuredmedia":[{"embeddable":true,"href":"https:\/\/www.frankentourismus.de\/blog\/wp-json\/wp\/v2\/media\/7423"}],"wp:attachment":[{"href":"https:\/\/www.frankentourismus.de\/blog\/wp-json\/wp\/v2\/media?parent=7417"}],"wp:term":[{"taxonomy":"category","embeddable":true,"href":"https:\/\/www.frankentourismus.de\/blog\/wp-json\/wp\/v2\/categories?post=7417"},{"taxonomy":"post_tag","embeddable":true,"href":"https:\/\/www.frankentourismus.de\/blog\/wp-json\/wp\/v2\/tags?post=7417"}],"curies":[{"name":"wp","href":"https:\/\/api.w.org\/{rel}","templated":true}]}}