{"id":7297,"date":"2025-11-21T09:00:00","date_gmt":"2025-11-21T08:00:00","guid":{"rendered":"https:\/\/www.frankentourismus.de\/blog\/?p=7297"},"modified":"2025-11-20T15:47:56","modified_gmt":"2025-11-20T14:47:56","slug":"grosser-auftritt-im-kleinen-paradies","status":"publish","type":"post","link":"https:\/\/www.frankentourismus.de\/blog\/2025\/11\/21\/grosser-auftritt-im-kleinen-paradies\/","title":{"rendered":"Gro\u00dfer Auftritt im kleinen Paradies"},"content":{"rendered":"\n<p><strong>Das \u201eParadies\u201c liegt mitten in der <a href=\"https:\/\/www.frankentourismus.de\/gebiete\/staedteregion-nuernberg\/\" target=\"_blank\" rel=\"noreferrer noopener\">St\u00e4dteregion N\u00fcrnberg<\/a> \u2013 genau genommen in der <a href=\"https:\/\/tourismus.nuernberg.de\/\" target=\"_blank\" rel=\"noreferrer noopener\">N\u00fcrnberger<\/a> Bogenstra\u00dfe zwischen Friseursalons, Sportbars und Paketshops. Seit \u00fcber 45 Jahren glitzern hier die Stars in Deutschlands zweit\u00e4ltestem Travestie-Theater mit der Discokugel um die Wette. Herr der Lage zwischen Paradiesv\u00f6geln und Publikum, zwischen Federboas und Make-up, zwischen Lachen und Weinen ist Theaterbesitzer Thomas Heber.<\/strong><\/p>\n\n\n<div class=\"hint\">\n            <figure>\n            <img width=\"290\" height=\"300\" src=\"https:\/\/www.frankentourismus.de\/blog\/wp-content\/uploads\/2024\/08\/Sisi-Wein-bearbeitet-290x300.jpg\" class=\"attachment-medium size-medium\" alt=\"\" decoding=\"async\" loading=\"lazy\" srcset=\"https:\/\/www.frankentourismus.de\/blog\/wp-content\/uploads\/2024\/08\/Sisi-Wein-bearbeitet-290x300.jpg 290w, https:\/\/www.frankentourismus.de\/blog\/wp-content\/uploads\/2024\/08\/Sisi-Wein-bearbeitet-988x1024.jpg 988w, https:\/\/www.frankentourismus.de\/blog\/wp-content\/uploads\/2024\/08\/Sisi-Wein-bearbeitet-768x796.jpg 768w, https:\/\/www.frankentourismus.de\/blog\/wp-content\/uploads\/2024\/08\/Sisi-Wein-bearbeitet-1483x1536.jpg 1483w, https:\/\/www.frankentourismus.de\/blog\/wp-content\/uploads\/2024\/08\/Sisi-Wein-bearbeitet.jpg 1747w\" sizes=\"(max-width: 290px) 100vw, 290px\" \/>        <\/figure>\n    \n    <div class=\"content\">\n        <p>Wenn man Wein mit Familiennamen (und Sisi mit Vornamen) hei\u00dft, passt es wunderbar, wenn man \u00fcber den Frankenwein schreiben darf. Und \u00fcber Frankens kulinarische Besonderheiten. \u00dcber Natur, Traditionen und Kultur. Und nicht zuletzt \u00fcber unglaublich spannende und gastfreundliche Menschen, die das Urlaubsland so besonders machen. Das tue ich nun, seitdem ich vor rund 20 Jahren als Journalistin vom Bayerischen Wald in den Naturpark Altm\u00fchltal gezogen bin.<\/p>\n    <\/div>\n<\/div>\n\n\n\n<div class=\"wp-block-media-text alignwide has-media-on-the-right\" style=\"grid-template-columns:auto 25%\"><div class=\"wp-block-media-text__content\">\n<p><strong>Mit den Hausbesuchen begleiten wir Einheimische bei ihrem t\u00e4glichen Wirken im Urlaubsland Franken. Im N\u00fcrnberger Travestie-Theater \u201eParadies\u201c erz\u00e4hlt Besitzer Thomas Heber eine bewegende Geschichte aus Liebe, Verlust und Leidenschaft, w\u00e4hrend auf der kleinen B\u00fchne gro\u00dfe Gef\u00fchle, schillernde Shows und die kulturelle Vielfalt der gesamten St\u00e4dteregion N\u00fcrnberg zusammenkommen.<\/strong><\/p>\n<\/div><figure class=\"wp-block-media-text__media\"><img decoding=\"async\" loading=\"lazy\" width=\"562\" height=\"640\" src=\"https:\/\/www.frankentourismus.de\/blog\/wp-content\/uploads\/2021\/05\/FT-Hausbesuche-frei-1.png\" alt=\"\" class=\"wp-image-1195 size-full\" srcset=\"https:\/\/www.frankentourismus.de\/blog\/wp-content\/uploads\/2021\/05\/FT-Hausbesuche-frei-1.png 562w, https:\/\/www.frankentourismus.de\/blog\/wp-content\/uploads\/2021\/05\/FT-Hausbesuche-frei-1-263x300.png 263w\" sizes=\"(max-width: 562px) 100vw, 562px\" \/><\/figure><\/div>\n\n\n\n<p>Noch ist es ruhig im \u201e<strong>Paradies<\/strong>\u201c, doch <strong>Thomas Heber<\/strong> ist schon mit den Vorbereitungen f\u00fcr die <strong>abendliche Show<\/strong> besch\u00e4ftigt. Immer Donnerstag bis Samstag bietet sein <strong>Theater der Travestie<\/strong> \u2013 also der Darstellung einer weiblichen Rolle durch einen Mann \u2013 eine B\u00fchne. Viele K\u00fcnstler:innen, die bei ihm auftreten, halten dem \u201eParadies\u201c schon seit Jahren, manchmal sogar <strong>seit Jahrzehnten die Treue<\/strong>. \u201eWir sind hier eine <strong>Familie<\/strong>\u201c, erkl\u00e4rt Thomas Heber: \u201eDa sind alle mit <strong>Herz und Liebe<\/strong> dabei.\u201c<\/p>\n\n\n\n<h2>Liebe, die ein Theater ver\u00e4nderte<\/h2>\n\n\n\n<p>Der Liebe ist es zu verdanken, dass Thomas Heber 1990 zum <strong>Besitzer des \u201eParadies\u201c-Theaters<\/strong> wird \u2013 gegr\u00fcndet im <strong>Jahr 1978<\/strong> und nach dem Hamburger \u201ePulverfass\u201c das <strong>zweit\u00e4lteste Travestie-Theater in Deutschland<\/strong>. Eigentlich hat er damals einen ganz anderen Weg eingeschlagen und arbeitet im Norden Frankens im Lebensmitteleinzelhandel. Dann tritt <strong>Peter Schneider<\/strong> in sein Leben. \u201eEr kam als Schokoladenvertreter\u201c, erz\u00e4hlt Thomas Heber versonnen, \u201eund wurde meine gro\u00dfe Liebe\u201c.<\/p>\n\n\n\n<figure class=\"wp-block-image size-full\"><img decoding=\"async\" loading=\"lazy\" width=\"794\" height=\"606\" src=\"https:\/\/www.frankentourismus.de\/blog\/wp-content\/uploads\/2025\/11\/Hausbesuch-RNG_2024-1.jpg\" alt=\"\" class=\"wp-image-7303\" srcset=\"https:\/\/www.frankentourismus.de\/blog\/wp-content\/uploads\/2025\/11\/Hausbesuch-RNG_2024-1.jpg 794w, https:\/\/www.frankentourismus.de\/blog\/wp-content\/uploads\/2025\/11\/Hausbesuch-RNG_2024-1-300x229.jpg 300w, https:\/\/www.frankentourismus.de\/blog\/wp-content\/uploads\/2025\/11\/Hausbesuch-RNG_2024-1-768x586.jpg 768w\" sizes=\"(max-width: 794px) 100vw, 794px\" \/><figcaption class=\"wp-element-caption\">\u00a9 FrankenTourismus \/ Sisi Wein<\/figcaption><\/figure>\n\n\n\n<p>Schon damals steht Peter Schneider leidenschaftlich gern in seiner Frauenrolle als dralle Blondine <strong>im \u201eParadies\u201c auf der B\u00fchne<\/strong>. Doch dann will dessen Besitzer verkaufen. Also entscheiden sich <strong>Peter Schneider und sein gerade einmal 22-j\u00e4hriger Partner<\/strong> dazu, ihr <strong>bisheriges Leben \u00fcber Bord zu werfen<\/strong>. \u201eDas war schon ein <strong>Wagnis<\/strong>,\u201c erinnert sich Thomas Heber: \u201eAber ich habe mich vor meine Familie gestellt und gesagt: Das ist mein Freund, er ist 16 Jahre \u00e4lter, wir ziehen jetzt nach N\u00fcrnberg und <strong>\u00fcbernehmen ein Travestie-Theater<\/strong>!\u201c<\/p>\n\n\n\n<h2>Theaterbesitzer aus Liebe<\/h2>\n\n\n\n<p>Mit vielen Hochs, aber auch wirtschaftlichen Tiefs gelingt das Wagnis. \u201eReich wird man mit der Travestie nicht\u201c, so das Res\u00fcmee von Thomas Heber, \u201eaber daf\u00fcr haben wir hier <strong>etwas Besonderes<\/strong>.\u201c Und er und sein Mann haben sich als Paar \u2013 bis das <strong>Schicksal <\/strong>zuschl\u00e4gt. Peter Schneider wird schwer krank und stirbt im April 2016. \u201eIch musste ihm am Sterbebett versprechen, <strong>dass ich weiter mit dem Theater mache<\/strong>\u201c, blickt sein Mann zur\u00fcck: \u201eAlso habe ich noch am Abend der Beerdigung wieder aufgesperrt.\u201c<\/p>\n\n\n\n<figure class=\"wp-block-image size-large\"><img decoding=\"async\" loading=\"lazy\" width=\"1024\" height=\"752\" src=\"https:\/\/www.frankentourismus.de\/blog\/wp-content\/uploads\/2025\/11\/P1050869-1024x752.jpg\" alt=\"\" class=\"wp-image-7307\" srcset=\"https:\/\/www.frankentourismus.de\/blog\/wp-content\/uploads\/2025\/11\/P1050869-1024x752.jpg 1024w, https:\/\/www.frankentourismus.de\/blog\/wp-content\/uploads\/2025\/11\/P1050869-300x220.jpg 300w, https:\/\/www.frankentourismus.de\/blog\/wp-content\/uploads\/2025\/11\/P1050869-768x564.jpg 768w, https:\/\/www.frankentourismus.de\/blog\/wp-content\/uploads\/2025\/11\/P1050869-1536x1128.jpg 1536w, https:\/\/www.frankentourismus.de\/blog\/wp-content\/uploads\/2025\/11\/P1050869-2048x1503.jpg 2048w\" sizes=\"(max-width: 1024px) 100vw, 1024px\" \/><figcaption class=\"wp-element-caption\">\u00a9 FrankenTourismus \/ Sisi Wein<\/figcaption><\/figure>\n\n\n\n<p>Die starke Verbindung zwischen den beiden ist noch heute \u00fcberall im \u201eParadies\u201c gegenw\u00e4rtig. An den W\u00e4nden erz\u00e4hlen <strong>viele Fotos<\/strong> von ihren, wie Thomas Heber es nennt, \u201e<strong>27 wunderbaren Jahren<\/strong>\u201c. Selbst die <strong>Ansage vom Band<\/strong>, die den Beginn der abendlichen Show einl\u00e4utet, stammt von Peter Schneider. Zu diesem Zeitpunkt hat sich das \u201eParadies\u201c schon l\u00e4ngst gef\u00fcllt und das <strong>Publikum dr\u00e4ngt sich um die kleinen Tische<\/strong>. \u00dcber ihren K\u00f6pfen <strong>glitzern die L\u00fcster<\/strong>. Ihr Licht bricht sich in <strong>goldumrahmten Spiegeln<\/strong> und taucht viele Meter <strong>petrolfarbenen Samt<\/strong> in eine <strong>schummrige Stimmung<\/strong> \u2013 es ist <strong>pl\u00fcschig-gem\u00fctlich<\/strong> im \u201eParadies\u201c.<\/p>\n\n\n\n<p>Thomas Heber hat sich in eine <strong>schimmernde Weste<\/strong> geworfen und <strong>serviert Cocktails mit Kirsche, Glitzerpalme und Sahnehaube<\/strong>. Mit rund <strong>65 G\u00e4sten ist das Theater voll<\/strong>, wie sein Inhaber erkl\u00e4rt: \u201eWir sind ein famili\u00e4rer, kleiner Laden. <strong>Da bist du mittendrin<\/strong>, die Show zieht dich rein!\u201c Wie es f\u00fcr Familien \u00fcblich ist, packt jeder mit an. Thomas Heber \u00fcberl\u00e4sst die B\u00fchne lieber anderen, k\u00fcmmert sich daf\u00fcr um <strong>Service, Technik und Einlass<\/strong>. Helfende H\u00e4nde sind ihm hierbei gewiss: \u201eBei uns r\u00e4umen auch mal die Darsteller die Gl\u00e4ser ab.\u201c<\/p>\n\n\n\n<h2>Ein wilder Ritt durch die Travestie<\/h2>\n\n\n\n<p>Jetzt ist daf\u00fcr allerdings keine Zeit, denn backstage verwandeln sich die K\u00fcnstler:innen in <strong>schillernde Gesch\u00f6pfe der Nacht<\/strong>. Da wird in der engen Garderobe gepudert und gelidstricht, da werden Korsette geschn\u00fcrt, Per\u00fccken und Dekollet\u00e9s zurechtger\u00fcckt und auch mal <strong>kleine, liebevolle Geh\u00e4ssigkeiten<\/strong> ausgetauscht.<\/p>\n\n\n\n<figure class=\"wp-block-image size-large\"><img decoding=\"async\" loading=\"lazy\" width=\"1024\" height=\"769\" src=\"https:\/\/www.frankentourismus.de\/blog\/wp-content\/uploads\/2025\/11\/P1060310-1024x769.jpg\" alt=\"\" class=\"wp-image-7309\" srcset=\"https:\/\/www.frankentourismus.de\/blog\/wp-content\/uploads\/2025\/11\/P1060310-1024x769.jpg 1024w, https:\/\/www.frankentourismus.de\/blog\/wp-content\/uploads\/2025\/11\/P1060310-300x225.jpg 300w, https:\/\/www.frankentourismus.de\/blog\/wp-content\/uploads\/2025\/11\/P1060310-768x577.jpg 768w, https:\/\/www.frankentourismus.de\/blog\/wp-content\/uploads\/2025\/11\/P1060310-1536x1153.jpg 1536w, https:\/\/www.frankentourismus.de\/blog\/wp-content\/uploads\/2025\/11\/P1060310-2048x1538.jpg 2048w\" sizes=\"(max-width: 1024px) 100vw, 1024px\" \/><figcaption class=\"wp-element-caption\">\u00a9 FrankenTourismus \/ Sisi Wein<\/figcaption><\/figure>\n\n\n\n<p>Und dann geht\u2019s endlich los mit dem <strong>wilden Ritt durch die Travestie<\/strong>. <strong>T\u00e4nzer Tekin <\/strong>wirft sich in den <strong>Spagat<\/strong>, <strong>Sarah Barelly<\/strong> unterh\u00e4lt mit Kreuzfahrtgeschichten und <strong>Live-Gesang<\/strong>, <strong>Ilu Cazal<\/strong> hat ihren gro\u00dfen Auftritt als <strong>Frankensteins Braut<\/strong>. Vor <strong>Yvonne Parkers Wortgewalt<\/strong> ist niemand im Publikum sicher \u2013 schon gar nicht der h\u00fcbsche junge Mann in der ersten Reihe. <strong>Danielle Marques<\/strong> hingegen braucht keine Worte: Sie setzt ganz auf K\u00f6rpersprache und <strong>verwandelt sich von der keuschen Braut in die Femme fatale<\/strong>. Da wird auch etwas Haut gezeigt \u2013 oder eher etwas mehr, weshalb die Shows nur f\u00fcr G\u00e4ste ab 18 Jahren zug\u00e4nglich sind. <strong>Dem Publikum gef\u00e4llts<\/strong>, viele <strong>Wiederholungst\u00e4ter <\/strong>sind unter den G\u00e4sten: etwa Maria und Franz aus der Oberpfalz, die seit 16 Jahren zu jeder der <strong>monatlich neuen Shows<\/strong> pilgern. \u201eWir fahren danach immer gl\u00fccklich nach Hause\u201c, betonen die beiden: \u201eDas hier ist einfach unser Paradies.\u201c<\/p>\n\n\n\n<figure class=\"wp-block-image size-large\"><img decoding=\"async\" loading=\"lazy\" width=\"1024\" height=\"769\" src=\"https:\/\/www.frankentourismus.de\/blog\/wp-content\/uploads\/2025\/11\/P1050952-1024x769.jpg\" alt=\"\" class=\"wp-image-7311\" srcset=\"https:\/\/www.frankentourismus.de\/blog\/wp-content\/uploads\/2025\/11\/P1050952-1024x769.jpg 1024w, https:\/\/www.frankentourismus.de\/blog\/wp-content\/uploads\/2025\/11\/P1050952-300x225.jpg 300w, https:\/\/www.frankentourismus.de\/blog\/wp-content\/uploads\/2025\/11\/P1050952-768x577.jpg 768w, https:\/\/www.frankentourismus.de\/blog\/wp-content\/uploads\/2025\/11\/P1050952-1536x1153.jpg 1536w, https:\/\/www.frankentourismus.de\/blog\/wp-content\/uploads\/2025\/11\/P1050952-2048x1538.jpg 2048w\" sizes=\"(max-width: 1024px) 100vw, 1024px\" \/><figcaption class=\"wp-element-caption\">\u00a9 FrankenTourismus \/ Sisi Wein<\/figcaption><\/figure>\n\n\n\n<h2>Zwischen Glitzer und G\u00e4nsehaut<\/h2>\n\n\n\n<p>Der Abend ist ein gro\u00dfer Spa\u00df, doch er hat ebenso <strong>nachdenkliche Momente<\/strong>. Als Sarah Barelly ihre Version des Lieds \u201e<strong>Einmal sehen wir uns wieder<\/strong>\u201c Peter Schneider widmet, laufen nicht nur bei den Stammg\u00e4sten die Tr\u00e4nen. Wo auch immer sich das <strong>Paradies-Ehepaar Thomas und Peter<\/strong> wiedersehen wird: Es wird sicher mit viel <strong>Liebe, jeder Menge Glitzer und einem Cocktail mit Sahneh\u00e4ubchen<\/strong> sein.<\/p>\n\n\n\n<p><strong>N\u00fcrnberg, F\u00fcrth, Erlangen und Schwabach bilden die St\u00e4dteregion N\u00fcrnberg und bieten kulturelle Vielfalt auf kleinem Raum. N\u00fcrnberg begeistert mit Freiluft-Events wie dem Bardentreffen oder Klassik Open Air. <a href=\"https:\/\/www.visit-erlangen.de\/\" target=\"_blank\" rel=\"noreferrer noopener\">Erlangen<\/a> punktet ebenfalls unter freiem Himmel, etwa bei der Bergkirchweih, dem Poetenfest oder dem Schlossstrand, und alle zwei Jahre mit dem Internationalen Comic-Salon. <a href=\"https:\/\/www.tourismus-fuerth.de\/\" target=\"_blank\" rel=\"noreferrer noopener\">F\u00fcrth<\/a> lockt mit dem Jewish Music Today Festival, dem Literaturfestival \u201eLesen!\u201c und der \u201eGr\u00fcnen Nacht\u201c in der Altstadt. <a href=\"https:\/\/www.schwabach.de\/de\/\" target=\"_blank\" rel=\"noreferrer noopener\">Schwabach<\/a> schlie\u00dflich gl\u00e4nzt als Zentrum der europ\u00e4ischen Blattgoldherstellung und feiert j\u00e4hrlich die \u201eGoldschl\u00e4ger Nacht\u201c. Jede Stadt bietet so ihre eigenen Highlights und die St\u00e4dteregion N\u00fcrnberg gemeinsam ein abwechslungsreiches Kulturprogramm<\/strong>.<\/p>\n\n\n\n<figure class=\"is-layout-flex wp-block-gallery-1 wp-block-gallery has-nested-images columns-default is-cropped\">\n<figure class=\"wp-block-image size-large\"><img decoding=\"async\" loading=\"lazy\" width=\"1024\" height=\"683\" data-id=\"7315\"  src=\"https:\/\/www.frankentourismus.de\/blog\/wp-content\/uploads\/2025\/11\/nuernberg_428_Staedteregion-Nuernberg_Nuernberg_Weinstadel-Nuernberg-1024x683.jpg\" alt=\"\" class=\"wp-image-7315\" srcset=\"https:\/\/www.frankentourismus.de\/blog\/wp-content\/uploads\/2025\/11\/nuernberg_428_Staedteregion-Nuernberg_Nuernberg_Weinstadel-Nuernberg-1024x683.jpg 1024w, https:\/\/www.frankentourismus.de\/blog\/wp-content\/uploads\/2025\/11\/nuernberg_428_Staedteregion-Nuernberg_Nuernberg_Weinstadel-Nuernberg-300x200.jpg 300w, https:\/\/www.frankentourismus.de\/blog\/wp-content\/uploads\/2025\/11\/nuernberg_428_Staedteregion-Nuernberg_Nuernberg_Weinstadel-Nuernberg-768x512.jpg 768w, https:\/\/www.frankentourismus.de\/blog\/wp-content\/uploads\/2025\/11\/nuernberg_428_Staedteregion-Nuernberg_Nuernberg_Weinstadel-Nuernberg-1536x1024.jpg 1536w, https:\/\/www.frankentourismus.de\/blog\/wp-content\/uploads\/2025\/11\/nuernberg_428_Staedteregion-Nuernberg_Nuernberg_Weinstadel-Nuernberg-2048x1365.jpg 2048w\" sizes=\"(max-width: 1024px) 100vw, 1024px\" \/><figcaption class=\"wp-element-caption\">\u00a9 Kristof G\u00f6ttling<\/figcaption><\/figure>\n\n\n\n<figure class=\"wp-block-image size-large\"><img decoding=\"async\" loading=\"lazy\" width=\"1024\" height=\"769\" data-id=\"7313\"  src=\"https:\/\/www.frankentourismus.de\/blog\/wp-content\/uploads\/2025\/11\/P1050860-1024x769.jpg\" alt=\"\" class=\"wp-image-7313\" srcset=\"https:\/\/www.frankentourismus.de\/blog\/wp-content\/uploads\/2025\/11\/P1050860-1024x769.jpg 1024w, https:\/\/www.frankentourismus.de\/blog\/wp-content\/uploads\/2025\/11\/P1050860-300x225.jpg 300w, https:\/\/www.frankentourismus.de\/blog\/wp-content\/uploads\/2025\/11\/P1050860-768x577.jpg 768w, https:\/\/www.frankentourismus.de\/blog\/wp-content\/uploads\/2025\/11\/P1050860-1536x1153.jpg 1536w, https:\/\/www.frankentourismus.de\/blog\/wp-content\/uploads\/2025\/11\/P1050860-2048x1538.jpg 2048w\" sizes=\"(max-width: 1024px) 100vw, 1024px\" \/><figcaption class=\"wp-element-caption\">\u00a9 FrankenTourismus \/ Sisi Wein<\/figcaption><\/figure>\n\n\n\n<figure class=\"wp-block-image size-large\"><img decoding=\"async\" loading=\"lazy\" width=\"1024\" height=\"768\" data-id=\"7317\"  src=\"https:\/\/www.frankentourismus.de\/blog\/wp-content\/uploads\/2025\/11\/nuernberg_415_Staedteregion-Nuernberg_Nuernberg_Altstadt-Nuernberg-1024x768.jpg\" alt=\"\" class=\"wp-image-7317\" srcset=\"https:\/\/www.frankentourismus.de\/blog\/wp-content\/uploads\/2025\/11\/nuernberg_415_Staedteregion-Nuernberg_Nuernberg_Altstadt-Nuernberg-1024x768.jpg 1024w, https:\/\/www.frankentourismus.de\/blog\/wp-content\/uploads\/2025\/11\/nuernberg_415_Staedteregion-Nuernberg_Nuernberg_Altstadt-Nuernberg-300x225.jpg 300w, https:\/\/www.frankentourismus.de\/blog\/wp-content\/uploads\/2025\/11\/nuernberg_415_Staedteregion-Nuernberg_Nuernberg_Altstadt-Nuernberg-768x576.jpg 768w, https:\/\/www.frankentourismus.de\/blog\/wp-content\/uploads\/2025\/11\/nuernberg_415_Staedteregion-Nuernberg_Nuernberg_Altstadt-Nuernberg-1536x1152.jpg 1536w, https:\/\/www.frankentourismus.de\/blog\/wp-content\/uploads\/2025\/11\/nuernberg_415_Staedteregion-Nuernberg_Nuernberg_Altstadt-Nuernberg-2048x1536.jpg 2048w\" sizes=\"(max-width: 1024px) 100vw, 1024px\" \/><figcaption class=\"wp-element-caption\">\u00a9 Kristof G\u00f6ttling<\/figcaption><\/figure>\n<\/figure>\n","protected":false},"excerpt":{"rendered":"<p>Das \u201eParadies\u201c liegt mitten in der St\u00e4dteregion N\u00fcrnberg \u2013 genau genommen in der N\u00fcrnberger Bogenstra\u00dfe zwischen Friseursalons, Sportbars und Paketshops. Seit \u00fcber 45 Jahren glitzern hier die Stars in Deutschlands zweit\u00e4ltestem Travestie-Theater mit der Discokugel um die Wette. Herr der Lage zwischen Paradiesv\u00f6geln und Publikum, zwischen Federboas und Make-up, zwischen Lachen und Weinen ist Theaterbesitzer [&hellip;]<\/p>\n","protected":false},"author":41,"featured_media":7313,"comment_status":"open","ping_status":"closed","sticky":false,"template":"","format":"standard","meta":[],"categories":[1,21,125,307,257],"tags":[143,121,375,181,377],"yoast_head":"<!-- This site is optimized with the Yoast SEO plugin v19.14 - https:\/\/yoast.com\/wordpress\/plugins\/seo\/ -->\n<title>Gro\u00dfer Auftritt im kleinen Paradies - Franken Blog<\/title>\n<meta name=\"description\" content=\"Erlebe das N\u00fcrnberger Travestie-Theater \u201eParadies\u201c: eine ber\u00fchrende Liebesgeschichte und schillernde Shows mitten in N\u00fcrnberg.\" \/>\n<meta name=\"robots\" content=\"index, follow, max-snippet:-1, max-image-preview:large, max-video-preview:-1\" \/>\n<link rel=\"canonical\" href=\"https:\/\/www.frankentourismus.de\/blog\/2025\/11\/21\/grosser-auftritt-im-kleinen-paradies\/\" \/>\n<meta property=\"og:locale\" content=\"de_DE\" \/>\n<meta property=\"og:type\" content=\"article\" \/>\n<meta property=\"og:title\" content=\"Gro\u00dfer Auftritt im kleinen Paradies - Franken Blog\" \/>\n<meta property=\"og:description\" content=\"Erlebe das N\u00fcrnberger Travestie-Theater \u201eParadies\u201c: eine ber\u00fchrende Liebesgeschichte und schillernde Shows mitten in N\u00fcrnberg.\" \/>\n<meta property=\"og:url\" content=\"https:\/\/www.frankentourismus.de\/blog\/2025\/11\/21\/grosser-auftritt-im-kleinen-paradies\/\" \/>\n<meta property=\"og:site_name\" content=\"Franken Blog\" \/>\n<meta property=\"article:published_time\" content=\"2025-11-21T08:00:00+00:00\" \/>\n<meta property=\"article:modified_time\" content=\"2025-11-20T14:47:56+00:00\" \/>\n<meta property=\"og:image\" content=\"https:\/\/www.frankentourismus.de\/blog\/wp-content\/uploads\/2025\/11\/P1050860-scaled.jpg\" \/>\n\t<meta property=\"og:image:width\" content=\"2560\" \/>\n\t<meta property=\"og:image:height\" content=\"1922\" \/>\n\t<meta property=\"og:image:type\" content=\"image\/jpeg\" \/>\n<meta name=\"author\" content=\"Sisi Wein\" \/>\n<meta name=\"twitter:card\" content=\"summary_large_image\" \/>\n<meta name=\"twitter:label1\" content=\"Written by\" \/>\n\t<meta name=\"twitter:data1\" content=\"Sisi Wein\" \/>\n\t<meta name=\"twitter:label2\" content=\"Est. reading time\" \/>\n\t<meta name=\"twitter:data2\" content=\"8 Minuten\" \/>\n<script type=\"application\/ld+json\" class=\"yoast-schema-graph\">{\"@context\":\"https:\/\/schema.org\",\"@graph\":[{\"@type\":\"WebPage\",\"@id\":\"https:\/\/www.frankentourismus.de\/blog\/2025\/11\/21\/grosser-auftritt-im-kleinen-paradies\/\",\"url\":\"https:\/\/www.frankentourismus.de\/blog\/2025\/11\/21\/grosser-auftritt-im-kleinen-paradies\/\",\"name\":\"Gro\u00dfer Auftritt im kleinen Paradies - Franken Blog\",\"isPartOf\":{\"@id\":\"https:\/\/www.frankentourismus.de\/blog\/#website\"},\"datePublished\":\"2025-11-21T08:00:00+00:00\",\"dateModified\":\"2025-11-20T14:47:56+00:00\",\"author\":{\"@id\":\"https:\/\/www.frankentourismus.de\/blog\/#\/schema\/person\/077d15c247939e3520696ee497ffc26f\"},\"description\":\"Erlebe das N\u00fcrnberger Travestie-Theater \u201eParadies\u201c: eine ber\u00fchrende Liebesgeschichte und schillernde Shows mitten in N\u00fcrnberg.\",\"breadcrumb\":{\"@id\":\"https:\/\/www.frankentourismus.de\/blog\/2025\/11\/21\/grosser-auftritt-im-kleinen-paradies\/#breadcrumb\"},\"inLanguage\":\"de-DE\",\"potentialAction\":[{\"@type\":\"ReadAction\",\"target\":[\"https:\/\/www.frankentourismus.de\/blog\/2025\/11\/21\/grosser-auftritt-im-kleinen-paradies\/\"]}]},{\"@type\":\"BreadcrumbList\",\"@id\":\"https:\/\/www.frankentourismus.de\/blog\/2025\/11\/21\/grosser-auftritt-im-kleinen-paradies\/#breadcrumb\",\"itemListElement\":[{\"@type\":\"ListItem\",\"position\":1,\"name\":\"Home\",\"item\":\"https:\/\/www.frankentourismus.de\/blog\/\"},{\"@type\":\"ListItem\",\"position\":2,\"name\":\"Gro\u00dfer Auftritt im kleinen Paradies\"}]},{\"@type\":\"WebSite\",\"@id\":\"https:\/\/www.frankentourismus.de\/blog\/#website\",\"url\":\"https:\/\/www.frankentourismus.de\/blog\/\",\"name\":\"Franken Blog\",\"description\":\"Urlaub in Franken!\",\"potentialAction\":[{\"@type\":\"SearchAction\",\"target\":{\"@type\":\"EntryPoint\",\"urlTemplate\":\"https:\/\/www.frankentourismus.de\/blog\/?s={search_term_string}\"},\"query-input\":\"required name=search_term_string\"}],\"inLanguage\":\"de-DE\"},{\"@type\":\"Person\",\"@id\":\"https:\/\/www.frankentourismus.de\/blog\/#\/schema\/person\/077d15c247939e3520696ee497ffc26f\",\"name\":\"Sisi Wein\",\"image\":{\"@type\":\"ImageObject\",\"inLanguage\":\"de-DE\",\"@id\":\"https:\/\/www.frankentourismus.de\/blog\/#\/schema\/person\/image\/\",\"url\":\"https:\/\/www.frankentourismus.de\/blog\/wp-content\/uploads\/2021\/05\/Sisi-Wein-bearbeitet-150x150.jpg\",\"contentUrl\":\"https:\/\/www.frankentourismus.de\/blog\/wp-content\/uploads\/2021\/05\/Sisi-Wein-bearbeitet-150x150.jpg\",\"caption\":\"Sisi Wein\"},\"url\":\"https:\/\/www.frankentourismus.de\/blog\/author\/sisi-wein\/\"}]}<\/script>\n<!-- \/ Yoast SEO plugin. -->","yoast_head_json":{"title":"Gro\u00dfer Auftritt im kleinen Paradies - Franken Blog","description":"Erlebe das N\u00fcrnberger Travestie-Theater \u201eParadies\u201c: eine ber\u00fchrende Liebesgeschichte und schillernde Shows mitten in N\u00fcrnberg.","robots":{"index":"index","follow":"follow","max-snippet":"max-snippet:-1","max-image-preview":"max-image-preview:large","max-video-preview":"max-video-preview:-1"},"canonical":"https:\/\/www.frankentourismus.de\/blog\/2025\/11\/21\/grosser-auftritt-im-kleinen-paradies\/","og_locale":"de_DE","og_type":"article","og_title":"Gro\u00dfer Auftritt im kleinen Paradies - Franken Blog","og_description":"Erlebe das N\u00fcrnberger Travestie-Theater \u201eParadies\u201c: eine ber\u00fchrende Liebesgeschichte und schillernde Shows mitten in N\u00fcrnberg.","og_url":"https:\/\/www.frankentourismus.de\/blog\/2025\/11\/21\/grosser-auftritt-im-kleinen-paradies\/","og_site_name":"Franken Blog","article_published_time":"2025-11-21T08:00:00+00:00","article_modified_time":"2025-11-20T14:47:56+00:00","og_image":[{"width":2560,"height":1922,"url":"https:\/\/www.frankentourismus.de\/blog\/wp-content\/uploads\/2025\/11\/P1050860-scaled.jpg","type":"image\/jpeg"}],"author":"Sisi Wein","twitter_card":"summary_large_image","twitter_misc":{"Written by":"Sisi Wein","Est. reading time":"8 Minuten"},"schema":{"@context":"https:\/\/schema.org","@graph":[{"@type":"WebPage","@id":"https:\/\/www.frankentourismus.de\/blog\/2025\/11\/21\/grosser-auftritt-im-kleinen-paradies\/","url":"https:\/\/www.frankentourismus.de\/blog\/2025\/11\/21\/grosser-auftritt-im-kleinen-paradies\/","name":"Gro\u00dfer Auftritt im kleinen Paradies - Franken Blog","isPartOf":{"@id":"https:\/\/www.frankentourismus.de\/blog\/#website"},"datePublished":"2025-11-21T08:00:00+00:00","dateModified":"2025-11-20T14:47:56+00:00","author":{"@id":"https:\/\/www.frankentourismus.de\/blog\/#\/schema\/person\/077d15c247939e3520696ee497ffc26f"},"description":"Erlebe das N\u00fcrnberger Travestie-Theater \u201eParadies\u201c: eine ber\u00fchrende Liebesgeschichte und schillernde Shows mitten in N\u00fcrnberg.","breadcrumb":{"@id":"https:\/\/www.frankentourismus.de\/blog\/2025\/11\/21\/grosser-auftritt-im-kleinen-paradies\/#breadcrumb"},"inLanguage":"de-DE","potentialAction":[{"@type":"ReadAction","target":["https:\/\/www.frankentourismus.de\/blog\/2025\/11\/21\/grosser-auftritt-im-kleinen-paradies\/"]}]},{"@type":"BreadcrumbList","@id":"https:\/\/www.frankentourismus.de\/blog\/2025\/11\/21\/grosser-auftritt-im-kleinen-paradies\/#breadcrumb","itemListElement":[{"@type":"ListItem","position":1,"name":"Home","item":"https:\/\/www.frankentourismus.de\/blog\/"},{"@type":"ListItem","position":2,"name":"Gro\u00dfer Auftritt im kleinen Paradies"}]},{"@type":"WebSite","@id":"https:\/\/www.frankentourismus.de\/blog\/#website","url":"https:\/\/www.frankentourismus.de\/blog\/","name":"Franken Blog","description":"Urlaub in Franken!","potentialAction":[{"@type":"SearchAction","target":{"@type":"EntryPoint","urlTemplate":"https:\/\/www.frankentourismus.de\/blog\/?s={search_term_string}"},"query-input":"required name=search_term_string"}],"inLanguage":"de-DE"},{"@type":"Person","@id":"https:\/\/www.frankentourismus.de\/blog\/#\/schema\/person\/077d15c247939e3520696ee497ffc26f","name":"Sisi Wein","image":{"@type":"ImageObject","inLanguage":"de-DE","@id":"https:\/\/www.frankentourismus.de\/blog\/#\/schema\/person\/image\/","url":"https:\/\/www.frankentourismus.de\/blog\/wp-content\/uploads\/2021\/05\/Sisi-Wein-bearbeitet-150x150.jpg","contentUrl":"https:\/\/www.frankentourismus.de\/blog\/wp-content\/uploads\/2021\/05\/Sisi-Wein-bearbeitet-150x150.jpg","caption":"Sisi Wein"},"url":"https:\/\/www.frankentourismus.de\/blog\/author\/sisi-wein\/"}]}},"_links":{"self":[{"href":"https:\/\/www.frankentourismus.de\/blog\/wp-json\/wp\/v2\/posts\/7297"}],"collection":[{"href":"https:\/\/www.frankentourismus.de\/blog\/wp-json\/wp\/v2\/posts"}],"about":[{"href":"https:\/\/www.frankentourismus.de\/blog\/wp-json\/wp\/v2\/types\/post"}],"author":[{"embeddable":true,"href":"https:\/\/www.frankentourismus.de\/blog\/wp-json\/wp\/v2\/users\/41"}],"replies":[{"embeddable":true,"href":"https:\/\/www.frankentourismus.de\/blog\/wp-json\/wp\/v2\/comments?post=7297"}],"version-history":[{"count":3,"href":"https:\/\/www.frankentourismus.de\/blog\/wp-json\/wp\/v2\/posts\/7297\/revisions"}],"predecessor-version":[{"id":7319,"href":"https:\/\/www.frankentourismus.de\/blog\/wp-json\/wp\/v2\/posts\/7297\/revisions\/7319"}],"wp:featuredmedia":[{"embeddable":true,"href":"https:\/\/www.frankentourismus.de\/blog\/wp-json\/wp\/v2\/media\/7313"}],"wp:attachment":[{"href":"https:\/\/www.frankentourismus.de\/blog\/wp-json\/wp\/v2\/media?parent=7297"}],"wp:term":[{"taxonomy":"category","embeddable":true,"href":"https:\/\/www.frankentourismus.de\/blog\/wp-json\/wp\/v2\/categories?post=7297"},{"taxonomy":"post_tag","embeddable":true,"href":"https:\/\/www.frankentourismus.de\/blog\/wp-json\/wp\/v2\/tags?post=7297"}],"curies":[{"name":"wp","href":"https:\/\/api.w.org\/{rel}","templated":true}]}}