{"id":7269,"date":"2025-11-07T09:00:00","date_gmt":"2025-11-07T08:00:00","guid":{"rendered":"https:\/\/www.frankentourismus.de\/blog\/?p=7269"},"modified":"2025-11-04T15:47:50","modified_gmt":"2025-11-04T14:47:50","slug":"gesundzeit-im-herzen-des-fichtelgebirges","status":"publish","type":"post","link":"https:\/\/www.frankentourismus.de\/blog\/2025\/11\/07\/gesundzeit-im-herzen-des-fichtelgebirges\/","title":{"rendered":"GesundZeit im Herzen des Fichtelgebirges"},"content":{"rendered":"\n<p><strong>Stephan Gesell ist mit Herz und Seele Bad Wei\u00dfenst\u00e4dter. Dennoch \u2013 oder vielmehr deswegen \u2013 hat er Gesundheitstraditionen aus aller Welt in seine Heimatstadt im <a href=\"https:\/\/www.fichtelgebirge.bayern\/\" target=\"_blank\" rel=\"noreferrer noopener\">Fichtelgebirge<\/a> gebracht. Dank seiner Initiative laden heute Kurzentrum, Siebenquell-Therme und Wellnesshotel zur entspannenden \u201eGesundZeitReise\u201c ein.<\/strong><\/p>\n\n\n<div class=\"hint\">\n            <figure>\n            <img width=\"290\" height=\"300\" src=\"https:\/\/www.frankentourismus.de\/blog\/wp-content\/uploads\/2024\/08\/Sisi-Wein-bearbeitet-290x300.jpg\" class=\"attachment-medium size-medium\" alt=\"\" decoding=\"async\" loading=\"lazy\" srcset=\"https:\/\/www.frankentourismus.de\/blog\/wp-content\/uploads\/2024\/08\/Sisi-Wein-bearbeitet-290x300.jpg 290w, https:\/\/www.frankentourismus.de\/blog\/wp-content\/uploads\/2024\/08\/Sisi-Wein-bearbeitet-988x1024.jpg 988w, https:\/\/www.frankentourismus.de\/blog\/wp-content\/uploads\/2024\/08\/Sisi-Wein-bearbeitet-768x796.jpg 768w, https:\/\/www.frankentourismus.de\/blog\/wp-content\/uploads\/2024\/08\/Sisi-Wein-bearbeitet-1483x1536.jpg 1483w, https:\/\/www.frankentourismus.de\/blog\/wp-content\/uploads\/2024\/08\/Sisi-Wein-bearbeitet.jpg 1747w\" sizes=\"(max-width: 290px) 100vw, 290px\" \/>        <\/figure>\n    \n    <div class=\"content\">\n        <p>Wenn man Wein mit Familiennamen (und Sisi mit Vornamen) hei\u00dft, passt es wunderbar, wenn man \u00fcber den Frankenwein schreiben darf. Und \u00fcber Frankens kulinarische Besonderheiten. \u00dcber Natur, Traditionen und Kultur. Und nicht zuletzt \u00fcber unglaublich spannende und gastfreundliche Menschen, die das Urlaubsland so besonders machen. Das tue ich nun, seitdem ich vor rund 20 Jahren als Journalistin vom Bayerischen Wald in den Naturpark Altm\u00fchltal gezogen bin.<\/p>\n    <\/div>\n<\/div>\n\n\n\n<div class=\"wp-block-media-text alignwide has-media-on-the-right\" style=\"grid-template-columns:auto 25%\"><div class=\"wp-block-media-text__content\">\n<p><strong>Mit den Hausbesuchen begleiten wir Einheimische bei ihrem t\u00e4glichen Wirken im Urlaubsland Franken. In Bad Wei\u00dfenstadt am See erfahre ich heute, wie Stephan Gesell mit Vision, Mut und Leidenschaft aus der kleinen Fichtelgebirgsstadt ein Gesundheitszentrum mit Kurzentrum, Therme und Hotel geschaffen hat, das Tradition, Heilquellen und moderne Wellness auf einzigartige Weise verbindet.<\/strong><\/p>\n<\/div><figure class=\"wp-block-media-text__media\"><img decoding=\"async\" loading=\"lazy\" width=\"562\" height=\"640\" src=\"https:\/\/www.frankentourismus.de\/blog\/wp-content\/uploads\/2021\/05\/FT-Hausbesuche-frei-1.png\" alt=\"\" class=\"wp-image-1195 size-full\" srcset=\"https:\/\/www.frankentourismus.de\/blog\/wp-content\/uploads\/2021\/05\/FT-Hausbesuche-frei-1.png 562w, https:\/\/www.frankentourismus.de\/blog\/wp-content\/uploads\/2021\/05\/FT-Hausbesuche-frei-1-263x300.png 263w\" sizes=\"(max-width: 562px) 100vw, 562px\" \/><\/figure><\/div>\n\n\n\n<p><strong><a href=\"https:\/\/www.weissenstadt.de\/\" target=\"_blank\" rel=\"noreferrer noopener\">Bad Wei\u00dfenstadt am See<\/a><\/strong> liegt in einer absoluten Fichtelgebirgs-Idylle. Wer um den See spaziert, genie\u00dft die Aussicht auf den <strong>gr\u00fcn wogenden Wald<\/strong> und die <strong>Gipfel von Schneeberg und Ochsenkopf<\/strong>. Dieses Panorama bietet sich auch vom lichtdurchfluteten Foyer des <strong>Kurzentrums<\/strong>. Eine Dame spielt Klavier, eine andere bringt frische Blumen aus dem Garten. Mittendrin: <strong>Stephan Gesell<\/strong>. Ihm ist es zu verdanken, dass Bad Wei\u00dfenstadt am See seit rund 20 Jahren eine gro\u00dfe Rolle im <strong>fr\u00e4nkischen Gesundheitstourismus<\/strong> spielt.<\/p>\n\n\n\n<figure class=\"wp-block-image size-large\"><img decoding=\"async\" loading=\"lazy\" width=\"1024\" height=\"769\" src=\"https:\/\/www.frankentourismus.de\/blog\/wp-content\/uploads\/2025\/11\/P1060643-1024x769.jpg\" alt=\"\" class=\"wp-image-7275\" srcset=\"https:\/\/www.frankentourismus.de\/blog\/wp-content\/uploads\/2025\/11\/P1060643-1024x769.jpg 1024w, https:\/\/www.frankentourismus.de\/blog\/wp-content\/uploads\/2025\/11\/P1060643-300x225.jpg 300w, https:\/\/www.frankentourismus.de\/blog\/wp-content\/uploads\/2025\/11\/P1060643-768x577.jpg 768w, https:\/\/www.frankentourismus.de\/blog\/wp-content\/uploads\/2025\/11\/P1060643-1536x1153.jpg 1536w, https:\/\/www.frankentourismus.de\/blog\/wp-content\/uploads\/2025\/11\/P1060643-2048x1538.jpg 2048w\" sizes=\"(max-width: 1024px) 100vw, 1024px\" \/><figcaption class=\"wp-element-caption\">\u00a9 FrankenTourismus \/ Sisi Wein<\/figcaption><\/figure>\n\n\n\n<p>Dabei sah die <strong>Ausgangslage um die Jahrtausendwende<\/strong> alles andere als rosig aus. \u201eUnsere ganze Region war damals in einer depressiven Phase\u201c, erinnert sich der Bad Wei\u00dfenst\u00e4dter, \u201ewir durchlebten einen irren Strukturwandel.\u201c Gesell, damals Ende 20, arbeitete bei der Sparkasse und war gerade <strong>zweiter B\u00fcrgermeister<\/strong> geworden. Doch statt sich von der Stimmung anstecken zu lassen, setzte er auf die <strong>Kraft der Region<\/strong>: \u201eIch war \u00fcberzeugt vom <strong>Naturschatz Fichtelgebirge<\/strong> und dem <strong>hohen Freizeitwert<\/strong> von Bad Wei\u00dfenstadt am See.\u201c<\/p>\n\n\n\n<h2>Neue Wege f\u00fcr die Heimat<\/h2>\n\n\n\n<p>Schon in den 1980er Jahren hatte eine Untersuchung dort ein gro\u00dfes Vorkommen des <strong>Naturheilmittels Radon<\/strong> best\u00e4tigt \u2013 in einem unterirdischen See von riesigem Ausma\u00df. F\u00fcr Gesell war klar: Die <strong>Zukunft seiner Stadt liegt im Gesundheitstourismus<\/strong>. Seine Vision: ein <strong>Hotel- und Therapiebetrieb im Wohlf\u00fchlambiente<\/strong>. \u201eDie meisten haben gesagt, das ist doch verr\u00fcckt!\u201c, blickt er zur\u00fcck. Doch mit ein paar \u201ejungen Wilden\u201c machte er sich auf Investorensuche \u2013 und gab nicht auf. 2003 wendete sich dann das Blatt: \u201eDas war mein Schicksalsjahr, in dem ich viele kleine Wunder erlebt habe und Hilfe von oben hatte.\u201c<\/p>\n\n\n\n<figure class=\"wp-block-image size-large\"><img decoding=\"async\" loading=\"lazy\" width=\"1024\" height=\"576\" src=\"https:\/\/www.frankentourismus.de\/blog\/wp-content\/uploads\/2025\/11\/weissenstadt_238_Fichtelgebirge_Weissenstadt_Thermengarten-Siebenquell-GesundZeitResort-1024x576.jpg\" alt=\"\" class=\"wp-image-7277\" srcset=\"https:\/\/www.frankentourismus.de\/blog\/wp-content\/uploads\/2025\/11\/weissenstadt_238_Fichtelgebirge_Weissenstadt_Thermengarten-Siebenquell-GesundZeitResort-1024x576.jpg 1024w, https:\/\/www.frankentourismus.de\/blog\/wp-content\/uploads\/2025\/11\/weissenstadt_238_Fichtelgebirge_Weissenstadt_Thermengarten-Siebenquell-GesundZeitResort-300x169.jpg 300w, https:\/\/www.frankentourismus.de\/blog\/wp-content\/uploads\/2025\/11\/weissenstadt_238_Fichtelgebirge_Weissenstadt_Thermengarten-Siebenquell-GesundZeitResort-768x432.jpg 768w, https:\/\/www.frankentourismus.de\/blog\/wp-content\/uploads\/2025\/11\/weissenstadt_238_Fichtelgebirge_Weissenstadt_Thermengarten-Siebenquell-GesundZeitResort-1536x864.jpg 1536w, https:\/\/www.frankentourismus.de\/blog\/wp-content\/uploads\/2025\/11\/weissenstadt_238_Fichtelgebirge_Weissenstadt_Thermengarten-Siebenquell-GesundZeitResort-2048x1152.jpg 2048w\" sizes=\"(max-width: 1024px) 100vw, 1024px\" \/><figcaption class=\"wp-element-caption\">\u00a9 Siebenquell GesundZeitResort<\/figcaption><\/figure>\n\n\n\n<p>Eine \u00f6sterreichische Wellness-Firma, beeindruckt von Gesells Hartn\u00e4ckigkeit, stellte ihm ihr Know-how zur Verf\u00fcgung \u2013 unter der Bedingung, dass er <strong>selbst die Verantwortung<\/strong> \u00fcbernahm. Also bewies er Mut: Er k\u00fcndigte Job und Amt, gr\u00fcndete die <strong>Gesell GmbH<\/strong> und absolvierte in \u00d6sterreich eine \u201eCrashlehrzeit\u201c in Baumanagement und Tourismus. Bald darauf folgten Spatenstich und <strong>Er\u00f6ffnung des Kurzentrums<\/strong>. 2009 wurde Bad Wei\u00dfenstadt am See <strong>offiziell Kurort<\/strong>.<\/p>\n\n\n\n<p>Heute genie\u00dfen G\u00e4ste dort Gesundheitsurlaub mit <strong>Bade- und Saunalandschaft in direkter Seelage<\/strong>. <strong>\u00dcber 40 Therapeuten und zwei \u00c4rzte<\/strong> betreuen sie, <strong>Radonanwendungen<\/strong> geh\u00f6ren ebenso zum Angebot wie <strong>Massagen, K\u00e4ltekammer oder Intervallfasten<\/strong>.<\/p>\n\n\n\n<h2>Am Ort der sieben Quellen<\/h2>\n\n\n\n<p>Doch Stillsitzen ist nicht Gesells Sache. Kaum war das <strong>Kurzentrum<\/strong> etabliert, entstand schon die n\u00e4chste Idee: eine <strong>Therme f\u00fcr Pr\u00e4vention und Entschleunigung<\/strong>. 2013 begannen Bohrungen \u2013 und tats\u00e4chlich: In 1.040 Metern Tiefe fand man 35 Grad <strong>warmes Thermalwasser<\/strong>, in 1.830 Metern sogar 55 Grad. \u201eMit einer <strong>spannenden Mineralisation aus Salzen und Schwefel<\/strong>\u201c, wie Gesell betont.<\/p>\n\n\n\n<p>Die Gesell GmbH baute daraufhin die <strong>Gesundheits-Verw\u00f6hn-Therme samt 4-Sterne-Superior-Hotel<\/strong> \u2013 das <strong><a href=\"https:\/\/www.frankentourismus.de\/poi\/siebenquell_gesundzeitresort_g-22261\/\" target=\"_blank\" rel=\"noreferrer noopener\">Siebenquell GesundZeitResort<\/a><\/strong>. Der Name verweist auf Tabgha am See Genezareth, den \u201e<strong>Ort der sieben Quellen<\/strong>\u201c. \u201eDort hat die biblische Speisung der 5.000 stattgefunden\u201c, erz\u00e4hlt Gesell. \u201eUnser Siebenquell will ebenso <strong>Nahrung und Labsal f\u00fcr K\u00f6rper, Geist und Seele<\/strong> bieten.\u201c<\/p>\n\n\n\n<figure class=\"wp-block-image size-large\"><img decoding=\"async\" loading=\"lazy\" width=\"1024\" height=\"683\" src=\"https:\/\/www.frankentourismus.de\/blog\/wp-content\/uploads\/2025\/11\/weissenstadt_239_Fichtelgebirge_Weissenstadt_Verwoehnbecken-Siebenquell-GesundZeitResort-1024x683.jpg\" alt=\"\" class=\"wp-image-7279\" srcset=\"https:\/\/www.frankentourismus.de\/blog\/wp-content\/uploads\/2025\/11\/weissenstadt_239_Fichtelgebirge_Weissenstadt_Verwoehnbecken-Siebenquell-GesundZeitResort-1024x683.jpg 1024w, https:\/\/www.frankentourismus.de\/blog\/wp-content\/uploads\/2025\/11\/weissenstadt_239_Fichtelgebirge_Weissenstadt_Verwoehnbecken-Siebenquell-GesundZeitResort-300x200.jpg 300w, https:\/\/www.frankentourismus.de\/blog\/wp-content\/uploads\/2025\/11\/weissenstadt_239_Fichtelgebirge_Weissenstadt_Verwoehnbecken-Siebenquell-GesundZeitResort-768x512.jpg 768w, https:\/\/www.frankentourismus.de\/blog\/wp-content\/uploads\/2025\/11\/weissenstadt_239_Fichtelgebirge_Weissenstadt_Verwoehnbecken-Siebenquell-GesundZeitResort-1536x1024.jpg 1536w, https:\/\/www.frankentourismus.de\/blog\/wp-content\/uploads\/2025\/11\/weissenstadt_239_Fichtelgebirge_Weissenstadt_Verwoehnbecken-Siebenquell-GesundZeitResort-2048x1366.jpg 2048w\" sizes=\"(max-width: 1024px) 100vw, 1024px\" \/><figcaption class=\"wp-element-caption\">\u00a9 Siebenquell GesundZeitResort<\/figcaption><\/figure>\n\n\n\n<h2>Wellness trifft Heimatgef\u00fchl<\/h2>\n\n\n\n<p>Wer im Siebenquell zu Gast ist, tankt neue Energie \u2013 ob bei <strong>Medical Wellness<\/strong>, im <strong>eleganten Spa<\/strong>, in der <strong>Kapelle <\/strong>oder in den <strong>Wasserlandschaften der Therme<\/strong>. Herzst\u00fcck ist die \u201e<strong>GesundZeitReise<\/strong>\u201c rund um einen sieben Meter hohen Obelisken, in den das Wort \u201eGesundheit\u201c in vier alten Sprachen gemei\u00dfelt ist. Dort erlebt man, wie <strong>Wasser seit Jahrtausenden zur Heilung<\/strong> eingesetzt wird \u2013 vom Jod-Selen-Bad in Olympia bis zum Schwebe-Erlebnis wie im Toten Meer.<\/p>\n\n\n\n<p>Auch die Saunawelt spiegelt Gesells Heimat wider: wie ein <strong>kleines Fichtelgebirgsdorf mit B\u00e4ckerei, Bergwerk oder Brauereisauna<\/strong>, in der Hopfen- und Malzaromen den Raum erf\u00fcllen. In der Schmiedesauna blickt man auf den Satz \u201e<strong>Sei deines Gl\u00fcckes Schmied<\/strong>\u201c \u2013 ein Motto, das zu Gesell passt.<\/p>\n\n\n\n<figure class=\"wp-block-image size-large\"><img decoding=\"async\" loading=\"lazy\" width=\"1024\" height=\"683\" src=\"https:\/\/www.frankentourismus.de\/blog\/wp-content\/uploads\/2025\/11\/Jahreiss_Schmiedesauna_CMYK_1_hell_bearbeitet_300dpi-1024x683.jpg\" alt=\"\" class=\"wp-image-7281\" srcset=\"https:\/\/www.frankentourismus.de\/blog\/wp-content\/uploads\/2025\/11\/Jahreiss_Schmiedesauna_CMYK_1_hell_bearbeitet_300dpi-1024x683.jpg 1024w, https:\/\/www.frankentourismus.de\/blog\/wp-content\/uploads\/2025\/11\/Jahreiss_Schmiedesauna_CMYK_1_hell_bearbeitet_300dpi-300x200.jpg 300w, https:\/\/www.frankentourismus.de\/blog\/wp-content\/uploads\/2025\/11\/Jahreiss_Schmiedesauna_CMYK_1_hell_bearbeitet_300dpi-768x512.jpg 768w, https:\/\/www.frankentourismus.de\/blog\/wp-content\/uploads\/2025\/11\/Jahreiss_Schmiedesauna_CMYK_1_hell_bearbeitet_300dpi-1536x1024.jpg 1536w, https:\/\/www.frankentourismus.de\/blog\/wp-content\/uploads\/2025\/11\/Jahreiss_Schmiedesauna_CMYK_1_hell_bearbeitet_300dpi-2048x1365.jpg 2048w\" sizes=\"(max-width: 1024px) 100vw, 1024px\" \/><figcaption class=\"wp-element-caption\">\u00a9 Siebenquell GesundZeitResort<\/figcaption><\/figure>\n\n\n\n<p><strong>Mit Schneeberg und Ochsenkopf liegen die beiden h\u00f6chsten Berge Frankens mitten im Fichtelgebirge \u2013 und die Region gilt l\u00e4ngst als Zentrum fr\u00e4nkischer Gesundheitsorte. In <a href=\"https:\/\/badalexandersbad.de\/\" target=\"_blank\" rel=\"noreferrer noopener\">Bad Alexandersbad<\/a> treffen Naturmoor und Heilwasser auf modernes Ambiente, <a href=\"https:\/\/www.badberneck.de\/\" target=\"_blank\" rel=\"noreferrer noopener\">Bad Berneck<\/a> widmet sich der Kneipp-Lehre, <a href=\"https:\/\/bischofsgruen.de\/\" target=\"_blank\" rel=\"noreferrer noopener\">Bischofsgr\u00fcn<\/a> profitiert von seinem reizarmen Klima. Alle sind Teil des Pilotprojekts \u201eWald und Gesundheit\u201c, das auf Ruhe, reine Luft und naturnahe Entspannung setzt.<\/strong><\/p>\n\n\n\n<p><strong>Bad Wei\u00dfenstadt am See \u2013 j\u00fcngst als Heilbad ausgezeichnet \u2013 erg\u00e4nzt diese Gesundheitsregion ideal. Als Erholungsort und Heilquellenkurbetrieb bietet die Stadt am See medizinische Kompetenz und nat\u00fcrliche Vielfalt: Radon- und Thermalquellen, wohltuendes Bioklima, zertifizierte Kurw\u00e4lder und eine Landschaft, die K\u00f6rper und Seele gleicherma\u00dfen st\u00e4rkt.<\/strong><\/p>\n\n\n\n<figure class=\"is-layout-flex wp-block-gallery-1 wp-block-gallery has-nested-images columns-default is-cropped\">\n<figure class=\"wp-block-image size-large\"><img decoding=\"async\" loading=\"lazy\" width=\"1024\" height=\"684\" data-id=\"7283\"  src=\"https:\/\/www.frankentourismus.de\/blog\/wp-content\/uploads\/2025\/11\/weissenstadt_242_Fichtelgebirge_Weissenstadt_Blick-auf-Weissenstadt-1024x684.jpg\" alt=\"\" class=\"wp-image-7283\" srcset=\"https:\/\/www.frankentourismus.de\/blog\/wp-content\/uploads\/2025\/11\/weissenstadt_242_Fichtelgebirge_Weissenstadt_Blick-auf-Weissenstadt-1024x684.jpg 1024w, https:\/\/www.frankentourismus.de\/blog\/wp-content\/uploads\/2025\/11\/weissenstadt_242_Fichtelgebirge_Weissenstadt_Blick-auf-Weissenstadt-300x200.jpg 300w, https:\/\/www.frankentourismus.de\/blog\/wp-content\/uploads\/2025\/11\/weissenstadt_242_Fichtelgebirge_Weissenstadt_Blick-auf-Weissenstadt-768x513.jpg 768w, https:\/\/www.frankentourismus.de\/blog\/wp-content\/uploads\/2025\/11\/weissenstadt_242_Fichtelgebirge_Weissenstadt_Blick-auf-Weissenstadt-1536x1026.jpg 1536w, https:\/\/www.frankentourismus.de\/blog\/wp-content\/uploads\/2025\/11\/weissenstadt_242_Fichtelgebirge_Weissenstadt_Blick-auf-Weissenstadt-2048x1368.jpg 2048w\" sizes=\"(max-width: 1024px) 100vw, 1024px\" \/><figcaption class=\"wp-element-caption\">\u00a9 Richard King<\/figcaption><\/figure>\n\n\n\n<figure class=\"wp-block-image size-large\"><img decoding=\"async\" loading=\"lazy\" width=\"1024\" height=\"683\" data-id=\"7285\"  src=\"https:\/\/www.frankentourismus.de\/blog\/wp-content\/uploads\/2025\/11\/fig_1386_Fichtelgebirge_Weissenstadt_Naturschutzgebiet-Haberstein-Aussicht-1024x683.jpg\" alt=\"\" class=\"wp-image-7285\" srcset=\"https:\/\/www.frankentourismus.de\/blog\/wp-content\/uploads\/2025\/11\/fig_1386_Fichtelgebirge_Weissenstadt_Naturschutzgebiet-Haberstein-Aussicht-1024x683.jpg 1024w, https:\/\/www.frankentourismus.de\/blog\/wp-content\/uploads\/2025\/11\/fig_1386_Fichtelgebirge_Weissenstadt_Naturschutzgebiet-Haberstein-Aussicht-300x200.jpg 300w, https:\/\/www.frankentourismus.de\/blog\/wp-content\/uploads\/2025\/11\/fig_1386_Fichtelgebirge_Weissenstadt_Naturschutzgebiet-Haberstein-Aussicht-768x512.jpg 768w, https:\/\/www.frankentourismus.de\/blog\/wp-content\/uploads\/2025\/11\/fig_1386_Fichtelgebirge_Weissenstadt_Naturschutzgebiet-Haberstein-Aussicht-1536x1024.jpg 1536w, https:\/\/www.frankentourismus.de\/blog\/wp-content\/uploads\/2025\/11\/fig_1386_Fichtelgebirge_Weissenstadt_Naturschutzgebiet-Haberstein-Aussicht-2048x1365.jpg 2048w\" sizes=\"(max-width: 1024px) 100vw, 1024px\" \/><figcaption class=\"wp-element-caption\">\u00a9 Tourismuszentrale Fichtelgebirge \/ Florian Trykowski<\/figcaption><\/figure>\n<\/figure>\n","protected":false},"excerpt":{"rendered":"<p>Stephan Gesell ist mit Herz und Seele Bad Wei\u00dfenst\u00e4dter. Dennoch \u2013 oder vielmehr deswegen \u2013 hat er Gesundheitstraditionen aus aller Welt in seine Heimatstadt im Fichtelgebirge gebracht. Dank seiner Initiative laden heute Kurzentrum, Siebenquell-Therme und Wellnesshotel zur entspannenden \u201eGesundZeitReise\u201c ein. Mit den Hausbesuchen begleiten wir Einheimische bei ihrem t\u00e4glichen Wirken im Urlaubsland Franken. In Bad [&hellip;]<\/p>\n","protected":false},"author":41,"featured_media":7283,"comment_status":"open","ping_status":"closed","sticky":false,"template":"","format":"standard","meta":[],"categories":[1,39,125,289,257],"tags":[373,127,259,143,31],"yoast_head":"<!-- This site is optimized with the Yoast SEO plugin v19.14 - https:\/\/yoast.com\/wordpress\/plugins\/seo\/ -->\n<title>GesundZeit im Herzen des Fichtelgebirges - Franken Blog<\/title>\n<meta name=\"description\" content=\"Bad Wei\u00dfenstadt im Fichtelgebirge: Stephan Gesell verwandelt seine Heimat in ein Gesundheitszentrum mit Kurzentrum, Therme und Wellnessresort.\" \/>\n<meta name=\"robots\" content=\"index, follow, max-snippet:-1, max-image-preview:large, max-video-preview:-1\" \/>\n<link rel=\"canonical\" href=\"https:\/\/www.frankentourismus.de\/blog\/2025\/11\/07\/gesundzeit-im-herzen-des-fichtelgebirges\/\" \/>\n<meta property=\"og:locale\" content=\"de_DE\" \/>\n<meta property=\"og:type\" content=\"article\" \/>\n<meta property=\"og:title\" content=\"GesundZeit im Herzen des Fichtelgebirges - Franken Blog\" \/>\n<meta property=\"og:description\" content=\"Bad Wei\u00dfenstadt im Fichtelgebirge: Stephan Gesell verwandelt seine Heimat in ein Gesundheitszentrum mit Kurzentrum, Therme und Wellnessresort.\" \/>\n<meta property=\"og:url\" content=\"https:\/\/www.frankentourismus.de\/blog\/2025\/11\/07\/gesundzeit-im-herzen-des-fichtelgebirges\/\" \/>\n<meta property=\"og:site_name\" content=\"Franken Blog\" \/>\n<meta property=\"article:published_time\" content=\"2025-11-07T08:00:00+00:00\" \/>\n<meta property=\"article:modified_time\" content=\"2025-11-04T14:47:50+00:00\" \/>\n<meta property=\"og:image\" content=\"https:\/\/www.frankentourismus.de\/blog\/wp-content\/uploads\/2025\/11\/weissenstadt_242_Fichtelgebirge_Weissenstadt_Blick-auf-Weissenstadt-scaled.jpg\" \/>\n\t<meta property=\"og:image:width\" content=\"2560\" \/>\n\t<meta property=\"og:image:height\" content=\"1710\" \/>\n\t<meta property=\"og:image:type\" content=\"image\/jpeg\" \/>\n<meta name=\"author\" content=\"Sisi Wein\" \/>\n<meta name=\"twitter:card\" content=\"summary_large_image\" \/>\n<meta name=\"twitter:label1\" content=\"Written by\" \/>\n\t<meta name=\"twitter:data1\" content=\"Sisi Wein\" \/>\n\t<meta name=\"twitter:label2\" content=\"Est. reading time\" \/>\n\t<meta name=\"twitter:data2\" content=\"6 Minuten\" \/>\n<script type=\"application\/ld+json\" class=\"yoast-schema-graph\">{\"@context\":\"https:\/\/schema.org\",\"@graph\":[{\"@type\":\"WebPage\",\"@id\":\"https:\/\/www.frankentourismus.de\/blog\/2025\/11\/07\/gesundzeit-im-herzen-des-fichtelgebirges\/\",\"url\":\"https:\/\/www.frankentourismus.de\/blog\/2025\/11\/07\/gesundzeit-im-herzen-des-fichtelgebirges\/\",\"name\":\"GesundZeit im Herzen des Fichtelgebirges - Franken Blog\",\"isPartOf\":{\"@id\":\"https:\/\/www.frankentourismus.de\/blog\/#website\"},\"datePublished\":\"2025-11-07T08:00:00+00:00\",\"dateModified\":\"2025-11-04T14:47:50+00:00\",\"author\":{\"@id\":\"https:\/\/www.frankentourismus.de\/blog\/#\/schema\/person\/077d15c247939e3520696ee497ffc26f\"},\"description\":\"Bad Wei\u00dfenstadt im Fichtelgebirge: Stephan Gesell verwandelt seine Heimat in ein Gesundheitszentrum mit Kurzentrum, Therme und Wellnessresort.\",\"breadcrumb\":{\"@id\":\"https:\/\/www.frankentourismus.de\/blog\/2025\/11\/07\/gesundzeit-im-herzen-des-fichtelgebirges\/#breadcrumb\"},\"inLanguage\":\"de-DE\",\"potentialAction\":[{\"@type\":\"ReadAction\",\"target\":[\"https:\/\/www.frankentourismus.de\/blog\/2025\/11\/07\/gesundzeit-im-herzen-des-fichtelgebirges\/\"]}]},{\"@type\":\"BreadcrumbList\",\"@id\":\"https:\/\/www.frankentourismus.de\/blog\/2025\/11\/07\/gesundzeit-im-herzen-des-fichtelgebirges\/#breadcrumb\",\"itemListElement\":[{\"@type\":\"ListItem\",\"position\":1,\"name\":\"Home\",\"item\":\"https:\/\/www.frankentourismus.de\/blog\/\"},{\"@type\":\"ListItem\",\"position\":2,\"name\":\"GesundZeit im Herzen des Fichtelgebirges\"}]},{\"@type\":\"WebSite\",\"@id\":\"https:\/\/www.frankentourismus.de\/blog\/#website\",\"url\":\"https:\/\/www.frankentourismus.de\/blog\/\",\"name\":\"Franken Blog\",\"description\":\"Urlaub in Franken!\",\"potentialAction\":[{\"@type\":\"SearchAction\",\"target\":{\"@type\":\"EntryPoint\",\"urlTemplate\":\"https:\/\/www.frankentourismus.de\/blog\/?s={search_term_string}\"},\"query-input\":\"required name=search_term_string\"}],\"inLanguage\":\"de-DE\"},{\"@type\":\"Person\",\"@id\":\"https:\/\/www.frankentourismus.de\/blog\/#\/schema\/person\/077d15c247939e3520696ee497ffc26f\",\"name\":\"Sisi Wein\",\"image\":{\"@type\":\"ImageObject\",\"inLanguage\":\"de-DE\",\"@id\":\"https:\/\/www.frankentourismus.de\/blog\/#\/schema\/person\/image\/\",\"url\":\"https:\/\/www.frankentourismus.de\/blog\/wp-content\/uploads\/2021\/05\/Sisi-Wein-bearbeitet-150x150.jpg\",\"contentUrl\":\"https:\/\/www.frankentourismus.de\/blog\/wp-content\/uploads\/2021\/05\/Sisi-Wein-bearbeitet-150x150.jpg\",\"caption\":\"Sisi Wein\"},\"url\":\"https:\/\/www.frankentourismus.de\/blog\/author\/sisi-wein\/\"}]}<\/script>\n<!-- \/ Yoast SEO plugin. -->","yoast_head_json":{"title":"GesundZeit im Herzen des Fichtelgebirges - Franken Blog","description":"Bad Wei\u00dfenstadt im Fichtelgebirge: Stephan Gesell verwandelt seine Heimat in ein Gesundheitszentrum mit Kurzentrum, Therme und Wellnessresort.","robots":{"index":"index","follow":"follow","max-snippet":"max-snippet:-1","max-image-preview":"max-image-preview:large","max-video-preview":"max-video-preview:-1"},"canonical":"https:\/\/www.frankentourismus.de\/blog\/2025\/11\/07\/gesundzeit-im-herzen-des-fichtelgebirges\/","og_locale":"de_DE","og_type":"article","og_title":"GesundZeit im Herzen des Fichtelgebirges - Franken Blog","og_description":"Bad Wei\u00dfenstadt im Fichtelgebirge: Stephan Gesell verwandelt seine Heimat in ein Gesundheitszentrum mit Kurzentrum, Therme und Wellnessresort.","og_url":"https:\/\/www.frankentourismus.de\/blog\/2025\/11\/07\/gesundzeit-im-herzen-des-fichtelgebirges\/","og_site_name":"Franken Blog","article_published_time":"2025-11-07T08:00:00+00:00","article_modified_time":"2025-11-04T14:47:50+00:00","og_image":[{"width":2560,"height":1710,"url":"https:\/\/www.frankentourismus.de\/blog\/wp-content\/uploads\/2025\/11\/weissenstadt_242_Fichtelgebirge_Weissenstadt_Blick-auf-Weissenstadt-scaled.jpg","type":"image\/jpeg"}],"author":"Sisi Wein","twitter_card":"summary_large_image","twitter_misc":{"Written by":"Sisi Wein","Est. reading time":"6 Minuten"},"schema":{"@context":"https:\/\/schema.org","@graph":[{"@type":"WebPage","@id":"https:\/\/www.frankentourismus.de\/blog\/2025\/11\/07\/gesundzeit-im-herzen-des-fichtelgebirges\/","url":"https:\/\/www.frankentourismus.de\/blog\/2025\/11\/07\/gesundzeit-im-herzen-des-fichtelgebirges\/","name":"GesundZeit im Herzen des Fichtelgebirges - Franken Blog","isPartOf":{"@id":"https:\/\/www.frankentourismus.de\/blog\/#website"},"datePublished":"2025-11-07T08:00:00+00:00","dateModified":"2025-11-04T14:47:50+00:00","author":{"@id":"https:\/\/www.frankentourismus.de\/blog\/#\/schema\/person\/077d15c247939e3520696ee497ffc26f"},"description":"Bad Wei\u00dfenstadt im Fichtelgebirge: Stephan Gesell verwandelt seine Heimat in ein Gesundheitszentrum mit Kurzentrum, Therme und Wellnessresort.","breadcrumb":{"@id":"https:\/\/www.frankentourismus.de\/blog\/2025\/11\/07\/gesundzeit-im-herzen-des-fichtelgebirges\/#breadcrumb"},"inLanguage":"de-DE","potentialAction":[{"@type":"ReadAction","target":["https:\/\/www.frankentourismus.de\/blog\/2025\/11\/07\/gesundzeit-im-herzen-des-fichtelgebirges\/"]}]},{"@type":"BreadcrumbList","@id":"https:\/\/www.frankentourismus.de\/blog\/2025\/11\/07\/gesundzeit-im-herzen-des-fichtelgebirges\/#breadcrumb","itemListElement":[{"@type":"ListItem","position":1,"name":"Home","item":"https:\/\/www.frankentourismus.de\/blog\/"},{"@type":"ListItem","position":2,"name":"GesundZeit im Herzen des Fichtelgebirges"}]},{"@type":"WebSite","@id":"https:\/\/www.frankentourismus.de\/blog\/#website","url":"https:\/\/www.frankentourismus.de\/blog\/","name":"Franken Blog","description":"Urlaub in Franken!","potentialAction":[{"@type":"SearchAction","target":{"@type":"EntryPoint","urlTemplate":"https:\/\/www.frankentourismus.de\/blog\/?s={search_term_string}"},"query-input":"required name=search_term_string"}],"inLanguage":"de-DE"},{"@type":"Person","@id":"https:\/\/www.frankentourismus.de\/blog\/#\/schema\/person\/077d15c247939e3520696ee497ffc26f","name":"Sisi Wein","image":{"@type":"ImageObject","inLanguage":"de-DE","@id":"https:\/\/www.frankentourismus.de\/blog\/#\/schema\/person\/image\/","url":"https:\/\/www.frankentourismus.de\/blog\/wp-content\/uploads\/2021\/05\/Sisi-Wein-bearbeitet-150x150.jpg","contentUrl":"https:\/\/www.frankentourismus.de\/blog\/wp-content\/uploads\/2021\/05\/Sisi-Wein-bearbeitet-150x150.jpg","caption":"Sisi Wein"},"url":"https:\/\/www.frankentourismus.de\/blog\/author\/sisi-wein\/"}]}},"_links":{"self":[{"href":"https:\/\/www.frankentourismus.de\/blog\/wp-json\/wp\/v2\/posts\/7269"}],"collection":[{"href":"https:\/\/www.frankentourismus.de\/blog\/wp-json\/wp\/v2\/posts"}],"about":[{"href":"https:\/\/www.frankentourismus.de\/blog\/wp-json\/wp\/v2\/types\/post"}],"author":[{"embeddable":true,"href":"https:\/\/www.frankentourismus.de\/blog\/wp-json\/wp\/v2\/users\/41"}],"replies":[{"embeddable":true,"href":"https:\/\/www.frankentourismus.de\/blog\/wp-json\/wp\/v2\/comments?post=7269"}],"version-history":[{"count":5,"href":"https:\/\/www.frankentourismus.de\/blog\/wp-json\/wp\/v2\/posts\/7269\/revisions"}],"predecessor-version":[{"id":7293,"href":"https:\/\/www.frankentourismus.de\/blog\/wp-json\/wp\/v2\/posts\/7269\/revisions\/7293"}],"wp:featuredmedia":[{"embeddable":true,"href":"https:\/\/www.frankentourismus.de\/blog\/wp-json\/wp\/v2\/media\/7283"}],"wp:attachment":[{"href":"https:\/\/www.frankentourismus.de\/blog\/wp-json\/wp\/v2\/media?parent=7269"}],"wp:term":[{"taxonomy":"category","embeddable":true,"href":"https:\/\/www.frankentourismus.de\/blog\/wp-json\/wp\/v2\/categories?post=7269"},{"taxonomy":"post_tag","embeddable":true,"href":"https:\/\/www.frankentourismus.de\/blog\/wp-json\/wp\/v2\/tags?post=7269"}],"curies":[{"name":"wp","href":"https:\/\/api.w.org\/{rel}","templated":true}]}}