{"id":7157,"date":"2025-10-03T09:00:00","date_gmt":"2025-10-03T07:00:00","guid":{"rendered":"https:\/\/www.frankentourismus.de\/blog\/?p=7157"},"modified":"2025-10-15T10:51:35","modified_gmt":"2025-10-15T08:51:35","slug":"frankenwald-gruene-seele-grosses-herz","status":"publish","type":"post","link":"https:\/\/www.frankentourismus.de\/blog\/2025\/10\/03\/frankenwald-gruene-seele-grosses-herz\/","title":{"rendered":"Frankenwald: Gr\u00fcne Seele, gro\u00dfes Herz"},"content":{"rendered":"\n<p><strong>Die Natur ist bei Carola Hebentanz aus dem <a href=\"https:\/\/www.frankenwald-tourismus.de\/\" target=\"_blank\" rel=\"noreferrer noopener\">Frankenwald<\/a> in jeder Form willkommen. Als Teuschnitzer \u201eKr\u00e4uterfraala\u201c kennt sie jedes Kraut. Zudem k\u00fcmmert sie sich um verwaiste und verletzte Wildtiere, bis sie wieder in Wald und Wiese entlassen werden k\u00f6nnen.<\/strong><\/p>\n\n\n<div class=\"hint\">\n            <figure>\n            <img width=\"290\" height=\"300\" src=\"https:\/\/www.frankentourismus.de\/blog\/wp-content\/uploads\/2024\/08\/Sisi-Wein-bearbeitet-290x300.jpg\" class=\"attachment-medium size-medium\" alt=\"\" decoding=\"async\" loading=\"lazy\" srcset=\"https:\/\/www.frankentourismus.de\/blog\/wp-content\/uploads\/2024\/08\/Sisi-Wein-bearbeitet-290x300.jpg 290w, https:\/\/www.frankentourismus.de\/blog\/wp-content\/uploads\/2024\/08\/Sisi-Wein-bearbeitet-988x1024.jpg 988w, https:\/\/www.frankentourismus.de\/blog\/wp-content\/uploads\/2024\/08\/Sisi-Wein-bearbeitet-768x796.jpg 768w, https:\/\/www.frankentourismus.de\/blog\/wp-content\/uploads\/2024\/08\/Sisi-Wein-bearbeitet-1483x1536.jpg 1483w, https:\/\/www.frankentourismus.de\/blog\/wp-content\/uploads\/2024\/08\/Sisi-Wein-bearbeitet.jpg 1747w\" sizes=\"(max-width: 290px) 100vw, 290px\" \/>        <\/figure>\n    \n    <div class=\"content\">\n        <p>Wenn man Wein mit Familiennamen (und Sisi mit Vornamen) hei\u00dft, passt es wunderbar, wenn man \u00fcber den Frankenwein schreiben darf. Und \u00fcber Frankens kulinarische Besonderheiten. \u00dcber Natur, Traditionen und Kultur. Und nicht zuletzt \u00fcber unglaublich spannende und gastfreundliche Menschen, die das Urlaubsland so besonders machen. Das tue ich nun, seitdem ich vor rund 20 Jahren als Journalistin vom Bayerischen Wald in den Naturpark Altm\u00fchltal gezogen bin.<\/p>\n    <\/div>\n<\/div>\n\n\n\n<div class=\"wp-block-media-text alignwide has-media-on-the-right\" style=\"grid-template-columns:auto 25%\"><div class=\"wp-block-media-text__content\">\n<p><strong>Mit den Hausbesuchen begleiten wir Einheimische bei ihrem t\u00e4glichen Wirken im Urlaubsland Franken. Heute bin ich zu Gast bei Carola Hebentanz, dem \u201eKr\u00e4uterfraala\u201c aus dem Frankenwald. Sie verbindet ihre Leidenschaft f\u00fcr Heilpflanzen mit gro\u00dfem Engagement f\u00fcr verletzte und verwaiste Wildtiere, gr\u00fcndete die Arnika-Akademie und lebt so ihre tiefe Liebe zur Natur in all ihren Facetten.<\/strong><\/p>\n<\/div><figure class=\"wp-block-media-text__media\"><img decoding=\"async\" loading=\"lazy\" width=\"562\" height=\"640\" src=\"https:\/\/www.frankentourismus.de\/blog\/wp-content\/uploads\/2021\/05\/FT-Hausbesuche-frei-1.png\" alt=\"\" class=\"wp-image-1195 size-full\" srcset=\"https:\/\/www.frankentourismus.de\/blog\/wp-content\/uploads\/2021\/05\/FT-Hausbesuche-frei-1.png 562w, https:\/\/www.frankentourismus.de\/blog\/wp-content\/uploads\/2021\/05\/FT-Hausbesuche-frei-1-263x300.png 263w\" sizes=\"(max-width: 562px) 100vw, 562px\" \/><\/figure><\/div>\n\n\n\n<p>Siebi tut, was Babys tun. Er schl\u00e4ft \u2013 aber wenn er aufwacht, dann kann die Nuckelflasche nicht schnell genug bereitstehen. Der verwaiste <strong>Siebenschl\u00e4fer<\/strong> ist erst <strong>drei Wochen alt<\/strong>: rosa Schn\u00e4uzchen, lange Schnurrhaare, nicht viel schwerer als eine Feder und das K\u00f6pfchen so gro\u00df wie der Daumen seiner Ziehmutter auf Zeit.<\/p>\n\n\n\n<figure class=\"wp-block-image size-large\"><img decoding=\"async\" loading=\"lazy\" width=\"1024\" height=\"802\" src=\"https:\/\/www.frankentourismus.de\/blog\/wp-content\/uploads\/2025\/10\/P1070181-1024x802.jpg\" alt=\"\" class=\"wp-image-7163\" srcset=\"https:\/\/www.frankentourismus.de\/blog\/wp-content\/uploads\/2025\/10\/P1070181-1024x802.jpg 1024w, https:\/\/www.frankentourismus.de\/blog\/wp-content\/uploads\/2025\/10\/P1070181-300x235.jpg 300w, https:\/\/www.frankentourismus.de\/blog\/wp-content\/uploads\/2025\/10\/P1070181-768x601.jpg 768w, https:\/\/www.frankentourismus.de\/blog\/wp-content\/uploads\/2025\/10\/P1070181-1536x1203.jpg 1536w, https:\/\/www.frankentourismus.de\/blog\/wp-content\/uploads\/2025\/10\/P1070181.jpg 1632w\" sizes=\"(max-width: 1024px) 100vw, 1024px\" \/><figcaption class=\"wp-element-caption\">\u00a9 FrankenTourismus \/ Sisi Wein<\/figcaption><\/figure>\n\n\n\n<p>\u201eIch pflege meine Sch\u00fctzlinge so kurz wie m\u00f6glich und so lange wie n\u00f6tig. <strong>Wildtiere geh\u00f6ren in die Wildnis<\/strong>\u201c, betont <strong>Carola Hebentanz<\/strong>. Alle zwei Stunden f\u00fcttert sie den kleinen Siebenschl\u00e4fer, auch nachts. Und die n\u00e4chsten hungrigen Mitbewohner warten schon &#8211; in Gestalt von <strong>f\u00fcnf jungen mutterlosen Igeln<\/strong>. Sie sehen aus wie Kastanien, ihr Duft erinnert allerdings an ein Raubtiergehege: \u201eGeruchstechnisch sind Igel einfach eine Katastrophe\u201c, stellt ihre menschliche Amme fest.<\/p>\n\n\n\n<figure class=\"wp-block-image size-large\"><img decoding=\"async\" loading=\"lazy\" width=\"1024\" height=\"769\" src=\"https:\/\/www.frankentourismus.de\/blog\/wp-content\/uploads\/2025\/10\/P1070226-1024x769.jpg\" alt=\"\" class=\"wp-image-7169\" srcset=\"https:\/\/www.frankentourismus.de\/blog\/wp-content\/uploads\/2025\/10\/P1070226-1024x769.jpg 1024w, https:\/\/www.frankentourismus.de\/blog\/wp-content\/uploads\/2025\/10\/P1070226-300x225.jpg 300w, https:\/\/www.frankentourismus.de\/blog\/wp-content\/uploads\/2025\/10\/P1070226-768x577.jpg 768w, https:\/\/www.frankentourismus.de\/blog\/wp-content\/uploads\/2025\/10\/P1070226-1536x1153.jpg 1536w, https:\/\/www.frankentourismus.de\/blog\/wp-content\/uploads\/2025\/10\/P1070226-2048x1538.jpg 2048w\" sizes=\"(max-width: 1024px) 100vw, 1024px\" \/><figcaption class=\"wp-element-caption\">\u00a9 FrankenTourismus \/ Sisi Wein<\/figcaption><\/figure>\n\n\n\n<p>Ob kurze N\u00e4chte oder eine besondere Duftnote: Carola Hebentanz macht das nichts aus. Immer wieder werden ihr <strong>verwaiste oder verletzte Tiere<\/strong> gebracht, die sie in <strong>R\u00fccksprache mit Tier\u00e4rzt:innen, den Naturschutzbeh\u00f6rden oder dem Landesbund f\u00fcr Vogelschutz<\/strong> aufp\u00e4ppelt, bis sie ausgewildert werden k\u00f6nnen. Bei ihrem ersten \u201eFall\u201c, einem Taubenk\u00fcken, war sie <strong>gerade einmal 16 Jahre alt<\/strong>: \u201eMein Vater hat gesagt, das stirbt sowieso. Aber wenn ich es durchbringe, bekomme ich ein Taubenhaus.\u201c Bald schon stand eben jenes im Garten ihres Elternhauses im <strong>Teuschnitzer Ortsteil Wickendorf<\/strong>, wo die F\u00f6rderschullehrerin mit der langen roten Lockenm\u00e4hne wohnt. Ob Notfall-Tauben, Teichh\u00fchner oder Waldkauze: Carola Hebentanz k\u00fcmmert sich mit vollem Einsatz um ihr tierisches Lazarett.<\/p>\n\n\n\n<h2>Voller Einsatz im Wildtier-Lazarett<\/h2>\n\n\n\n<p>Oft sind auch <strong>Haus- und kleine Hoftiere<\/strong>, die verletzt, verlassen oder einfach entsorgt wurden, unter ihren Patienten. Einige von ihnen, darunter <strong>Laufenten<\/strong>, <strong>H\u00fchner<\/strong>, <strong>Katzen <\/strong>und sogar <strong>afrikanische Riesenschnecken<\/strong>, haben bei Carola Hebentanz eine neue Heimat gefunden. Unterm Dachvorstand dr\u00e4ngen sich au\u00dferdem die Nester von <strong>Schwalben und Mauerseglern<\/strong> aneinander, dahinter sind <strong>Flederm\u00e4use<\/strong> in K\u00e4sten und Nischen zu Hause. <strong>Wildbienen<\/strong> &amp; Co. haben die Auswahl zwischen gleich mehreren Insektenhotels.<\/p>\n\n\n\n<figure class=\"wp-block-image size-large\"><img decoding=\"async\" loading=\"lazy\" width=\"1024\" height=\"769\" src=\"https:\/\/www.frankentourismus.de\/blog\/wp-content\/uploads\/2025\/10\/P1070195-1024x769.jpg\" alt=\"\" class=\"wp-image-7167\" srcset=\"https:\/\/www.frankentourismus.de\/blog\/wp-content\/uploads\/2025\/10\/P1070195-1024x769.jpg 1024w, https:\/\/www.frankentourismus.de\/blog\/wp-content\/uploads\/2025\/10\/P1070195-300x225.jpg 300w, https:\/\/www.frankentourismus.de\/blog\/wp-content\/uploads\/2025\/10\/P1070195-768x577.jpg 768w, https:\/\/www.frankentourismus.de\/blog\/wp-content\/uploads\/2025\/10\/P1070195-1536x1153.jpg 1536w, https:\/\/www.frankentourismus.de\/blog\/wp-content\/uploads\/2025\/10\/P1070195-2048x1538.jpg 2048w\" sizes=\"(max-width: 1024px) 100vw, 1024px\" \/><figcaption class=\"wp-element-caption\">\u00a9 FrankenTourismus \/ Sisi Wein<\/figcaption><\/figure>\n\n\n\n<p>Auch bei ihren <strong>Gartenpflanzen<\/strong>, darunter sehr viele <strong>heimische Kr\u00e4uter<\/strong>, geht es Carola Hebentanz um Naturn\u00e4he. \u201e<strong>Mein Garten ist wild und soll leben<\/strong>\u201c, so seine Besitzerin, deren Wissen um die Kraft der Kr\u00e4uter enorm ist. \u201eMit Kr\u00e4utern ist es wie mit Freunden\u201c, erz\u00e4hlt sie. \u201eEine Handvoll sind enge Vertraute, andere sind Bekannte f\u00fcr die Special Effects.\u201c Einen festen Platz in ihrem Kr\u00e4uter-Freundeskreis haben <strong>Thymian<\/strong>, <strong>Disteln<\/strong>, <strong>Holunder <\/strong>oder das <strong>Echte Herzgespann<\/strong>. Im Haus h\u00e4ngen B\u00fcschel getrockneter Kr\u00e4uter von der Decke, in einem gro\u00dfen Regal reihen sich beschriftete Gef\u00e4\u00dfe mit Kr\u00e4utern aneinander. Carola Hebentanz macht daraus <strong>Salben<\/strong> oder setzt <strong>Essige<\/strong> an. \u201eDas Sch\u00f6ne ist\u201c, f\u00fchrt sie aus, \u201edass die Natur dem Menschen zu jeder Jahreszeit Kr\u00e4uter zur Verf\u00fcgung stellt, die er gerade braucht: Im Fr\u00fchjahr lassen sich zum Beispiel viele Kr\u00e4uter ernten, die <strong>entw\u00e4ssern<\/strong> oder das <strong>Immunsystem st\u00e4rken<\/strong>\u201c.<\/p>\n\n\n\n<figure class=\"wp-block-image size-large\"><img decoding=\"async\" loading=\"lazy\" width=\"1024\" height=\"769\" src=\"https:\/\/www.frankentourismus.de\/blog\/wp-content\/uploads\/2025\/10\/P1070243-1024x769.jpg\" alt=\"\" class=\"wp-image-7173\" srcset=\"https:\/\/www.frankentourismus.de\/blog\/wp-content\/uploads\/2025\/10\/P1070243-1024x769.jpg 1024w, https:\/\/www.frankentourismus.de\/blog\/wp-content\/uploads\/2025\/10\/P1070243-300x225.jpg 300w, https:\/\/www.frankentourismus.de\/blog\/wp-content\/uploads\/2025\/10\/P1070243-768x577.jpg 768w, https:\/\/www.frankentourismus.de\/blog\/wp-content\/uploads\/2025\/10\/P1070243-1536x1153.jpg 1536w, https:\/\/www.frankentourismus.de\/blog\/wp-content\/uploads\/2025\/10\/P1070243-2048x1538.jpg 2048w\" sizes=\"(max-width: 1024px) 100vw, 1024px\" \/><figcaption class=\"wp-element-caption\">\u00a9 FrankenTourismus \/ Sisi Wein<\/figcaption><\/figure>\n\n\n\n<h2>Eine Akademie f\u00fcr die Arnika<\/h2>\n\n\n\n<p>Besonders verbunden f\u00fchlt sich Carola Hebentanz den <strong>Heilpflanzen<\/strong>, die typisch f\u00fcr die <strong>Hochfl\u00e4chen des Frankenwalds<\/strong> sind: das <strong>beruhigende Johanniskraut<\/strong>, die <strong>herzst\u00e4rkende B\u00e4rwurz<\/strong>, die <strong>desinfizierende Blutwurz<\/strong> oder die <strong>antiseptische Schafgarbe<\/strong>. Eine gro\u00dfe Rolle kommt der <strong>Arnika<\/strong> mit ihren rund 150 pharmazeutisch wirksamen Inhaltsstoffen zu. Sie geh\u00f6rt in Deutschland zu den gef\u00e4hrdeten Arten, in der Teuschnitz-Aue aber besteht ein nat\u00fcrliches Arnika-Vorkommen. Zusammen mit Gleichgesinnten hat Carola Hebentanz deshalb in ihrer Heimatstadt die <strong>Arnika-Akademie<\/strong> auf den Weg gebracht, die 2014 er\u00f6ffnet wurde. \u201eMit der Akademie wollen wir zeigen, wie <strong>wertvoll die Wiesen und Pflanzen des Frankenwalds<\/strong> sind\u201c, betont sie. Das gelingt mit <strong>Vortr\u00e4gen<\/strong>, <strong>Workshops<\/strong> und <strong>Seminaren<\/strong> rund ums Thema Kr\u00e4uter. Auch <strong>Wildkr\u00e4uterspazierg\u00e4nge<\/strong> oder <strong>Wanderungen auf dem \u201eArnika-Weg\u201c<\/strong> stehen auf dem Programm. Die Akademie bietet zudem die <strong>Weiterbildung<\/strong> \u201ePraktiker:in in der Traditionellen Europ\u00e4ischen Heilkunde\u201c an, bei der Carola Hebentanz als <strong>Dozentin<\/strong> unterrichtet.<\/p>\n\n\n\n<figure class=\"wp-block-image size-large\"><img decoding=\"async\" loading=\"lazy\" width=\"1024\" height=\"769\" src=\"https:\/\/www.frankentourismus.de\/blog\/wp-content\/uploads\/2025\/10\/P1070253-1024x769.jpg\" alt=\"\" class=\"wp-image-7177\" srcset=\"https:\/\/www.frankentourismus.de\/blog\/wp-content\/uploads\/2025\/10\/P1070253-1024x769.jpg 1024w, https:\/\/www.frankentourismus.de\/blog\/wp-content\/uploads\/2025\/10\/P1070253-300x225.jpg 300w, https:\/\/www.frankentourismus.de\/blog\/wp-content\/uploads\/2025\/10\/P1070253-768x577.jpg 768w, https:\/\/www.frankentourismus.de\/blog\/wp-content\/uploads\/2025\/10\/P1070253-1536x1153.jpg 1536w, https:\/\/www.frankentourismus.de\/blog\/wp-content\/uploads\/2025\/10\/P1070253-2048x1538.jpg 2048w\" sizes=\"(max-width: 1024px) 100vw, 1024px\" \/><figcaption class=\"wp-element-caption\">\u00a9 FrankenTourismus \/ Sisi Wein<\/figcaption><\/figure>\n\n\n\n<p>Zur Akademie geh\u00f6ren zus\u00e4tzlich ein <strong>Caf\u00e9<\/strong> und ein <strong>Laden<\/strong>, in dem die Produkte der <strong>Naturmanufaktur Teuschnitz<\/strong> erh\u00e4ltlich sind \u2013 von <strong>handgefertigten Kr\u00e4utertees<\/strong> bis zu <strong>hochwertiger Naturkosmetik<\/strong>. Die Rohstoffe daf\u00fcr stammen unter anderem aus dem <strong><a href=\"https:\/\/www.frankentourismus.de\/poi\/kraeuterlehr-_und_schaugarten-32826\/\" target=\"_blank\" rel=\"noreferrer noopener\">Kr\u00e4uterlehr- und Schaugarten<\/a><\/strong>, der sich unterhalb der Arnika-Akademie erstreckt. Das Areal wurde mit rund <strong>3.500 Kr\u00e4utern<\/strong>, <strong>Heilpflanzen<\/strong> und <strong>Zierstauden<\/strong> bepflanzt. Das erfreut das Auge und ganz nebenbei ist so auch neuer <strong>Lebensraum f\u00fcr die unterschiedlichsten Insekten<\/strong> entstanden. Regelm\u00e4\u00dfig l\u00e4dt die Akademie zum Sonntagscaf\u00e9 mit <strong>F\u00fchrung durch den Garten<\/strong> ein, bei der sich zum Kr\u00e4uterwissen der Genuss von hausgebackenen Kuchen, Torten, Kaffee und nat\u00fcrlich Kr\u00e4utertee gesellt. Auch Carola Hebentanz stattet dem Garten gerne einen Besuch ab und schnuppert am <strong>\u201eFrauenkraut\u201c Muskatellersalbei<\/strong> oder erz\u00e4hlt, dass die <strong>Engelswurz<\/strong> oft verr\u00e4uchert wird, wenn jemand im Sterben liegt \u2013 sie erleichtere den \u00dcbergang.<\/p>\n\n\n\n<figure class=\"wp-block-image size-large\"><img decoding=\"async\" loading=\"lazy\" width=\"1024\" height=\"769\" src=\"https:\/\/www.frankentourismus.de\/blog\/wp-content\/uploads\/2025\/10\/P1070237-1024x769.jpg\" alt=\"\" class=\"wp-image-7171\" srcset=\"https:\/\/www.frankentourismus.de\/blog\/wp-content\/uploads\/2025\/10\/P1070237-1024x769.jpg 1024w, https:\/\/www.frankentourismus.de\/blog\/wp-content\/uploads\/2025\/10\/P1070237-300x225.jpg 300w, https:\/\/www.frankentourismus.de\/blog\/wp-content\/uploads\/2025\/10\/P1070237-768x577.jpg 768w, https:\/\/www.frankentourismus.de\/blog\/wp-content\/uploads\/2025\/10\/P1070237-1536x1153.jpg 1536w, https:\/\/www.frankentourismus.de\/blog\/wp-content\/uploads\/2025\/10\/P1070237-2048x1538.jpg 2048w\" sizes=\"(max-width: 1024px) 100vw, 1024px\" \/><figcaption class=\"wp-element-caption\">\u00a9 FrankenTourismus \/ Sisi Wein<\/figcaption><\/figure>\n\n\n\n<p><strong>Der Frankenwald ist eine faszinierende Naturpark-Landschaft. Artenreiche Wiesen, Hochplateaus mit herrlichen Aussichten und bewaldete Berge wechseln sich hier ab. Das zeigt sich am besten, wenn man mit dem <a href=\"https:\/\/www.frankenwald-tourismus.de\/draussen\/radfahren\" target=\"_blank\" rel=\"noreferrer noopener\">Rad oder Mountainbike<\/a> durch das Mittelgebirge unterwegs ist oder zu Fu\u00df die \u201e<a href=\"https:\/\/www.frankenwald-tourismus.de\/draussen\/wandern\" target=\"_blank\" rel=\"noreferrer noopener\">Qualit\u00e4tsregion Wanderbares Deutschland<\/a>\u201c entdeckt. Selbst \u201eindoor\u201c geht das Erlebnis weiter \u2013 etwa in den Naturparkinformationszentren im ehemaligen Bahnhof Blechschmidtenhammer bei <a href=\"https:\/\/www.frankentourismus.de\/orte\/lichtenberg-289\/\" target=\"_blank\" rel=\"noreferrer noopener\">Lichtenberg<\/a> oder im <a href=\"https:\/\/www.frankentourismus.de\/poi\/naturparkinfozentrum_im_ehemal-44653\/\" target=\"_blank\" rel=\"noreferrer noopener\">einstigen Bahnhof Steinwiesen<\/a>. Und dabei mmer eine Empfehlung: eine Tour mit den Frankenwald-Ranger:innen! Die Liebe zur Natur schl\u00e4gt sich auch in der Frankenwald-K\u00fcche nieder. Hier wird regional und saisonal gekocht, dazu schmeckt das Bier aus den heimischen Brauereien. Die Natur steht auch beim Thema Wellness und Gesundheit f\u00fcr H\u00f6hepunkte: In der <a href=\"https:\/\/www.therme-bad-steben.de\/startseite\" target=\"_blank\" rel=\"noreferrer noopener\">Therme Bad Steben<\/a> entfalten Naturmoor, Kohlens\u00e4ure und Radon ihre Kraft.<\/strong><\/p>\n\n\n\n<figure class=\"is-layout-flex wp-block-gallery-1 wp-block-gallery has-nested-images columns-default is-cropped\">\n<figure class=\"wp-block-image size-large\"><img decoding=\"async\" loading=\"lazy\" width=\"1024\" height=\"615\" data-id=\"4203\"  src=\"https:\/\/www.frankentourismus.de\/blog\/wp-content\/uploads\/2022\/12\/frw_502_frankenwald__wohlfuehl-erlebnis-im-frankenwald-1024x615.jpg\" alt=\"\" class=\"wp-image-4203\" srcset=\"https:\/\/www.frankentourismus.de\/blog\/wp-content\/uploads\/2022\/12\/frw_502_frankenwald__wohlfuehl-erlebnis-im-frankenwald-1024x615.jpg 1024w, https:\/\/www.frankentourismus.de\/blog\/wp-content\/uploads\/2022\/12\/frw_502_frankenwald__wohlfuehl-erlebnis-im-frankenwald-300x180.jpg 300w, https:\/\/www.frankentourismus.de\/blog\/wp-content\/uploads\/2022\/12\/frw_502_frankenwald__wohlfuehl-erlebnis-im-frankenwald-768x461.jpg 768w, https:\/\/www.frankentourismus.de\/blog\/wp-content\/uploads\/2022\/12\/frw_502_frankenwald__wohlfuehl-erlebnis-im-frankenwald-1536x923.jpg 1536w, https:\/\/www.frankentourismus.de\/blog\/wp-content\/uploads\/2022\/12\/frw_502_frankenwald__wohlfuehl-erlebnis-im-frankenwald-2048x1230.jpg 2048w\" sizes=\"(max-width: 1024px) 100vw, 1024px\" \/><figcaption class=\"wp-element-caption\">\u00a9 Frankenwald Tourismus \/ Marco Felgenhauer<\/figcaption><\/figure>\n\n\n\n<figure class=\"wp-block-image size-large\"><img decoding=\"async\" loading=\"lazy\" width=\"1024\" height=\"769\" data-id=\"7179\"  src=\"https:\/\/www.frankentourismus.de\/blog\/wp-content\/uploads\/2025\/10\/P1070254-1024x769.jpg\" alt=\"\" class=\"wp-image-7179\" srcset=\"https:\/\/www.frankentourismus.de\/blog\/wp-content\/uploads\/2025\/10\/P1070254-1024x769.jpg 1024w, https:\/\/www.frankentourismus.de\/blog\/wp-content\/uploads\/2025\/10\/P1070254-300x225.jpg 300w, https:\/\/www.frankentourismus.de\/blog\/wp-content\/uploads\/2025\/10\/P1070254-768x577.jpg 768w, https:\/\/www.frankentourismus.de\/blog\/wp-content\/uploads\/2025\/10\/P1070254-1536x1153.jpg 1536w, https:\/\/www.frankentourismus.de\/blog\/wp-content\/uploads\/2025\/10\/P1070254-2048x1538.jpg 2048w\" sizes=\"(max-width: 1024px) 100vw, 1024px\" \/><figcaption class=\"wp-element-caption\">\u00a9 FrankenTourismus \/ Sisi Wein<\/figcaption><\/figure>\n<\/figure>\n","protected":false},"excerpt":{"rendered":"<p>Die Natur ist bei Carola Hebentanz aus dem Frankenwald in jeder Form willkommen. Als Teuschnitzer \u201eKr\u00e4uterfraala\u201c kennt sie jedes Kraut. Zudem k\u00fcmmert sie sich um verwaiste und verletzte Wildtiere, bis sie wieder in Wald und Wiese entlassen werden k\u00f6nnen. Mit den Hausbesuchen begleiten wir Einheimische bei ihrem t\u00e4glichen Wirken im Urlaubsland Franken. Heute bin ich [&hellip;]<\/p>\n","protected":false},"author":41,"featured_media":4203,"comment_status":"open","ping_status":"closed","sticky":false,"template":"","format":"standard","meta":[],"categories":[1,125,289,257],"tags":[83,143,249],"yoast_head":"<!-- This site is optimized with the Yoast SEO plugin v19.14 - https:\/\/yoast.com\/wordpress\/plugins\/seo\/ -->\n<title>Frankenwald: Gr\u00fcne Seele, gro\u00dfes Herz - Franken Blog<\/title>\n<meta name=\"description\" content=\"Im Frankenwald k\u00fcmmert sich Carola Hebentanz um Wildtiere und Heilkr\u00e4uter: Natur, Wissen und Genuss hautnah erleben.\" \/>\n<meta name=\"robots\" content=\"index, follow, max-snippet:-1, max-image-preview:large, max-video-preview:-1\" \/>\n<link rel=\"canonical\" href=\"https:\/\/www.frankentourismus.de\/blog\/2025\/10\/03\/frankenwald-gruene-seele-grosses-herz\/\" \/>\n<meta property=\"og:locale\" content=\"de_DE\" \/>\n<meta property=\"og:type\" content=\"article\" \/>\n<meta property=\"og:title\" content=\"Frankenwald: Gr\u00fcne Seele, gro\u00dfes Herz - Franken Blog\" \/>\n<meta property=\"og:description\" content=\"Im Frankenwald k\u00fcmmert sich Carola Hebentanz um Wildtiere und Heilkr\u00e4uter: Natur, Wissen und Genuss hautnah erleben.\" \/>\n<meta property=\"og:url\" content=\"https:\/\/www.frankentourismus.de\/blog\/2025\/10\/03\/frankenwald-gruene-seele-grosses-herz\/\" \/>\n<meta property=\"og:site_name\" content=\"Franken Blog\" \/>\n<meta property=\"article:published_time\" content=\"2025-10-03T07:00:00+00:00\" \/>\n<meta property=\"article:modified_time\" content=\"2025-10-15T08:51:35+00:00\" \/>\n<meta property=\"og:image\" content=\"https:\/\/www.frankentourismus.de\/blog\/wp-content\/uploads\/2022\/12\/frw_502_frankenwald__wohlfuehl-erlebnis-im-frankenwald-scaled.jpg\" \/>\n\t<meta property=\"og:image:width\" content=\"2560\" \/>\n\t<meta property=\"og:image:height\" content=\"1538\" \/>\n\t<meta property=\"og:image:type\" content=\"image\/jpeg\" \/>\n<meta name=\"author\" content=\"Sisi Wein\" \/>\n<meta name=\"twitter:card\" content=\"summary_large_image\" \/>\n<meta name=\"twitter:label1\" content=\"Written by\" \/>\n\t<meta name=\"twitter:data1\" content=\"Sisi Wein\" \/>\n\t<meta name=\"twitter:label2\" content=\"Est. reading time\" \/>\n\t<meta name=\"twitter:data2\" content=\"8 Minuten\" \/>\n<script type=\"application\/ld+json\" class=\"yoast-schema-graph\">{\"@context\":\"https:\/\/schema.org\",\"@graph\":[{\"@type\":\"WebPage\",\"@id\":\"https:\/\/www.frankentourismus.de\/blog\/2025\/10\/03\/frankenwald-gruene-seele-grosses-herz\/\",\"url\":\"https:\/\/www.frankentourismus.de\/blog\/2025\/10\/03\/frankenwald-gruene-seele-grosses-herz\/\",\"name\":\"Frankenwald: Gr\u00fcne Seele, gro\u00dfes Herz - Franken Blog\",\"isPartOf\":{\"@id\":\"https:\/\/www.frankentourismus.de\/blog\/#website\"},\"datePublished\":\"2025-10-03T07:00:00+00:00\",\"dateModified\":\"2025-10-15T08:51:35+00:00\",\"author\":{\"@id\":\"https:\/\/www.frankentourismus.de\/blog\/#\/schema\/person\/077d15c247939e3520696ee497ffc26f\"},\"description\":\"Im Frankenwald k\u00fcmmert sich Carola Hebentanz um Wildtiere und Heilkr\u00e4uter: Natur, Wissen und Genuss hautnah erleben.\",\"breadcrumb\":{\"@id\":\"https:\/\/www.frankentourismus.de\/blog\/2025\/10\/03\/frankenwald-gruene-seele-grosses-herz\/#breadcrumb\"},\"inLanguage\":\"de-DE\",\"potentialAction\":[{\"@type\":\"ReadAction\",\"target\":[\"https:\/\/www.frankentourismus.de\/blog\/2025\/10\/03\/frankenwald-gruene-seele-grosses-herz\/\"]}]},{\"@type\":\"BreadcrumbList\",\"@id\":\"https:\/\/www.frankentourismus.de\/blog\/2025\/10\/03\/frankenwald-gruene-seele-grosses-herz\/#breadcrumb\",\"itemListElement\":[{\"@type\":\"ListItem\",\"position\":1,\"name\":\"Home\",\"item\":\"https:\/\/www.frankentourismus.de\/blog\/\"},{\"@type\":\"ListItem\",\"position\":2,\"name\":\"Frankenwald: Gr\u00fcne Seele, gro\u00dfes Herz\"}]},{\"@type\":\"WebSite\",\"@id\":\"https:\/\/www.frankentourismus.de\/blog\/#website\",\"url\":\"https:\/\/www.frankentourismus.de\/blog\/\",\"name\":\"Franken Blog\",\"description\":\"Urlaub in Franken!\",\"potentialAction\":[{\"@type\":\"SearchAction\",\"target\":{\"@type\":\"EntryPoint\",\"urlTemplate\":\"https:\/\/www.frankentourismus.de\/blog\/?s={search_term_string}\"},\"query-input\":\"required name=search_term_string\"}],\"inLanguage\":\"de-DE\"},{\"@type\":\"Person\",\"@id\":\"https:\/\/www.frankentourismus.de\/blog\/#\/schema\/person\/077d15c247939e3520696ee497ffc26f\",\"name\":\"Sisi Wein\",\"image\":{\"@type\":\"ImageObject\",\"inLanguage\":\"de-DE\",\"@id\":\"https:\/\/www.frankentourismus.de\/blog\/#\/schema\/person\/image\/\",\"url\":\"https:\/\/www.frankentourismus.de\/blog\/wp-content\/uploads\/2021\/05\/Sisi-Wein-bearbeitet-150x150.jpg\",\"contentUrl\":\"https:\/\/www.frankentourismus.de\/blog\/wp-content\/uploads\/2021\/05\/Sisi-Wein-bearbeitet-150x150.jpg\",\"caption\":\"Sisi Wein\"},\"url\":\"https:\/\/www.frankentourismus.de\/blog\/author\/sisi-wein\/\"}]}<\/script>\n<!-- \/ Yoast SEO plugin. -->","yoast_head_json":{"title":"Frankenwald: Gr\u00fcne Seele, gro\u00dfes Herz - Franken Blog","description":"Im Frankenwald k\u00fcmmert sich Carola Hebentanz um Wildtiere und Heilkr\u00e4uter: Natur, Wissen und Genuss hautnah erleben.","robots":{"index":"index","follow":"follow","max-snippet":"max-snippet:-1","max-image-preview":"max-image-preview:large","max-video-preview":"max-video-preview:-1"},"canonical":"https:\/\/www.frankentourismus.de\/blog\/2025\/10\/03\/frankenwald-gruene-seele-grosses-herz\/","og_locale":"de_DE","og_type":"article","og_title":"Frankenwald: Gr\u00fcne Seele, gro\u00dfes Herz - Franken Blog","og_description":"Im Frankenwald k\u00fcmmert sich Carola Hebentanz um Wildtiere und Heilkr\u00e4uter: Natur, Wissen und Genuss hautnah erleben.","og_url":"https:\/\/www.frankentourismus.de\/blog\/2025\/10\/03\/frankenwald-gruene-seele-grosses-herz\/","og_site_name":"Franken Blog","article_published_time":"2025-10-03T07:00:00+00:00","article_modified_time":"2025-10-15T08:51:35+00:00","og_image":[{"width":2560,"height":1538,"url":"https:\/\/www.frankentourismus.de\/blog\/wp-content\/uploads\/2022\/12\/frw_502_frankenwald__wohlfuehl-erlebnis-im-frankenwald-scaled.jpg","type":"image\/jpeg"}],"author":"Sisi Wein","twitter_card":"summary_large_image","twitter_misc":{"Written by":"Sisi Wein","Est. reading time":"8 Minuten"},"schema":{"@context":"https:\/\/schema.org","@graph":[{"@type":"WebPage","@id":"https:\/\/www.frankentourismus.de\/blog\/2025\/10\/03\/frankenwald-gruene-seele-grosses-herz\/","url":"https:\/\/www.frankentourismus.de\/blog\/2025\/10\/03\/frankenwald-gruene-seele-grosses-herz\/","name":"Frankenwald: Gr\u00fcne Seele, gro\u00dfes Herz - Franken Blog","isPartOf":{"@id":"https:\/\/www.frankentourismus.de\/blog\/#website"},"datePublished":"2025-10-03T07:00:00+00:00","dateModified":"2025-10-15T08:51:35+00:00","author":{"@id":"https:\/\/www.frankentourismus.de\/blog\/#\/schema\/person\/077d15c247939e3520696ee497ffc26f"},"description":"Im Frankenwald k\u00fcmmert sich Carola Hebentanz um Wildtiere und Heilkr\u00e4uter: Natur, Wissen und Genuss hautnah erleben.","breadcrumb":{"@id":"https:\/\/www.frankentourismus.de\/blog\/2025\/10\/03\/frankenwald-gruene-seele-grosses-herz\/#breadcrumb"},"inLanguage":"de-DE","potentialAction":[{"@type":"ReadAction","target":["https:\/\/www.frankentourismus.de\/blog\/2025\/10\/03\/frankenwald-gruene-seele-grosses-herz\/"]}]},{"@type":"BreadcrumbList","@id":"https:\/\/www.frankentourismus.de\/blog\/2025\/10\/03\/frankenwald-gruene-seele-grosses-herz\/#breadcrumb","itemListElement":[{"@type":"ListItem","position":1,"name":"Home","item":"https:\/\/www.frankentourismus.de\/blog\/"},{"@type":"ListItem","position":2,"name":"Frankenwald: Gr\u00fcne Seele, gro\u00dfes Herz"}]},{"@type":"WebSite","@id":"https:\/\/www.frankentourismus.de\/blog\/#website","url":"https:\/\/www.frankentourismus.de\/blog\/","name":"Franken Blog","description":"Urlaub in Franken!","potentialAction":[{"@type":"SearchAction","target":{"@type":"EntryPoint","urlTemplate":"https:\/\/www.frankentourismus.de\/blog\/?s={search_term_string}"},"query-input":"required name=search_term_string"}],"inLanguage":"de-DE"},{"@type":"Person","@id":"https:\/\/www.frankentourismus.de\/blog\/#\/schema\/person\/077d15c247939e3520696ee497ffc26f","name":"Sisi Wein","image":{"@type":"ImageObject","inLanguage":"de-DE","@id":"https:\/\/www.frankentourismus.de\/blog\/#\/schema\/person\/image\/","url":"https:\/\/www.frankentourismus.de\/blog\/wp-content\/uploads\/2021\/05\/Sisi-Wein-bearbeitet-150x150.jpg","contentUrl":"https:\/\/www.frankentourismus.de\/blog\/wp-content\/uploads\/2021\/05\/Sisi-Wein-bearbeitet-150x150.jpg","caption":"Sisi Wein"},"url":"https:\/\/www.frankentourismus.de\/blog\/author\/sisi-wein\/"}]}},"_links":{"self":[{"href":"https:\/\/www.frankentourismus.de\/blog\/wp-json\/wp\/v2\/posts\/7157"}],"collection":[{"href":"https:\/\/www.frankentourismus.de\/blog\/wp-json\/wp\/v2\/posts"}],"about":[{"href":"https:\/\/www.frankentourismus.de\/blog\/wp-json\/wp\/v2\/types\/post"}],"author":[{"embeddable":true,"href":"https:\/\/www.frankentourismus.de\/blog\/wp-json\/wp\/v2\/users\/41"}],"replies":[{"embeddable":true,"href":"https:\/\/www.frankentourismus.de\/blog\/wp-json\/wp\/v2\/comments?post=7157"}],"version-history":[{"count":6,"href":"https:\/\/www.frankentourismus.de\/blog\/wp-json\/wp\/v2\/posts\/7157\/revisions"}],"predecessor-version":[{"id":7189,"href":"https:\/\/www.frankentourismus.de\/blog\/wp-json\/wp\/v2\/posts\/7157\/revisions\/7189"}],"wp:featuredmedia":[{"embeddable":true,"href":"https:\/\/www.frankentourismus.de\/blog\/wp-json\/wp\/v2\/media\/4203"}],"wp:attachment":[{"href":"https:\/\/www.frankentourismus.de\/blog\/wp-json\/wp\/v2\/media?parent=7157"}],"wp:term":[{"taxonomy":"category","embeddable":true,"href":"https:\/\/www.frankentourismus.de\/blog\/wp-json\/wp\/v2\/categories?post=7157"},{"taxonomy":"post_tag","embeddable":true,"href":"https:\/\/www.frankentourismus.de\/blog\/wp-json\/wp\/v2\/tags?post=7157"}],"curies":[{"name":"wp","href":"https:\/\/api.w.org\/{rel}","templated":true}]}}