{"id":7037,"date":"2025-08-22T09:00:00","date_gmt":"2025-08-22T07:00:00","guid":{"rendered":"https:\/\/www.frankentourismus.de\/blog\/?p=7037"},"modified":"2025-08-21T15:28:00","modified_gmt":"2025-08-21T13:28:00","slug":"rad-wandern-boot-individuelle-aktivreisen-im-naturpark-altmuehltal","status":"publish","type":"post","link":"https:\/\/www.frankentourismus.de\/blog\/2025\/08\/22\/rad-wandern-boot-individuelle-aktivreisen-im-naturpark-altmuehltal\/","title":{"rendered":"Rad, Wandern, Boot: individuelle Aktivreisen im Naturpark Altm\u00fchltal"},"content":{"rendered":"\n<p><strong>Kaum jemand kennt den <a href=\"https:\/\/www.naturpark-altmuehltal.de\/\" target=\"_blank\" rel=\"noreferrer noopener\">Naturpark Altm\u00fchltal<\/a> so gut wie sie: Seit 25 Jahren organisiert Anja Sonntag mit ihrer Firma \u201eNatour\u201c Wander-, Rad- und Bootsreisen.<\/strong><\/p>\n\n\n<div class=\"hint\">\n            <figure>\n            <img width=\"290\" height=\"300\" src=\"https:\/\/www.frankentourismus.de\/blog\/wp-content\/uploads\/2024\/08\/Sisi-Wein-bearbeitet-290x300.jpg\" class=\"attachment-medium size-medium\" alt=\"\" decoding=\"async\" loading=\"lazy\" srcset=\"https:\/\/www.frankentourismus.de\/blog\/wp-content\/uploads\/2024\/08\/Sisi-Wein-bearbeitet-290x300.jpg 290w, https:\/\/www.frankentourismus.de\/blog\/wp-content\/uploads\/2024\/08\/Sisi-Wein-bearbeitet-988x1024.jpg 988w, https:\/\/www.frankentourismus.de\/blog\/wp-content\/uploads\/2024\/08\/Sisi-Wein-bearbeitet-768x796.jpg 768w, https:\/\/www.frankentourismus.de\/blog\/wp-content\/uploads\/2024\/08\/Sisi-Wein-bearbeitet-1483x1536.jpg 1483w, https:\/\/www.frankentourismus.de\/blog\/wp-content\/uploads\/2024\/08\/Sisi-Wein-bearbeitet.jpg 1747w\" sizes=\"(max-width: 290px) 100vw, 290px\" \/>        <\/figure>\n    \n    <div class=\"content\">\n        <p>Wenn man Wein mit Familiennamen (und Sisi mit Vornamen) hei\u00dft, passt es wunderbar, wenn man \u00fcber den Frankenwein schreiben darf. Und \u00fcber Frankens kulinarische Besonderheiten. \u00dcber Natur, Traditionen und Kultur. Und nicht zuletzt \u00fcber unglaublich spannende und gastfreundliche Menschen, die das Urlaubsland so besonders machen. Das tue ich nun, seitdem ich vor rund 20 Jahren als Journalistin vom Bayerischen Wald in den Naturpark Altm\u00fchltal gezogen bin.<\/p>\n    <\/div>\n<\/div>\n\n\n\n<div class=\"wp-block-media-text alignwide has-media-on-the-right\" style=\"grid-template-columns:auto 25%\"><div class=\"wp-block-media-text__content\">\n<p><strong>Mit den Hausbesuchen begleiten wir Einheimische bei ihrem t\u00e4glichen Wirken im Urlaubsland Franken. Heute darf ich Anja Sonntag kennenlernen, die seit 25 Jahren individuelle Aktivtouren durch den Naturpark Altm\u00fchltal organisiert \u2013 und dabei wie kaum jemand sonst die sch\u00f6nsten Routen und Orte der Region kennt.<\/strong><\/p>\n<\/div><figure class=\"wp-block-media-text__media\"><img decoding=\"async\" loading=\"lazy\" width=\"562\" height=\"640\" src=\"https:\/\/www.frankentourismus.de\/blog\/wp-content\/uploads\/2021\/05\/FT-Hausbesuche-frei-1.png\" alt=\"\" class=\"wp-image-1195 size-full\" srcset=\"https:\/\/www.frankentourismus.de\/blog\/wp-content\/uploads\/2021\/05\/FT-Hausbesuche-frei-1.png 562w, https:\/\/www.frankentourismus.de\/blog\/wp-content\/uploads\/2021\/05\/FT-Hausbesuche-frei-1-263x300.png 263w\" sizes=\"(max-width: 562px) 100vw, 562px\" \/><\/figure><\/div>\n\n\n\n<p>Ein gr\u00fcnes Tal am Fu\u00dfe des <strong>kleinen Rohrbergs<\/strong>, an dessen H\u00e4ngen sich <strong>romantischer Wald<\/strong> und <strong>artenreiche Magerrasen<\/strong> abwechseln, die <strong>einstige Reichsstadt <a href=\"https:\/\/www.weissenburg.de\/\" target=\"_blank\" rel=\"noreferrer noopener\">Wei\u00dfenburg i.Bay.<\/a><\/strong> im Westen und die <strong><a href=\"https:\/\/www.frankentourismus.de\/poi\/wuelzburg-22181\/\" target=\"_blank\" rel=\"noreferrer noopener\">Renaissance-Festung W\u00fclzburg<\/a><\/strong> im S\u00fcden \u2013 hier wohnt und arbeitet die <strong>Reiseveranstalterin Anja Sonntag<\/strong>. Sie blickt in die <strong>atemberaubende Landschaft<\/strong>, die direkt an ihren Garten grenzt, und scherzt: \u201eGut, dass wir keinen Zaun haben. So geh\u00f6rt das alles uns.\u201c<\/p>\n\n\n\n<figure class=\"wp-block-image size-large\"><img decoding=\"async\" loading=\"lazy\" width=\"1024\" height=\"683\" src=\"https:\/\/www.frankentourismus.de\/blog\/wp-content\/uploads\/2025\/08\/IMG_7859-1024x683.jpg\" alt=\"\" class=\"wp-image-7043\" srcset=\"https:\/\/www.frankentourismus.de\/blog\/wp-content\/uploads\/2025\/08\/IMG_7859-1024x683.jpg 1024w, https:\/\/www.frankentourismus.de\/blog\/wp-content\/uploads\/2025\/08\/IMG_7859-300x200.jpg 300w, https:\/\/www.frankentourismus.de\/blog\/wp-content\/uploads\/2025\/08\/IMG_7859-768x512.jpg 768w, https:\/\/www.frankentourismus.de\/blog\/wp-content\/uploads\/2025\/08\/IMG_7859-1536x1024.jpg 1536w, https:\/\/www.frankentourismus.de\/blog\/wp-content\/uploads\/2025\/08\/IMG_7859-2048x1365.jpg 2048w\" sizes=\"(max-width: 1024px) 100vw, 1024px\" \/><figcaption class=\"wp-element-caption\">\u00a9 FrankenTourismus \/ Thilo Eggerbauer<\/figcaption><\/figure>\n\n\n\n<p><strong>Seit 25 Jahren<\/strong> organisiert Anja Sonntag von hier aus <strong>Aktivreisen <\/strong>durch den <strong>Naturpark Altm\u00fchltal<\/strong>. Ob Touren <strong>mit dem Rad, zu Fu\u00df oder mit dem Boot<\/strong>: Jede Reise plant sie <strong>ganz individuell<\/strong>. Dadurch ist sie mittlerweile wie kaum jemand sonst <strong>mit dem Angebot in der Region vertraut<\/strong>: \u201eIch sage immer, ich kenne nicht jedes Zimmer, aber daf\u00fcr jedes Haus im Naturpark Altm\u00fchltal.\u201c<\/p>\n\n\n\n<p>Und nat\u00fcrlich kennt sie auch die <strong>sch\u00f6nsten Pl\u00e4tze und Routen<\/strong>: \u201eDie Tour, die meiner Meinung nach die <strong>charmantesten Sehensw\u00fcrdigkeiten<\/strong> und <strong>malerischsten Strecken<\/strong> verbindet, nenne ich den <strong>Rad-Achter<\/strong>. Sie f\u00fchrt auf dem \u201a<strong><a href=\"https:\/\/www.frankentourismus.de\/wege\/altmuehltal-radweg-366\/\" target=\"_blank\" rel=\"noreferrer noopener\">Altm\u00fchltal-Radweg<\/a><\/strong>\u2018 von <a href=\"https:\/\/www.gunzenhausen.info\/\" target=\"_blank\" rel=\"noreferrer noopener\">Gunzenhausen<\/a> bis <a href=\"https:\/\/www.kelheim.de\/\" target=\"_blank\" rel=\"noreferrer noopener\">Kelheim<\/a> und auf dem \u201a<strong>Limesradweg<\/strong>\u2018 wieder zur\u00fcck\u201c, so ihre Empfehlung.<\/p>\n\n\n\n<figure class=\"wp-block-image size-large\"><img decoding=\"async\" loading=\"lazy\" width=\"1024\" height=\"576\" src=\"https:\/\/www.frankentourismus.de\/blog\/wp-content\/uploads\/2025\/08\/npa_0963_Naturpark-Altmuehltal_Kelheim_Kloster-Weltenburg-1024x576.jpg\" alt=\"\" class=\"wp-image-7045\" srcset=\"https:\/\/www.frankentourismus.de\/blog\/wp-content\/uploads\/2025\/08\/npa_0963_Naturpark-Altmuehltal_Kelheim_Kloster-Weltenburg-1024x576.jpg 1024w, https:\/\/www.frankentourismus.de\/blog\/wp-content\/uploads\/2025\/08\/npa_0963_Naturpark-Altmuehltal_Kelheim_Kloster-Weltenburg-300x169.jpg 300w, https:\/\/www.frankentourismus.de\/blog\/wp-content\/uploads\/2025\/08\/npa_0963_Naturpark-Altmuehltal_Kelheim_Kloster-Weltenburg-768x432.jpg 768w, https:\/\/www.frankentourismus.de\/blog\/wp-content\/uploads\/2025\/08\/npa_0963_Naturpark-Altmuehltal_Kelheim_Kloster-Weltenburg-1536x864.jpg 1536w, https:\/\/www.frankentourismus.de\/blog\/wp-content\/uploads\/2025\/08\/npa_0963_Naturpark-Altmuehltal_Kelheim_Kloster-Weltenburg-2048x1152.jpg 2048w\" sizes=\"(max-width: 1024px) 100vw, 1024px\" \/><figcaption class=\"wp-element-caption\">\u00a9 Naturpark Altm\u00fchltal \/ Dietmar Denger<\/figcaption><\/figure>\n\n\n\n<h2>Rad-Achter an der Altm\u00fchl<\/h2>\n\n\n\n<p>Auf <strong>280 Kilometern<\/strong> verl\u00e4uft diese <strong>Rundtour <\/strong>somit in <strong>acht Tagen<\/strong> einmal quer durch den Naturpark und zur\u00fcck. Auf dem Weg liegen Highlights wie <strong><a href=\"https:\/\/www.frankentourismus.de\/poi\/kloster_weltenburg_mit_besuche-40367\/\" target=\"_blank\" rel=\"noreferrer noopener\">Kloster Weltenburg<\/a><\/strong> mit dem Naturschauspiel des <strong><a href=\"https:\/\/www.frankentourismus.de\/poi\/donaudurchbruch-18038\/\" target=\"_blank\" rel=\"noreferrer noopener\">Donaudurchbruchs<\/a><\/strong>, das <strong><a href=\"https:\/\/www.frankentourismus.de\/unesco-welterbe\/limes\/\" target=\"_blank\" rel=\"noreferrer noopener\">UNESCO-Welterbe Limes<\/a><\/strong> sowie zahlreiche <strong>historische St\u00e4dtchen<\/strong>, <strong>beeindruckende Museen<\/strong>, <strong>idyllische Flussuferlandschaften<\/strong> und <strong>majest\u00e4tische Kalkfelsen<\/strong>. Die Reiseveranstalterin, die urspr\u00fcnglich aus Schleswig-Holstein kommt, \u00fcberlegt: \u201eIch glaube, als Zugereiste ist mein Vorteil, dass ich ein <strong>besseres Auge f\u00fcr diese Sch\u00f6nheiten<\/strong> habe.\u201c<\/p>\n\n\n\n<p>Etwa vier Jahre bevor Anja Sonntag mit \u201e<strong>Natour<\/strong>\u201c startete, war sie zusammen mit ihrem Mann Matthias Lastowsky in den Naturpark Altm\u00fchltal gezogen. Mit dem Thema Aktivurlaub kannte sie sich schon vorher aus: \u201eIch habe <strong>immer in Outdoorgesch\u00e4ften gearbeitet<\/strong> und bin schon lange mit dem <strong>Radsport <\/strong>verbandelt. <strong>Mein Mann ist Semiprofi<\/strong>.\u201c Im Keller, wo die Reiseveranstalterin R\u00e4der und E-Bikes lagert, die ihre Kund:innen bei ihr leihen k\u00f6nnen, steht eine <strong>ganze Reihe von Pokalen<\/strong>. Schon f\u00fcnf Mal wurde Matthias Lastowsky <strong>deutscher Meister<\/strong> in verschiedenen Rad-Disziplinen. Auch Anja Sonntag selbst ist fr\u00fcher Rennen gefahren. \u201eVon mir m\u00fcsste sogar einer der gr\u00f6\u00dferen Pokale sein\u201c, bemerkt sie mit einem Schmunzeln.<\/p>\n\n\n\n<figure class=\"wp-block-image size-full\"><img decoding=\"async\" loading=\"lazy\" width=\"702\" height=\"643\" src=\"https:\/\/www.frankentourismus.de\/blog\/wp-content\/uploads\/2025\/08\/Hausbesuch-2024_NPA.png\" alt=\"\" class=\"wp-image-7049\" srcset=\"https:\/\/www.frankentourismus.de\/blog\/wp-content\/uploads\/2025\/08\/Hausbesuch-2024_NPA.png 702w, https:\/\/www.frankentourismus.de\/blog\/wp-content\/uploads\/2025\/08\/Hausbesuch-2024_NPA-300x275.png 300w\" sizes=\"(max-width: 702px) 100vw, 702px\" \/><figcaption class=\"wp-element-caption\">\u00a9 FrankenTourismus \/ Thilo Eggerbauer<\/figcaption><\/figure>\n\n\n\n<h2>Frei von Gep\u00e4ck und Sorgen<\/h2>\n\n\n\n<p>Aktivreisen sind f\u00fcr Anja Sonntag mehr als nur ein Beruf: \u201e<strong>Wenn ich in den Urlaub fahre, dann auch nur um zu wandern oder zu radeln<\/strong>\u201c, erz\u00e4hlt sie. Solche Reisen unternimmt sie f\u00fcr gew\u00f6hnlich im Winter, denn <strong>zwischen Ostern und Oktober arbeitet sie sieben Tage die Woche<\/strong>. Dann stellen sie und ihre Assistentin Routen zusammen, <strong>suchen und buchen passende Unterk\u00fcnfte<\/strong> und \u00fcbernehmen zusammen mit zwei Aushilfsfahrern den <strong>Gep\u00e4cktransport von Station zu Station<\/strong>.<\/p>\n\n\n\n<p>Eine <strong>organisatorische H\u00f6chstleistung<\/strong> \u2013 gerade in den Hochzeiten. <strong>Bis zu 15 Gruppen sind es am Tag,<\/strong> von denen Koffer und Taschen von <a href=\"https:\/\/www.tourismus-treuchtlingen.de\/\" target=\"_blank\" rel=\"noreferrer noopener\">Treuchtlingen<\/a> nach <a href=\"https:\/\/www.riedenburg.de\/buerger\/startseite-stadt\" target=\"_blank\" rel=\"noreferrer noopener\">Riedenburg<\/a> oder auch von Kelheim nach Wei\u00dfenburg i.Bay. gebracht werden m\u00fcssen. \u201eDas zu organisieren ist nicht ohne! Aber in der Regel schaffen wir es immer, dass bis sp\u00e4testens 16 Uhr alles da ist, wo es sein muss\u201c, erz\u00e4hlt Anja Sonntag stolz.<\/p>\n\n\n\n<figure class=\"wp-block-image size-large\"><img decoding=\"async\" loading=\"lazy\" width=\"1024\" height=\"735\" src=\"https:\/\/www.frankentourismus.de\/blog\/wp-content\/uploads\/2025\/08\/treuchtlingen_255_Naturpark-Altmuehltal_Treuchtlingen_Radler-vor-Stadtschloss-1024x735.jpg\" alt=\"\" class=\"wp-image-7051\" srcset=\"https:\/\/www.frankentourismus.de\/blog\/wp-content\/uploads\/2025\/08\/treuchtlingen_255_Naturpark-Altmuehltal_Treuchtlingen_Radler-vor-Stadtschloss-1024x735.jpg 1024w, https:\/\/www.frankentourismus.de\/blog\/wp-content\/uploads\/2025\/08\/treuchtlingen_255_Naturpark-Altmuehltal_Treuchtlingen_Radler-vor-Stadtschloss-300x215.jpg 300w, https:\/\/www.frankentourismus.de\/blog\/wp-content\/uploads\/2025\/08\/treuchtlingen_255_Naturpark-Altmuehltal_Treuchtlingen_Radler-vor-Stadtschloss-768x551.jpg 768w, https:\/\/www.frankentourismus.de\/blog\/wp-content\/uploads\/2025\/08\/treuchtlingen_255_Naturpark-Altmuehltal_Treuchtlingen_Radler-vor-Stadtschloss-1536x1103.jpg 1536w, https:\/\/www.frankentourismus.de\/blog\/wp-content\/uploads\/2025\/08\/treuchtlingen_255_Naturpark-Altmuehltal_Treuchtlingen_Radler-vor-Stadtschloss-2048x1470.jpg 2048w\" sizes=\"(max-width: 1024px) 100vw, 1024px\" \/><figcaption class=\"wp-element-caption\">\u00a9 Treuchtlingen<\/figcaption><\/figure>\n\n\n\n<h2>Alltag gibt es bei Anja Sonntag nicht<\/h2>\n\n\n\n<p>Im Laufe von 25 Jahren ist ihr nat\u00fcrlich trotzdem ab und an <strong>etwas Unerwartetes passiert<\/strong>. \u201eEinmal hatte ich ein Ehepaar, beide Partner waren schon \u00fcber 80. Erst hatte der Mann Herzprobleme und dann ist die Frau vor lauter Aufregung gest\u00fcrzt. Statt in die n\u00e4chste Unterkunft musste ich das Gep\u00e4ck ins Krankenhaus bringen. Dort teilten sich die beiden ein Doppelzimmer\u201c, erinnert sich Anja Sonntag: \u201e<strong>Gott sei Dank ist nichts Schlimmeres passiert<\/strong>, die beiden haben mich dann sogar noch gefragt, ob ich sie zur\u00fcck nach Hamburg fahren k\u00f6nne.\u201c<\/p>\n\n\n\n<p>Diesen besonderen Wunsch konnte Anja Sonntag zwar nicht erf\u00fcllen, trotzdem geh\u00f6rt es f\u00fcr sie zum Alltag, <strong>unvorhergesehene Herausforderungen zu meistern<\/strong>: \u201eDas ist das Sch\u00f6ne an meinem Beruf: <strong>Es gibt keinen Alltag<\/strong>.\u201c Eine Einstellung, die ihr ihre Kund:innen danken: \u201e<strong>99 Prozent sind zufrieden.<\/strong> Schon oft habe ich am Ende Schokolade oder Pralinen bekommen.\u201c<\/p>\n\n\n\n<figure class=\"wp-block-image size-large\"><img decoding=\"async\" loading=\"lazy\" width=\"1024\" height=\"683\" src=\"https:\/\/www.frankentourismus.de\/blog\/wp-content\/uploads\/2025\/08\/npa_1273_Naturpark-Altmuehltal_Kipfenberg-Arnsberg_Wanderer-rasten-in-der-Abendsonne-auf-der-Arnsberger-Leite-bei-Kipfenberg-1024x683.jpg\" alt=\"\" class=\"wp-image-7053\" srcset=\"https:\/\/www.frankentourismus.de\/blog\/wp-content\/uploads\/2025\/08\/npa_1273_Naturpark-Altmuehltal_Kipfenberg-Arnsberg_Wanderer-rasten-in-der-Abendsonne-auf-der-Arnsberger-Leite-bei-Kipfenberg-1024x683.jpg 1024w, https:\/\/www.frankentourismus.de\/blog\/wp-content\/uploads\/2025\/08\/npa_1273_Naturpark-Altmuehltal_Kipfenberg-Arnsberg_Wanderer-rasten-in-der-Abendsonne-auf-der-Arnsberger-Leite-bei-Kipfenberg-300x200.jpg 300w, https:\/\/www.frankentourismus.de\/blog\/wp-content\/uploads\/2025\/08\/npa_1273_Naturpark-Altmuehltal_Kipfenberg-Arnsberg_Wanderer-rasten-in-der-Abendsonne-auf-der-Arnsberger-Leite-bei-Kipfenberg-768x512.jpg 768w, https:\/\/www.frankentourismus.de\/blog\/wp-content\/uploads\/2025\/08\/npa_1273_Naturpark-Altmuehltal_Kipfenberg-Arnsberg_Wanderer-rasten-in-der-Abendsonne-auf-der-Arnsberger-Leite-bei-Kipfenberg-1536x1024.jpg 1536w, https:\/\/www.frankentourismus.de\/blog\/wp-content\/uploads\/2025\/08\/npa_1273_Naturpark-Altmuehltal_Kipfenberg-Arnsberg_Wanderer-rasten-in-der-Abendsonne-auf-der-Arnsberger-Leite-bei-Kipfenberg-2048x1366.jpg 2048w\" sizes=\"(max-width: 1024px) 100vw, 1024px\" \/><figcaption class=\"wp-element-caption\">\u00a9 Naturpark Altm\u00fchltal \/ Dietmar Denger<\/figcaption><\/figure>\n\n\n\n<p><strong>Der Naturpark Altm\u00fchltal mit seinen Wacholderheiden, Felsen, <a href=\"https:\/\/www.naturpark-altmuehltal.de\/burg-und-schloss\/\" target=\"_blank\" rel=\"noreferrer noopener\">Burgen, Schl\u00f6ssern<\/a> und <a href=\"https:\/\/www.naturpark-altmuehltal.de\/staedte\/\" target=\"_blank\" rel=\"noreferrer noopener\">romantischen St\u00e4dtchen<\/a> ist wie geschaffen f\u00fcr einen aktiven Urlaub. Das ausgedehnte Wegenetz ist ideal f\u00fcr abwechslungsreiche <a href=\"https:\/\/www.naturpark-altmuehltal.de\/radfahren\/\" target=\"_blank\" rel=\"noreferrer noopener\">Rad-<\/a> und <a href=\"https:\/\/www.naturpark-altmuehltal.de\/wandern\/\" target=\"_blank\" rel=\"noreferrer noopener\">Wandertouren<\/a>. Besonders beliebt sind der \u201eAltm\u00fchltal-Radweg\u201c sowie der als \u201eQualit\u00e4tsweg Wanderbares Deutschland\u201c ausgezeichnete \u201e<a href=\"https:\/\/www.frankentourismus.de\/wege\/altmuehltal-panoramaweg-385\/\" target=\"_blank\" rel=\"noreferrer noopener\">Altm\u00fchltal-Panoramaweg<\/a>\u201c. Wer einen Perspektivwechsel sucht, genie\u00dft beim <a href=\"https:\/\/www.naturpark-altmuehltal.de\/bootwandern\/\" target=\"_blank\" rel=\"noreferrer noopener\">Bootwandern<\/a> auf der Altm\u00fchl die faszinierenden Landschaften vom Kajak oder Kanu aus. Bei einer Schifffahrt zwischen Berching und Kelheim gleitet man m\u00fchelos durch die traumhafte Flusslandschaft. Unvergesslich ist die Einkehr im Kloster Weltenburg mit seiner traditionsreichen, \u00e4ltesten Klosterbrauerei der Welt.<\/strong><\/p>\n\n\n\n<figure class=\"is-layout-flex wp-block-gallery-1 wp-block-gallery has-nested-images columns-default is-cropped\">\n<figure class=\"wp-block-image size-large\"><img decoding=\"async\" loading=\"lazy\" width=\"1024\" height=\"715\" data-id=\"7055\"  src=\"https:\/\/www.frankentourismus.de\/blog\/wp-content\/uploads\/2025\/08\/npa_0978_Naturpark-Altmuehltal__Sonnenuntergang-auf-den-Burgsteinfelsen-1024x715.jpg\" alt=\"\" class=\"wp-image-7055\" srcset=\"https:\/\/www.frankentourismus.de\/blog\/wp-content\/uploads\/2025\/08\/npa_0978_Naturpark-Altmuehltal__Sonnenuntergang-auf-den-Burgsteinfelsen-1024x715.jpg 1024w, https:\/\/www.frankentourismus.de\/blog\/wp-content\/uploads\/2025\/08\/npa_0978_Naturpark-Altmuehltal__Sonnenuntergang-auf-den-Burgsteinfelsen-300x209.jpg 300w, https:\/\/www.frankentourismus.de\/blog\/wp-content\/uploads\/2025\/08\/npa_0978_Naturpark-Altmuehltal__Sonnenuntergang-auf-den-Burgsteinfelsen-768x536.jpg 768w, https:\/\/www.frankentourismus.de\/blog\/wp-content\/uploads\/2025\/08\/npa_0978_Naturpark-Altmuehltal__Sonnenuntergang-auf-den-Burgsteinfelsen-1536x1072.jpg 1536w, https:\/\/www.frankentourismus.de\/blog\/wp-content\/uploads\/2025\/08\/npa_0978_Naturpark-Altmuehltal__Sonnenuntergang-auf-den-Burgsteinfelsen-2048x1429.jpg 2048w\" sizes=\"(max-width: 1024px) 100vw, 1024px\" \/><figcaption class=\"wp-element-caption\">\u00a9 Naturpark Altm\u00fchltal \/ Dietmar Denger<\/figcaption><\/figure>\n\n\n\n<figure class=\"wp-block-image size-large\"><img decoding=\"async\" loading=\"lazy\" width=\"1024\" height=\"683\" data-id=\"7057\"  src=\"https:\/\/www.frankentourismus.de\/blog\/wp-content\/uploads\/2025\/08\/npa_1306_Naturpark-Altmuehltal_Dollnstein_Unterwegs-auf-dem-Tauber-Altmuehl-Radweg-1024x683.jpg\" alt=\"\" class=\"wp-image-7057\" srcset=\"https:\/\/www.frankentourismus.de\/blog\/wp-content\/uploads\/2025\/08\/npa_1306_Naturpark-Altmuehltal_Dollnstein_Unterwegs-auf-dem-Tauber-Altmuehl-Radweg-1024x683.jpg 1024w, https:\/\/www.frankentourismus.de\/blog\/wp-content\/uploads\/2025\/08\/npa_1306_Naturpark-Altmuehltal_Dollnstein_Unterwegs-auf-dem-Tauber-Altmuehl-Radweg-300x200.jpg 300w, https:\/\/www.frankentourismus.de\/blog\/wp-content\/uploads\/2025\/08\/npa_1306_Naturpark-Altmuehltal_Dollnstein_Unterwegs-auf-dem-Tauber-Altmuehl-Radweg-768x512.jpg 768w, https:\/\/www.frankentourismus.de\/blog\/wp-content\/uploads\/2025\/08\/npa_1306_Naturpark-Altmuehltal_Dollnstein_Unterwegs-auf-dem-Tauber-Altmuehl-Radweg-1536x1024.jpg 1536w, https:\/\/www.frankentourismus.de\/blog\/wp-content\/uploads\/2025\/08\/npa_1306_Naturpark-Altmuehltal_Dollnstein_Unterwegs-auf-dem-Tauber-Altmuehl-Radweg-2048x1366.jpg 2048w\" sizes=\"(max-width: 1024px) 100vw, 1024px\" \/><figcaption class=\"wp-element-caption\">\u00a9 Naturpark Altm\u00fchltal \/ Dietmar Denger<\/figcaption><\/figure>\n<\/figure>\n","protected":false},"excerpt":{"rendered":"<p>Kaum jemand kennt den Naturpark Altm\u00fchltal so gut wie sie: Seit 25 Jahren organisiert Anja Sonntag mit ihrer Firma \u201eNatour\u201c Wander-, Rad- und Bootsreisen. Mit den Hausbesuchen begleiten wir Einheimische bei ihrem t\u00e4glichen Wirken im Urlaubsland Franken. Heute darf ich Anja Sonntag kennenlernen, die seit 25 Jahren individuelle Aktivtouren durch den Naturpark Altm\u00fchltal organisiert \u2013 [&hellip;]<\/p>\n","protected":false},"author":41,"featured_media":7055,"comment_status":"open","ping_status":"closed","sticky":false,"template":"","format":"standard","meta":[],"categories":[1,125,289,177,179],"tags":[367,143,111,153],"yoast_head":"<!-- This site is optimized with the Yoast SEO plugin v19.14 - https:\/\/yoast.com\/wordpress\/plugins\/seo\/ -->\n<title>Rad, Wandern, Boot: individuelle Aktivreisen im Naturpark Altm\u00fchltal - Franken Blog<\/title>\n<meta name=\"description\" content=\"Aktivurlaub im Naturpark Altm\u00fchltal: Rad- und Wander- und Bootstouren mit Anja Sonntag \u2013 individuell geplant seit 25 Jahren.\" \/>\n<meta name=\"robots\" content=\"index, follow, max-snippet:-1, max-image-preview:large, max-video-preview:-1\" \/>\n<link rel=\"canonical\" href=\"https:\/\/www.frankentourismus.de\/blog\/2025\/08\/22\/rad-wandern-boot-individuelle-aktivreisen-im-naturpark-altmuehltal\/\" \/>\n<meta property=\"og:locale\" content=\"de_DE\" \/>\n<meta property=\"og:type\" content=\"article\" \/>\n<meta property=\"og:title\" content=\"Rad, Wandern, Boot: individuelle Aktivreisen im Naturpark Altm\u00fchltal - Franken Blog\" \/>\n<meta property=\"og:description\" content=\"Aktivurlaub im Naturpark Altm\u00fchltal: Rad- und Wander- und Bootstouren mit Anja Sonntag \u2013 individuell geplant seit 25 Jahren.\" \/>\n<meta property=\"og:url\" content=\"https:\/\/www.frankentourismus.de\/blog\/2025\/08\/22\/rad-wandern-boot-individuelle-aktivreisen-im-naturpark-altmuehltal\/\" \/>\n<meta property=\"og:site_name\" content=\"Franken Blog\" \/>\n<meta property=\"article:published_time\" content=\"2025-08-22T07:00:00+00:00\" \/>\n<meta property=\"article:modified_time\" content=\"2025-08-21T13:28:00+00:00\" \/>\n<meta property=\"og:image\" content=\"https:\/\/www.frankentourismus.de\/blog\/wp-content\/uploads\/2025\/08\/npa_0978_Naturpark-Altmuehltal__Sonnenuntergang-auf-den-Burgsteinfelsen-scaled.jpg\" \/>\n\t<meta property=\"og:image:width\" content=\"2560\" \/>\n\t<meta property=\"og:image:height\" content=\"1786\" \/>\n\t<meta property=\"og:image:type\" content=\"image\/jpeg\" \/>\n<meta name=\"author\" content=\"Sisi Wein\" \/>\n<meta name=\"twitter:card\" content=\"summary_large_image\" \/>\n<meta name=\"twitter:label1\" content=\"Written by\" \/>\n\t<meta name=\"twitter:data1\" content=\"Sisi Wein\" \/>\n\t<meta name=\"twitter:label2\" content=\"Est. reading time\" \/>\n\t<meta name=\"twitter:data2\" content=\"7 Minuten\" \/>\n<script type=\"application\/ld+json\" class=\"yoast-schema-graph\">{\"@context\":\"https:\/\/schema.org\",\"@graph\":[{\"@type\":\"WebPage\",\"@id\":\"https:\/\/www.frankentourismus.de\/blog\/2025\/08\/22\/rad-wandern-boot-individuelle-aktivreisen-im-naturpark-altmuehltal\/\",\"url\":\"https:\/\/www.frankentourismus.de\/blog\/2025\/08\/22\/rad-wandern-boot-individuelle-aktivreisen-im-naturpark-altmuehltal\/\",\"name\":\"Rad, Wandern, Boot: individuelle Aktivreisen im Naturpark Altm\u00fchltal - Franken Blog\",\"isPartOf\":{\"@id\":\"https:\/\/www.frankentourismus.de\/blog\/#website\"},\"datePublished\":\"2025-08-22T07:00:00+00:00\",\"dateModified\":\"2025-08-21T13:28:00+00:00\",\"author\":{\"@id\":\"https:\/\/www.frankentourismus.de\/blog\/#\/schema\/person\/077d15c247939e3520696ee497ffc26f\"},\"description\":\"Aktivurlaub im Naturpark Altm\u00fchltal: Rad- und Wander- und Bootstouren mit Anja Sonntag \u2013 individuell geplant seit 25 Jahren.\",\"breadcrumb\":{\"@id\":\"https:\/\/www.frankentourismus.de\/blog\/2025\/08\/22\/rad-wandern-boot-individuelle-aktivreisen-im-naturpark-altmuehltal\/#breadcrumb\"},\"inLanguage\":\"de-DE\",\"potentialAction\":[{\"@type\":\"ReadAction\",\"target\":[\"https:\/\/www.frankentourismus.de\/blog\/2025\/08\/22\/rad-wandern-boot-individuelle-aktivreisen-im-naturpark-altmuehltal\/\"]}]},{\"@type\":\"BreadcrumbList\",\"@id\":\"https:\/\/www.frankentourismus.de\/blog\/2025\/08\/22\/rad-wandern-boot-individuelle-aktivreisen-im-naturpark-altmuehltal\/#breadcrumb\",\"itemListElement\":[{\"@type\":\"ListItem\",\"position\":1,\"name\":\"Home\",\"item\":\"https:\/\/www.frankentourismus.de\/blog\/\"},{\"@type\":\"ListItem\",\"position\":2,\"name\":\"Rad, Wandern, Boot: individuelle Aktivreisen im Naturpark Altm\u00fchltal\"}]},{\"@type\":\"WebSite\",\"@id\":\"https:\/\/www.frankentourismus.de\/blog\/#website\",\"url\":\"https:\/\/www.frankentourismus.de\/blog\/\",\"name\":\"Franken Blog\",\"description\":\"Urlaub in Franken!\",\"potentialAction\":[{\"@type\":\"SearchAction\",\"target\":{\"@type\":\"EntryPoint\",\"urlTemplate\":\"https:\/\/www.frankentourismus.de\/blog\/?s={search_term_string}\"},\"query-input\":\"required name=search_term_string\"}],\"inLanguage\":\"de-DE\"},{\"@type\":\"Person\",\"@id\":\"https:\/\/www.frankentourismus.de\/blog\/#\/schema\/person\/077d15c247939e3520696ee497ffc26f\",\"name\":\"Sisi Wein\",\"image\":{\"@type\":\"ImageObject\",\"inLanguage\":\"de-DE\",\"@id\":\"https:\/\/www.frankentourismus.de\/blog\/#\/schema\/person\/image\/\",\"url\":\"https:\/\/www.frankentourismus.de\/blog\/wp-content\/uploads\/2021\/05\/Sisi-Wein-bearbeitet-150x150.jpg\",\"contentUrl\":\"https:\/\/www.frankentourismus.de\/blog\/wp-content\/uploads\/2021\/05\/Sisi-Wein-bearbeitet-150x150.jpg\",\"caption\":\"Sisi Wein\"},\"url\":\"https:\/\/www.frankentourismus.de\/blog\/author\/sisi-wein\/\"}]}<\/script>\n<!-- \/ Yoast SEO plugin. -->","yoast_head_json":{"title":"Rad, Wandern, Boot: individuelle Aktivreisen im Naturpark Altm\u00fchltal - Franken Blog","description":"Aktivurlaub im Naturpark Altm\u00fchltal: Rad- und Wander- und Bootstouren mit Anja Sonntag \u2013 individuell geplant seit 25 Jahren.","robots":{"index":"index","follow":"follow","max-snippet":"max-snippet:-1","max-image-preview":"max-image-preview:large","max-video-preview":"max-video-preview:-1"},"canonical":"https:\/\/www.frankentourismus.de\/blog\/2025\/08\/22\/rad-wandern-boot-individuelle-aktivreisen-im-naturpark-altmuehltal\/","og_locale":"de_DE","og_type":"article","og_title":"Rad, Wandern, Boot: individuelle Aktivreisen im Naturpark Altm\u00fchltal - Franken Blog","og_description":"Aktivurlaub im Naturpark Altm\u00fchltal: Rad- und Wander- und Bootstouren mit Anja Sonntag \u2013 individuell geplant seit 25 Jahren.","og_url":"https:\/\/www.frankentourismus.de\/blog\/2025\/08\/22\/rad-wandern-boot-individuelle-aktivreisen-im-naturpark-altmuehltal\/","og_site_name":"Franken Blog","article_published_time":"2025-08-22T07:00:00+00:00","article_modified_time":"2025-08-21T13:28:00+00:00","og_image":[{"width":2560,"height":1786,"url":"https:\/\/www.frankentourismus.de\/blog\/wp-content\/uploads\/2025\/08\/npa_0978_Naturpark-Altmuehltal__Sonnenuntergang-auf-den-Burgsteinfelsen-scaled.jpg","type":"image\/jpeg"}],"author":"Sisi Wein","twitter_card":"summary_large_image","twitter_misc":{"Written by":"Sisi Wein","Est. reading time":"7 Minuten"},"schema":{"@context":"https:\/\/schema.org","@graph":[{"@type":"WebPage","@id":"https:\/\/www.frankentourismus.de\/blog\/2025\/08\/22\/rad-wandern-boot-individuelle-aktivreisen-im-naturpark-altmuehltal\/","url":"https:\/\/www.frankentourismus.de\/blog\/2025\/08\/22\/rad-wandern-boot-individuelle-aktivreisen-im-naturpark-altmuehltal\/","name":"Rad, Wandern, Boot: individuelle Aktivreisen im Naturpark Altm\u00fchltal - Franken Blog","isPartOf":{"@id":"https:\/\/www.frankentourismus.de\/blog\/#website"},"datePublished":"2025-08-22T07:00:00+00:00","dateModified":"2025-08-21T13:28:00+00:00","author":{"@id":"https:\/\/www.frankentourismus.de\/blog\/#\/schema\/person\/077d15c247939e3520696ee497ffc26f"},"description":"Aktivurlaub im Naturpark Altm\u00fchltal: Rad- und Wander- und Bootstouren mit Anja Sonntag \u2013 individuell geplant seit 25 Jahren.","breadcrumb":{"@id":"https:\/\/www.frankentourismus.de\/blog\/2025\/08\/22\/rad-wandern-boot-individuelle-aktivreisen-im-naturpark-altmuehltal\/#breadcrumb"},"inLanguage":"de-DE","potentialAction":[{"@type":"ReadAction","target":["https:\/\/www.frankentourismus.de\/blog\/2025\/08\/22\/rad-wandern-boot-individuelle-aktivreisen-im-naturpark-altmuehltal\/"]}]},{"@type":"BreadcrumbList","@id":"https:\/\/www.frankentourismus.de\/blog\/2025\/08\/22\/rad-wandern-boot-individuelle-aktivreisen-im-naturpark-altmuehltal\/#breadcrumb","itemListElement":[{"@type":"ListItem","position":1,"name":"Home","item":"https:\/\/www.frankentourismus.de\/blog\/"},{"@type":"ListItem","position":2,"name":"Rad, Wandern, Boot: individuelle Aktivreisen im Naturpark Altm\u00fchltal"}]},{"@type":"WebSite","@id":"https:\/\/www.frankentourismus.de\/blog\/#website","url":"https:\/\/www.frankentourismus.de\/blog\/","name":"Franken Blog","description":"Urlaub in Franken!","potentialAction":[{"@type":"SearchAction","target":{"@type":"EntryPoint","urlTemplate":"https:\/\/www.frankentourismus.de\/blog\/?s={search_term_string}"},"query-input":"required name=search_term_string"}],"inLanguage":"de-DE"},{"@type":"Person","@id":"https:\/\/www.frankentourismus.de\/blog\/#\/schema\/person\/077d15c247939e3520696ee497ffc26f","name":"Sisi Wein","image":{"@type":"ImageObject","inLanguage":"de-DE","@id":"https:\/\/www.frankentourismus.de\/blog\/#\/schema\/person\/image\/","url":"https:\/\/www.frankentourismus.de\/blog\/wp-content\/uploads\/2021\/05\/Sisi-Wein-bearbeitet-150x150.jpg","contentUrl":"https:\/\/www.frankentourismus.de\/blog\/wp-content\/uploads\/2021\/05\/Sisi-Wein-bearbeitet-150x150.jpg","caption":"Sisi Wein"},"url":"https:\/\/www.frankentourismus.de\/blog\/author\/sisi-wein\/"}]}},"_links":{"self":[{"href":"https:\/\/www.frankentourismus.de\/blog\/wp-json\/wp\/v2\/posts\/7037"}],"collection":[{"href":"https:\/\/www.frankentourismus.de\/blog\/wp-json\/wp\/v2\/posts"}],"about":[{"href":"https:\/\/www.frankentourismus.de\/blog\/wp-json\/wp\/v2\/types\/post"}],"author":[{"embeddable":true,"href":"https:\/\/www.frankentourismus.de\/blog\/wp-json\/wp\/v2\/users\/41"}],"replies":[{"embeddable":true,"href":"https:\/\/www.frankentourismus.de\/blog\/wp-json\/wp\/v2\/comments?post=7037"}],"version-history":[{"count":5,"href":"https:\/\/www.frankentourismus.de\/blog\/wp-json\/wp\/v2\/posts\/7037\/revisions"}],"predecessor-version":[{"id":7071,"href":"https:\/\/www.frankentourismus.de\/blog\/wp-json\/wp\/v2\/posts\/7037\/revisions\/7071"}],"wp:featuredmedia":[{"embeddable":true,"href":"https:\/\/www.frankentourismus.de\/blog\/wp-json\/wp\/v2\/media\/7055"}],"wp:attachment":[{"href":"https:\/\/www.frankentourismus.de\/blog\/wp-json\/wp\/v2\/media?parent=7037"}],"wp:term":[{"taxonomy":"category","embeddable":true,"href":"https:\/\/www.frankentourismus.de\/blog\/wp-json\/wp\/v2\/categories?post=7037"},{"taxonomy":"post_tag","embeddable":true,"href":"https:\/\/www.frankentourismus.de\/blog\/wp-json\/wp\/v2\/tags?post=7037"}],"curies":[{"name":"wp","href":"https:\/\/api.w.org\/{rel}","templated":true}]}}