{"id":7007,"date":"2025-07-18T09:00:00","date_gmt":"2025-07-18T07:00:00","guid":{"rendered":"https:\/\/www.frankentourismus.de\/blog\/?p=7007"},"modified":"2025-07-17T16:37:42","modified_gmt":"2025-07-17T14:37:42","slug":"7007","status":"publish","type":"post","link":"https:\/\/www.frankentourismus.de\/blog\/2025\/07\/18\/7007\/","title":{"rendered":"Hammer, Dampf &amp; Handwerk \u2013 Zeitreise im N\u00fcrnberger Land"},"content":{"rendered":"\n<p><strong>Regelm\u00e4\u00dfig stampfen im <a href=\"https:\/\/urlaub.nuernberger-land.de\/\" target=\"_blank\" rel=\"noreferrer noopener\">N\u00fcrnberger Land<\/a> die H\u00e4mmer im <a href=\"https:\/\/www.frankentourismus.de\/poi\/industriemuseum-4446\/\" target=\"_blank\" rel=\"noreferrer noopener\">Laufer Industriemuseum<\/a> und formen das hei\u00dfe Eisen. Auch abseits solcher Aktionen springt der Funke beim Rundgang schnell \u00fcber \u2013 daf\u00fcr sorgt Leiterin Dr. Christiane M\u00fcller mit ihrem Team.<\/strong><\/p>\n\n\n<div class=\"hint\">\n            <figure>\n            <img width=\"300\" height=\"300\" src=\"https:\/\/www.frankentourismus.de\/blog\/wp-content\/uploads\/2021\/05\/Barbara-Keil-bearbeitet-300x300.jpg\" class=\"attachment-medium size-medium\" alt=\"\" decoding=\"async\" loading=\"lazy\" srcset=\"https:\/\/www.frankentourismus.de\/blog\/wp-content\/uploads\/2021\/05\/Barbara-Keil-bearbeitet-300x300.jpg 300w, https:\/\/www.frankentourismus.de\/blog\/wp-content\/uploads\/2021\/05\/Barbara-Keil-bearbeitet-1020x1024.jpg 1020w, https:\/\/www.frankentourismus.de\/blog\/wp-content\/uploads\/2021\/05\/Barbara-Keil-bearbeitet-150x150.jpg 150w, https:\/\/www.frankentourismus.de\/blog\/wp-content\/uploads\/2021\/05\/Barbara-Keil-bearbeitet-768x771.jpg 768w, https:\/\/www.frankentourismus.de\/blog\/wp-content\/uploads\/2021\/05\/Barbara-Keil-bearbeitet.jpg 1262w\" sizes=\"(max-width: 300px) 100vw, 300px\" \/>        <\/figure>\n    \n    <div class=\"content\">\n        <p>Mein Name ist Barbara Keil, ich bin an der Grenze zum Reiseland Franken aufgewachsen und habe schon als Kind gern meine fr\u00e4nkischen Verwandten besucht. Die Vielf\u00e4ltigkeit der Region ist mir erst bewusst geworden, als ich anfing beruflich als Redakteurin nach Franken zu reisen. Jeder Ausflug bietet neue \u00fcberraschende Entdeckungen und spannende Begegnungen mit den Menschen vor Ort!<\/p>\n    <\/div>\n<\/div>\n\n\n\n<div class=\"wp-block-media-text alignwide has-media-on-the-right\" style=\"grid-template-columns:auto 25%\"><div class=\"wp-block-media-text__content\">\n<p><strong>Mit den Hausbesuchen begleiten wir Einheimische bei ihrem t\u00e4glichen Wirken im Urlaubsland Franken. Im Industriemuseum Lauf im N\u00fcrnberger Land erlebe ich heute hautnah die Geschichte der Industrialisierung \u2013 von mittelalterlichen Hammerwerken bis zur Dampfmaschine \u2013 eingebettet in eine erlebnisreiche Region voller Natur, Handwerk und Kultur.<\/strong><\/p>\n<\/div><figure class=\"wp-block-media-text__media\"><img decoding=\"async\" loading=\"lazy\" width=\"562\" height=\"640\" src=\"https:\/\/www.frankentourismus.de\/blog\/wp-content\/uploads\/2021\/05\/FT-Hausbesuche-frei-1.png\" alt=\"\" class=\"wp-image-1195 size-full\" srcset=\"https:\/\/www.frankentourismus.de\/blog\/wp-content\/uploads\/2021\/05\/FT-Hausbesuche-frei-1.png 562w, https:\/\/www.frankentourismus.de\/blog\/wp-content\/uploads\/2021\/05\/FT-Hausbesuche-frei-1-263x300.png 263w\" sizes=\"(max-width: 562px) 100vw, 562px\" \/><\/figure><\/div>\n\n\n\n<p>Zwischen Laufs <strong>Fachwerk- und Sandsteinbauten<\/strong>, mit dem Rauschen der <strong>Pegnitz<\/strong> im Ohr, beginnt der Streifzug durch die <strong>Geschichte der Industrialisierung<\/strong>. Er f\u00fchrt von den Hammerwerken des Mittelalters bis ins 20. Jahrhundert.<\/p>\n\n\n\n<figure class=\"wp-block-image size-large\"><img decoding=\"async\" loading=\"lazy\" width=\"1024\" height=\"683\" src=\"https:\/\/www.frankentourismus.de\/blog\/wp-content\/uploads\/2025\/07\/IMG_8007-1024x683.jpg\" alt=\"\" class=\"wp-image-7017\" srcset=\"https:\/\/www.frankentourismus.de\/blog\/wp-content\/uploads\/2025\/07\/IMG_8007-1024x683.jpg 1024w, https:\/\/www.frankentourismus.de\/blog\/wp-content\/uploads\/2025\/07\/IMG_8007-300x200.jpg 300w, https:\/\/www.frankentourismus.de\/blog\/wp-content\/uploads\/2025\/07\/IMG_8007-768x512.jpg 768w, https:\/\/www.frankentourismus.de\/blog\/wp-content\/uploads\/2025\/07\/IMG_8007-1536x1024.jpg 1536w, https:\/\/www.frankentourismus.de\/blog\/wp-content\/uploads\/2025\/07\/IMG_8007-2048x1365.jpg 2048w\" sizes=\"(max-width: 1024px) 100vw, 1024px\" \/><figcaption class=\"wp-element-caption\">\u00a9 FrankenTourismus \/ Barbara Keil<\/figcaption><\/figure>\n\n\n\n<p>Das <strong>Wasser<\/strong> spielt hierbei eine <strong>Schl\u00fcsselrolle<\/strong>. \u201eDie Pegnitz hat in <a href=\"https:\/\/lauf.de\/\" target=\"_blank\" rel=\"noreferrer noopener\">Lauf<\/a> das <strong>st\u00e4rkste Gef\u00e4lle<\/strong> in ihrem ganzen Verlauf\u201c, erkl\u00e4rt Christiane M\u00fcller: \u201eDazu kam die <strong>gute Lage an der Goldenen Stra\u00dfe<\/strong> zwischen N\u00fcrnberg und Prag. Die <strong>Kaiserburg<\/strong> und die <strong>Fachwerkh\u00e4uschen<\/strong> t\u00e4uschen ein bisschen dar\u00fcber hinweg, aber Lauf ist immer ein <strong>Industriestandort<\/strong> gewesen.\u201c Bereits im Mittelalter wurde die Kombination aus <strong>sicherer Energieversorgung<\/strong> und <strong>guter Verkehrsanbindung<\/strong> f\u00fcr die Hammerwerke genutzt. 1972 stellte das letzte dieser Werke den Betrieb ein. Daraufhin setzte der Verein \u201e<strong>Altstadtfreunde Lauf an der Pegnitz<\/strong>\u201c sich daf\u00fcr ein, es zu erhalten und zum <strong>Museum<\/strong> zu machen. Die nebenan gelegene <strong>Ventilfabrik \u201eDietz &amp; Pfriem\u201c<\/strong> geh\u00f6rt heute ebenfalls zum rund <strong>3.600 Quadratmeter gro\u00dfen Museumsgel\u00e4nde<\/strong>.<\/p>\n\n\n\n<p>Wenn Christiane M\u00fcller an ihren ersten Besuch im Industriemuseum denkt, l\u00e4chelt sie: \u201eEs war <strong>Liebe auf den ersten Blick<\/strong>.\u201c Technik faszinierte die <strong>studierte Arch\u00e4ologin und Medienwissenschaftlerin<\/strong> schon, bevor sie ihre Stelle antrat. \u201eMeine Familie kommt aus dem Saarland. Ich war als Kind oft mit meinem Gro\u00dfvater in den Bergh\u00fctten\u201c, erz\u00e4hlt sie.<\/p>\n\n\n\n<figure class=\"wp-block-image size-large\"><img decoding=\"async\" loading=\"lazy\" width=\"1024\" height=\"683\" src=\"https:\/\/www.frankentourismus.de\/blog\/wp-content\/uploads\/2025\/07\/IMG_7882-1024x683.jpg\" alt=\"\" class=\"wp-image-7015\" srcset=\"https:\/\/www.frankentourismus.de\/blog\/wp-content\/uploads\/2025\/07\/IMG_7882-1024x683.jpg 1024w, https:\/\/www.frankentourismus.de\/blog\/wp-content\/uploads\/2025\/07\/IMG_7882-300x200.jpg 300w, https:\/\/www.frankentourismus.de\/blog\/wp-content\/uploads\/2025\/07\/IMG_7882-768x512.jpg 768w, https:\/\/www.frankentourismus.de\/blog\/wp-content\/uploads\/2025\/07\/IMG_7882-1536x1024.jpg 1536w, https:\/\/www.frankentourismus.de\/blog\/wp-content\/uploads\/2025\/07\/IMG_7882-2048x1365.jpg 2048w\" sizes=\"(max-width: 1024px) 100vw, 1024px\" \/><figcaption class=\"wp-element-caption\">\u00a9 FrankenTourismus \/ Barbara Keil<\/figcaption><\/figure>\n\n\n\n<p>Bei vielen Besucher:innen des Museums wecken der <strong>Geruch von \u00d6l und Farbe<\/strong>, die <strong>ru\u00dfigen W\u00e4nde<\/strong> der Schmiede oder die <strong>knarzenden Holztreppen<\/strong> Kindheits- und Jugenderinnerungen. \u201eWir versuchen, alle unsere Maschinen so zu warten, dass man sie <strong>morgen in Betrieb<\/strong> nehmen k\u00f6nnte\u201c, betont die Museumsleiterin. Dass in <strong>E-Werk, Hammerschmiede, Getreidem\u00fchle und Ventilfabrik<\/strong> alles so <strong>authentisch<\/strong> wirkt, hat noch einen anderen Grund: Die <strong>Maschinen ratterten, dampften und arbeiteten<\/strong> einst genau <strong>da, wo sie heute noch stehen<\/strong>. Auch die \u201e<strong>Tandem Dampfmaschine<\/strong>\u201c, die bei einem <strong>Wettbewerb des Bayerischen Heimatministeriums<\/strong> als einer von \u201e<strong>100 Heimatsch\u00e4tzen in Bayern\u201c ausgezeichnet<\/strong> wurde, stammt aus einer <strong>\u00f6rtlichen Fabrik<\/strong>.<\/p>\n\n\n\n<h2>Gut frisiert ins E-Werk<\/h2>\n\n\n\n<p>G\u00e4ste kommen der Technik im Museum nicht nur sehr nahe, sie k\u00f6nnen sie im wahrsten Sinne des Wortes begreifen. Daf\u00fcr sorgen unter anderem <strong>zahlreiche Mitmachstationen<\/strong>, die an der <strong>gr\u00fcnen Gestaltung<\/strong> erkennbar sind und die mit <strong>Unterst\u00fctzung verschiedener Laufer Unternehmen<\/strong> entstanden. \u201eEs gibt so viele <strong>technische Prinzipien<\/strong>, die uralt sind und heute immer noch genutzt werden\u201c, stellt Christiane M\u00fcller fest.<\/p>\n\n\n\n<figure class=\"wp-block-image size-large\"><img decoding=\"async\" loading=\"lazy\" width=\"1024\" height=\"683\" src=\"https:\/\/www.frankentourismus.de\/blog\/wp-content\/uploads\/2025\/07\/IMG_7925-1024x683.jpg\" alt=\"\" class=\"wp-image-7013\" srcset=\"https:\/\/www.frankentourismus.de\/blog\/wp-content\/uploads\/2025\/07\/IMG_7925-1024x683.jpg 1024w, https:\/\/www.frankentourismus.de\/blog\/wp-content\/uploads\/2025\/07\/IMG_7925-300x200.jpg 300w, https:\/\/www.frankentourismus.de\/blog\/wp-content\/uploads\/2025\/07\/IMG_7925-768x512.jpg 768w, https:\/\/www.frankentourismus.de\/blog\/wp-content\/uploads\/2025\/07\/IMG_7925-1536x1024.jpg 1536w, https:\/\/www.frankentourismus.de\/blog\/wp-content\/uploads\/2025\/07\/IMG_7925-2048x1365.jpg 2048w\" sizes=\"(max-width: 1024px) 100vw, 1024px\" \/><figcaption class=\"wp-element-caption\">\u00a9 FrankenTourismus \/ Barbara Keil<\/figcaption><\/figure>\n\n\n\n<p>Doch die Distanz der G\u00e4ste zur historischen Technik w\u00e4chst. Diese \u00fcberbr\u00fcckt das Museum auf ebenso <strong>kurzweilige wie anschauliche Art<\/strong>. Wer schafft es, die Zahnr\u00e4der so anzuordnen, dass die Glocke bimmelt? Wer bringt die Dampfmaschine zum Laufen? Solche Aufgaben wecken auf <strong>spielerische Art<\/strong> das <strong>Interesse an Technik<\/strong>. Zus\u00e4tzlich bietet das Museum <strong>verschiedene Programme<\/strong> und <strong>digitale Programmbausteine<\/strong> etwa zum <strong>Thema Nachhaltigkeit<\/strong>, wie Christiane M\u00fcller berichtet: \u201eWir haben sehr viele reparierte und Eigenbau-Teile. Da f\u00e4llt es den J\u00fcngeren manchmal wie Schuppen von den Augen: Ach, man k\u00f6nnte einen Topf auch reparieren!\u201c<\/p>\n\n\n\n<p>Neben der Industrie sind das <strong>Handwerk und die Lebenswelt der Menschen<\/strong> Thema im Museum. <strong>Originalwerkst\u00e4tten<\/strong>, ein <strong>Friseursalon<\/strong> und <strong>Arbeiterwohnungen<\/strong> wurden eingerichtet. Hier tauchen die Museumsg\u00e4ste unter anderem in die <strong>Wirtschaftswunderzeit<\/strong> ein. Es gibt kaum jemanden, der sich zwischen <strong>Reiseplattenspieler<\/strong>, <strong>Karl-May-Ausgaben<\/strong> und <strong>Porzellankaffeefiltern<\/strong> nicht in diese \u00c4ra zur\u00fcckversetzt f\u00fchlt. Die Museumsleiterin hat ebenfalls etwas f\u00fcr die Abteilung gespendet: ein <strong>Tischchen mit Aschenbecher aus dem Besitz ihrer Gro\u00dfeltern<\/strong>. Sogar die Zigarrenmarke stimme, erz\u00e4hlt sie schmunzelnd: \u201eDas ist meine Ecke in diesem Haus.\u201c<\/p>\n\n\n\n<figure class=\"wp-block-image size-large\"><img decoding=\"async\" loading=\"lazy\" width=\"1024\" height=\"683\" src=\"https:\/\/www.frankentourismus.de\/blog\/wp-content\/uploads\/2025\/07\/IMG_7998-1024x683.jpg\" alt=\"\" class=\"wp-image-7011\" srcset=\"https:\/\/www.frankentourismus.de\/blog\/wp-content\/uploads\/2025\/07\/IMG_7998-1024x683.jpg 1024w, https:\/\/www.frankentourismus.de\/blog\/wp-content\/uploads\/2025\/07\/IMG_7998-300x200.jpg 300w, https:\/\/www.frankentourismus.de\/blog\/wp-content\/uploads\/2025\/07\/IMG_7998-768x512.jpg 768w, https:\/\/www.frankentourismus.de\/blog\/wp-content\/uploads\/2025\/07\/IMG_7998-1536x1024.jpg 1536w, https:\/\/www.frankentourismus.de\/blog\/wp-content\/uploads\/2025\/07\/IMG_7998-2048x1365.jpg 2048w\" sizes=\"(max-width: 1024px) 100vw, 1024px\" \/><figcaption class=\"wp-element-caption\">\u00a9 FrankenTourismus \/ Barbara Keil<\/figcaption><\/figure>\n\n\n\n<p><strong>Das N\u00fcrnberger Land hat sich als Outdoor- und Genussregion einen Namen gemacht<\/strong>.<strong> Mit <a href=\"https:\/\/urlaub.nuernberger-land.de\/outdoor\/klettern\" target=\"_blank\" rel=\"noreferrer noopener\">Kletterfelsen<\/a>, Mountainbike-Strecken, <a href=\"https:\/\/urlaub.nuernberger-land.de\/outdoor\/kanu\" target=\"_blank\" rel=\"noreferrer noopener\">Fl\u00fcssen zum Paddeln<\/a> und geheimnisvollen H\u00f6hlen ist die Urlaubslandschaft vor den Toren der Stadt <a href=\"https:\/\/tourismus.nuernberg.de\/\" target=\"_blank\" rel=\"noreferrer noopener\">N\u00fcrnberg<\/a> ein beliebtes Ziel f\u00fcr alle Abenteuerlustigen. Zahlreiche Direktvermarkter:innen, urige Gasth\u00f6fe und Dorfcaf\u00e9s mit hausgemachten Leckereien sorgen f\u00fcr die St\u00e4rkung zwischendurch. Das \u201eSahneh\u00e4ubchen\u201c sind die <a href=\"https:\/\/urlaub.nuernberger-land.de\/genuss\/kunst-kultur\" target=\"_blank\" rel=\"noreferrer noopener\">kulturellen Entdeckungen<\/a>, die bei Ausfl\u00fcgen im N\u00fcrnberger Land immer wieder am Weg liegen. Dazu geh\u00f6ren die spannenden Museen, die von Rittern bis zu Raumfahrt und von Oldtimern bis zu modernem Design eine gro\u00dfe Themenvielfalt pr\u00e4sentieren. Trutzige Burgen thronen auf so mancher Anh\u00f6he, w\u00e4hrend in den St\u00e4dtchen und D\u00f6rfern Tore, T\u00fcrme und Fachwerkbauten das Gef\u00fchl wecken, mitten durch die Geschichte zu spazieren.<\/strong><\/p>\n\n\n\n<figure class=\"is-layout-flex wp-block-gallery-1 wp-block-gallery has-nested-images columns-default is-cropped\">\n<figure class=\"wp-block-image size-large\"><img decoding=\"async\" loading=\"lazy\" width=\"1024\" height=\"683\" data-id=\"7019\"  src=\"https:\/\/www.frankentourismus.de\/blog\/wp-content\/uploads\/2025\/07\/nlt_0328_Nuernberger-Land_Kirchensittenbach_Wanderung-mit-Blick-auf-Burg-Hohenstein-1024x683.jpg\" alt=\"\" class=\"wp-image-7019\" srcset=\"https:\/\/www.frankentourismus.de\/blog\/wp-content\/uploads\/2025\/07\/nlt_0328_Nuernberger-Land_Kirchensittenbach_Wanderung-mit-Blick-auf-Burg-Hohenstein-1024x683.jpg 1024w, https:\/\/www.frankentourismus.de\/blog\/wp-content\/uploads\/2025\/07\/nlt_0328_Nuernberger-Land_Kirchensittenbach_Wanderung-mit-Blick-auf-Burg-Hohenstein-300x200.jpg 300w, https:\/\/www.frankentourismus.de\/blog\/wp-content\/uploads\/2025\/07\/nlt_0328_Nuernberger-Land_Kirchensittenbach_Wanderung-mit-Blick-auf-Burg-Hohenstein-768x512.jpg 768w, https:\/\/www.frankentourismus.de\/blog\/wp-content\/uploads\/2025\/07\/nlt_0328_Nuernberger-Land_Kirchensittenbach_Wanderung-mit-Blick-auf-Burg-Hohenstein-1536x1024.jpg 1536w, https:\/\/www.frankentourismus.de\/blog\/wp-content\/uploads\/2025\/07\/nlt_0328_Nuernberger-Land_Kirchensittenbach_Wanderung-mit-Blick-auf-Burg-Hohenstein-2048x1365.jpg 2048w\" sizes=\"(max-width: 1024px) 100vw, 1024px\" \/><figcaption class=\"wp-element-caption\">\u00a9 N\u00fcrnberger Land Tourismus \/ Thomas Geiger<\/figcaption><\/figure>\n\n\n\n<figure class=\"wp-block-image size-large\"><img decoding=\"async\" loading=\"lazy\" width=\"1024\" height=\"683\" data-id=\"7021\"  src=\"https:\/\/www.frankentourismus.de\/blog\/wp-content\/uploads\/2025\/07\/nlt_0416_Nuernberger-Land_Altdorf-b.Nuernberg_Auf-dem-Frankenweg-bei-Hegnenberg-1024x683.jpg\" alt=\"\" class=\"wp-image-7021\" srcset=\"https:\/\/www.frankentourismus.de\/blog\/wp-content\/uploads\/2025\/07\/nlt_0416_Nuernberger-Land_Altdorf-b.Nuernberg_Auf-dem-Frankenweg-bei-Hegnenberg-1024x683.jpg 1024w, https:\/\/www.frankentourismus.de\/blog\/wp-content\/uploads\/2025\/07\/nlt_0416_Nuernberger-Land_Altdorf-b.Nuernberg_Auf-dem-Frankenweg-bei-Hegnenberg-300x200.jpg 300w, https:\/\/www.frankentourismus.de\/blog\/wp-content\/uploads\/2025\/07\/nlt_0416_Nuernberger-Land_Altdorf-b.Nuernberg_Auf-dem-Frankenweg-bei-Hegnenberg-768x512.jpg 768w, https:\/\/www.frankentourismus.de\/blog\/wp-content\/uploads\/2025\/07\/nlt_0416_Nuernberger-Land_Altdorf-b.Nuernberg_Auf-dem-Frankenweg-bei-Hegnenberg-1536x1024.jpg 1536w, https:\/\/www.frankentourismus.de\/blog\/wp-content\/uploads\/2025\/07\/nlt_0416_Nuernberger-Land_Altdorf-b.Nuernberg_Auf-dem-Frankenweg-bei-Hegnenberg-2048x1365.jpg 2048w\" sizes=\"(max-width: 1024px) 100vw, 1024px\" \/><figcaption class=\"wp-element-caption\">Auf dem Frankenweg bei Hegnenberg<\/figcaption><\/figure>\n<\/figure>\n","protected":false},"excerpt":{"rendered":"<p>Regelm\u00e4\u00dfig stampfen im N\u00fcrnberger Land die H\u00e4mmer im Laufer Industriemuseum und formen das hei\u00dfe Eisen. Auch abseits solcher Aktionen springt der Funke beim Rundgang schnell \u00fcber \u2013 daf\u00fcr sorgt Leiterin Dr. Christiane M\u00fcller mit ihrem Team. Mit den Hausbesuchen begleiten wir Einheimische bei ihrem t\u00e4glichen Wirken im Urlaubsland Franken. Im Industriemuseum Lauf im N\u00fcrnberger Land [&hellip;]<\/p>\n","protected":false},"author":39,"featured_media":7019,"comment_status":"open","ping_status":"closed","sticky":false,"template":"","format":"standard","meta":[],"categories":[1,61,125,307],"tags":[143,87,333,219],"yoast_head":"<!-- This site is optimized with the Yoast SEO plugin v19.14 - https:\/\/yoast.com\/wordpress\/plugins\/seo\/ -->\n<title>Hammer, Dampf &amp; Handwerk \u2013 Zeitreise im N\u00fcrnberger Land - Franken Blog<\/title>\n<meta name=\"description\" content=\"Erlebe im Industriemuseum Lauf die faszinierende Geschichte der Industrialisierung \u2013 umgeben von Natur, Kultur und Genuss.\" \/>\n<meta name=\"robots\" content=\"index, follow, max-snippet:-1, max-image-preview:large, max-video-preview:-1\" \/>\n<link rel=\"canonical\" href=\"https:\/\/www.frankentourismus.de\/blog\/2025\/07\/18\/7007\/\" \/>\n<meta property=\"og:locale\" content=\"de_DE\" \/>\n<meta property=\"og:type\" content=\"article\" \/>\n<meta property=\"og:title\" content=\"Hammer, Dampf &amp; Handwerk \u2013 Zeitreise im N\u00fcrnberger Land - Franken Blog\" \/>\n<meta property=\"og:description\" content=\"Erlebe im Industriemuseum Lauf die faszinierende Geschichte der Industrialisierung \u2013 umgeben von Natur, Kultur und Genuss.\" \/>\n<meta property=\"og:url\" content=\"https:\/\/www.frankentourismus.de\/blog\/2025\/07\/18\/7007\/\" \/>\n<meta property=\"og:site_name\" content=\"Franken Blog\" \/>\n<meta property=\"article:published_time\" content=\"2025-07-18T07:00:00+00:00\" \/>\n<meta property=\"article:modified_time\" content=\"2025-07-17T14:37:42+00:00\" \/>\n<meta property=\"og:image\" content=\"https:\/\/www.frankentourismus.de\/blog\/wp-content\/uploads\/2025\/07\/nlt_0328_Nuernberger-Land_Kirchensittenbach_Wanderung-mit-Blick-auf-Burg-Hohenstein-scaled.jpg\" \/>\n\t<meta property=\"og:image:width\" content=\"2560\" \/>\n\t<meta property=\"og:image:height\" content=\"1707\" \/>\n\t<meta property=\"og:image:type\" content=\"image\/jpeg\" \/>\n<meta name=\"author\" content=\"Barbara Keil\" \/>\n<meta name=\"twitter:card\" content=\"summary_large_image\" \/>\n<meta name=\"twitter:label1\" content=\"Written by\" \/>\n\t<meta name=\"twitter:data1\" content=\"Barbara Keil\" \/>\n\t<meta name=\"twitter:label2\" content=\"Est. reading time\" \/>\n\t<meta name=\"twitter:data2\" content=\"6 Minuten\" \/>\n<script type=\"application\/ld+json\" class=\"yoast-schema-graph\">{\"@context\":\"https:\/\/schema.org\",\"@graph\":[{\"@type\":\"WebPage\",\"@id\":\"https:\/\/www.frankentourismus.de\/blog\/2025\/07\/18\/7007\/\",\"url\":\"https:\/\/www.frankentourismus.de\/blog\/2025\/07\/18\/7007\/\",\"name\":\"Hammer, Dampf &amp; Handwerk \u2013 Zeitreise im N\u00fcrnberger Land - Franken Blog\",\"isPartOf\":{\"@id\":\"https:\/\/www.frankentourismus.de\/blog\/#website\"},\"datePublished\":\"2025-07-18T07:00:00+00:00\",\"dateModified\":\"2025-07-17T14:37:42+00:00\",\"author\":{\"@id\":\"https:\/\/www.frankentourismus.de\/blog\/#\/schema\/person\/1512774da01c82a6efe4d05624abe3a0\"},\"description\":\"Erlebe im Industriemuseum Lauf die faszinierende Geschichte der Industrialisierung \u2013 umgeben von Natur, Kultur und Genuss.\",\"breadcrumb\":{\"@id\":\"https:\/\/www.frankentourismus.de\/blog\/2025\/07\/18\/7007\/#breadcrumb\"},\"inLanguage\":\"de-DE\",\"potentialAction\":[{\"@type\":\"ReadAction\",\"target\":[\"https:\/\/www.frankentourismus.de\/blog\/2025\/07\/18\/7007\/\"]}]},{\"@type\":\"BreadcrumbList\",\"@id\":\"https:\/\/www.frankentourismus.de\/blog\/2025\/07\/18\/7007\/#breadcrumb\",\"itemListElement\":[{\"@type\":\"ListItem\",\"position\":1,\"name\":\"Home\",\"item\":\"https:\/\/www.frankentourismus.de\/blog\/\"},{\"@type\":\"ListItem\",\"position\":2,\"name\":\"Hammer, Dampf &amp; Handwerk \u2013 Zeitreise im N\u00fcrnberger Land\"}]},{\"@type\":\"WebSite\",\"@id\":\"https:\/\/www.frankentourismus.de\/blog\/#website\",\"url\":\"https:\/\/www.frankentourismus.de\/blog\/\",\"name\":\"Franken Blog\",\"description\":\"Urlaub in Franken!\",\"potentialAction\":[{\"@type\":\"SearchAction\",\"target\":{\"@type\":\"EntryPoint\",\"urlTemplate\":\"https:\/\/www.frankentourismus.de\/blog\/?s={search_term_string}\"},\"query-input\":\"required name=search_term_string\"}],\"inLanguage\":\"de-DE\"},{\"@type\":\"Person\",\"@id\":\"https:\/\/www.frankentourismus.de\/blog\/#\/schema\/person\/1512774da01c82a6efe4d05624abe3a0\",\"name\":\"Barbara Keil\",\"image\":{\"@type\":\"ImageObject\",\"inLanguage\":\"de-DE\",\"@id\":\"https:\/\/www.frankentourismus.de\/blog\/#\/schema\/person\/image\/\",\"url\":\"https:\/\/www.frankentourismus.de\/blog\/wp-content\/uploads\/2021\/05\/Barbara-Keil-bearbeitet-150x150.jpg\",\"contentUrl\":\"https:\/\/www.frankentourismus.de\/blog\/wp-content\/uploads\/2021\/05\/Barbara-Keil-bearbeitet-150x150.jpg\",\"caption\":\"Barbara Keil\"},\"url\":\"https:\/\/www.frankentourismus.de\/blog\/author\/barbara-keil\/\"}]}<\/script>\n<!-- \/ Yoast SEO plugin. -->","yoast_head_json":{"title":"Hammer, Dampf &amp; Handwerk \u2013 Zeitreise im N\u00fcrnberger Land - Franken Blog","description":"Erlebe im Industriemuseum Lauf die faszinierende Geschichte der Industrialisierung \u2013 umgeben von Natur, Kultur und Genuss.","robots":{"index":"index","follow":"follow","max-snippet":"max-snippet:-1","max-image-preview":"max-image-preview:large","max-video-preview":"max-video-preview:-1"},"canonical":"https:\/\/www.frankentourismus.de\/blog\/2025\/07\/18\/7007\/","og_locale":"de_DE","og_type":"article","og_title":"Hammer, Dampf &amp; Handwerk \u2013 Zeitreise im N\u00fcrnberger Land - Franken Blog","og_description":"Erlebe im Industriemuseum Lauf die faszinierende Geschichte der Industrialisierung \u2013 umgeben von Natur, Kultur und Genuss.","og_url":"https:\/\/www.frankentourismus.de\/blog\/2025\/07\/18\/7007\/","og_site_name":"Franken Blog","article_published_time":"2025-07-18T07:00:00+00:00","article_modified_time":"2025-07-17T14:37:42+00:00","og_image":[{"width":2560,"height":1707,"url":"https:\/\/www.frankentourismus.de\/blog\/wp-content\/uploads\/2025\/07\/nlt_0328_Nuernberger-Land_Kirchensittenbach_Wanderung-mit-Blick-auf-Burg-Hohenstein-scaled.jpg","type":"image\/jpeg"}],"author":"Barbara Keil","twitter_card":"summary_large_image","twitter_misc":{"Written by":"Barbara Keil","Est. reading time":"6 Minuten"},"schema":{"@context":"https:\/\/schema.org","@graph":[{"@type":"WebPage","@id":"https:\/\/www.frankentourismus.de\/blog\/2025\/07\/18\/7007\/","url":"https:\/\/www.frankentourismus.de\/blog\/2025\/07\/18\/7007\/","name":"Hammer, Dampf &amp; Handwerk \u2013 Zeitreise im N\u00fcrnberger Land - Franken Blog","isPartOf":{"@id":"https:\/\/www.frankentourismus.de\/blog\/#website"},"datePublished":"2025-07-18T07:00:00+00:00","dateModified":"2025-07-17T14:37:42+00:00","author":{"@id":"https:\/\/www.frankentourismus.de\/blog\/#\/schema\/person\/1512774da01c82a6efe4d05624abe3a0"},"description":"Erlebe im Industriemuseum Lauf die faszinierende Geschichte der Industrialisierung \u2013 umgeben von Natur, Kultur und Genuss.","breadcrumb":{"@id":"https:\/\/www.frankentourismus.de\/blog\/2025\/07\/18\/7007\/#breadcrumb"},"inLanguage":"de-DE","potentialAction":[{"@type":"ReadAction","target":["https:\/\/www.frankentourismus.de\/blog\/2025\/07\/18\/7007\/"]}]},{"@type":"BreadcrumbList","@id":"https:\/\/www.frankentourismus.de\/blog\/2025\/07\/18\/7007\/#breadcrumb","itemListElement":[{"@type":"ListItem","position":1,"name":"Home","item":"https:\/\/www.frankentourismus.de\/blog\/"},{"@type":"ListItem","position":2,"name":"Hammer, Dampf &amp; Handwerk \u2013 Zeitreise im N\u00fcrnberger Land"}]},{"@type":"WebSite","@id":"https:\/\/www.frankentourismus.de\/blog\/#website","url":"https:\/\/www.frankentourismus.de\/blog\/","name":"Franken Blog","description":"Urlaub in Franken!","potentialAction":[{"@type":"SearchAction","target":{"@type":"EntryPoint","urlTemplate":"https:\/\/www.frankentourismus.de\/blog\/?s={search_term_string}"},"query-input":"required name=search_term_string"}],"inLanguage":"de-DE"},{"@type":"Person","@id":"https:\/\/www.frankentourismus.de\/blog\/#\/schema\/person\/1512774da01c82a6efe4d05624abe3a0","name":"Barbara Keil","image":{"@type":"ImageObject","inLanguage":"de-DE","@id":"https:\/\/www.frankentourismus.de\/blog\/#\/schema\/person\/image\/","url":"https:\/\/www.frankentourismus.de\/blog\/wp-content\/uploads\/2021\/05\/Barbara-Keil-bearbeitet-150x150.jpg","contentUrl":"https:\/\/www.frankentourismus.de\/blog\/wp-content\/uploads\/2021\/05\/Barbara-Keil-bearbeitet-150x150.jpg","caption":"Barbara Keil"},"url":"https:\/\/www.frankentourismus.de\/blog\/author\/barbara-keil\/"}]}},"_links":{"self":[{"href":"https:\/\/www.frankentourismus.de\/blog\/wp-json\/wp\/v2\/posts\/7007"}],"collection":[{"href":"https:\/\/www.frankentourismus.de\/blog\/wp-json\/wp\/v2\/posts"}],"about":[{"href":"https:\/\/www.frankentourismus.de\/blog\/wp-json\/wp\/v2\/types\/post"}],"author":[{"embeddable":true,"href":"https:\/\/www.frankentourismus.de\/blog\/wp-json\/wp\/v2\/users\/39"}],"replies":[{"embeddable":true,"href":"https:\/\/www.frankentourismus.de\/blog\/wp-json\/wp\/v2\/comments?post=7007"}],"version-history":[{"count":5,"href":"https:\/\/www.frankentourismus.de\/blog\/wp-json\/wp\/v2\/posts\/7007\/revisions"}],"predecessor-version":[{"id":7035,"href":"https:\/\/www.frankentourismus.de\/blog\/wp-json\/wp\/v2\/posts\/7007\/revisions\/7035"}],"wp:featuredmedia":[{"embeddable":true,"href":"https:\/\/www.frankentourismus.de\/blog\/wp-json\/wp\/v2\/media\/7019"}],"wp:attachment":[{"href":"https:\/\/www.frankentourismus.de\/blog\/wp-json\/wp\/v2\/media?parent=7007"}],"wp:term":[{"taxonomy":"category","embeddable":true,"href":"https:\/\/www.frankentourismus.de\/blog\/wp-json\/wp\/v2\/categories?post=7007"},{"taxonomy":"post_tag","embeddable":true,"href":"https:\/\/www.frankentourismus.de\/blog\/wp-json\/wp\/v2\/tags?post=7007"}],"curies":[{"name":"wp","href":"https:\/\/api.w.org\/{rel}","templated":true}]}}