{"id":6967,"date":"2025-07-04T09:00:00","date_gmt":"2025-07-04T07:00:00","guid":{"rendered":"https:\/\/www.frankentourismus.de\/blog\/?p=6967"},"modified":"2025-06-24T15:57:51","modified_gmt":"2025-06-24T13:57:51","slug":"babettes-spuren-zum-bierhimmel","status":"publish","type":"post","link":"https:\/\/www.frankentourismus.de\/blog\/2025\/07\/04\/babettes-spuren-zum-bierhimmel\/","title":{"rendered":"Bierhimmel \u00fcber Miltenberg \u2013 Mit Faust auf Genussreise"},"content":{"rendered":"\n<p><strong>Im <a href=\"https:\/\/spessart-mainland.de\/startseite.html\" target=\"_blank\" rel=\"noreferrer noopener\">Spessart-Mainland<\/a>, mitten in der Altstadt von <a href=\"https:\/\/miltenberg.info\/\" target=\"_blank\" rel=\"noreferrer noopener\">Miltenberg<\/a> und damit in einem der \u201eGenussorte Bayern\u201c, entstehen besondere Bierspezialit\u00e4ten. Johannes Faust, Brauer und Betriebswirt, f\u00fchrt die Geschicke einer Traditionsbrauerei mit jahrhundertelanger Geschichte.<\/strong><\/p>\n\n\n<div class=\"hint\">\n            <figure>\n            <img width=\"300\" height=\"300\" src=\"https:\/\/www.frankentourismus.de\/blog\/wp-content\/uploads\/2021\/05\/Barbara-Keil-bearbeitet-300x300.jpg\" class=\"attachment-medium size-medium\" alt=\"\" decoding=\"async\" loading=\"lazy\" srcset=\"https:\/\/www.frankentourismus.de\/blog\/wp-content\/uploads\/2021\/05\/Barbara-Keil-bearbeitet-300x300.jpg 300w, https:\/\/www.frankentourismus.de\/blog\/wp-content\/uploads\/2021\/05\/Barbara-Keil-bearbeitet-1020x1024.jpg 1020w, https:\/\/www.frankentourismus.de\/blog\/wp-content\/uploads\/2021\/05\/Barbara-Keil-bearbeitet-150x150.jpg 150w, https:\/\/www.frankentourismus.de\/blog\/wp-content\/uploads\/2021\/05\/Barbara-Keil-bearbeitet-768x771.jpg 768w, https:\/\/www.frankentourismus.de\/blog\/wp-content\/uploads\/2021\/05\/Barbara-Keil-bearbeitet.jpg 1262w\" sizes=\"(max-width: 300px) 100vw, 300px\" \/>        <\/figure>\n    \n    <div class=\"content\">\n        <p>Mein Name ist Barbara Keil, ich bin an der Grenze zum Reiseland Franken aufgewachsen und habe schon als Kind gern meine fr\u00e4nkischen Verwandten besucht. Die Vielf\u00e4ltigkeit der Region ist mir erst bewusst geworden, als ich anfing beruflich als Redakteurin nach Franken zu reisen. Jeder Ausflug bietet neue \u00fcberraschende Entdeckungen und spannende Begegnungen mit den Menschen vor Ort!<\/p>\n    <\/div>\n<\/div>\n\n\n\n<div class=\"wp-block-media-text alignwide has-media-on-the-right\" style=\"grid-template-columns:auto 25%\"><div class=\"wp-block-media-text__content\">\n<p><strong>Mit den Hausbesuchen begleiten wir Einheimische bei ihrem t\u00e4glichen Wirken im Urlaubsland Franken. Heute besuche ich den Genussort Miltenberg im Spessart-Mainland. Hier verbindet die traditionsreiche Brauerei Faust handwerkliches Bierbrauen mit Familiengeschichte, regionaler Verwurzelung und einem Bierhimmel mit Aussicht.<\/strong><\/p>\n<\/div><figure class=\"wp-block-media-text__media\"><img decoding=\"async\" loading=\"lazy\" width=\"562\" height=\"640\" src=\"https:\/\/www.frankentourismus.de\/blog\/wp-content\/uploads\/2021\/05\/FT-Hausbesuche-frei-1.png\" alt=\"\" class=\"wp-image-1195 size-full\" srcset=\"https:\/\/www.frankentourismus.de\/blog\/wp-content\/uploads\/2021\/05\/FT-Hausbesuche-frei-1.png 562w, https:\/\/www.frankentourismus.de\/blog\/wp-content\/uploads\/2021\/05\/FT-Hausbesuche-frei-1-263x300.png 263w\" sizes=\"(max-width: 562px) 100vw, 562px\" \/><\/figure><\/div>\n\n\n\n<p>Alles begann mit einer <strong>Liebesgeschichte<\/strong>: Als <strong>Braumeister Johann Adalbert Faust<\/strong> um die Hand der <strong>M\u00fcllerstochter Babette<\/strong> anhielt, \u00e4u\u00dferte sie einen <strong>Wunsch<\/strong>: Zur <strong>Hochzeit sollte er ein Bier brauen,<\/strong> das nach <strong>Hopfen duftete,<\/strong> aber <strong>nicht bitter schmeckte<\/strong>. Der Br\u00e4utigam zeigte sich der Aufgabe gewachsen und so gab sie ihm das Jawort.<\/p>\n\n\n\n<p>Sein <strong>Urenkel Johannes Faust<\/strong> f\u00fchrt die <a href=\"https:\/\/www.frankentourismus.de\/poi\/brauhaus_faust_ohg-17380\/\" target=\"_blank\" rel=\"noreferrer noopener\"><strong>familieneigene Brauerei<\/strong><\/a> heute in der <strong>vierten Generation<\/strong>. Er bezweifelt, dass die Urgro\u00dfmutter das Bier wirklich zur Bedingung f\u00fcr die Hochzeit machte. Aber er wei\u00df, dass sein Vorfahre die Bitte mittels <strong>Kalthopfung <\/strong>erf\u00fcllte. Hierf\u00fcr wird der <strong>Hopfen nicht mitgekocht<\/strong>, sondern kommt <strong>erst im Reifekeller ins Bier<\/strong>, damit die duftenden \u00d6le erhalten bleiben. Noch heute wird das \u201e<strong>Hochzeitsbier<\/strong>\u201c aus dem Sortiment der Brauerei so hergestellt.<\/p>\n\n\n\n<figure class=\"wp-block-image size-large\"><img decoding=\"async\" loading=\"lazy\" width=\"1024\" height=\"683\" src=\"https:\/\/www.frankentourismus.de\/blog\/wp-content\/uploads\/2025\/07\/Johannes-Faust-im-Bierhimmel-1024x683.jpg\" alt=\"\" class=\"wp-image-6993\" srcset=\"https:\/\/www.frankentourismus.de\/blog\/wp-content\/uploads\/2025\/07\/Johannes-Faust-im-Bierhimmel-1024x683.jpg 1024w, https:\/\/www.frankentourismus.de\/blog\/wp-content\/uploads\/2025\/07\/Johannes-Faust-im-Bierhimmel-300x200.jpg 300w, https:\/\/www.frankentourismus.de\/blog\/wp-content\/uploads\/2025\/07\/Johannes-Faust-im-Bierhimmel-768x512.jpg 768w, https:\/\/www.frankentourismus.de\/blog\/wp-content\/uploads\/2025\/07\/Johannes-Faust-im-Bierhimmel-1536x1024.jpg 1536w, https:\/\/www.frankentourismus.de\/blog\/wp-content\/uploads\/2025\/07\/Johannes-Faust-im-Bierhimmel-2048x1365.jpg 2048w\" sizes=\"(max-width: 1024px) 100vw, 1024px\" \/><figcaption class=\"wp-element-caption\">\u00a9 FrankenTourismus \/ Barbara Keil<\/figcaption><\/figure>\n\n\n\n<p>Andere <strong>Faustspezialit\u00e4ten <\/strong>sind ebenfalls von der <strong>Geschichte <\/strong>inspiriert. Denn als Johann Adalbert Faust <strong>1875 <\/strong>die ersten Anteile an dem damals <strong>noch L\u00f6wenbrauerei genannten<\/strong> Betrieb&nbsp;erwarb, war die <strong>Brauerei bereits mehrere Jahrhunderte alt<\/strong>. Gegr\u00fcndet wurde sie 1654 von einem belgischen Einwanderer. Mitte des 19. Jahrhunderts musste ein <strong>Brauersohn mit revolution\u00e4rer Gesinnung nach Amerika auswandern<\/strong>, woran das \u201e<strong>Auswandererbier<\/strong>\u201c erinnert. Und eine <strong>Brauerreserve <\/strong>wie die Braumeister alter Zeiten haben die Fausts auch noch im Keller \u2013 genauer gesagt in der \u201e<strong>Schatzkapelle<\/strong>\u201c, wo diese Spezialit\u00e4t f\u00fcr <strong>besondere Anl\u00e4sse<\/strong> in <strong>Whisky-F\u00e4ssern<\/strong> reift.<\/p>\n\n\n\n<h2>Freier Blick auf die Kupferkessel<\/h2>\n\n\n\n<p>Bei den Zutaten legt die Brauerei Wert auf <strong>Regionalit\u00e4t<\/strong>. Im Sudhaus kommen die Rohstoffe zusammen. Alles unter den Augen neugieriger Passant:innen, denn die <strong>gro\u00dfe Glasfront geht direkt auf die Hauptstra\u00dfe des Fachwerkst\u00e4dtchens<\/strong> hinaus. Wer es noch genauer wissen will, schlie\u00dft sich einer der <strong>Brauereif\u00fchrungen <\/strong>an, die freitags, samstags und sonntags immer um 14 Uhr angeboten werden und die zus\u00e4tzlich <strong>f\u00fcr Gruppen zu individuellen Terminen<\/strong> buchbar sind. Noch tiefer in die Materie dringt man bei einem <strong>Braukurs <\/strong>ein.<\/p>\n\n\n\n<figure class=\"wp-block-image size-large\"><img decoding=\"async\" loading=\"lazy\" width=\"1024\" height=\"684\" src=\"https:\/\/www.frankentourismus.de\/blog\/wp-content\/uploads\/2025\/07\/Kreativ-Brauerei_01-1024x684.jpg\" alt=\"\" class=\"wp-image-6997\" srcset=\"https:\/\/www.frankentourismus.de\/blog\/wp-content\/uploads\/2025\/07\/Kreativ-Brauerei_01-1024x684.jpg 1024w, https:\/\/www.frankentourismus.de\/blog\/wp-content\/uploads\/2025\/07\/Kreativ-Brauerei_01-300x200.jpg 300w, https:\/\/www.frankentourismus.de\/blog\/wp-content\/uploads\/2025\/07\/Kreativ-Brauerei_01-768x513.jpg 768w, https:\/\/www.frankentourismus.de\/blog\/wp-content\/uploads\/2025\/07\/Kreativ-Brauerei_01-1536x1025.jpg 1536w, https:\/\/www.frankentourismus.de\/blog\/wp-content\/uploads\/2025\/07\/Kreativ-Brauerei_01-2048x1367.jpg 2048w\" sizes=\"(max-width: 1024px) 100vw, 1024px\" \/><figcaption class=\"wp-element-caption\">\u00a9 Brauhaus Faust KG<\/figcaption><\/figure>\n\n\n\n<p>Daf\u00fcr steigen die Teilnehmenden in den <strong>obersten Stock des Brauereigeb\u00e4udes<\/strong>. Dort befindet sich eine <strong>kleine Anlage, mit der handwerklich gebraut wird<\/strong> \u2013 etwa, wenn das Team ein neues Bier kreiert. Dass diese keine trockene Angelegenheit sind, zeigt der gut best\u00fcckte K\u00fchlschrank. Das <strong>eigentliche Highlight<\/strong> liegt aber <strong>vor der T\u00fcr<\/strong>: der \u201e<strong>Bierhimmel\u201c<\/strong>, eine Dachterrasse direkt \u00fcber den Reifetanks. \u201eHier trinken wir gern unser Feierabendbier\u201c, verr\u00e4t Johannes Faust. Kein Wunder, schlie\u00dflich bietet sich ein <strong>Traumblick \u00fcber die Miltenberger Altstadt<\/strong>.<\/p>\n\n\n\n<h2>Dinosaurier mit Sinn f\u00fcr Qualit\u00e4t<\/h2>\n\n\n\n<p>Auf der Terrasse ist gut zu sehen, dass direkt hinter den Geb\u00e4uden der Fels beginnt. <strong>Viel Platz ist nicht, trotzdem will der Chef weiterhin in der Stadt produzieren<\/strong>: \u201eEs ist aufwendiger, aber authentischer\u201c, stellt er fest. Diese Haltung zeigt sich auch beim Brauprozess. So g\u00e4ren die Faust-Biere in <strong>offenen, nicht zu tiefen Bottichen<\/strong>, damit die Hefe ohne allzu gro\u00dfen Druck gut arbeiten kann und unerw\u00fcnschte Nebenprodukte des Brauprozesses abgesch\u00f6pft werden k\u00f6nnen. \u201eWir geh\u00f6ren zu den <strong>letzten Dinosauriern<\/strong>, die <strong>diese Art des Brauens<\/strong> pflegen\u201c, so Johannes Faust mit einem Lachen. Ein Beleg f\u00fcr die hohen Qualit\u00e4tsanspr\u00fcche ist das \u201e<strong>Slow Brewing<\/strong>\u201c-G\u00fctesiegel, f\u00fcr das nicht nur der <strong>Brauprozess<\/strong>, sondern auch Aspekte wie <strong>Nachhaltigkeit und Unternehmenskultur<\/strong> j\u00e4hrlich streng gepr\u00fcft werden. Die <strong>zahlreichen Auszeichnungen<\/strong>, von denen G\u00e4ste beim Rundgang eine Auswahl zu Gesicht bekommen, sprechen ebenfalls f\u00fcr sich.<\/p>\n\n\n\n<figure class=\"wp-block-image size-large\"><img decoding=\"async\" loading=\"lazy\" width=\"1024\" height=\"683\" src=\"https:\/\/www.frankentourismus.de\/blog\/wp-content\/uploads\/2025\/07\/Brauerei-Faust-1024x683.jpg\" alt=\"\" class=\"wp-image-6991\" srcset=\"https:\/\/www.frankentourismus.de\/blog\/wp-content\/uploads\/2025\/07\/Brauerei-Faust-1024x683.jpg 1024w, https:\/\/www.frankentourismus.de\/blog\/wp-content\/uploads\/2025\/07\/Brauerei-Faust-300x200.jpg 300w, https:\/\/www.frankentourismus.de\/blog\/wp-content\/uploads\/2025\/07\/Brauerei-Faust-768x512.jpg 768w, https:\/\/www.frankentourismus.de\/blog\/wp-content\/uploads\/2025\/07\/Brauerei-Faust-1536x1024.jpg 1536w, https:\/\/www.frankentourismus.de\/blog\/wp-content\/uploads\/2025\/07\/Brauerei-Faust-2048x1365.jpg 2048w\" sizes=\"(max-width: 1024px) 100vw, 1024px\" \/><figcaption class=\"wp-element-caption\">\u00a9 FrankenTourismus \/ Barbara Keil<\/figcaption><\/figure>\n\n\n\n<p>Ausschlaggebend sei aber immer der <strong>eigene Geschmack<\/strong>, erkl\u00e4rt Johannes Faust. \u201eDas Bier muss uns schmecken, damit wir die <strong>Liebe <\/strong>daf\u00fcr haben, es richtig zu brauen. Ein gutes Bier <strong>schenkt Lebensfreude<\/strong> \u2013 und die wollen wir produzieren.\u201c Das gilt bei Klassikern wie Helles, Pils und Weizen ebenso wie bei den <strong>Saisonbieren <\/strong>oder den <strong>Craft-Bieren<\/strong> im Sortiment. Was es alles gibt, zeigt der <strong>Brauereiladen<\/strong>. Zum Verkosten bietet sich ein Besuch im nahen <strong>Gasthaus \u201eZum Riesen\u201c<\/strong> an, das von der <strong>Frau des Brauhauschefs<\/strong> gef\u00fchrt wird. Als <strong>Deutschlands \u00e4ltestes Gasthaus<\/strong> verf\u00fcgt es \u00fcber genau das <strong>richtige Flair f\u00fcr fr\u00e4nkische Gen\u00fcsse<\/strong>. Und das <strong>passende Faust-Bier<\/strong> zu jedem Gericht steht als Empfehlung in der Karte.<\/p>\n\n\n\n<p><strong>Uralte Eichenw\u00e4lder und sonnige Weinberge, m\u00e4rchenhafte Schl\u00f6sser und verwunschene Burgruinen, historische Fachwerkorte und moderne Heilb\u00e4der \u2013 das Spessart-Mainland ist eine Urlaubslandschaft der Kontraste. Erkunden l\u00e4sst sie sich gut beim <a href=\"https:\/\/spessart-mainland.de\/wandern.html\" target=\"_blank\" rel=\"noreferrer noopener\">Wandern<\/a>: Das R\u00e4uberland im Spessart-Mainland z\u00e4hlt zu den \u201eQualit\u00e4tsregionen Wanderbares Deutschland\u201c, dazu kommen drei Qualit\u00e4tswege und der Premiumweg \u201eSpessartbogen\u201c. Auf Radelnde wartet Abwechslung: Am Ufer der fr\u00e4nkischen Lebensader verl\u00e4uft eben der \u201e<a href=\"https:\/\/www.mainradweg.com\/\" target=\"_blank\" rel=\"noreferrer noopener\">Main-Radweg<\/a>\u201c. Die W\u00e4lder und Anh\u00f6hen sind durchzogen von Mountainbike-Strecken. Mit \u201eWald erFahren\u201c bietet der Spessart Deutschlands gr\u00f6\u00dftes einheitliches Ladenetz f\u00fcr E-Biker und passende Tourenvorschl\u00e4ge. <a href=\"https:\/\/www.aschaffenburg.de\/\" target=\"_blank\" rel=\"noreferrer noopener\">Aschaffenburg<\/a> mit seinen bedeutenden Museen, das <a href=\"https:\/\/www.frankentourismus.de\/poi\/schloss_mespelbrunn-7158\/\" target=\"_blank\" rel=\"noreferrer noopener\">Wasserschloss Mespelbrunn<\/a> oder Lohr a.Main mit dem <a href=\"https:\/\/www.frankentourismus.de\/poi\/schloss_schlossplatz-39379\/\" target=\"_blank\" rel=\"noreferrer noopener\">Schneewittchen-Schloss<\/a> geh\u00f6ren zu den kulturellen H\u00f6hepunkten des Gebiets. Bei der Einkehr sorgen heimische Weine und Biere, aromatische Br\u00e4nde aus der Ernte der Streuobstwiesen oder Wild aus den weiten Spessartw\u00e4ldern f\u00fcr Genusserlebnisse.<\/strong><\/p>\n\n\n\n<figure class=\"is-layout-flex wp-block-gallery-1 wp-block-gallery has-nested-images columns-default is-cropped\">\n<figure class=\"wp-block-image size-large\"><img decoding=\"async\" loading=\"lazy\" width=\"1024\" height=\"683\" data-id=\"7001\"  src=\"https:\/\/www.frankentourismus.de\/blog\/wp-content\/uploads\/2025\/07\/sml_1004_Spessart-Mainland_Miltenberg_Schnatterloch-1024x683.jpg\" alt=\"\" class=\"wp-image-7001\" srcset=\"https:\/\/www.frankentourismus.de\/blog\/wp-content\/uploads\/2025\/07\/sml_1004_Spessart-Mainland_Miltenberg_Schnatterloch-1024x683.jpg 1024w, https:\/\/www.frankentourismus.de\/blog\/wp-content\/uploads\/2025\/07\/sml_1004_Spessart-Mainland_Miltenberg_Schnatterloch-300x200.jpg 300w, https:\/\/www.frankentourismus.de\/blog\/wp-content\/uploads\/2025\/07\/sml_1004_Spessart-Mainland_Miltenberg_Schnatterloch-768x512.jpg 768w, https:\/\/www.frankentourismus.de\/blog\/wp-content\/uploads\/2025\/07\/sml_1004_Spessart-Mainland_Miltenberg_Schnatterloch-1536x1025.jpg 1536w, https:\/\/www.frankentourismus.de\/blog\/wp-content\/uploads\/2025\/07\/sml_1004_Spessart-Mainland_Miltenberg_Schnatterloch-2048x1366.jpg 2048w\" sizes=\"(max-width: 1024px) 100vw, 1024px\" \/><figcaption class=\"wp-element-caption\">\u00a9 Spessart-Mainland \/ Holger Leue<\/figcaption><\/figure>\n\n\n\n<figure class=\"wp-block-image size-large\"><img decoding=\"async\" loading=\"lazy\" width=\"1024\" height=\"768\" data-id=\"6999\"  src=\"https:\/\/www.frankentourismus.de\/blog\/wp-content\/uploads\/2025\/07\/sml_0918_Spessart-Mainland_Miltenberg_Stadtimpressionen-1024x768.jpg\" alt=\"\" class=\"wp-image-6999\" srcset=\"https:\/\/www.frankentourismus.de\/blog\/wp-content\/uploads\/2025\/07\/sml_0918_Spessart-Mainland_Miltenberg_Stadtimpressionen-1024x768.jpg 1024w, https:\/\/www.frankentourismus.de\/blog\/wp-content\/uploads\/2025\/07\/sml_0918_Spessart-Mainland_Miltenberg_Stadtimpressionen-300x225.jpg 300w, https:\/\/www.frankentourismus.de\/blog\/wp-content\/uploads\/2025\/07\/sml_0918_Spessart-Mainland_Miltenberg_Stadtimpressionen-768x576.jpg 768w, https:\/\/www.frankentourismus.de\/blog\/wp-content\/uploads\/2025\/07\/sml_0918_Spessart-Mainland_Miltenberg_Stadtimpressionen-1536x1151.jpg 1536w, https:\/\/www.frankentourismus.de\/blog\/wp-content\/uploads\/2025\/07\/sml_0918_Spessart-Mainland_Miltenberg_Stadtimpressionen-2048x1535.jpg 2048w\" sizes=\"(max-width: 1024px) 100vw, 1024px\" \/><figcaption class=\"wp-element-caption\">\u00a9 Spessart-Mainland \/ Holger Leue<\/figcaption><\/figure>\n<\/figure>\n","protected":false},"excerpt":{"rendered":"<p>Im Spessart-Mainland, mitten in der Altstadt von Miltenberg und damit in einem der \u201eGenussorte Bayern\u201c, entstehen besondere Bierspezialit\u00e4ten. Johannes Faust, Brauer und Betriebswirt, f\u00fchrt die Geschicke einer Traditionsbrauerei mit jahrhundertelanger Geschichte. Mit den Hausbesuchen begleiten wir Einheimische bei ihrem t\u00e4glichen Wirken im Urlaubsland Franken. Heute besuche ich den Genussort Miltenberg im Spessart-Mainland. Hier verbindet die [&hellip;]<\/p>\n","protected":false},"author":39,"featured_media":7001,"comment_status":"open","ping_status":"closed","sticky":false,"template":"","format":"standard","meta":[],"categories":[1,43,19,125,289],"tags":[75,161,143,3,139],"yoast_head":"<!-- This site is optimized with the Yoast SEO plugin v19.14 - https:\/\/yoast.com\/wordpress\/plugins\/seo\/ -->\n<title>Bierhimmel \u00fcber Miltenberg \u2013 Mit Faust auf Genussreise - Franken Blog<\/title>\n<meta name=\"description\" content=\"Erlebe Biergenuss in Miltenberg: Die Brauerei Faust verbindet Tradition, Handwerk und regionale Zutaten \u2013 im Herzen des Spessart-Mainlands.\" \/>\n<meta name=\"robots\" content=\"index, follow, max-snippet:-1, max-image-preview:large, max-video-preview:-1\" \/>\n<link rel=\"canonical\" href=\"https:\/\/www.frankentourismus.de\/blog\/2025\/07\/04\/babettes-spuren-zum-bierhimmel\/\" \/>\n<meta property=\"og:locale\" content=\"de_DE\" \/>\n<meta property=\"og:type\" content=\"article\" \/>\n<meta property=\"og:title\" content=\"Bierhimmel \u00fcber Miltenberg \u2013 Mit Faust auf Genussreise - Franken Blog\" \/>\n<meta property=\"og:description\" content=\"Erlebe Biergenuss in Miltenberg: Die Brauerei Faust verbindet Tradition, Handwerk und regionale Zutaten \u2013 im Herzen des Spessart-Mainlands.\" \/>\n<meta property=\"og:url\" content=\"https:\/\/www.frankentourismus.de\/blog\/2025\/07\/04\/babettes-spuren-zum-bierhimmel\/\" \/>\n<meta property=\"og:site_name\" content=\"Franken Blog\" \/>\n<meta property=\"article:published_time\" content=\"2025-07-04T07:00:00+00:00\" \/>\n<meta property=\"article:modified_time\" content=\"2025-06-24T13:57:51+00:00\" \/>\n<meta property=\"og:image\" content=\"https:\/\/www.frankentourismus.de\/blog\/wp-content\/uploads\/2025\/07\/sml_1004_Spessart-Mainland_Miltenberg_Schnatterloch-scaled.jpg\" \/>\n\t<meta property=\"og:image:width\" content=\"2560\" \/>\n\t<meta property=\"og:image:height\" content=\"1708\" \/>\n\t<meta property=\"og:image:type\" content=\"image\/jpeg\" \/>\n<meta name=\"author\" content=\"Barbara Keil\" \/>\n<meta name=\"twitter:card\" content=\"summary_large_image\" \/>\n<meta name=\"twitter:label1\" content=\"Written by\" \/>\n\t<meta name=\"twitter:data1\" content=\"Barbara Keil\" \/>\n\t<meta name=\"twitter:label2\" content=\"Est. reading time\" \/>\n\t<meta name=\"twitter:data2\" content=\"6 Minuten\" \/>\n<script type=\"application\/ld+json\" class=\"yoast-schema-graph\">{\"@context\":\"https:\/\/schema.org\",\"@graph\":[{\"@type\":\"WebPage\",\"@id\":\"https:\/\/www.frankentourismus.de\/blog\/2025\/07\/04\/babettes-spuren-zum-bierhimmel\/\",\"url\":\"https:\/\/www.frankentourismus.de\/blog\/2025\/07\/04\/babettes-spuren-zum-bierhimmel\/\",\"name\":\"Bierhimmel \u00fcber Miltenberg \u2013 Mit Faust auf Genussreise - Franken Blog\",\"isPartOf\":{\"@id\":\"https:\/\/www.frankentourismus.de\/blog\/#website\"},\"datePublished\":\"2025-07-04T07:00:00+00:00\",\"dateModified\":\"2025-06-24T13:57:51+00:00\",\"author\":{\"@id\":\"https:\/\/www.frankentourismus.de\/blog\/#\/schema\/person\/1512774da01c82a6efe4d05624abe3a0\"},\"description\":\"Erlebe Biergenuss in Miltenberg: Die Brauerei Faust verbindet Tradition, Handwerk und regionale Zutaten \u2013 im Herzen des Spessart-Mainlands.\",\"breadcrumb\":{\"@id\":\"https:\/\/www.frankentourismus.de\/blog\/2025\/07\/04\/babettes-spuren-zum-bierhimmel\/#breadcrumb\"},\"inLanguage\":\"de-DE\",\"potentialAction\":[{\"@type\":\"ReadAction\",\"target\":[\"https:\/\/www.frankentourismus.de\/blog\/2025\/07\/04\/babettes-spuren-zum-bierhimmel\/\"]}]},{\"@type\":\"BreadcrumbList\",\"@id\":\"https:\/\/www.frankentourismus.de\/blog\/2025\/07\/04\/babettes-spuren-zum-bierhimmel\/#breadcrumb\",\"itemListElement\":[{\"@type\":\"ListItem\",\"position\":1,\"name\":\"Home\",\"item\":\"https:\/\/www.frankentourismus.de\/blog\/\"},{\"@type\":\"ListItem\",\"position\":2,\"name\":\"Bierhimmel \u00fcber Miltenberg \u2013 Mit Faust auf Genussreise\"}]},{\"@type\":\"WebSite\",\"@id\":\"https:\/\/www.frankentourismus.de\/blog\/#website\",\"url\":\"https:\/\/www.frankentourismus.de\/blog\/\",\"name\":\"Franken Blog\",\"description\":\"Urlaub in Franken!\",\"potentialAction\":[{\"@type\":\"SearchAction\",\"target\":{\"@type\":\"EntryPoint\",\"urlTemplate\":\"https:\/\/www.frankentourismus.de\/blog\/?s={search_term_string}\"},\"query-input\":\"required name=search_term_string\"}],\"inLanguage\":\"de-DE\"},{\"@type\":\"Person\",\"@id\":\"https:\/\/www.frankentourismus.de\/blog\/#\/schema\/person\/1512774da01c82a6efe4d05624abe3a0\",\"name\":\"Barbara Keil\",\"image\":{\"@type\":\"ImageObject\",\"inLanguage\":\"de-DE\",\"@id\":\"https:\/\/www.frankentourismus.de\/blog\/#\/schema\/person\/image\/\",\"url\":\"https:\/\/www.frankentourismus.de\/blog\/wp-content\/uploads\/2021\/05\/Barbara-Keil-bearbeitet-150x150.jpg\",\"contentUrl\":\"https:\/\/www.frankentourismus.de\/blog\/wp-content\/uploads\/2021\/05\/Barbara-Keil-bearbeitet-150x150.jpg\",\"caption\":\"Barbara Keil\"},\"url\":\"https:\/\/www.frankentourismus.de\/blog\/author\/barbara-keil\/\"}]}<\/script>\n<!-- \/ Yoast SEO plugin. -->","yoast_head_json":{"title":"Bierhimmel \u00fcber Miltenberg \u2013 Mit Faust auf Genussreise - Franken Blog","description":"Erlebe Biergenuss in Miltenberg: Die Brauerei Faust verbindet Tradition, Handwerk und regionale Zutaten \u2013 im Herzen des Spessart-Mainlands.","robots":{"index":"index","follow":"follow","max-snippet":"max-snippet:-1","max-image-preview":"max-image-preview:large","max-video-preview":"max-video-preview:-1"},"canonical":"https:\/\/www.frankentourismus.de\/blog\/2025\/07\/04\/babettes-spuren-zum-bierhimmel\/","og_locale":"de_DE","og_type":"article","og_title":"Bierhimmel \u00fcber Miltenberg \u2013 Mit Faust auf Genussreise - Franken Blog","og_description":"Erlebe Biergenuss in Miltenberg: Die Brauerei Faust verbindet Tradition, Handwerk und regionale Zutaten \u2013 im Herzen des Spessart-Mainlands.","og_url":"https:\/\/www.frankentourismus.de\/blog\/2025\/07\/04\/babettes-spuren-zum-bierhimmel\/","og_site_name":"Franken Blog","article_published_time":"2025-07-04T07:00:00+00:00","article_modified_time":"2025-06-24T13:57:51+00:00","og_image":[{"width":2560,"height":1708,"url":"https:\/\/www.frankentourismus.de\/blog\/wp-content\/uploads\/2025\/07\/sml_1004_Spessart-Mainland_Miltenberg_Schnatterloch-scaled.jpg","type":"image\/jpeg"}],"author":"Barbara Keil","twitter_card":"summary_large_image","twitter_misc":{"Written by":"Barbara Keil","Est. reading time":"6 Minuten"},"schema":{"@context":"https:\/\/schema.org","@graph":[{"@type":"WebPage","@id":"https:\/\/www.frankentourismus.de\/blog\/2025\/07\/04\/babettes-spuren-zum-bierhimmel\/","url":"https:\/\/www.frankentourismus.de\/blog\/2025\/07\/04\/babettes-spuren-zum-bierhimmel\/","name":"Bierhimmel \u00fcber Miltenberg \u2013 Mit Faust auf Genussreise - Franken Blog","isPartOf":{"@id":"https:\/\/www.frankentourismus.de\/blog\/#website"},"datePublished":"2025-07-04T07:00:00+00:00","dateModified":"2025-06-24T13:57:51+00:00","author":{"@id":"https:\/\/www.frankentourismus.de\/blog\/#\/schema\/person\/1512774da01c82a6efe4d05624abe3a0"},"description":"Erlebe Biergenuss in Miltenberg: Die Brauerei Faust verbindet Tradition, Handwerk und regionale Zutaten \u2013 im Herzen des Spessart-Mainlands.","breadcrumb":{"@id":"https:\/\/www.frankentourismus.de\/blog\/2025\/07\/04\/babettes-spuren-zum-bierhimmel\/#breadcrumb"},"inLanguage":"de-DE","potentialAction":[{"@type":"ReadAction","target":["https:\/\/www.frankentourismus.de\/blog\/2025\/07\/04\/babettes-spuren-zum-bierhimmel\/"]}]},{"@type":"BreadcrumbList","@id":"https:\/\/www.frankentourismus.de\/blog\/2025\/07\/04\/babettes-spuren-zum-bierhimmel\/#breadcrumb","itemListElement":[{"@type":"ListItem","position":1,"name":"Home","item":"https:\/\/www.frankentourismus.de\/blog\/"},{"@type":"ListItem","position":2,"name":"Bierhimmel \u00fcber Miltenberg \u2013 Mit Faust auf Genussreise"}]},{"@type":"WebSite","@id":"https:\/\/www.frankentourismus.de\/blog\/#website","url":"https:\/\/www.frankentourismus.de\/blog\/","name":"Franken Blog","description":"Urlaub in Franken!","potentialAction":[{"@type":"SearchAction","target":{"@type":"EntryPoint","urlTemplate":"https:\/\/www.frankentourismus.de\/blog\/?s={search_term_string}"},"query-input":"required name=search_term_string"}],"inLanguage":"de-DE"},{"@type":"Person","@id":"https:\/\/www.frankentourismus.de\/blog\/#\/schema\/person\/1512774da01c82a6efe4d05624abe3a0","name":"Barbara Keil","image":{"@type":"ImageObject","inLanguage":"de-DE","@id":"https:\/\/www.frankentourismus.de\/blog\/#\/schema\/person\/image\/","url":"https:\/\/www.frankentourismus.de\/blog\/wp-content\/uploads\/2021\/05\/Barbara-Keil-bearbeitet-150x150.jpg","contentUrl":"https:\/\/www.frankentourismus.de\/blog\/wp-content\/uploads\/2021\/05\/Barbara-Keil-bearbeitet-150x150.jpg","caption":"Barbara Keil"},"url":"https:\/\/www.frankentourismus.de\/blog\/author\/barbara-keil\/"}]}},"_links":{"self":[{"href":"https:\/\/www.frankentourismus.de\/blog\/wp-json\/wp\/v2\/posts\/6967"}],"collection":[{"href":"https:\/\/www.frankentourismus.de\/blog\/wp-json\/wp\/v2\/posts"}],"about":[{"href":"https:\/\/www.frankentourismus.de\/blog\/wp-json\/wp\/v2\/types\/post"}],"author":[{"embeddable":true,"href":"https:\/\/www.frankentourismus.de\/blog\/wp-json\/wp\/v2\/users\/39"}],"replies":[{"embeddable":true,"href":"https:\/\/www.frankentourismus.de\/blog\/wp-json\/wp\/v2\/comments?post=6967"}],"version-history":[{"count":8,"href":"https:\/\/www.frankentourismus.de\/blog\/wp-json\/wp\/v2\/posts\/6967\/revisions"}],"predecessor-version":[{"id":7005,"href":"https:\/\/www.frankentourismus.de\/blog\/wp-json\/wp\/v2\/posts\/6967\/revisions\/7005"}],"wp:featuredmedia":[{"embeddable":true,"href":"https:\/\/www.frankentourismus.de\/blog\/wp-json\/wp\/v2\/media\/7001"}],"wp:attachment":[{"href":"https:\/\/www.frankentourismus.de\/blog\/wp-json\/wp\/v2\/media?parent=6967"}],"wp:term":[{"taxonomy":"category","embeddable":true,"href":"https:\/\/www.frankentourismus.de\/blog\/wp-json\/wp\/v2\/categories?post=6967"},{"taxonomy":"post_tag","embeddable":true,"href":"https:\/\/www.frankentourismus.de\/blog\/wp-json\/wp\/v2\/tags?post=6967"}],"curies":[{"name":"wp","href":"https:\/\/api.w.org\/{rel}","templated":true}]}}