{"id":6847,"date":"2025-05-09T09:00:00","date_gmt":"2025-05-09T07:00:00","guid":{"rendered":"https:\/\/www.frankentourismus.de\/blog\/?p=6847"},"modified":"2025-05-12T08:52:51","modified_gmt":"2025-05-12T06:52:51","slug":"ajo-steak-wild-im-obermain-jura","status":"publish","type":"post","link":"https:\/\/www.frankentourismus.de\/blog\/2025\/05\/09\/ajo-steak-wild-im-obermain-jura\/","title":{"rendered":"Aj\u00f3: Steak &amp; Wild im Obermain.Jura"},"content":{"rendered":"\n<p><strong>Im Obermain.Jura geht es auf die Jagd nach dem wilden Geschmack: Mirjana und Michele Vacca zelebrieren in ihrem neuen <a href=\"https:\/\/bad-staffelstein.de\/\" target=\"_blank\" rel=\"noreferrer noopener\">Bad Staffelsteiner<\/a> Restaurant Aj\u00f3 ihre Leidenschaft f\u00fcr Rind und Wildbret \u2013 und das in einem Ambiente, das auch f\u00fcrs Auge ein Genuss ist.<\/strong><\/p>\n\n\n<div class=\"hint\">\n            <figure>\n            <img width=\"290\" height=\"300\" src=\"https:\/\/www.frankentourismus.de\/blog\/wp-content\/uploads\/2024\/08\/Sisi-Wein-bearbeitet-290x300.jpg\" class=\"attachment-medium size-medium\" alt=\"\" decoding=\"async\" loading=\"lazy\" srcset=\"https:\/\/www.frankentourismus.de\/blog\/wp-content\/uploads\/2024\/08\/Sisi-Wein-bearbeitet-290x300.jpg 290w, https:\/\/www.frankentourismus.de\/blog\/wp-content\/uploads\/2024\/08\/Sisi-Wein-bearbeitet-988x1024.jpg 988w, https:\/\/www.frankentourismus.de\/blog\/wp-content\/uploads\/2024\/08\/Sisi-Wein-bearbeitet-768x796.jpg 768w, https:\/\/www.frankentourismus.de\/blog\/wp-content\/uploads\/2024\/08\/Sisi-Wein-bearbeitet-1483x1536.jpg 1483w, https:\/\/www.frankentourismus.de\/blog\/wp-content\/uploads\/2024\/08\/Sisi-Wein-bearbeitet.jpg 1747w\" sizes=\"(max-width: 290px) 100vw, 290px\" \/>        <\/figure>\n    \n    <div class=\"content\">\n        <p>Wenn man Wein mit Familiennamen (und Sisi mit Vornamen) hei\u00dft, passt es wunderbar, wenn man \u00fcber den Frankenwein schreiben darf. Und \u00fcber Frankens kulinarische Besonderheiten. \u00dcber Natur, Traditionen und Kultur. Und nicht zuletzt \u00fcber unglaublich spannende und gastfreundliche Menschen, die das Urlaubsland so besonders machen. Das tue ich nun, seitdem ich vor rund 20 Jahren als Journalistin vom Bayerischen Wald in den Naturpark Altm\u00fchltal gezogen bin.<\/p>\n    <\/div>\n<\/div>\n\n\n\n<div class=\"wp-block-media-text alignwide has-media-on-the-right\" style=\"grid-template-columns:auto 25%\"><div class=\"wp-block-media-text__content\">\n<p><strong>Mit den Hausbesuchen begleiten wir Einheimische bei ihrem t\u00e4glichen Wirken im Urlaubsland Franken. Im Herzen des <a href=\"https:\/\/obermain-jura.de\/\" target=\"_blank\" rel=\"noreferrer noopener\">Obermain.Jura<\/a> wartet heute das Restaurant Aj\u00f3 auf mich, wo Mirjana und Michele Vacca ihre Leidenschaft f\u00fcr feinstes Rind und Wildbret mit fr\u00e4nkischer Jagdtradition und sardischem Temperament verbinden.<\/strong><\/p>\n<\/div><figure class=\"wp-block-media-text__media\"><img decoding=\"async\" loading=\"lazy\" width=\"562\" height=\"640\" src=\"https:\/\/www.frankentourismus.de\/blog\/wp-content\/uploads\/2021\/05\/FT-Hausbesuche-frei-1.png\" alt=\"\" class=\"wp-image-1195 size-full\" srcset=\"https:\/\/www.frankentourismus.de\/blog\/wp-content\/uploads\/2021\/05\/FT-Hausbesuche-frei-1.png 562w, https:\/\/www.frankentourismus.de\/blog\/wp-content\/uploads\/2021\/05\/FT-Hausbesuche-frei-1-263x300.png 263w\" sizes=\"(max-width: 562px) 100vw, 562px\" \/><\/figure><\/div>\n\n\n\n<p>Was hier im Mittelpunkt steht, wird klar, sobald man das <strong>Aj\u00f3<\/strong> betritt: Gleich nach dem Eingang thront ein m\u00e4chtiger <strong>Dry-Age-Schrank<\/strong> an der Wand. Darin reifen Fleischst\u00fccke vom Rind, aber auch Wildschwein oder Reh, ganz gem\u00e4\u00df dem <strong>Hausmotto \u201eSteak und Wild\u201c<\/strong>.<\/p>\n\n\n\n<figure class=\"wp-block-image size-large\"><img decoding=\"async\" loading=\"lazy\" width=\"1024\" height=\"794\" src=\"https:\/\/www.frankentourismus.de\/blog\/wp-content\/uploads\/2025\/05\/Ajo_Bad-Staffelstein_1-1024x794.jpg\" alt=\"\" class=\"wp-image-6851\" srcset=\"https:\/\/www.frankentourismus.de\/blog\/wp-content\/uploads\/2025\/05\/Ajo_Bad-Staffelstein_1-1024x794.jpg 1024w, https:\/\/www.frankentourismus.de\/blog\/wp-content\/uploads\/2025\/05\/Ajo_Bad-Staffelstein_1-300x233.jpg 300w, https:\/\/www.frankentourismus.de\/blog\/wp-content\/uploads\/2025\/05\/Ajo_Bad-Staffelstein_1-768x596.jpg 768w, https:\/\/www.frankentourismus.de\/blog\/wp-content\/uploads\/2025\/05\/Ajo_Bad-Staffelstein_1-1536x1191.jpg 1536w, https:\/\/www.frankentourismus.de\/blog\/wp-content\/uploads\/2025\/05\/Ajo_Bad-Staffelstein_1-2048x1589.jpg 2048w\" sizes=\"(max-width: 1024px) 100vw, 1024px\" \/><figcaption class=\"wp-element-caption\">\u00a9 FrankenTourismus \/ Sisi Wein<\/figcaption><\/figure>\n\n\n\n<p>Eigentlich hatte <strong>Michele Vacca<\/strong> beruflich ganz andere Pl\u00e4ne. <strong>Aufgewachsen auf Sardinien<\/strong>, <strong>studiert er in Italien Schiffstechnik<\/strong>. Doch anstatt direkt nach dem Abschluss als Nautiker zu arbeiten, <strong>zieht es ihn nach Deutschland<\/strong>. Er heuert als Eisverk\u00e4ufer in Bad Staffelsteins Nachbarstadt <a href=\"https:\/\/www.lichtenfels.de\/kultur-und-tourismus\/\" target=\"_blank\" rel=\"noreferrer noopener\">Lichtenfels <\/a>an \u2013 und begegnet dort seiner gro\u00dfen Liebe <strong>Mirjana<\/strong>. Seine zuk\u00fcnftige Frau ist eine waschechte Gastronomen-Tochter: Ihre Eltern betreiben in Bad Staffelstein den <strong>renommierten Zehntstadel<\/strong> und auch die damals 19-J\u00e4hrige will diesen Weg einschlagen. F\u00fcr Mirjanas <strong>Ausbildung zur Hotelfachfrau<\/strong> zieht das junge Paar nach M\u00fcnchen. In einem gro\u00dfen Hotel ist sie dort unter anderem f\u00fcr die Betreuung der VIP-G\u00e4ste zust\u00e4ndig. \u201eIch habe dort viel gelernt und viel gesehen\u201c, erinnert sie sich, \u201eaber es war nicht das Leben, das wir uns vorgestellt haben\u201c.<\/p>\n\n\n\n<figure class=\"wp-block-image size-large\"><img decoding=\"async\" loading=\"lazy\" width=\"1024\" height=\"825\" src=\"https:\/\/www.frankentourismus.de\/blog\/wp-content\/uploads\/2025\/05\/Ajo_Bad-Staffelstein_2-1024x825.jpg\" alt=\"\" class=\"wp-image-6853\" srcset=\"https:\/\/www.frankentourismus.de\/blog\/wp-content\/uploads\/2025\/05\/Ajo_Bad-Staffelstein_2-1024x825.jpg 1024w, https:\/\/www.frankentourismus.de\/blog\/wp-content\/uploads\/2025\/05\/Ajo_Bad-Staffelstein_2-300x242.jpg 300w, https:\/\/www.frankentourismus.de\/blog\/wp-content\/uploads\/2025\/05\/Ajo_Bad-Staffelstein_2-768x619.jpg 768w, https:\/\/www.frankentourismus.de\/blog\/wp-content\/uploads\/2025\/05\/Ajo_Bad-Staffelstein_2-1536x1238.jpg 1536w, https:\/\/www.frankentourismus.de\/blog\/wp-content\/uploads\/2025\/05\/Ajo_Bad-Staffelstein_2-2048x1650.jpg 2048w\" sizes=\"(max-width: 1024px) 100vw, 1024px\" \/><figcaption class=\"wp-element-caption\">\u00a9 FrankenTourismus \/ Sisi Wein<\/figcaption><\/figure>\n\n\n\n<p>Also kehren die beiden nach Bad Staffelstein und damit auch in den Zehntstadel zur\u00fcck. Mirjana Vacca arbeitet im Service, f\u00fcr ihren Mann geht&#8217;s in die K\u00fcche. \u201eIch wollte kochen, das habe ich immer schon geliebt\u201c, erz\u00e4hlt er. Sein <strong>Schwiegervater<\/strong>, der eine <strong>gro\u00dfe Leidenschaft f\u00fcr Steaks<\/strong> hegt, bringt ihm alles bei, was er wissen muss: \u00fcber die <strong>Feinheiten des Rindfleischs<\/strong>, aber auch \u00fcber <strong>Wildbret und den Respekt vor den Tieren<\/strong>, denn die M\u00e4nner in der Familie seiner Frau sind allesamt passionierte J\u00e4ger. Als Mirjanas Vater <strong>2016<\/strong> in Rente geht, <strong>\u00fcbernehmen sie das Restaurant<\/strong>.<\/p>\n\n\n\n<h2>Respekt vor Wissen und Wild<\/h2>\n\n\n\n<p>Ganz zufrieden sind sie aber noch nicht. Der Zehntstadel ist nur gepachtet, der Wunsch nach etwas Eigenem wird immer gr\u00f6\u00dfer. Die L\u00f6sung liegt gleich auf der anderen Stra\u00dfenseite in Form eines \u201ealten und abbruchreifen Hauses\u201c, wie Mirjana Vacca berichtet. An seiner Stelle erschaffen sich die beiden ihren <strong>ganz eigenen Restaurant-Traum<\/strong>. Im Obergeschoss des neuen Geb\u00e4udes zieht Familie Vacca ein, die sich mittlerweile um die Kinder Bruno und Rocco vergr\u00f6\u00dfert hat. Das <strong>Erdgeschoss bietet viel Platz f\u00fcr das Restaurant<\/strong>. Dessen Name zollt \u00fcbrigens Michele Vaccas Herkunft Tribut. \u201e<strong>Aj\u00f3 ist die Kurzform von andiamo<\/strong> und auf Sardinien eines der meistgebrauchten W\u00f6rter\u201c, erkl\u00e4rt er: \u201e<strong>Auf fr\u00e4nkisch hei\u00dft das so viel wie pack\u2019 mas oder gemma<\/strong>. Das passt super zum Restaurant, denn hierher kommen die Menschen, um zusammen eine gute Zeit zu haben.\u201c<\/p>\n\n\n\n<figure class=\"wp-block-image size-large\"><img decoding=\"async\" loading=\"lazy\" width=\"1024\" height=\"781\" src=\"https:\/\/www.frankentourismus.de\/blog\/wp-content\/uploads\/2025\/05\/Ajo_Bad-Staffelstein_3-1024x781.jpg\" alt=\"\" class=\"wp-image-6855\" srcset=\"https:\/\/www.frankentourismus.de\/blog\/wp-content\/uploads\/2025\/05\/Ajo_Bad-Staffelstein_3-1024x781.jpg 1024w, https:\/\/www.frankentourismus.de\/blog\/wp-content\/uploads\/2025\/05\/Ajo_Bad-Staffelstein_3-300x229.jpg 300w, https:\/\/www.frankentourismus.de\/blog\/wp-content\/uploads\/2025\/05\/Ajo_Bad-Staffelstein_3-768x585.jpg 768w, https:\/\/www.frankentourismus.de\/blog\/wp-content\/uploads\/2025\/05\/Ajo_Bad-Staffelstein_3-1536x1171.jpg 1536w, https:\/\/www.frankentourismus.de\/blog\/wp-content\/uploads\/2025\/05\/Ajo_Bad-Staffelstein_3-2048x1561.jpg 2048w\" sizes=\"(max-width: 1024px) 100vw, 1024px\" \/><figcaption class=\"wp-element-caption\">\u00a9 FrankenTourismus \/ Sisi Wein<\/figcaption><\/figure>\n\n\n\n<p>Ihr Aj\u00f3 haben die Vaccas mit viel <strong>Liebe zum Detail<\/strong> eingerichtet. <strong>Jede Menge Holz<\/strong> sorgt f\u00fcr eine <strong>warme Atmosph\u00e4re<\/strong>. Es stammt zum einen aus der <strong>alten Scheune des abgerissenen Hauses<\/strong>, zum anderen aus den <strong>Bad Staffelsteiner W\u00e4ldern<\/strong>. \u201eWir haben im Jagdrevier meines Vaters eine tolle Eiche entdeckt und sie f\u00e4llen lassen\u201c, so Mirjana Vacca. Auch sonst ist die Jagdleidenschaft ihrer Familie deutlich sp\u00fcrbar. Die W\u00e4nde zieren <strong>m\u00e4chtige Geweihe<\/strong>, das Besteck wird auf <strong>kleinem Rehgeh\u00f6rn<\/strong> abgelegt. Das Ganze wirkt dank der runden Genussinseln oder der Lounge mit ihren Lederb\u00e4nken in warmem Braun stylisch-gem\u00fctlich.<\/p>\n\n\n\n<h2>Auf Pirsch im v\u00e4terlichen Revier<\/h2>\n\n\n\n<p>Das feine Wildbret, das im Aj\u00f3 serviert wird, stammt zu einem guten Teil direkt aus der <strong>v\u00e4terlichen Jagd<\/strong>. Au\u00dferdem nutzen Mirjana und Michele Vacca die guten J\u00e4ger-Connections der Familie. <strong>Wildschwein und Reh kommen direkt aus dem Obermain.Jura oder aus dem benachbarten Steigerwald und aus der Fr\u00e4nkischen Schweiz<\/strong>. \u201eWir wissen bei jedem Tier, wo es herkommt\u201c, betont die J\u00e4gerstochter. Das Rind beziehen die Vaccas aus Deutschland sowie unter anderem aus Italien, Neuseeland oder Australien. Hier achten sie neben der <strong>Qualit\u00e4t<\/strong> auf <strong>Tierhaltung<\/strong>, <strong>F\u00fctterung<\/strong> und darauf, dass die <strong>Rinder nicht mit Antibiotika behandelt<\/strong> werden. Ob Rind oder Wild \u2013 bevor es in die K\u00fcche wandert, darf es in den <strong>Dry Ager<\/strong>. Die Reifezeit richtet sich ganz nach den Bed\u00fcrfnissen des einzelnen St\u00fccks und erstreckt sich von wenigen Tagen \u00fcber mehrere Wochen. \u201eF\u00fcr das Fleisch ist das die <strong>Entspannungszeit<\/strong>, in der sich die <strong>Fasern dehnen und lockern<\/strong>\u201c, erkl\u00e4rt Michele Vacca: \u201eGerade Wildschwein eignet sich daf\u00fcr hervorragend, denn der Dry Ager mag fette Dinge.\u201c<\/p>\n\n\n\n<figure class=\"wp-block-image size-large\"><img decoding=\"async\" loading=\"lazy\" width=\"1024\" height=\"769\" src=\"https:\/\/www.frankentourismus.de\/blog\/wp-content\/uploads\/2025\/05\/Ajo_Bad-Staffelstein_4-1024x769.jpg\" alt=\"\" class=\"wp-image-6857\" srcset=\"https:\/\/www.frankentourismus.de\/blog\/wp-content\/uploads\/2025\/05\/Ajo_Bad-Staffelstein_4-1024x769.jpg 1024w, https:\/\/www.frankentourismus.de\/blog\/wp-content\/uploads\/2025\/05\/Ajo_Bad-Staffelstein_4-300x225.jpg 300w, https:\/\/www.frankentourismus.de\/blog\/wp-content\/uploads\/2025\/05\/Ajo_Bad-Staffelstein_4-768x577.jpg 768w, https:\/\/www.frankentourismus.de\/blog\/wp-content\/uploads\/2025\/05\/Ajo_Bad-Staffelstein_4-1536x1153.jpg 1536w, https:\/\/www.frankentourismus.de\/blog\/wp-content\/uploads\/2025\/05\/Ajo_Bad-Staffelstein_4-2048x1538.jpg 2048w\" sizes=\"(max-width: 1024px) 100vw, 1024px\" \/><figcaption class=\"wp-element-caption\">\u00a9 FrankenTourismus \/ Sisi Wein<\/figcaption><\/figure>\n\n\n\n<h2>Vom Dry Ager direkt auf den Teller<\/h2>\n\n\n\n<p>Die G\u00e4ste sind sehr angetan davon, was Michele Vacca aus Wild und Rind zaubert. Auf der Aj\u00f3-Platte f\u00fcr zwei locken zum Beispiel <strong>Cuts vom Wild, Rinderfilet, Entrecote und Rumpsteak<\/strong>. Nicht nur f\u00fcrs Fleisch hat er ein H\u00e4ndchen: Dazu reicht er etwa <strong>karamellisierten Feta<\/strong>, in der Pfanne <strong>angeschwenkten Fris\u00e9e<\/strong>, <strong>Brot vom regionalen B\u00e4cker<\/strong> oder das <strong>aus Sardinien stammende Pane Carasau<\/strong>. Auch wenn Vacca \u00fcbersetzt Kuh bedeutet: Wer Lust auf Fisch, Garnelen oder Fleischloses hat, wird im Aj\u00f3 ebenfalls bestens bedient.<\/p>\n\n\n\n<p><strong>Der sagenumwobene <a href=\"https:\/\/www.frankentourismus.de\/poi\/staffelberg-32952\/\" target=\"_blank\" rel=\"noreferrer noopener\">Staffelberg<\/a> und in direkter Nachbarschaft die barocke Pracht von <a href=\"https:\/\/www.frankentourismus.de\/poi\/kloster_banz-6967\/\" target=\"_blank\" rel=\"noreferrer noopener\">Kloster Banz<\/a> und der <a href=\"https:\/\/www.frankentourismus.de\/poi\/basilika_vierzehnheiligen-6968\/\" target=\"_blank\" rel=\"noreferrer noopener\">Wallfahrtskirche Vierzehnheiligen<\/a>: F\u00fcr dieses fr\u00e4nkische Dreigestirn ist das Obermain.Jura ber\u00fchmt. Aber die Urlaubslandschaft im fr\u00e4nkischen Norden hat noch so viel mehr zu bieten! Dazu geh\u00f6ren Bayerns st\u00e4rkste und w\u00e4rmste Thermalsole in der <a href=\"https:\/\/www.frankentourismus.de\/poi\/obermain_therme_bad_staffelste-6969\/\" target=\"_blank\" rel=\"noreferrer noopener\">Obermain Therme<\/a> Bad Staffelstein, unbeschwerte Sommertage am Bad Staffelsteiner Ostsee, die gro\u00dfe Korbflechtertradition in Lichtenfels und <a href=\"https:\/\/www.korbmuseum.de\/startseite-museum\" target=\"_blank\" rel=\"noreferrer noopener\">Michelau i.OFr.<\/a>, die m\u00e4rchenhafte Felsenlandschaft des Kleinziegenfelder Tals oder Rokoko-Juwelen wie Schloss Unterleiterbach in <a href=\"https:\/\/www.zapfendorf.de\/\" target=\"_blank\" rel=\"noreferrer noopener\">Zapfendorf<\/a>. Dass das Obermain.Jura auch als \u201eGottesgarten\u201c bekannt ist, schl\u00e4gt sich nat\u00fcrlich auch in seiner Genusskultur nieder. Darauf l\u00e4sst sich bestens mit einem s\u00fcffigen Bier aus einer der vielen kleinen Brauereien der Urlaubslandschaft ansto\u00dfen \u2013 zum Beispiel in einer traditionellen Brauereiwirtschaft, in einem gem\u00fctlichen Landgasthof, beim Bierseminar oder bei einem \u201eFr\u00e4nkischen Bierbrauer-Aufguss\u201c in der Obermain Therme.<\/strong><\/p>\n\n\n\n<figure class=\"is-layout-flex wp-block-gallery-1 wp-block-gallery has-nested-images columns-default is-cropped\">\n<figure class=\"wp-block-image size-large\"><img decoding=\"async\" loading=\"lazy\" width=\"1024\" height=\"768\" data-id=\"4579\"  src=\"https:\/\/www.frankentourismus.de\/blog\/wp-content\/uploads\/2023\/01\/omj_0008_obermainjura_bad-staffelstein_staffelberg-1024x768.jpg\" alt=\"Der Staffelberg in der Urlaubsregion Obermain\u2022Jura\" class=\"wp-image-4579\" srcset=\"https:\/\/www.frankentourismus.de\/blog\/wp-content\/uploads\/2023\/01\/omj_0008_obermainjura_bad-staffelstein_staffelberg-1024x768.jpg 1024w, https:\/\/www.frankentourismus.de\/blog\/wp-content\/uploads\/2023\/01\/omj_0008_obermainjura_bad-staffelstein_staffelberg-300x225.jpg 300w, https:\/\/www.frankentourismus.de\/blog\/wp-content\/uploads\/2023\/01\/omj_0008_obermainjura_bad-staffelstein_staffelberg-768x576.jpg 768w, https:\/\/www.frankentourismus.de\/blog\/wp-content\/uploads\/2023\/01\/omj_0008_obermainjura_bad-staffelstein_staffelberg-1536x1151.jpg 1536w, https:\/\/www.frankentourismus.de\/blog\/wp-content\/uploads\/2023\/01\/omj_0008_obermainjura_bad-staffelstein_staffelberg-2048x1535.jpg 2048w\" sizes=\"(max-width: 1024px) 100vw, 1024px\" \/><figcaption class=\"wp-element-caption\">\u00a9 FrankenTourismus \/ Thomas Glomm<\/figcaption><\/figure>\n\n\n\n<figure class=\"wp-block-image size-large\"><img decoding=\"async\" loading=\"lazy\" width=\"1024\" height=\"767\" data-id=\"4985\"  src=\"https:\/\/www.frankentourismus.de\/blog\/wp-content\/uploads\/2023\/04\/omj_0009_obermainjura_bad-staffelstein_koster-banz-1024x767.jpg\" alt=\"Das Kloster Banz in der Urlaubsregion Obermain\u2022Jura\" class=\"wp-image-4985\" srcset=\"https:\/\/www.frankentourismus.de\/blog\/wp-content\/uploads\/2023\/04\/omj_0009_obermainjura_bad-staffelstein_koster-banz-1024x767.jpg 1024w, https:\/\/www.frankentourismus.de\/blog\/wp-content\/uploads\/2023\/04\/omj_0009_obermainjura_bad-staffelstein_koster-banz-300x225.jpg 300w, https:\/\/www.frankentourismus.de\/blog\/wp-content\/uploads\/2023\/04\/omj_0009_obermainjura_bad-staffelstein_koster-banz-768x576.jpg 768w, https:\/\/www.frankentourismus.de\/blog\/wp-content\/uploads\/2023\/04\/omj_0009_obermainjura_bad-staffelstein_koster-banz-1536x1151.jpg 1536w, https:\/\/www.frankentourismus.de\/blog\/wp-content\/uploads\/2023\/04\/omj_0009_obermainjura_bad-staffelstein_koster-banz-2048x1535.jpg 2048w\" sizes=\"(max-width: 1024px) 100vw, 1024px\" \/><figcaption class=\"wp-element-caption\">\u00a9 FrankenTourismus \/ Thomas Glomm<\/figcaption><\/figure>\n<\/figure>\n","protected":false},"excerpt":{"rendered":"<p>Im Obermain.Jura geht es auf die Jagd nach dem wilden Geschmack: Mirjana und Michele Vacca zelebrieren in ihrem neuen Bad Staffelsteiner Restaurant Aj\u00f3 ihre Leidenschaft f\u00fcr Rind und Wildbret \u2013 und das in einem Ambiente, das auch f\u00fcrs Auge ein Genuss ist. Mit den Hausbesuchen begleiten wir Einheimische bei ihrem t\u00e4glichen Wirken im Urlaubsland Franken. [&hellip;]<\/p>\n","protected":false},"author":41,"featured_media":4579,"comment_status":"open","ping_status":"closed","sticky":false,"template":"","format":"standard","meta":[],"categories":[1,19,125],"tags":[269,189,143,3,327],"yoast_head":"<!-- This site is optimized with the Yoast SEO plugin v19.14 - https:\/\/yoast.com\/wordpress\/plugins\/seo\/ -->\n<title>Aj\u00f3: Steak &amp; Wild im Obermain.Jura - Franken Blog<\/title>\n<meta name=\"description\" content=\"Aj\u00f3 in Bad Staffelstein: Im Herzen des Obermain.Jura servieren Mirjana und Michele Vacca Dry-Age-Rind und Wildbret mit regionalem Ursprung.\" \/>\n<meta name=\"robots\" content=\"index, follow, max-snippet:-1, max-image-preview:large, max-video-preview:-1\" \/>\n<link rel=\"canonical\" href=\"https:\/\/www.frankentourismus.de\/blog\/2025\/05\/09\/ajo-steak-wild-im-obermain-jura\/\" \/>\n<meta property=\"og:locale\" content=\"de_DE\" \/>\n<meta property=\"og:type\" content=\"article\" \/>\n<meta property=\"og:title\" content=\"Aj\u00f3: Steak &amp; Wild im Obermain.Jura - Franken Blog\" \/>\n<meta property=\"og:description\" content=\"Aj\u00f3 in Bad Staffelstein: Im Herzen des Obermain.Jura servieren Mirjana und Michele Vacca Dry-Age-Rind und Wildbret mit regionalem Ursprung.\" \/>\n<meta property=\"og:url\" content=\"https:\/\/www.frankentourismus.de\/blog\/2025\/05\/09\/ajo-steak-wild-im-obermain-jura\/\" \/>\n<meta property=\"og:site_name\" content=\"Franken Blog\" \/>\n<meta property=\"article:published_time\" content=\"2025-05-09T07:00:00+00:00\" \/>\n<meta property=\"article:modified_time\" content=\"2025-05-12T06:52:51+00:00\" \/>\n<meta property=\"og:image\" content=\"https:\/\/www.frankentourismus.de\/blog\/wp-content\/uploads\/2023\/01\/omj_0008_obermainjura_bad-staffelstein_staffelberg-scaled.jpg\" \/>\n\t<meta property=\"og:image:width\" content=\"2560\" \/>\n\t<meta property=\"og:image:height\" content=\"1919\" \/>\n\t<meta property=\"og:image:type\" content=\"image\/jpeg\" \/>\n<meta name=\"author\" content=\"Sisi Wein\" \/>\n<meta name=\"twitter:card\" content=\"summary_large_image\" \/>\n<meta name=\"twitter:label1\" content=\"Written by\" \/>\n\t<meta name=\"twitter:data1\" content=\"Sisi Wein\" \/>\n\t<meta name=\"twitter:label2\" content=\"Est. reading time\" \/>\n\t<meta name=\"twitter:data2\" content=\"7 Minuten\" \/>\n<script type=\"application\/ld+json\" class=\"yoast-schema-graph\">{\"@context\":\"https:\/\/schema.org\",\"@graph\":[{\"@type\":\"WebPage\",\"@id\":\"https:\/\/www.frankentourismus.de\/blog\/2025\/05\/09\/ajo-steak-wild-im-obermain-jura\/\",\"url\":\"https:\/\/www.frankentourismus.de\/blog\/2025\/05\/09\/ajo-steak-wild-im-obermain-jura\/\",\"name\":\"Aj\u00f3: Steak &amp; Wild im Obermain.Jura - Franken Blog\",\"isPartOf\":{\"@id\":\"https:\/\/www.frankentourismus.de\/blog\/#website\"},\"datePublished\":\"2025-05-09T07:00:00+00:00\",\"dateModified\":\"2025-05-12T06:52:51+00:00\",\"author\":{\"@id\":\"https:\/\/www.frankentourismus.de\/blog\/#\/schema\/person\/077d15c247939e3520696ee497ffc26f\"},\"description\":\"Aj\u00f3 in Bad Staffelstein: Im Herzen des Obermain.Jura servieren Mirjana und Michele Vacca Dry-Age-Rind und Wildbret mit regionalem Ursprung.\",\"breadcrumb\":{\"@id\":\"https:\/\/www.frankentourismus.de\/blog\/2025\/05\/09\/ajo-steak-wild-im-obermain-jura\/#breadcrumb\"},\"inLanguage\":\"de-DE\",\"potentialAction\":[{\"@type\":\"ReadAction\",\"target\":[\"https:\/\/www.frankentourismus.de\/blog\/2025\/05\/09\/ajo-steak-wild-im-obermain-jura\/\"]}]},{\"@type\":\"BreadcrumbList\",\"@id\":\"https:\/\/www.frankentourismus.de\/blog\/2025\/05\/09\/ajo-steak-wild-im-obermain-jura\/#breadcrumb\",\"itemListElement\":[{\"@type\":\"ListItem\",\"position\":1,\"name\":\"Home\",\"item\":\"https:\/\/www.frankentourismus.de\/blog\/\"},{\"@type\":\"ListItem\",\"position\":2,\"name\":\"Aj\u00f3: Steak &amp; Wild im Obermain.Jura\"}]},{\"@type\":\"WebSite\",\"@id\":\"https:\/\/www.frankentourismus.de\/blog\/#website\",\"url\":\"https:\/\/www.frankentourismus.de\/blog\/\",\"name\":\"Franken Blog\",\"description\":\"Urlaub in Franken!\",\"potentialAction\":[{\"@type\":\"SearchAction\",\"target\":{\"@type\":\"EntryPoint\",\"urlTemplate\":\"https:\/\/www.frankentourismus.de\/blog\/?s={search_term_string}\"},\"query-input\":\"required name=search_term_string\"}],\"inLanguage\":\"de-DE\"},{\"@type\":\"Person\",\"@id\":\"https:\/\/www.frankentourismus.de\/blog\/#\/schema\/person\/077d15c247939e3520696ee497ffc26f\",\"name\":\"Sisi Wein\",\"image\":{\"@type\":\"ImageObject\",\"inLanguage\":\"de-DE\",\"@id\":\"https:\/\/www.frankentourismus.de\/blog\/#\/schema\/person\/image\/\",\"url\":\"https:\/\/www.frankentourismus.de\/blog\/wp-content\/uploads\/2021\/05\/Sisi-Wein-bearbeitet-150x150.jpg\",\"contentUrl\":\"https:\/\/www.frankentourismus.de\/blog\/wp-content\/uploads\/2021\/05\/Sisi-Wein-bearbeitet-150x150.jpg\",\"caption\":\"Sisi Wein\"},\"url\":\"https:\/\/www.frankentourismus.de\/blog\/author\/sisi-wein\/\"}]}<\/script>\n<!-- \/ Yoast SEO plugin. -->","yoast_head_json":{"title":"Aj\u00f3: Steak &amp; Wild im Obermain.Jura - Franken Blog","description":"Aj\u00f3 in Bad Staffelstein: Im Herzen des Obermain.Jura servieren Mirjana und Michele Vacca Dry-Age-Rind und Wildbret mit regionalem Ursprung.","robots":{"index":"index","follow":"follow","max-snippet":"max-snippet:-1","max-image-preview":"max-image-preview:large","max-video-preview":"max-video-preview:-1"},"canonical":"https:\/\/www.frankentourismus.de\/blog\/2025\/05\/09\/ajo-steak-wild-im-obermain-jura\/","og_locale":"de_DE","og_type":"article","og_title":"Aj\u00f3: Steak &amp; Wild im Obermain.Jura - Franken Blog","og_description":"Aj\u00f3 in Bad Staffelstein: Im Herzen des Obermain.Jura servieren Mirjana und Michele Vacca Dry-Age-Rind und Wildbret mit regionalem Ursprung.","og_url":"https:\/\/www.frankentourismus.de\/blog\/2025\/05\/09\/ajo-steak-wild-im-obermain-jura\/","og_site_name":"Franken Blog","article_published_time":"2025-05-09T07:00:00+00:00","article_modified_time":"2025-05-12T06:52:51+00:00","og_image":[{"width":2560,"height":1919,"url":"https:\/\/www.frankentourismus.de\/blog\/wp-content\/uploads\/2023\/01\/omj_0008_obermainjura_bad-staffelstein_staffelberg-scaled.jpg","type":"image\/jpeg"}],"author":"Sisi Wein","twitter_card":"summary_large_image","twitter_misc":{"Written by":"Sisi Wein","Est. reading time":"7 Minuten"},"schema":{"@context":"https:\/\/schema.org","@graph":[{"@type":"WebPage","@id":"https:\/\/www.frankentourismus.de\/blog\/2025\/05\/09\/ajo-steak-wild-im-obermain-jura\/","url":"https:\/\/www.frankentourismus.de\/blog\/2025\/05\/09\/ajo-steak-wild-im-obermain-jura\/","name":"Aj\u00f3: Steak &amp; Wild im Obermain.Jura - Franken Blog","isPartOf":{"@id":"https:\/\/www.frankentourismus.de\/blog\/#website"},"datePublished":"2025-05-09T07:00:00+00:00","dateModified":"2025-05-12T06:52:51+00:00","author":{"@id":"https:\/\/www.frankentourismus.de\/blog\/#\/schema\/person\/077d15c247939e3520696ee497ffc26f"},"description":"Aj\u00f3 in Bad Staffelstein: Im Herzen des Obermain.Jura servieren Mirjana und Michele Vacca Dry-Age-Rind und Wildbret mit regionalem Ursprung.","breadcrumb":{"@id":"https:\/\/www.frankentourismus.de\/blog\/2025\/05\/09\/ajo-steak-wild-im-obermain-jura\/#breadcrumb"},"inLanguage":"de-DE","potentialAction":[{"@type":"ReadAction","target":["https:\/\/www.frankentourismus.de\/blog\/2025\/05\/09\/ajo-steak-wild-im-obermain-jura\/"]}]},{"@type":"BreadcrumbList","@id":"https:\/\/www.frankentourismus.de\/blog\/2025\/05\/09\/ajo-steak-wild-im-obermain-jura\/#breadcrumb","itemListElement":[{"@type":"ListItem","position":1,"name":"Home","item":"https:\/\/www.frankentourismus.de\/blog\/"},{"@type":"ListItem","position":2,"name":"Aj\u00f3: Steak &amp; Wild im Obermain.Jura"}]},{"@type":"WebSite","@id":"https:\/\/www.frankentourismus.de\/blog\/#website","url":"https:\/\/www.frankentourismus.de\/blog\/","name":"Franken Blog","description":"Urlaub in Franken!","potentialAction":[{"@type":"SearchAction","target":{"@type":"EntryPoint","urlTemplate":"https:\/\/www.frankentourismus.de\/blog\/?s={search_term_string}"},"query-input":"required name=search_term_string"}],"inLanguage":"de-DE"},{"@type":"Person","@id":"https:\/\/www.frankentourismus.de\/blog\/#\/schema\/person\/077d15c247939e3520696ee497ffc26f","name":"Sisi Wein","image":{"@type":"ImageObject","inLanguage":"de-DE","@id":"https:\/\/www.frankentourismus.de\/blog\/#\/schema\/person\/image\/","url":"https:\/\/www.frankentourismus.de\/blog\/wp-content\/uploads\/2021\/05\/Sisi-Wein-bearbeitet-150x150.jpg","contentUrl":"https:\/\/www.frankentourismus.de\/blog\/wp-content\/uploads\/2021\/05\/Sisi-Wein-bearbeitet-150x150.jpg","caption":"Sisi Wein"},"url":"https:\/\/www.frankentourismus.de\/blog\/author\/sisi-wein\/"}]}},"_links":{"self":[{"href":"https:\/\/www.frankentourismus.de\/blog\/wp-json\/wp\/v2\/posts\/6847"}],"collection":[{"href":"https:\/\/www.frankentourismus.de\/blog\/wp-json\/wp\/v2\/posts"}],"about":[{"href":"https:\/\/www.frankentourismus.de\/blog\/wp-json\/wp\/v2\/types\/post"}],"author":[{"embeddable":true,"href":"https:\/\/www.frankentourismus.de\/blog\/wp-json\/wp\/v2\/users\/41"}],"replies":[{"embeddable":true,"href":"https:\/\/www.frankentourismus.de\/blog\/wp-json\/wp\/v2\/comments?post=6847"}],"version-history":[{"count":3,"href":"https:\/\/www.frankentourismus.de\/blog\/wp-json\/wp\/v2\/posts\/6847\/revisions"}],"predecessor-version":[{"id":6869,"href":"https:\/\/www.frankentourismus.de\/blog\/wp-json\/wp\/v2\/posts\/6847\/revisions\/6869"}],"wp:featuredmedia":[{"embeddable":true,"href":"https:\/\/www.frankentourismus.de\/blog\/wp-json\/wp\/v2\/media\/4579"}],"wp:attachment":[{"href":"https:\/\/www.frankentourismus.de\/blog\/wp-json\/wp\/v2\/media?parent=6847"}],"wp:term":[{"taxonomy":"category","embeddable":true,"href":"https:\/\/www.frankentourismus.de\/blog\/wp-json\/wp\/v2\/categories?post=6847"},{"taxonomy":"post_tag","embeddable":true,"href":"https:\/\/www.frankentourismus.de\/blog\/wp-json\/wp\/v2\/tags?post=6847"}],"curies":[{"name":"wp","href":"https:\/\/api.w.org\/{rel}","templated":true}]}}