{"id":6665,"date":"2025-03-14T09:00:00","date_gmt":"2025-03-14T08:00:00","guid":{"rendered":"https:\/\/www.frankentourismus.de\/blog\/?p=6665"},"modified":"2025-03-24T13:06:20","modified_gmt":"2025-03-24T12:06:20","slug":"erholung-mit-herz-im-fraenkischen-seenland","status":"publish","type":"post","link":"https:\/\/www.frankentourismus.de\/blog\/2025\/03\/14\/erholung-mit-herz-im-fraenkischen-seenland\/","title":{"rendered":"Erholung mit Herz im Fr\u00e4nkischen Seenland"},"content":{"rendered":"\n<p><strong>Gl\u00fcckliche Kinder, erholte Eltern: Christiane Nehmeier und ihre Kollegen von der Anbietergemeinschaft \u201eSeebienchen\u201c im <a href=\"https:\/\/www.fraenkisches-seenland.de\/\" target=\"_blank\" rel=\"noreferrer noopener\">Fr\u00e4nkischen Seenland<\/a> sorgen daf\u00fcr, dass der Familienurlaub auch mit den Kleinsten ein entspanntes Vergn\u00fcgen wird.<\/strong><\/p>\n\n\n<div class=\"hint\">\n            <figure>\n            <img width=\"300\" height=\"300\" src=\"https:\/\/www.frankentourismus.de\/blog\/wp-content\/uploads\/2021\/05\/Barbara-Keil-bearbeitet-300x300.jpg\" class=\"attachment-medium size-medium\" alt=\"\" decoding=\"async\" loading=\"lazy\" srcset=\"https:\/\/www.frankentourismus.de\/blog\/wp-content\/uploads\/2021\/05\/Barbara-Keil-bearbeitet-300x300.jpg 300w, https:\/\/www.frankentourismus.de\/blog\/wp-content\/uploads\/2021\/05\/Barbara-Keil-bearbeitet-1020x1024.jpg 1020w, https:\/\/www.frankentourismus.de\/blog\/wp-content\/uploads\/2021\/05\/Barbara-Keil-bearbeitet-150x150.jpg 150w, https:\/\/www.frankentourismus.de\/blog\/wp-content\/uploads\/2021\/05\/Barbara-Keil-bearbeitet-768x771.jpg 768w, https:\/\/www.frankentourismus.de\/blog\/wp-content\/uploads\/2021\/05\/Barbara-Keil-bearbeitet.jpg 1262w\" sizes=\"(max-width: 300px) 100vw, 300px\" \/>        <\/figure>\n    \n    <div class=\"content\">\n        <p>Mein Name ist Barbara Keil, ich bin an der Grenze zum Reiseland Franken aufgewachsen und habe schon als Kind gern meine fr\u00e4nkischen Verwandten besucht. Die Vielf\u00e4ltigkeit der Region ist mir erst bewusst geworden, als ich anfing beruflich als Redakteurin nach Franken zu reisen. Jeder Ausflug bietet neue \u00fcberraschende Entdeckungen und spannende Begegnungen mit den Menschen vor Ort!<\/p>\n    <\/div>\n<\/div>\n\n\n\n<div class=\"wp-block-media-text alignwide has-media-on-the-right\" style=\"grid-template-columns:auto 25%\"><div class=\"wp-block-media-text__content\">\n<p><strong>Mit den Hausbesuchen begleiten wir Einheimische bei ihrem t\u00e4glichen Wirken im Urlaubsland Franken. Bei meinem heutigen Besuch im Fr\u00e4nkischen Seenland lerne ich Christiane Nehmeier kennen. Sie sorgt mit ihrem familienfreundlichen Feriendorf f\u00fcr entspannte Urlaubstage, in denen Kinder spielen, Tiere versorgen und Abenteuer erleben k\u00f6nnen.<\/strong><\/p>\n<\/div><figure class=\"wp-block-media-text__media\"><img decoding=\"async\" loading=\"lazy\" width=\"562\" height=\"640\" src=\"https:\/\/www.frankentourismus.de\/blog\/wp-content\/uploads\/2021\/05\/FT-Hausbesuche-frei-1.png\" alt=\"\" class=\"wp-image-1195 size-full\" srcset=\"https:\/\/www.frankentourismus.de\/blog\/wp-content\/uploads\/2021\/05\/FT-Hausbesuche-frei-1.png 562w, https:\/\/www.frankentourismus.de\/blog\/wp-content\/uploads\/2021\/05\/FT-Hausbesuche-frei-1-263x300.png 263w\" sizes=\"(max-width: 562px) 100vw, 562px\" \/><\/figure><\/div>\n\n\n\n<p>Warm scheint die Morgensonne auf das <strong>Feriendorf Nehmeier<\/strong>. Zwei Jungs toben in der <strong>Spielscheune<\/strong>, eine Familie macht sich gerade auf den <strong>Weg zum See<\/strong> \u2013 Mutter und Kinder mit dem Auto, der Vater per Rennrad. Christiane Nehmeier gr\u00fc\u00dft gut gelaunt alle, die \u00fcber den Hof kommen, und hat noch den ein oder anderen Tipp parat: hier zu einer <a href=\"https:\/\/www.frankentourismus.de\/veranstaltungen\/\" target=\"_blank\" rel=\"noreferrer noopener\">Veranstaltung<\/a>, dort zur Ausstattung des Feriendorfs.<\/p>\n\n\n\n<p>Seit rund 30 Jahren f\u00fchrt die gelernte Krankenschwester zusammen mit ihrem Mann das Feriendorf. \u201eEs macht immer noch Spa\u00df\u201c, versichert sie fr\u00f6hlich. Inzwischen packen auch Tochter und Schwiegersohn schon mit an \u2013 <strong>die dritte Generation<\/strong>, denn mit der Vermietung an Ferieng\u00e4ste begann Christiane Nehmeiers Schwiegermutter bereits 1967, lange bevor die <strong>sieben Stauseen des Fr\u00e4nkischen Seenlands<\/strong> \u00fcberhaupt gebaut wurden. Damals badeten die G\u00e4ste im <strong>Haundorfer Weiher<\/strong>, heute erreichen sie sowohl den <strong>Altm\u00fchl- als auch den Brombachsee<\/strong> innerhalb von wenigen Minuten.<\/p>\n\n\n\n<figure class=\"wp-block-image size-large\"><img decoding=\"async\" loading=\"lazy\" width=\"1024\" height=\"683\" src=\"https:\/\/www.frankentourismus.de\/blog\/wp-content\/uploads\/2025\/03\/DSC_4266-1024x683.jpg\" alt=\"\" class=\"wp-image-6671\" srcset=\"https:\/\/www.frankentourismus.de\/blog\/wp-content\/uploads\/2025\/03\/DSC_4266-1024x683.jpg 1024w, https:\/\/www.frankentourismus.de\/blog\/wp-content\/uploads\/2025\/03\/DSC_4266-300x200.jpg 300w, https:\/\/www.frankentourismus.de\/blog\/wp-content\/uploads\/2025\/03\/DSC_4266-768x512.jpg 768w, https:\/\/www.frankentourismus.de\/blog\/wp-content\/uploads\/2025\/03\/DSC_4266-1536x1024.jpg 1536w, https:\/\/www.frankentourismus.de\/blog\/wp-content\/uploads\/2025\/03\/DSC_4266-2048x1365.jpg 2048w\" sizes=\"(max-width: 1024px) 100vw, 1024px\" \/><figcaption class=\"wp-element-caption\">\u00a9 Florian Nehmeier<\/figcaption><\/figure>\n\n\n\n<p>Als die Nehmeiers den Betrieb \u00fcbernahmen, spezialisierten sie sich auf Familien mit kleinen Kindern, schlie\u00dflich kannten sie als Eltern deren Bed\u00fcrfnisse aus erster Hand. \u201eMein Ziel war, dass <strong>die Eltern auch mal entlastet werden<\/strong>. Die <strong>Kinder k\u00f6nnen spielen und rumtoben<\/strong> und die Eltern auch mal in Ruhe eine Tasse Kaffee trinken\u201c, betont Christiane Nehmeier.<\/p>\n\n\n\n<p>Hinter dem <strong>Bauernhaus<\/strong>, in dem <strong>vier Ferienwohnungen<\/strong> untergebracht sind, stehen seit Ende der 1990er Jahre <strong>vier bunte Holzh\u00e4user<\/strong> auf der Wiese, <strong>drei Ferienh\u00e4user<\/strong> und das <strong>Gemeinschaftshaus<\/strong>. Zur <strong>kinderfreundlichen Ausstattung<\/strong> geh\u00f6ren zum Beispiel Hochstuhl oder Kinderbett. Auch bei der Energieversorgung wurde an die n\u00e4chste Generation gedacht: Mit Blockheizkraftwerk, Hackschnitzelheizung und E-Auto-Tankstelle sind die Nehmeiers <strong>nachhaltig aufgestellt<\/strong>.<\/p>\n\n\n\n<h2><strong>Jeden Tag ist Stallzeit<\/strong><\/h2>\n\n\n\n<p>Hinter den Ferienh\u00e4usern liegen der <strong>Spielplatz<\/strong>, eine <strong>Wiese <\/strong>zum Toben sowie <strong>Stall und Koppel<\/strong>. Die Scheune wird als <strong>Spielscheune <\/strong>genutzt und beherbergt neben einem \u201e<strong>Fuhrpark<\/strong>\u201c auch <strong>Trampolin, Kicker und Tischtennisplatte<\/strong>. Langweilig wird es hier nicht so schnell und es gibt immer jemanden zum Spielen. Wem es zu viel wird, der zieht sich einfach zur\u00fcck. Wie <strong>Esel Paul<\/strong>, der schon mal die Stallt\u00fcr hinter sich zu macht, wenn er seine Ruhe haben m\u00f6chte. Die Zuneigung der Kinder ist ihm dennoch sicher. \u201eManche kommen zur\u00fcck und fragen sofort, wenn sie aus dem Auto aussteigen: Ist der Paul noch da?\u201c, erz\u00e4hlt Christiane Nehmeier.<\/p>\n\n\n\n<figure class=\"wp-block-image size-large\"><img decoding=\"async\" loading=\"lazy\" width=\"1024\" height=\"683\" src=\"https:\/\/www.frankentourismus.de\/blog\/wp-content\/uploads\/2025\/03\/IMG_7244-1024x683.jpg\" alt=\"\" class=\"wp-image-6673\" srcset=\"https:\/\/www.frankentourismus.de\/blog\/wp-content\/uploads\/2025\/03\/IMG_7244-1024x683.jpg 1024w, https:\/\/www.frankentourismus.de\/blog\/wp-content\/uploads\/2025\/03\/IMG_7244-300x200.jpg 300w, https:\/\/www.frankentourismus.de\/blog\/wp-content\/uploads\/2025\/03\/IMG_7244-768x512.jpg 768w, https:\/\/www.frankentourismus.de\/blog\/wp-content\/uploads\/2025\/03\/IMG_7244-1536x1024.jpg 1536w, https:\/\/www.frankentourismus.de\/blog\/wp-content\/uploads\/2025\/03\/IMG_7244-2048x1365.jpg 2048w\" sizes=\"(max-width: 1024px) 100vw, 1024px\" \/><figcaption class=\"wp-element-caption\">\u00a9 FrankenTourismus \/ Barbara Keil<\/figcaption><\/figure>\n\n\n\n<p>Neben dem gutm\u00fctigen Grautier leben auch <strong>Pony Rosi<\/strong> sowie <strong>Ziegen, Schweine, H\u00fchner, Hasen, Meerschweinchen und Katzen<\/strong> auf dem Hof. T\u00e4glich um 17 Uhr ist Stallzeit. Dann nimmt Christiane Nehmeier die kleinen Ferieng\u00e4ste mit zum Ausmisten, Striegeln und F\u00fcttern und erkl\u00e4rt ihnen ganz nebenbei einiges. Die Eltern haben w\u00e4hrenddessen Pause und k\u00f6nnen sich zum Beispiel eine <strong>Massage <\/strong>g\u00f6nnen. Die Nehmeiers organisieren au\u00dferdem <strong>gemeinsame Erlebnisse<\/strong> f\u00fcr alle G\u00e4ste, etwa <strong>Stockbrotbacken oder Grillabende<\/strong>. \u201eEs ist ein Fulltime-Job\u201c, res\u00fcmiert die Chefin, \u201eaber es ist keine Last. Wir haben schon viele <strong>tolle Feste<\/strong> mit den G\u00e4sten gefeiert\u201c.<\/p>\n\n\n\n<figure class=\"wp-block-image size-large\"><img decoding=\"async\" loading=\"lazy\" width=\"1024\" height=\"683\" src=\"https:\/\/www.frankentourismus.de\/blog\/wp-content\/uploads\/2025\/03\/IMG_4899-1024x683.jpg\" alt=\"\" class=\"wp-image-6675\" srcset=\"https:\/\/www.frankentourismus.de\/blog\/wp-content\/uploads\/2025\/03\/IMG_4899-1024x683.jpg 1024w, https:\/\/www.frankentourismus.de\/blog\/wp-content\/uploads\/2025\/03\/IMG_4899-300x200.jpg 300w, https:\/\/www.frankentourismus.de\/blog\/wp-content\/uploads\/2025\/03\/IMG_4899-768x512.jpg 768w, https:\/\/www.frankentourismus.de\/blog\/wp-content\/uploads\/2025\/03\/IMG_4899-1536x1024.jpg 1536w, https:\/\/www.frankentourismus.de\/blog\/wp-content\/uploads\/2025\/03\/IMG_4899-2048x1365.jpg 2048w\" sizes=\"(max-width: 1024px) 100vw, 1024px\" \/><figcaption class=\"wp-element-caption\">\u00a9 Gerlinde Grossmann<\/figcaption><\/figure>\n\n\n\n<h2><strong>Ein starkes Team<\/strong><\/h2>\n\n\n\n<p>Au\u00dferdem gibt es Unterst\u00fctzung von Kollegen: Zusammen mit sechs weiteren Vermietern haben sich die Nehmeiers zur Anbietergemeinschaft \u201e<strong>Seebienchen<\/strong>\u201c zusammengeschlossen \u2013 urspr\u00fcnglich, um den <strong>Urlaub auf dem Bauernhof<\/strong> in der Vor- und Nachsaison attraktiver zu gestalten. Von Montag bis Freitag gibt es t\u00e4glich ein Angebot, an dem die G\u00e4ste aller sieben H\u00f6fe teilnehmen k\u00f6nnen: <strong>Bauernhoferlebnisse <\/strong>unter dem Motto \u201eWo kommt die Milch her?\u201c, <strong>Erkundungstouren im Wald<\/strong> mit dem F\u00f6rster, <strong>Alpaka-Wanderungen<\/strong> und nicht zuletzt die <strong>beliebten Piratenfahrten<\/strong> mit der \u201e<strong>MS Altm\u00fchlsee<\/strong>\u201c stehen zur Auswahl. Einmal die Woche veranstaltet Christiane Nehmeier das \u201e<strong>Kinderfest<\/strong>\u201c im Feriendorf, bei dem unter anderem gemalt und gebastelt wird.<\/p>\n\n\n\n<figure class=\"wp-block-image size-large\"><img decoding=\"async\" loading=\"lazy\" width=\"1024\" height=\"678\" src=\"https:\/\/www.frankentourismus.de\/blog\/wp-content\/uploads\/2025\/03\/fsl_1539_Fraenksiches-Seenland_Altmuehlsee_Kanufahren-am-Altmuehlsee-1024x678.jpg\" alt=\"\" class=\"wp-image-6677\" srcset=\"https:\/\/www.frankentourismus.de\/blog\/wp-content\/uploads\/2025\/03\/fsl_1539_Fraenksiches-Seenland_Altmuehlsee_Kanufahren-am-Altmuehlsee-1024x678.jpg 1024w, https:\/\/www.frankentourismus.de\/blog\/wp-content\/uploads\/2025\/03\/fsl_1539_Fraenksiches-Seenland_Altmuehlsee_Kanufahren-am-Altmuehlsee-300x199.jpg 300w, https:\/\/www.frankentourismus.de\/blog\/wp-content\/uploads\/2025\/03\/fsl_1539_Fraenksiches-Seenland_Altmuehlsee_Kanufahren-am-Altmuehlsee-768x509.jpg 768w, https:\/\/www.frankentourismus.de\/blog\/wp-content\/uploads\/2025\/03\/fsl_1539_Fraenksiches-Seenland_Altmuehlsee_Kanufahren-am-Altmuehlsee-1536x1017.jpg 1536w, https:\/\/www.frankentourismus.de\/blog\/wp-content\/uploads\/2025\/03\/fsl_1539_Fraenksiches-Seenland_Altmuehlsee_Kanufahren-am-Altmuehlsee-2048x1356.jpg 2048w\" sizes=\"(max-width: 1024px) 100vw, 1024px\" \/><figcaption class=\"wp-element-caption\">\u00a9 Fr\u00e4nkisches Seenland \/ Manuel Arnu<\/figcaption><\/figure>\n\n\n\n<p>Wer noch mehr Freizeittipps m\u00f6chte, braucht nur zu fragen. \u201eMan muss <strong>als Anbieter die Region gut kennen<\/strong>\u201c, findet die Ferienhofbetreiberin. Einige Angebote hat sie zum Beispiel in ihrer Rolle als <strong>Markenbotschafterin f\u00fcr das Fr\u00e4nkische Seenland<\/strong> neu kennengelernt. Aus langer Erfahrung wei\u00df sie auch, was ihre G\u00e4ste an dem Urlaubsgebiet sch\u00e4tzen: \u201eDie <strong>Kinderfreundlichkeit <\/strong>f\u00e4llt auf und auch das <strong>gute Preis-Leistungs-Verh\u00e4ltnis<\/strong>.\u201c Ein weiterer Pluspunkt ist das <strong>kontrastreiche Angebot<\/strong>: \u201eWenn die Kinder gr\u00f6\u00dfer werden, gibt es immer wieder was Neues zu entdecken.\u201c Irgendwann sind die kleinen G\u00e4ste zwar aus dem Angebot der Nehmeiers \u201eherausgewachsen\u201c \u2013 aber dann zieht auch schon die n\u00e4chste Generation ein.<\/p>\n\n\n\n<p><strong>Mit Kleinkindern im Sand spielen und im flachen Wasser planschen<\/strong>.<strong> M<\/strong>i<strong>t Schulkindern paddeln oder die Vogelinsel erkunden, w\u00e4hrend die Teenager im Surfkurs oder an der Wakeboard-Anlage ihr Talent testen<\/strong>:<strong> Familien, die das Fr\u00e4nkische Seenland als Urlaubsziel entdeckt haben, kommen gern wieder, denn die Urlaubslandschaft mit den sieben Seen bietet abwechslungsreiche Freizeitm\u00f6glichkeiten f\u00fcr jedes Alter. Das gilt nicht nur am und auf dem Wasser, sondern ebenso an Land: Hochseilgarten und Sommerrodelbahn, familienfreundliche Radtouren und spannende Themenwege, Mini- und Soccergolfanlagen oder unterhaltsame F\u00fchrungen mit Nachtw\u00e4chter &amp; Co. Sorgen daf\u00fcr, dass keine Langeweile aufkommt. Ein weiterer Pluspunkt ist die Vielfalt an familienfreundlichen Unterk\u00fcnften, die vom Urlaubsbauernhof bis zu Sch\u00e4ferwagen und Baumzelt reicht. Auch die regionale K\u00fcche bietet f\u00fcr jeden etwas \u2013 zum Beispiel s\u00fc\u00dfe Kirschen und K\u00fcchle f\u00fcr kleine Naschkatzen oder heimisches Bier und fangfrischen Fisch f\u00fcr die Gro\u00dfen.<\/strong><\/p>\n\n\n\n<figure class=\"is-layout-flex wp-block-gallery-1 wp-block-gallery has-nested-images columns-default is-cropped\">\n<figure class=\"wp-block-image size-large\"><img decoding=\"async\" loading=\"lazy\" width=\"1024\" height=\"646\" data-id=\"6681\"  src=\"https:\/\/www.frankentourismus.de\/blog\/wp-content\/uploads\/2025\/03\/fsl_1636_Fraenkisches-Seenland__Panoramablick-Brombachsee-1024x646.jpg\" alt=\"\" class=\"wp-image-6681\" srcset=\"https:\/\/www.frankentourismus.de\/blog\/wp-content\/uploads\/2025\/03\/fsl_1636_Fraenkisches-Seenland__Panoramablick-Brombachsee-1024x646.jpg 1024w, https:\/\/www.frankentourismus.de\/blog\/wp-content\/uploads\/2025\/03\/fsl_1636_Fraenkisches-Seenland__Panoramablick-Brombachsee-300x189.jpg 300w, https:\/\/www.frankentourismus.de\/blog\/wp-content\/uploads\/2025\/03\/fsl_1636_Fraenkisches-Seenland__Panoramablick-Brombachsee-768x485.jpg 768w, https:\/\/www.frankentourismus.de\/blog\/wp-content\/uploads\/2025\/03\/fsl_1636_Fraenkisches-Seenland__Panoramablick-Brombachsee-1536x970.jpg 1536w, https:\/\/www.frankentourismus.de\/blog\/wp-content\/uploads\/2025\/03\/fsl_1636_Fraenkisches-Seenland__Panoramablick-Brombachsee-2048x1293.jpg 2048w\" sizes=\"(max-width: 1024px) 100vw, 1024px\" \/><figcaption class=\"wp-element-caption\">\u00a9 TV Fr\u00e4nkisches Seenland \/ multimaps360\u00b0<\/figcaption><\/figure>\n\n\n\n<figure class=\"wp-block-image size-large\"><img decoding=\"async\" loading=\"lazy\" width=\"1024\" height=\"681\" data-id=\"6679\"  src=\"https:\/\/www.frankentourismus.de\/blog\/wp-content\/uploads\/2025\/03\/fsl_1619_Fraenkisches-Seenland__Am-Grossen-Brombachsee-1024x681.jpg\" alt=\"\" class=\"wp-image-6679\" srcset=\"https:\/\/www.frankentourismus.de\/blog\/wp-content\/uploads\/2025\/03\/fsl_1619_Fraenkisches-Seenland__Am-Grossen-Brombachsee-1024x681.jpg 1024w, https:\/\/www.frankentourismus.de\/blog\/wp-content\/uploads\/2025\/03\/fsl_1619_Fraenkisches-Seenland__Am-Grossen-Brombachsee-300x200.jpg 300w, https:\/\/www.frankentourismus.de\/blog\/wp-content\/uploads\/2025\/03\/fsl_1619_Fraenkisches-Seenland__Am-Grossen-Brombachsee-768x511.jpg 768w, https:\/\/www.frankentourismus.de\/blog\/wp-content\/uploads\/2025\/03\/fsl_1619_Fraenkisches-Seenland__Am-Grossen-Brombachsee-1536x1022.jpg 1536w, https:\/\/www.frankentourismus.de\/blog\/wp-content\/uploads\/2025\/03\/fsl_1619_Fraenkisches-Seenland__Am-Grossen-Brombachsee.jpg 2000w\" sizes=\"(max-width: 1024px) 100vw, 1024px\" \/><figcaption class=\"wp-element-caption\">\u00a9 TV Fr\u00e4nkisches Seenland \/ Jens Wegener<\/figcaption><\/figure>\n<\/figure>\n","protected":false},"excerpt":{"rendered":"<p>Gl\u00fcckliche Kinder, erholte Eltern: Christiane Nehmeier und ihre Kollegen von der Anbietergemeinschaft \u201eSeebienchen\u201c im Fr\u00e4nkischen Seenland sorgen daf\u00fcr, dass der Familienurlaub auch mit den Kleinsten ein entspanntes Vergn\u00fcgen wird. Mit den Hausbesuchen begleiten wir Einheimische bei ihrem t\u00e4glichen Wirken im Urlaubsland Franken. Bei meinem heutigen Besuch im Fr\u00e4nkischen Seenland lerne ich Christiane Nehmeier kennen. Sie [&hellip;]<\/p>\n","protected":false},"author":39,"featured_media":6681,"comment_status":"open","ping_status":"closed","sticky":false,"template":"","format":"standard","meta":[],"categories":[1,61,125,289,267],"tags":[197,97,143,175],"yoast_head":"<!-- This site is optimized with the Yoast SEO plugin v19.14 - https:\/\/yoast.com\/wordpress\/plugins\/seo\/ -->\n<title>Erholung mit Herz im Fr\u00e4nkischen Seenland - Franken Blog<\/title>\n<meta name=\"description\" content=\"Familienurlaub im Fr\u00e4nkischen Seenland \u2013 entspannt f\u00fcr Eltern, abenteuerlich f\u00fcr Kinder! Hier entdecken Sie Ferienh\u00f6fe f\u00fcr Gro\u00df und Klein!\" \/>\n<meta name=\"robots\" content=\"index, follow, max-snippet:-1, max-image-preview:large, max-video-preview:-1\" \/>\n<link rel=\"canonical\" href=\"https:\/\/www.frankentourismus.de\/blog\/2025\/03\/14\/erholung-mit-herz-im-fraenkischen-seenland\/\" \/>\n<meta property=\"og:locale\" content=\"de_DE\" \/>\n<meta property=\"og:type\" content=\"article\" \/>\n<meta property=\"og:title\" content=\"Erholung mit Herz im Fr\u00e4nkischen Seenland - Franken Blog\" \/>\n<meta property=\"og:description\" content=\"Familienurlaub im Fr\u00e4nkischen Seenland \u2013 entspannt f\u00fcr Eltern, abenteuerlich f\u00fcr Kinder! Hier entdecken Sie Ferienh\u00f6fe f\u00fcr Gro\u00df und Klein!\" \/>\n<meta property=\"og:url\" content=\"https:\/\/www.frankentourismus.de\/blog\/2025\/03\/14\/erholung-mit-herz-im-fraenkischen-seenland\/\" \/>\n<meta property=\"og:site_name\" content=\"Franken Blog\" \/>\n<meta property=\"article:published_time\" content=\"2025-03-14T08:00:00+00:00\" \/>\n<meta property=\"article:modified_time\" content=\"2025-03-24T12:06:20+00:00\" \/>\n<meta property=\"og:image\" content=\"https:\/\/www.frankentourismus.de\/blog\/wp-content\/uploads\/2025\/03\/fsl_1636_Fraenkisches-Seenland__Panoramablick-Brombachsee-scaled.jpg\" \/>\n\t<meta property=\"og:image:width\" content=\"2560\" \/>\n\t<meta property=\"og:image:height\" content=\"1616\" \/>\n\t<meta property=\"og:image:type\" content=\"image\/jpeg\" \/>\n<meta name=\"author\" content=\"Barbara Keil\" \/>\n<meta name=\"twitter:card\" content=\"summary_large_image\" \/>\n<meta name=\"twitter:label1\" content=\"Written by\" \/>\n\t<meta name=\"twitter:data1\" content=\"Barbara Keil\" \/>\n\t<meta name=\"twitter:label2\" content=\"Est. reading time\" \/>\n\t<meta name=\"twitter:data2\" content=\"7 Minuten\" \/>\n<script type=\"application\/ld+json\" class=\"yoast-schema-graph\">{\"@context\":\"https:\/\/schema.org\",\"@graph\":[{\"@type\":\"WebPage\",\"@id\":\"https:\/\/www.frankentourismus.de\/blog\/2025\/03\/14\/erholung-mit-herz-im-fraenkischen-seenland\/\",\"url\":\"https:\/\/www.frankentourismus.de\/blog\/2025\/03\/14\/erholung-mit-herz-im-fraenkischen-seenland\/\",\"name\":\"Erholung mit Herz im Fr\u00e4nkischen Seenland - Franken Blog\",\"isPartOf\":{\"@id\":\"https:\/\/www.frankentourismus.de\/blog\/#website\"},\"datePublished\":\"2025-03-14T08:00:00+00:00\",\"dateModified\":\"2025-03-24T12:06:20+00:00\",\"author\":{\"@id\":\"https:\/\/www.frankentourismus.de\/blog\/#\/schema\/person\/1512774da01c82a6efe4d05624abe3a0\"},\"description\":\"Familienurlaub im Fr\u00e4nkischen Seenland \u2013 entspannt f\u00fcr Eltern, abenteuerlich f\u00fcr Kinder! Hier entdecken Sie Ferienh\u00f6fe f\u00fcr Gro\u00df und Klein!\",\"breadcrumb\":{\"@id\":\"https:\/\/www.frankentourismus.de\/blog\/2025\/03\/14\/erholung-mit-herz-im-fraenkischen-seenland\/#breadcrumb\"},\"inLanguage\":\"de-DE\",\"potentialAction\":[{\"@type\":\"ReadAction\",\"target\":[\"https:\/\/www.frankentourismus.de\/blog\/2025\/03\/14\/erholung-mit-herz-im-fraenkischen-seenland\/\"]}]},{\"@type\":\"BreadcrumbList\",\"@id\":\"https:\/\/www.frankentourismus.de\/blog\/2025\/03\/14\/erholung-mit-herz-im-fraenkischen-seenland\/#breadcrumb\",\"itemListElement\":[{\"@type\":\"ListItem\",\"position\":1,\"name\":\"Home\",\"item\":\"https:\/\/www.frankentourismus.de\/blog\/\"},{\"@type\":\"ListItem\",\"position\":2,\"name\":\"Erholung mit Herz im Fr\u00e4nkischen Seenland\"}]},{\"@type\":\"WebSite\",\"@id\":\"https:\/\/www.frankentourismus.de\/blog\/#website\",\"url\":\"https:\/\/www.frankentourismus.de\/blog\/\",\"name\":\"Franken Blog\",\"description\":\"Urlaub in Franken!\",\"potentialAction\":[{\"@type\":\"SearchAction\",\"target\":{\"@type\":\"EntryPoint\",\"urlTemplate\":\"https:\/\/www.frankentourismus.de\/blog\/?s={search_term_string}\"},\"query-input\":\"required name=search_term_string\"}],\"inLanguage\":\"de-DE\"},{\"@type\":\"Person\",\"@id\":\"https:\/\/www.frankentourismus.de\/blog\/#\/schema\/person\/1512774da01c82a6efe4d05624abe3a0\",\"name\":\"Barbara Keil\",\"image\":{\"@type\":\"ImageObject\",\"inLanguage\":\"de-DE\",\"@id\":\"https:\/\/www.frankentourismus.de\/blog\/#\/schema\/person\/image\/\",\"url\":\"https:\/\/www.frankentourismus.de\/blog\/wp-content\/uploads\/2021\/05\/Barbara-Keil-bearbeitet-150x150.jpg\",\"contentUrl\":\"https:\/\/www.frankentourismus.de\/blog\/wp-content\/uploads\/2021\/05\/Barbara-Keil-bearbeitet-150x150.jpg\",\"caption\":\"Barbara Keil\"},\"url\":\"https:\/\/www.frankentourismus.de\/blog\/author\/barbara-keil\/\"}]}<\/script>\n<!-- \/ Yoast SEO plugin. -->","yoast_head_json":{"title":"Erholung mit Herz im Fr\u00e4nkischen Seenland - Franken Blog","description":"Familienurlaub im Fr\u00e4nkischen Seenland \u2013 entspannt f\u00fcr Eltern, abenteuerlich f\u00fcr Kinder! Hier entdecken Sie Ferienh\u00f6fe f\u00fcr Gro\u00df und Klein!","robots":{"index":"index","follow":"follow","max-snippet":"max-snippet:-1","max-image-preview":"max-image-preview:large","max-video-preview":"max-video-preview:-1"},"canonical":"https:\/\/www.frankentourismus.de\/blog\/2025\/03\/14\/erholung-mit-herz-im-fraenkischen-seenland\/","og_locale":"de_DE","og_type":"article","og_title":"Erholung mit Herz im Fr\u00e4nkischen Seenland - Franken Blog","og_description":"Familienurlaub im Fr\u00e4nkischen Seenland \u2013 entspannt f\u00fcr Eltern, abenteuerlich f\u00fcr Kinder! Hier entdecken Sie Ferienh\u00f6fe f\u00fcr Gro\u00df und Klein!","og_url":"https:\/\/www.frankentourismus.de\/blog\/2025\/03\/14\/erholung-mit-herz-im-fraenkischen-seenland\/","og_site_name":"Franken Blog","article_published_time":"2025-03-14T08:00:00+00:00","article_modified_time":"2025-03-24T12:06:20+00:00","og_image":[{"width":2560,"height":1616,"url":"https:\/\/www.frankentourismus.de\/blog\/wp-content\/uploads\/2025\/03\/fsl_1636_Fraenkisches-Seenland__Panoramablick-Brombachsee-scaled.jpg","type":"image\/jpeg"}],"author":"Barbara Keil","twitter_card":"summary_large_image","twitter_misc":{"Written by":"Barbara Keil","Est. reading time":"7 Minuten"},"schema":{"@context":"https:\/\/schema.org","@graph":[{"@type":"WebPage","@id":"https:\/\/www.frankentourismus.de\/blog\/2025\/03\/14\/erholung-mit-herz-im-fraenkischen-seenland\/","url":"https:\/\/www.frankentourismus.de\/blog\/2025\/03\/14\/erholung-mit-herz-im-fraenkischen-seenland\/","name":"Erholung mit Herz im Fr\u00e4nkischen Seenland - Franken Blog","isPartOf":{"@id":"https:\/\/www.frankentourismus.de\/blog\/#website"},"datePublished":"2025-03-14T08:00:00+00:00","dateModified":"2025-03-24T12:06:20+00:00","author":{"@id":"https:\/\/www.frankentourismus.de\/blog\/#\/schema\/person\/1512774da01c82a6efe4d05624abe3a0"},"description":"Familienurlaub im Fr\u00e4nkischen Seenland \u2013 entspannt f\u00fcr Eltern, abenteuerlich f\u00fcr Kinder! Hier entdecken Sie Ferienh\u00f6fe f\u00fcr Gro\u00df und Klein!","breadcrumb":{"@id":"https:\/\/www.frankentourismus.de\/blog\/2025\/03\/14\/erholung-mit-herz-im-fraenkischen-seenland\/#breadcrumb"},"inLanguage":"de-DE","potentialAction":[{"@type":"ReadAction","target":["https:\/\/www.frankentourismus.de\/blog\/2025\/03\/14\/erholung-mit-herz-im-fraenkischen-seenland\/"]}]},{"@type":"BreadcrumbList","@id":"https:\/\/www.frankentourismus.de\/blog\/2025\/03\/14\/erholung-mit-herz-im-fraenkischen-seenland\/#breadcrumb","itemListElement":[{"@type":"ListItem","position":1,"name":"Home","item":"https:\/\/www.frankentourismus.de\/blog\/"},{"@type":"ListItem","position":2,"name":"Erholung mit Herz im Fr\u00e4nkischen Seenland"}]},{"@type":"WebSite","@id":"https:\/\/www.frankentourismus.de\/blog\/#website","url":"https:\/\/www.frankentourismus.de\/blog\/","name":"Franken Blog","description":"Urlaub in Franken!","potentialAction":[{"@type":"SearchAction","target":{"@type":"EntryPoint","urlTemplate":"https:\/\/www.frankentourismus.de\/blog\/?s={search_term_string}"},"query-input":"required name=search_term_string"}],"inLanguage":"de-DE"},{"@type":"Person","@id":"https:\/\/www.frankentourismus.de\/blog\/#\/schema\/person\/1512774da01c82a6efe4d05624abe3a0","name":"Barbara Keil","image":{"@type":"ImageObject","inLanguage":"de-DE","@id":"https:\/\/www.frankentourismus.de\/blog\/#\/schema\/person\/image\/","url":"https:\/\/www.frankentourismus.de\/blog\/wp-content\/uploads\/2021\/05\/Barbara-Keil-bearbeitet-150x150.jpg","contentUrl":"https:\/\/www.frankentourismus.de\/blog\/wp-content\/uploads\/2021\/05\/Barbara-Keil-bearbeitet-150x150.jpg","caption":"Barbara Keil"},"url":"https:\/\/www.frankentourismus.de\/blog\/author\/barbara-keil\/"}]}},"_links":{"self":[{"href":"https:\/\/www.frankentourismus.de\/blog\/wp-json\/wp\/v2\/posts\/6665"}],"collection":[{"href":"https:\/\/www.frankentourismus.de\/blog\/wp-json\/wp\/v2\/posts"}],"about":[{"href":"https:\/\/www.frankentourismus.de\/blog\/wp-json\/wp\/v2\/types\/post"}],"author":[{"embeddable":true,"href":"https:\/\/www.frankentourismus.de\/blog\/wp-json\/wp\/v2\/users\/39"}],"replies":[{"embeddable":true,"href":"https:\/\/www.frankentourismus.de\/blog\/wp-json\/wp\/v2\/comments?post=6665"}],"version-history":[{"count":8,"href":"https:\/\/www.frankentourismus.de\/blog\/wp-json\/wp\/v2\/posts\/6665\/revisions"}],"predecessor-version":[{"id":6741,"href":"https:\/\/www.frankentourismus.de\/blog\/wp-json\/wp\/v2\/posts\/6665\/revisions\/6741"}],"wp:featuredmedia":[{"embeddable":true,"href":"https:\/\/www.frankentourismus.de\/blog\/wp-json\/wp\/v2\/media\/6681"}],"wp:attachment":[{"href":"https:\/\/www.frankentourismus.de\/blog\/wp-json\/wp\/v2\/media?parent=6665"}],"wp:term":[{"taxonomy":"category","embeddable":true,"href":"https:\/\/www.frankentourismus.de\/blog\/wp-json\/wp\/v2\/categories?post=6665"},{"taxonomy":"post_tag","embeddable":true,"href":"https:\/\/www.frankentourismus.de\/blog\/wp-json\/wp\/v2\/tags?post=6665"}],"curies":[{"name":"wp","href":"https:\/\/api.w.org\/{rel}","templated":true}]}}