{"id":6337,"date":"2024-12-06T09:00:00","date_gmt":"2024-12-06T08:00:00","guid":{"rendered":"https:\/\/www.frankentourismus.de\/blog\/?p=6337"},"modified":"2024-12-04T15:37:29","modified_gmt":"2024-12-04T14:37:29","slug":"unesco-welterbe-in-franken-ein-blick-in-die-wurzburger-residenz","status":"publish","type":"post","link":"https:\/\/www.frankentourismus.de\/blog\/2024\/12\/06\/unesco-welterbe-in-franken-ein-blick-in-die-wurzburger-residenz\/","title":{"rendered":"UNESCO-Welterbe in Franken: Ein Blick in die W\u00fcrzburger Residenz"},"content":{"rendered":"\n<p><strong>In der malerischen Landschaft Frankens, wo der Main seine Bahnen zieht, liegt <a href=\"https:\/\/www.frankentourismus.de\/orte\/wuerzburg-513\/\" target=\"_blank\" rel=\"noreferrer noopener\">W\u00fcrzburg<\/a>. Eine Stadt, die historische Eleganz mit einem pulsierenden Stadtleben verkn\u00fcpft. Mit ihren 130.000 Einwohner:innen ist W\u00fcrzburg nicht nur f\u00fcr die renommierte Julius-Maximilians-Universit\u00e4t bekannt, sondern vor allem auch f\u00fcr ihren Weinanbau. Durch ihre direkte Lage am Main bietet sie die perfekte Voraussetzung f\u00fcr den Anbau edler Weine. Doch das Ziel meiner heutigen Reise ist die <a href=\"https:\/\/www.frankentourismus.de\/unesco-welterbe\/wuerzburg-residenz\/\" target=\"_blank\" rel=\"noreferrer noopener\">W\u00fcrzburger Residenz<\/a>, eines von f\u00fcnf UNESCO-Welterben in Franken<\/strong>.<\/p>\n\n\n<div class=\"hint\">\n            <figure>\n            <img width=\"300\" height=\"200\" src=\"https:\/\/www.frankentourismus.de\/blog\/wp-content\/uploads\/2022\/11\/wuerzburg_0419_fraenkisches-weinland_wuerzburg_residenz-hofgarten-300x200.jpg\" class=\"attachment-medium size-medium\" alt=\"\" decoding=\"async\" loading=\"lazy\" srcset=\"https:\/\/www.frankentourismus.de\/blog\/wp-content\/uploads\/2022\/11\/wuerzburg_0419_fraenkisches-weinland_wuerzburg_residenz-hofgarten-300x200.jpg 300w, https:\/\/www.frankentourismus.de\/blog\/wp-content\/uploads\/2022\/11\/wuerzburg_0419_fraenkisches-weinland_wuerzburg_residenz-hofgarten-1024x681.jpg 1024w, https:\/\/www.frankentourismus.de\/blog\/wp-content\/uploads\/2022\/11\/wuerzburg_0419_fraenkisches-weinland_wuerzburg_residenz-hofgarten-768x511.jpg 768w, https:\/\/www.frankentourismus.de\/blog\/wp-content\/uploads\/2022\/11\/wuerzburg_0419_fraenkisches-weinland_wuerzburg_residenz-hofgarten-1536x1022.jpg 1536w, https:\/\/www.frankentourismus.de\/blog\/wp-content\/uploads\/2022\/11\/wuerzburg_0419_fraenkisches-weinland_wuerzburg_residenz-hofgarten-2048x1363.jpg 2048w\" sizes=\"(max-width: 300px) 100vw, 300px\" \/>        <\/figure>\n    \n    <div class=\"content\">\n        <p>Was macht einen Besuch an einer der f\u00fcnf UNESCO-Welterbest\u00e4tten in Franken so besonders? Unsere Journalist:innen haben sich auf Entdeckungsreise begeben, um die faszinierendsten Orte der Region kennenzulernen. Die W\u00fcrzburger Residenz, ein Meisterwerk des Barocks, fasziniert mit ihrer Pracht und au\u00dfergew\u00f6hnlichen Architektur. In den prunkvollen S\u00e4len und detailreichen Fresken erleben Besucher:innen die H\u00f6hepunkte europ\u00e4ischer Baukunst. Die weitl\u00e4ufige Parkanlage l\u00e4dt zudem zum Verweilen ein und bietet inmitten der Stadt eine Oase der Ruhe und Inspiration. Ein Besuch, der Kultur und Geschichte auf eindrucksvolle Weise vereint.<\/p>\n    <\/div>\n<\/div>\n\n\n\n<div class=\"wp-block-media-text alignwide has-media-on-the-right\" style=\"grid-template-columns:auto 29%\"><div class=\"wp-block-media-text__content\">\n<p>UNESCO-Welterbest\u00e4tten sind herausragende Zeugnisse der Menschheits- und Naturgeschichte. Die W\u00fcrzburger Residenz geh\u00f6rt als Meisterwerk barocker Baukunst zu den f\u00fcnf Welterbest\u00e4tten, die in Franken liegen.<\/p>\n<\/div><figure class=\"wp-block-media-text__media\"><img decoding=\"async\" loading=\"lazy\" width=\"345\" height=\"300\" src=\"https:\/\/www.frankentourismus.de\/blog\/wp-content\/uploads\/2024\/10\/Logo-offiziell-1.png\" alt=\"\" class=\"wp-image-6213 size-full\" srcset=\"https:\/\/www.frankentourismus.de\/blog\/wp-content\/uploads\/2024\/10\/Logo-offiziell-1.png 345w, https:\/\/www.frankentourismus.de\/blog\/wp-content\/uploads\/2024\/10\/Logo-offiziell-1-300x261.png 300w\" sizes=\"(max-width: 345px) 100vw, 345px\" \/><\/figure><\/div>\n\n\n\n<h2>Der Eintritt in eine Welt der Architektur<\/h2>\n\n\n\n<p>Meine Tour durch die <strong>W\u00fcrzburger Residenz<\/strong> beginnt beim <strong>Vestib\u00fcl<\/strong>, das insbesondere f\u00fcr seine <strong>architektonische Besonderheit<\/strong> bekannt ist. Und tats\u00e4chlich, beim Betreten des Raumes f\u00e4llt sofort die \u00fcberraschend niedrige Deckenw\u00f6lbung auf. Zur damaligen Zeit glaubte keiner, dass die au\u00dfergew\u00f6hnliche Konstruktion von Balthasar Neumann lange Bestand haben w\u00fcrde. Doch die Decke steht bis heute und hat als eine der wenigen Teile der Residenz sogar den Zweiten Weltkrieg \u00fcberstanden. Doch auch abseits der Deckenw\u00f6lbung ist das Vestib\u00fcl sehr sehenswert. Sowohl die <strong>detailreichen Stuckaturen von Ludovico Bossi<\/strong>, als auch die <strong>illusionistischen Deckenmalereien von Franz Anton Ermeltraut<\/strong> und die <strong>Marmorstatuen von Minerva und Bellona<\/strong>, gemei\u00dfelt von <strong>Johann Peter Wagner<\/strong>, machen diesen Teil der Residenz zu einem Muss f\u00fcr alle Besucher:innen.<\/p>\n\n\n\n<h2>Leichtigkeit und Pracht im Gartensaal<\/h2>\n\n\n\n<p>Als n\u00e4chstes geht es f\u00fcr mich in den <strong>Gartensaal<\/strong>. Und auch wenn die Deckenh\u00f6he hier ebenfalls eher niedrig ist, der Raum wirkt au\u00dfergew\u00f6hnlich leicht und offen. Besonders die <strong>zw\u00f6lf schlanken Marmors\u00e4ulen<\/strong>, die das Gew\u00f6lbe st\u00fctzen, erwecken den Eindruck, als w\u00fcrde die Decke \u00fcber ihnen schweben. Eine au\u00dfergew\u00f6hnliche und raffinierte Konstruktion, die man eher in sakralen Bauten erwarten w\u00fcrde und ein eindrucksvolles Beispiel f\u00fcr <strong>architektonische Kreativit\u00e4t und Finesse<\/strong>. Wer den Blick weiter nach oben wandern l\u00e4sst, dem f\u00e4llt sofort das von <strong>Johann Zick<\/strong> im Jahre 1750 geschaffene <strong>Deckenfresko<\/strong> auf. Die Darstellungen des &#8222;<strong>G\u00f6ttermahls<\/strong>&#8220; und der &#8222;<strong>Rast der Diana<\/strong>&#8220; kommen in ihrer Farbpracht besonders durch das Tageslicht, das durch die <strong>gro\u00dfz\u00fcgigen Fenster<\/strong> str\u00f6mt und die <strong>feinen Spiegelelemente<\/strong>, die <strong>Antonio Bossi<\/strong> in die W\u00e4nde eingearbeitet hat, zur Geltung.<\/p>\n\n\n\n<figure class=\"wp-block-image size-full\"><img decoding=\"async\" loading=\"lazy\" width=\"2560\" height=\"1714\" src=\"https:\/\/www.frankentourismus.de\/blog\/wp-content\/uploads\/2024\/11\/wuerzburg_0286_Fraenkisches-Weinland_Wuerzburg_Deckenfresco-im-Gartensaal-der-Wuerzburger-Residenz-scaled.jpg\" alt=\"\" class=\"wp-image-6351\" srcset=\"https:\/\/www.frankentourismus.de\/blog\/wp-content\/uploads\/2024\/11\/wuerzburg_0286_Fraenkisches-Weinland_Wuerzburg_Deckenfresco-im-Gartensaal-der-Wuerzburger-Residenz-scaled.jpg 2560w, https:\/\/www.frankentourismus.de\/blog\/wp-content\/uploads\/2024\/11\/wuerzburg_0286_Fraenkisches-Weinland_Wuerzburg_Deckenfresco-im-Gartensaal-der-Wuerzburger-Residenz-300x201.jpg 300w, https:\/\/www.frankentourismus.de\/blog\/wp-content\/uploads\/2024\/11\/wuerzburg_0286_Fraenkisches-Weinland_Wuerzburg_Deckenfresco-im-Gartensaal-der-Wuerzburger-Residenz-1024x685.jpg 1024w, https:\/\/www.frankentourismus.de\/blog\/wp-content\/uploads\/2024\/11\/wuerzburg_0286_Fraenkisches-Weinland_Wuerzburg_Deckenfresco-im-Gartensaal-der-Wuerzburger-Residenz-768x514.jpg 768w, https:\/\/www.frankentourismus.de\/blog\/wp-content\/uploads\/2024\/11\/wuerzburg_0286_Fraenkisches-Weinland_Wuerzburg_Deckenfresco-im-Gartensaal-der-Wuerzburger-Residenz-1536x1028.jpg 1536w, https:\/\/www.frankentourismus.de\/blog\/wp-content\/uploads\/2024\/11\/wuerzburg_0286_Fraenkisches-Weinland_Wuerzburg_Deckenfresco-im-Gartensaal-der-Wuerzburger-Residenz-2048x1371.jpg 2048w\" sizes=\"(max-width: 2560px) 100vw, 2560px\" \/><figcaption class=\"wp-element-caption\">\u00a9 FrankenTourismus \/ FWL \/ Hub<\/figcaption><\/figure>\n\n\n\n<h2>Der Aufstieg durch Meisterwerk und Licht<\/h2>\n\n\n\n<p>Wieder zur\u00fcck durch das Vestib\u00fcl f\u00fchrt mich meine Erkundungstour weiter in das herrliche <strong>Treppenhaus<\/strong>. Hier erwartet die Besucher:innen ein <strong>Deckenfresko<\/strong>, das <strong>in seiner Gr\u00f6\u00dfe nahezu einzigartig<\/strong> ist. <strong>Giovanni Battista Tiepolo<\/strong> hat dieses meisterhafte Werk in nur drei Jahren geschaffen und ich frage mich, wie er die Weiten des Olymps in all seiner Pracht und seinem Detailreichtum in dieser kurzen Zeit realisieren konnte. Auch die Treppe selbst ist nicht weniger beeindruckend, denn je weiter das Treppenhaus nach oben f\u00fchrt, desto heller wird es. <strong>Balthasar Neumann<\/strong> hat es wahrlich verstanden, Architektur und Licht so zu kombinieren, dass das Aufsteigen fast wie ein schwebender Gang wirkt.<\/p>\n\n\n\n<p>Oben angekommen f\u00e4llt mein Blick wieder auf das Deckenfresko, das <strong>Apollo umgeben von den Kontinenten<\/strong> zeigt, die einst die bekannte Welt repr\u00e4sentierten. Amerika, Asien und Afrika wurden in Gestalt f\u00fcrstlicher Frauen dargestellt, genauso wie Europa, die zusammen mit dem F\u00fcrstbischof im Mittelpunkt steht. Dieses Bildwerk ist weit <strong>mehr als nur eine Ansammlung mythologischer Szenen<\/strong>. Es ist eine Huldigung an das <strong>menschliche Bestreben nach Sch\u00f6nheit und Ausgewogenheit<\/strong>. Die Pr\u00e4zision und Lebendigkeit jeder Linie, jeder Farbe im Fresko zeugen von Tiepolos au\u00dfergew\u00f6hnlichem Talent und seiner <strong>Leidenschaft f\u00fcr die Kunst<\/strong>.<\/p>\n\n\n\n<h2>Die Stille des Wei\u00dfen Saals<\/h2>\n\n\n\n<p>Der n\u00e4chste Raum, der die Besucher:innen erwartet, ist der <strong>wei\u00dfe Raum<\/strong>. Verglichen mit der Farbpracht des Gartensaals und des Treppenhauses \u00fcberrascht mich dieser Raum nun beinahe mit seiner Farblosigkeit. Und tats\u00e4chlich sollte es einen <strong>bewussten Kontrast zum Treppenhaus und dem nachfolgenden Kaisersaal<\/strong> bilden. Im Gegensatz zu der opulenten Pracht des Treppenhauses, pr\u00e4sentiert sich der Wei\u00dfe Saal n\u00e4mlich in einer <strong>zur\u00fcckhaltenden Eleganz<\/strong>. Die W\u00e4nde, in sanftem Wei\u00df gehalten, stehen im Kontrast zu den lebhaften Farben und dem Gold, die bisher meinen Weg gekreuzt haben. Und auch die Stuckaturen wurden in einer fast schon minimalistischen Art und Weise zur Geltung gebracht.<\/p>\n\n\n\n<p>All das soll die Reinheit und Schlichtheit des Raumes betonen und es scheint fast so, als ob der Wei\u00dfe Saal die Besucher:innen einl\u00e4dt, innezuhalten und die subtile Sch\u00f6nheit zu w\u00fcrdigen. Hinter all dem steckt eine tief durchdachte Planung bei der Gestaltung des Palastes mit dem Ziel, <strong>Vielfalt und Kontrast in Einklang<\/strong> miteinander zu bringen.<\/p>\n\n\n\n<figure class=\"wp-block-image size-full\"><img decoding=\"async\" loading=\"lazy\" width=\"2560\" height=\"1703\" src=\"https:\/\/www.frankentourismus.de\/blog\/wp-content\/uploads\/2024\/11\/wuerzburg_0560_Fraenkisches-Weinland_Wuerzburg_Residenz-Weisser-Saal-Konzert-scaled.jpg\" alt=\"\" class=\"wp-image-6355\" srcset=\"https:\/\/www.frankentourismus.de\/blog\/wp-content\/uploads\/2024\/11\/wuerzburg_0560_Fraenkisches-Weinland_Wuerzburg_Residenz-Weisser-Saal-Konzert-scaled.jpg 2560w, https:\/\/www.frankentourismus.de\/blog\/wp-content\/uploads\/2024\/11\/wuerzburg_0560_Fraenkisches-Weinland_Wuerzburg_Residenz-Weisser-Saal-Konzert-300x200.jpg 300w, https:\/\/www.frankentourismus.de\/blog\/wp-content\/uploads\/2024\/11\/wuerzburg_0560_Fraenkisches-Weinland_Wuerzburg_Residenz-Weisser-Saal-Konzert-1024x681.jpg 1024w, https:\/\/www.frankentourismus.de\/blog\/wp-content\/uploads\/2024\/11\/wuerzburg_0560_Fraenkisches-Weinland_Wuerzburg_Residenz-Weisser-Saal-Konzert-768x511.jpg 768w, https:\/\/www.frankentourismus.de\/blog\/wp-content\/uploads\/2024\/11\/wuerzburg_0560_Fraenkisches-Weinland_Wuerzburg_Residenz-Weisser-Saal-Konzert-1536x1022.jpg 1536w, https:\/\/www.frankentourismus.de\/blog\/wp-content\/uploads\/2024\/11\/wuerzburg_0560_Fraenkisches-Weinland_Wuerzburg_Residenz-Weisser-Saal-Konzert-2048x1363.jpg 2048w\" sizes=\"(max-width: 2560px) 100vw, 2560px\" \/><figcaption class=\"wp-element-caption\">\u00a9 FrankenTourismus \/ FWL \/ W\u00fcrzburg \/ Hub<\/figcaption><\/figure>\n\n\n\n<h2>Die Majest\u00e4t im Herzen der Residenz<\/h2>\n\n\n\n<p>Nach dieser gef\u00fchlten Pause f\u00fcr die Augen geht es weiter zum umso <strong>prachtvolleren Kaisersaal<\/strong>. Schon beim Betreten des Raumes umgibt mich durch die <strong>hohe Kuppel<\/strong> und die <strong>zwanzig Halbs\u00e4ulen aus rotem Stuckmarmor<\/strong> das Gef\u00fchl majest\u00e4tischer Erhabenheit. Dieser Raum symbolisiert die <strong>politische Macht und den kulturellen Rang des Bistums W\u00fcrzburg<\/strong> und ist ein wahrliches <strong>Meisterwerk barocker Architektur<\/strong>. An den W\u00e4nden des Saals entdecke ich <strong>drei Fresken<\/strong>, die in lebendigen Farben die <strong>Geschichte des Bistums innerhalb des Reiches<\/strong> erz\u00e4hlen. Die Stuckfiguren, die Neptun, Juno, Flora und Apoll darstellen, erg\u00e4nzen die Pracht des Saals auf perfekte Art und Weise und spiegeln die politische Bedeutung und die k\u00fcnstlerische Vision dieser Epoche wider. Der Kaisersaal l\u00e4sst die <strong>alte Geschichte wieder lebendig werden<\/strong> und f\u00fchrt die Besucher:innen eindrucksvoll die <strong>Gr\u00f6\u00dfe und den Glanz der vergangenen \u00c4ra<\/strong> vor Augen.<\/p>\n\n\n\n<h2>Privatr\u00e4ume der Macht und Pracht<\/h2>\n\n\n\n<p>Meine Tour f\u00fchrt mich weiter in die <strong>S\u00fcdlichen Kaiserzimmer<\/strong>, die wieder in starkem Kontrast zu der majest\u00e4tischen Weite des Kaisersaals stehen. Denn diese R\u00e4ume waren damals <strong>exklusiv f\u00fcr den Kaiser und weitere hochgestellte Pers\u00f6nlichkeiten<\/strong> w\u00e4hrend ihres Aufenthalts vorgesehen. Diese Tatsache allein l\u00e4sst die Kaiserzimmer in einem besonderen Licht erscheinen. Denn sie waren <strong>Schauplatz von Vorbereitungen, politischen Beratungen und Momenten der Ruhe<\/strong> vor bedeutenden Ereignissen in der Geschichte des Heiligen R\u00f6mischen Reiches.<\/p>\n\n\n\n<p>Die <strong>N\u00f6rdlichen Kaiserzimmer<\/strong> sind ein <strong>Spiegelbild der s\u00fcdlichen Kaiserzimmer<\/strong>. Beide wurden von F\u00fcrstbischof Friedrich Karl von Sch\u00f6nborn zwischen 1729 und 1746 sorgf\u00e4ltig geplant und ausgestattet. Die n\u00f6rdlichen Zimmer wurden damals in einer unglaublichen Geschwindigkeit fertiggestellt. Denn sie wurden erst 1743 in Angriff genommen und mussten bereits <strong>1745 p\u00fcnktlich zur Kaiserwahl Franz I. in Frankfurt<\/strong>, vollendet sein. Dennoch \u00fcberzeugen sie in ihrer <strong>Eleganz<\/strong> und ihrem <strong>Detailreichtum<\/strong>.<\/p>\n\n\n\n<figure class=\"wp-block-image size-full\"><img decoding=\"async\" loading=\"lazy\" width=\"2560\" height=\"2062\" src=\"https:\/\/www.frankentourismus.de\/blog\/wp-content\/uploads\/2024\/11\/wuerzburg_0048_Fraenkisches-Weinland_Wuerzburg_Kaisersaal-scaled.jpg\" alt=\"\" class=\"wp-image-6383\" srcset=\"https:\/\/www.frankentourismus.de\/blog\/wp-content\/uploads\/2024\/11\/wuerzburg_0048_Fraenkisches-Weinland_Wuerzburg_Kaisersaal-scaled.jpg 2560w, https:\/\/www.frankentourismus.de\/blog\/wp-content\/uploads\/2024\/11\/wuerzburg_0048_Fraenkisches-Weinland_Wuerzburg_Kaisersaal-300x242.jpg 300w, https:\/\/www.frankentourismus.de\/blog\/wp-content\/uploads\/2024\/11\/wuerzburg_0048_Fraenkisches-Weinland_Wuerzburg_Kaisersaal-1024x825.jpg 1024w, https:\/\/www.frankentourismus.de\/blog\/wp-content\/uploads\/2024\/11\/wuerzburg_0048_Fraenkisches-Weinland_Wuerzburg_Kaisersaal-768x619.jpg 768w, https:\/\/www.frankentourismus.de\/blog\/wp-content\/uploads\/2024\/11\/wuerzburg_0048_Fraenkisches-Weinland_Wuerzburg_Kaisersaal-1536x1237.jpg 1536w, https:\/\/www.frankentourismus.de\/blog\/wp-content\/uploads\/2024\/11\/wuerzburg_0048_Fraenkisches-Weinland_Wuerzburg_Kaisersaal-2048x1650.jpg 2048w\" sizes=\"(max-width: 2560px) 100vw, 2560px\" \/><figcaption class=\"wp-element-caption\">\u00a9 W\u00fcrzburg \/ FrankenTourismus<\/figcaption><\/figure>\n\n\n\n<h2>Ein Fenster nach Venedig<\/h2>\n\n\n\n<p>Nach dem Besuch der N\u00f6rdlichen Kaiserzimmer setze ich meine Entdeckungstour durch die W\u00fcrzburger Residenz fort. Bald finde ich mich in der <strong>Staatsgalerie<\/strong> wieder, einem Ort, der <strong>Kunst und Geschichte auf wunderbare Art und Weise vereint<\/strong>. Die Galerie ist eine Zweigstelle der <strong>Bayerischen Staatsgem\u00e4ldesammlungen<\/strong> und widmet sich der <strong>venezianischen Malerei des 16. und 17. Jahrhunderts<\/strong>. Hier h\u00e4ngen Meisterwerke von K\u00fcnstlern wie <strong>Tizian, Tintoretto und Paolo Veronese<\/strong>. Ein wahrer Traum f\u00fcr alle Kunstliebhaber:innen!<\/p>\n\n\n\n<h2>Vom Barock zum Klassizismus<\/h2>\n\n\n\n<p>Weiter geht\u00b4s in Richtung der <strong>Ingelheimzimmer<\/strong>, benannt nach F\u00fcrstbischof Anselm Franz von Ingelheim. Ihre Pracht entfalteten sie aber erst sp\u00e4ter in der <strong>\u00c4ra von F\u00fcrstbischof Adam Friedrich von Seinsheim zwischen 1776 und 1778<\/strong> und markieren somit den \u00dcbergang vom \u00fcppigen Barock zum <strong>anbrechenden Klassizismus<\/strong>. Der Hofstuckateur <strong>Materno Bossi<\/strong> und Hofbildhauer <strong>Johann Peter Wagner<\/strong> waren ma\u00dfgeblich an der Gestaltung beteiligt. Trotz der <strong>Kriegssch\u00e4den<\/strong> wurden auch diese Zimmer <strong>mit gro\u00dfer Sorgfalt wiederhergestellt<\/strong>, sodass sie heute als herausragendes Beispiel des <strong>fr\u00fchen Klassizismus in Deutschland<\/strong> gelten. <\/p>\n\n\n\n<p>Der Klassizismus bestimmt auch den Stil des n\u00e4chsten Raums, den <strong>F\u00fcrstensaal<\/strong>. Urspr\u00fcnglich geplant als Teil der Hofkirche, vollendete man den Saal 1772 unter F\u00fcrstbischof Adam Friedrich von Seinsheim. Die feinen Stuckreliefs von Materno Bossi und die sorgsam ausgew\u00e4hlten M\u00f6belst\u00fccke zeugen von einer <strong>neuen \u00c4ra <\/strong>von<strong> Eleganz und Stil<\/strong>. Hier, inmitten der Stuckreliefs und dem ged\u00e4mpften Licht, das durch die Fenster f\u00e4llt, sp\u00fcrt man regelrecht den Geist des Klassizismus. Der F\u00fcrstensaal diente nicht nur als <strong>repr\u00e4sentativer Raum f\u00fcr festliche Anl\u00e4sse<\/strong>, sondern war auch ein <strong>Ort der Kunst und Kultur<\/strong>.<\/p>\n\n\n\n<figure class=\"wp-block-image size-full\"><img decoding=\"async\" loading=\"lazy\" width=\"2560\" height=\"1714\" src=\"https:\/\/www.frankentourismus.de\/blog\/wp-content\/uploads\/2024\/11\/wuerzburg_0267_Fraenkisches-Weinland_Wuerzburg_Hofkirche-der-Wuerzburger-Residenz-scaled.jpg\" alt=\"\" class=\"wp-image-6385\" srcset=\"https:\/\/www.frankentourismus.de\/blog\/wp-content\/uploads\/2024\/11\/wuerzburg_0267_Fraenkisches-Weinland_Wuerzburg_Hofkirche-der-Wuerzburger-Residenz-scaled.jpg 2560w, https:\/\/www.frankentourismus.de\/blog\/wp-content\/uploads\/2024\/11\/wuerzburg_0267_Fraenkisches-Weinland_Wuerzburg_Hofkirche-der-Wuerzburger-Residenz-300x201.jpg 300w, https:\/\/www.frankentourismus.de\/blog\/wp-content\/uploads\/2024\/11\/wuerzburg_0267_Fraenkisches-Weinland_Wuerzburg_Hofkirche-der-Wuerzburger-Residenz-1024x686.jpg 1024w, https:\/\/www.frankentourismus.de\/blog\/wp-content\/uploads\/2024\/11\/wuerzburg_0267_Fraenkisches-Weinland_Wuerzburg_Hofkirche-der-Wuerzburger-Residenz-768x514.jpg 768w, https:\/\/www.frankentourismus.de\/blog\/wp-content\/uploads\/2024\/11\/wuerzburg_0267_Fraenkisches-Weinland_Wuerzburg_Hofkirche-der-Wuerzburger-Residenz-1536x1029.jpg 1536w, https:\/\/www.frankentourismus.de\/blog\/wp-content\/uploads\/2024\/11\/wuerzburg_0267_Fraenkisches-Weinland_Wuerzburg_Hofkirche-der-Wuerzburger-Residenz-2048x1372.jpg 2048w\" sizes=\"(max-width: 2560px) 100vw, 2560px\" \/><figcaption class=\"wp-element-caption\">\u00a9 FrankenTourismus \/ FWL \/ Hub<\/figcaption><\/figure>\n\n\n\n<h2>Ein Mosaik aus Glauben und Kunst<\/h2>\n\n\n\n<p>Meine Reise durch die Residenz findet schlie\u00dflich in der <strong>Hofkirche<\/strong> ihr Ende, die zwischen 1735 und 1743 fertig gestellt wurde. Auch hier hat Balthasar Neumann hinter der scheinbar schlichten Fassade einen Raum geschaffen, der mit seinen <strong>kurvierten W\u00e4nden<\/strong> und <strong>drei ovalen Kuppeln<\/strong> verbl\u00fcfft. Die <strong>Deckenfresken von Rudolf Byss<\/strong> und seinen Sch\u00fclern, die <strong>filigranen Stuckaturen von Antonio Bossi<\/strong> und die <strong>Marmorskulpturen von Johann Wolfgang van der Auwera<\/strong> verleihen der Hofkirche ihr pr\u00e4gnantes Inneres.<\/p>\n\n\n\n<p>Hervorzuheben sind auch die <strong>Seitenaltargem\u00e4lde von Giovanni Battista Tiepolo, &#8222;Engelsturz&#8220; und &#8222;Himmelfahrt Mariae&#8220;<\/strong>. Sie stellen nicht nur den k\u00fcnstlerischen Rang Tiepolos unter Beweis, sondern bereichern auch die spirituelle Tiefe der Kirche. Die Hofkirche dient somit als <strong>Zeugnis der Verbindung von Glauben, Kunst und Architektur<\/strong> \u2013 eine Einladung, die Sch\u00f6nheit und Geschichte dieses besonderen Ortes zu erleben.<\/p>\n\n\n\n<h2>Die gr\u00fcne Oase der Residenz<\/h2>\n\n\n\n<p>Nach so viel Geschichte in den Innenr\u00e4umen zieht es mich hinaus an die frische Luft in den <strong>pr\u00e4chtigen Garten<\/strong>. Dieses gr\u00fcne Paradies wurde Ende des 18. Jahrhunderts als ein Ort der Repr\u00e4sentation angelegt und ist eine harmonische Fusion aus Barock, Romantik und Elementen eines englischen Parks.<\/p>\n\n\n\n<p>Es ist der perfekte Ort, um die <strong>vielf\u00e4ltigen Eindr\u00fccke<\/strong> im Innern der Residenz sacken zu lassen und durchzuatmen. Ich lasse mich durch die verschiedenen Bereiche des Gartens treiben, jeder mit seinem eigenen Charakter und Charme. Besonders sch\u00f6n finde ich den <strong>Ostgarten<\/strong> mit seinen auf drei Terrassen angelegten Beeten, die entlang der Hauptachse der Residenz verlaufen. \u00dcberall im Garten finden sich <strong>Skulpturen<\/strong> und <strong>kunstvolle Gitter<\/strong>. Sie s\u00e4umen den Weg und rahmen den Blick auf die Residenz immer wieder neu ein.<\/p>\n\n\n\n<figure class=\"wp-block-image size-full\"><img decoding=\"async\" loading=\"lazy\" width=\"2560\" height=\"1703\" src=\"https:\/\/www.frankentourismus.de\/blog\/wp-content\/uploads\/2024\/11\/wuerzburg_0779_Fraenkisches-Weinland_Wuerzburg_\uf020Kleine-Nachtmusik\uf020-im-Hofgarten-der-Residenz-scaled.jpg\" alt=\"\" class=\"wp-image-6363\" srcset=\"https:\/\/www.frankentourismus.de\/blog\/wp-content\/uploads\/2024\/11\/wuerzburg_0779_Fraenkisches-Weinland_Wuerzburg_\uf020Kleine-Nachtmusik\uf020-im-Hofgarten-der-Residenz-scaled.jpg 2560w, https:\/\/www.frankentourismus.de\/blog\/wp-content\/uploads\/2024\/11\/wuerzburg_0779_Fraenkisches-Weinland_Wuerzburg_\uf020Kleine-Nachtmusik\uf020-im-Hofgarten-der-Residenz-300x200.jpg 300w, https:\/\/www.frankentourismus.de\/blog\/wp-content\/uploads\/2024\/11\/wuerzburg_0779_Fraenkisches-Weinland_Wuerzburg_\uf020Kleine-Nachtmusik\uf020-im-Hofgarten-der-Residenz-1024x681.jpg 1024w, https:\/\/www.frankentourismus.de\/blog\/wp-content\/uploads\/2024\/11\/wuerzburg_0779_Fraenkisches-Weinland_Wuerzburg_\uf020Kleine-Nachtmusik\uf020-im-Hofgarten-der-Residenz-768x511.jpg 768w, https:\/\/www.frankentourismus.de\/blog\/wp-content\/uploads\/2024\/11\/wuerzburg_0779_Fraenkisches-Weinland_Wuerzburg_\uf020Kleine-Nachtmusik\uf020-im-Hofgarten-der-Residenz-1536x1022.jpg 1536w, https:\/\/www.frankentourismus.de\/blog\/wp-content\/uploads\/2024\/11\/wuerzburg_0779_Fraenkisches-Weinland_Wuerzburg_\uf020Kleine-Nachtmusik\uf020-im-Hofgarten-der-Residenz-2048x1363.jpg 2048w\" sizes=\"(max-width: 2560px) 100vw, 2560px\" \/><figcaption class=\"wp-element-caption\">\u00a9 FrankenTourismus \/ FWL \/ W\u00fcrzburg \/ Hub<\/figcaption><\/figure>\n\n\n\n<p>Der Besuch der W\u00fcrzburger Residenz war nach <a href=\"https:\/\/www.frankentourismus.de\/blog\/2024\/10\/18\/unesco-welterbe-in-franken-ein-tagesausflug-nach-bad-kissingen\/\" target=\"_blank\" rel=\"noreferrer noopener\">Bad Kissingen<\/a> und dem <a href=\"https:\/\/www.frankentourismus.de\/blog\/2024\/11\/08\/ein-abenteuer-entlang-des-unesco-welterbes-obergermanisch-raetischer-limes-in-franken\/\" target=\"_blank\" rel=\"noreferrer noopener\">Obergermanisch-Raetischen Limes<\/a> bereits die dritte Station auf meiner <strong>Entdeckungsreise der UNESCO-Welterbe in Franken<\/strong>. Wohin uns die n\u00e4chste Etappe f\u00fchren wird? Das erfahrt ihr schon bald hier auf dem <strong><a href=\"https:\/\/www.frankentourismus.de\/blog\/\" target=\"_blank\" rel=\"noreferrer noopener\">Frankenblog<\/a><\/strong>. F\u00fcr mich geht es jetzt noch weiter in die Innenstadt W\u00fcrzburgs, wo weitere tolle Highlights auf mich warten. Und ein <strong>Gl\u00e4schen <a href=\"https:\/\/www.franken-weinland.de\/\" target=\"_blank\" rel=\"noreferrer noopener\">Frankenwein<\/a> auf der alten Mainbr\u00fccke<\/strong> darf bei einer Reise nach W\u00fcrzburg ebenfalls nicht fehlen!<\/p>\n\n\n\n<p><strong>Ein Besuch in der W\u00fcrzburger Residenz ist mehr als nur eine Reise in die Vergangenheit \u2013 es ist ein Erlebnis f\u00fcr alle Sinne. Wer sich nun auch von der beeindruckenden Architektur und der einzigartigen Geschichte dieses UNESCO-Welterbes verzaubern lassen m\u00f6chte, kann dies dank der hervorragenden Anbindung an den <a href=\"https:\/\/www.wuerzburg.de\/themen\/verkehr--mobilitaet\/anreise\" target=\"_blank\" rel=\"noreferrer noopener\">\u00f6ffentlichen Nahverkehr<\/a> bequem und umweltfreundlich tun. F\u00fcr einen unvergesslichen Aufenthalt l\u00e4sst sich der Besuch perfekt mit einer <a href=\"https:\/\/www.wuerzburg.de\/tourismus\/wuerzburg-entdecken\/freizeitangebote\/wandererlaeufer\/405392.Wandern-in-Wuerzburg.html\" target=\"_blank\" rel=\"noreferrer noopener\">idyllischen Wanderung<\/a> durch die Weinberge oder einer <a href=\"https:\/\/www.wuerzburg.de\/tourismus\/wuerzburg-entdecken\/freizeitangebote\/wuerzburgfuerradfahrer\" target=\"_blank\" rel=\"noreferrer noopener\">entspannten Radtour<\/a> entlang des Mains kombinieren.<\/strong><\/p>\n\n\n\n<figure class=\"is-layout-flex wp-block-gallery-1 wp-block-gallery has-nested-images columns-default is-cropped\">\n<figure class=\"wp-block-image size-large\"><img decoding=\"async\" loading=\"lazy\" width=\"1024\" height=\"685\" data-id=\"6353\"  src=\"https:\/\/www.frankentourismus.de\/blog\/wp-content\/uploads\/2024\/11\/wuerzburg_0283_Fraenkisches-Weinland_Wuerzburg_Deckenfresco-Tiepolo-im-Treppenhaus-der-Wuerzburger-Residenz-1024x685.jpg\" alt=\"\" class=\"wp-image-6353\" srcset=\"https:\/\/www.frankentourismus.de\/blog\/wp-content\/uploads\/2024\/11\/wuerzburg_0283_Fraenkisches-Weinland_Wuerzburg_Deckenfresco-Tiepolo-im-Treppenhaus-der-Wuerzburger-Residenz-1024x685.jpg 1024w, https:\/\/www.frankentourismus.de\/blog\/wp-content\/uploads\/2024\/11\/wuerzburg_0283_Fraenkisches-Weinland_Wuerzburg_Deckenfresco-Tiepolo-im-Treppenhaus-der-Wuerzburger-Residenz-300x201.jpg 300w, https:\/\/www.frankentourismus.de\/blog\/wp-content\/uploads\/2024\/11\/wuerzburg_0283_Fraenkisches-Weinland_Wuerzburg_Deckenfresco-Tiepolo-im-Treppenhaus-der-Wuerzburger-Residenz-768x514.jpg 768w, https:\/\/www.frankentourismus.de\/blog\/wp-content\/uploads\/2024\/11\/wuerzburg_0283_Fraenkisches-Weinland_Wuerzburg_Deckenfresco-Tiepolo-im-Treppenhaus-der-Wuerzburger-Residenz-1536x1028.jpg 1536w, https:\/\/www.frankentourismus.de\/blog\/wp-content\/uploads\/2024\/11\/wuerzburg_0283_Fraenkisches-Weinland_Wuerzburg_Deckenfresco-Tiepolo-im-Treppenhaus-der-Wuerzburger-Residenz-2048x1371.jpg 2048w\" sizes=\"(max-width: 1024px) 100vw, 1024px\" \/><figcaption class=\"wp-element-caption\">\u00a9 FrankenTourismus \/ FWL \/ Hub<\/figcaption><\/figure>\n\n\n\n<figure class=\"wp-block-image size-large\"><img decoding=\"async\" loading=\"lazy\" width=\"1024\" height=\"681\" data-id=\"6393\"  src=\"https:\/\/www.frankentourismus.de\/blog\/wp-content\/uploads\/2024\/11\/wuerzburg_0790_Fraenkisches-Weinland_Wuerzburg_\uf020Kleine-Nachtmusik\uf020-im-Hofgarten-der-Residenz-1024x681.jpg\" alt=\"\" class=\"wp-image-6393\" srcset=\"https:\/\/www.frankentourismus.de\/blog\/wp-content\/uploads\/2024\/11\/wuerzburg_0790_Fraenkisches-Weinland_Wuerzburg_\uf020Kleine-Nachtmusik\uf020-im-Hofgarten-der-Residenz-1024x681.jpg 1024w, https:\/\/www.frankentourismus.de\/blog\/wp-content\/uploads\/2024\/11\/wuerzburg_0790_Fraenkisches-Weinland_Wuerzburg_\uf020Kleine-Nachtmusik\uf020-im-Hofgarten-der-Residenz-300x200.jpg 300w, https:\/\/www.frankentourismus.de\/blog\/wp-content\/uploads\/2024\/11\/wuerzburg_0790_Fraenkisches-Weinland_Wuerzburg_\uf020Kleine-Nachtmusik\uf020-im-Hofgarten-der-Residenz-768x511.jpg 768w, https:\/\/www.frankentourismus.de\/blog\/wp-content\/uploads\/2024\/11\/wuerzburg_0790_Fraenkisches-Weinland_Wuerzburg_\uf020Kleine-Nachtmusik\uf020-im-Hofgarten-der-Residenz-1536x1022.jpg 1536w, https:\/\/www.frankentourismus.de\/blog\/wp-content\/uploads\/2024\/11\/wuerzburg_0790_Fraenkisches-Weinland_Wuerzburg_\uf020Kleine-Nachtmusik\uf020-im-Hofgarten-der-Residenz-2048x1363.jpg 2048w\" sizes=\"(max-width: 1024px) 100vw, 1024px\" \/><figcaption class=\"wp-element-caption\">\u00a9 FrankenTourismus \/ FWL \/ W\u00fcrzburg \/ Hub<\/figcaption><\/figure>\n<\/figure>\n","protected":false},"excerpt":{"rendered":"<p>In der malerischen Landschaft Frankens, wo der Main seine Bahnen zieht, liegt W\u00fcrzburg. Eine Stadt, die historische Eleganz mit einem pulsierenden Stadtleben verkn\u00fcpft. Mit ihren 130.000 Einwohner:innen ist W\u00fcrzburg nicht nur f\u00fcr die renommierte Julius-Maximilians-Universit\u00e4t bekannt, sondern vor allem auch f\u00fcr ihren Weinanbau. Durch ihre direkte Lage am Main bietet sie die perfekte Voraussetzung f\u00fcr [&hellip;]<\/p>\n","protected":false},"author":65,"featured_media":6353,"comment_status":"open","ping_status":"closed","sticky":false,"template":"","format":"standard","meta":[],"categories":[1,21,307,351],"tags":[287,87,353,359],"yoast_head":"<!-- This site is optimized with the Yoast SEO plugin v19.14 - https:\/\/yoast.com\/wordpress\/plugins\/seo\/ -->\n<title>UNESCO-Welterbe in Franken: Ein Blick in die W\u00fcrzburger Residenz - Franken Blog<\/title>\n<meta name=\"description\" content=\"Erleben Sie die W\u00fcrzburger Residenz: UNESCO-Welterbe und barockes Meisterwerk mit beeindruckender Architektur und historischen G\u00e4rten.\" \/>\n<meta name=\"robots\" content=\"index, follow, max-snippet:-1, max-image-preview:large, max-video-preview:-1\" \/>\n<link rel=\"canonical\" href=\"https:\/\/www.frankentourismus.de\/blog\/2024\/12\/06\/unesco-welterbe-in-franken-ein-blick-in-die-wurzburger-residenz\/\" \/>\n<meta property=\"og:locale\" content=\"de_DE\" \/>\n<meta property=\"og:type\" content=\"article\" \/>\n<meta property=\"og:title\" content=\"UNESCO-Welterbe in Franken: Ein Blick in die W\u00fcrzburger Residenz - Franken Blog\" \/>\n<meta property=\"og:description\" content=\"Erleben Sie die W\u00fcrzburger Residenz: UNESCO-Welterbe und barockes Meisterwerk mit beeindruckender Architektur und historischen G\u00e4rten.\" \/>\n<meta property=\"og:url\" content=\"https:\/\/www.frankentourismus.de\/blog\/2024\/12\/06\/unesco-welterbe-in-franken-ein-blick-in-die-wurzburger-residenz\/\" \/>\n<meta property=\"og:site_name\" content=\"Franken Blog\" \/>\n<meta property=\"article:published_time\" content=\"2024-12-06T08:00:00+00:00\" \/>\n<meta property=\"article:modified_time\" content=\"2024-12-04T14:37:29+00:00\" \/>\n<meta property=\"og:image\" content=\"https:\/\/www.frankentourismus.de\/blog\/wp-content\/uploads\/2024\/11\/wuerzburg_0283_Fraenkisches-Weinland_Wuerzburg_Deckenfresco-Tiepolo-im-Treppenhaus-der-Wuerzburger-Residenz-scaled.jpg\" \/>\n\t<meta property=\"og:image:width\" content=\"2560\" \/>\n\t<meta property=\"og:image:height\" content=\"1714\" \/>\n\t<meta property=\"og:image:type\" content=\"image\/jpeg\" \/>\n<meta name=\"author\" content=\"Vanessa Engelhardt\" \/>\n<meta name=\"twitter:card\" content=\"summary_large_image\" \/>\n<meta name=\"twitter:label1\" content=\"Written by\" \/>\n\t<meta name=\"twitter:data1\" content=\"Vanessa Engelhardt\" \/>\n\t<meta name=\"twitter:label2\" content=\"Est. reading time\" \/>\n\t<meta name=\"twitter:data2\" content=\"12 Minuten\" \/>\n<script type=\"application\/ld+json\" class=\"yoast-schema-graph\">{\"@context\":\"https:\/\/schema.org\",\"@graph\":[{\"@type\":\"WebPage\",\"@id\":\"https:\/\/www.frankentourismus.de\/blog\/2024\/12\/06\/unesco-welterbe-in-franken-ein-blick-in-die-wurzburger-residenz\/\",\"url\":\"https:\/\/www.frankentourismus.de\/blog\/2024\/12\/06\/unesco-welterbe-in-franken-ein-blick-in-die-wurzburger-residenz\/\",\"name\":\"UNESCO-Welterbe in Franken: Ein Blick in die W\u00fcrzburger Residenz - Franken Blog\",\"isPartOf\":{\"@id\":\"https:\/\/www.frankentourismus.de\/blog\/#website\"},\"datePublished\":\"2024-12-06T08:00:00+00:00\",\"dateModified\":\"2024-12-04T14:37:29+00:00\",\"author\":{\"@id\":\"https:\/\/www.frankentourismus.de\/blog\/#\/schema\/person\/640d2dfe35961c876edfafeefc22e131\"},\"description\":\"Erleben Sie die W\u00fcrzburger Residenz: UNESCO-Welterbe und barockes Meisterwerk mit beeindruckender Architektur und historischen G\u00e4rten.\",\"breadcrumb\":{\"@id\":\"https:\/\/www.frankentourismus.de\/blog\/2024\/12\/06\/unesco-welterbe-in-franken-ein-blick-in-die-wurzburger-residenz\/#breadcrumb\"},\"inLanguage\":\"de-DE\",\"potentialAction\":[{\"@type\":\"ReadAction\",\"target\":[\"https:\/\/www.frankentourismus.de\/blog\/2024\/12\/06\/unesco-welterbe-in-franken-ein-blick-in-die-wurzburger-residenz\/\"]}]},{\"@type\":\"BreadcrumbList\",\"@id\":\"https:\/\/www.frankentourismus.de\/blog\/2024\/12\/06\/unesco-welterbe-in-franken-ein-blick-in-die-wurzburger-residenz\/#breadcrumb\",\"itemListElement\":[{\"@type\":\"ListItem\",\"position\":1,\"name\":\"Home\",\"item\":\"https:\/\/www.frankentourismus.de\/blog\/\"},{\"@type\":\"ListItem\",\"position\":2,\"name\":\"UNESCO-Welterbe in Franken: Ein Blick in die W\u00fcrzburger Residenz\"}]},{\"@type\":\"WebSite\",\"@id\":\"https:\/\/www.frankentourismus.de\/blog\/#website\",\"url\":\"https:\/\/www.frankentourismus.de\/blog\/\",\"name\":\"Franken Blog\",\"description\":\"Urlaub in Franken!\",\"potentialAction\":[{\"@type\":\"SearchAction\",\"target\":{\"@type\":\"EntryPoint\",\"urlTemplate\":\"https:\/\/www.frankentourismus.de\/blog\/?s={search_term_string}\"},\"query-input\":\"required name=search_term_string\"}],\"inLanguage\":\"de-DE\"},{\"@type\":\"Person\",\"@id\":\"https:\/\/www.frankentourismus.de\/blog\/#\/schema\/person\/640d2dfe35961c876edfafeefc22e131\",\"name\":\"Vanessa Engelhardt\",\"image\":{\"@type\":\"ImageObject\",\"inLanguage\":\"de-DE\",\"@id\":\"https:\/\/www.frankentourismus.de\/blog\/#\/schema\/person\/image\/\",\"url\":\"https:\/\/www.frankentourismus.de\/blog\/wp-content\/uploads\/2022\/08\/Vanessa-Engelhardt-150x150.jpg\",\"contentUrl\":\"https:\/\/www.frankentourismus.de\/blog\/wp-content\/uploads\/2022\/08\/Vanessa-Engelhardt-150x150.jpg\",\"caption\":\"Vanessa Engelhardt\"},\"sameAs\":[\"https:\/\/www.piecesofmariposa.com\/\"],\"url\":\"https:\/\/www.frankentourismus.de\/blog\/author\/vanessa-engelhardt\/\"}]}<\/script>\n<!-- \/ Yoast SEO plugin. -->","yoast_head_json":{"title":"UNESCO-Welterbe in Franken: Ein Blick in die W\u00fcrzburger Residenz - Franken Blog","description":"Erleben Sie die W\u00fcrzburger Residenz: UNESCO-Welterbe und barockes Meisterwerk mit beeindruckender Architektur und historischen G\u00e4rten.","robots":{"index":"index","follow":"follow","max-snippet":"max-snippet:-1","max-image-preview":"max-image-preview:large","max-video-preview":"max-video-preview:-1"},"canonical":"https:\/\/www.frankentourismus.de\/blog\/2024\/12\/06\/unesco-welterbe-in-franken-ein-blick-in-die-wurzburger-residenz\/","og_locale":"de_DE","og_type":"article","og_title":"UNESCO-Welterbe in Franken: Ein Blick in die W\u00fcrzburger Residenz - Franken Blog","og_description":"Erleben Sie die W\u00fcrzburger Residenz: UNESCO-Welterbe und barockes Meisterwerk mit beeindruckender Architektur und historischen G\u00e4rten.","og_url":"https:\/\/www.frankentourismus.de\/blog\/2024\/12\/06\/unesco-welterbe-in-franken-ein-blick-in-die-wurzburger-residenz\/","og_site_name":"Franken Blog","article_published_time":"2024-12-06T08:00:00+00:00","article_modified_time":"2024-12-04T14:37:29+00:00","og_image":[{"width":2560,"height":1714,"url":"https:\/\/www.frankentourismus.de\/blog\/wp-content\/uploads\/2024\/11\/wuerzburg_0283_Fraenkisches-Weinland_Wuerzburg_Deckenfresco-Tiepolo-im-Treppenhaus-der-Wuerzburger-Residenz-scaled.jpg","type":"image\/jpeg"}],"author":"Vanessa Engelhardt","twitter_card":"summary_large_image","twitter_misc":{"Written by":"Vanessa Engelhardt","Est. reading time":"12 Minuten"},"schema":{"@context":"https:\/\/schema.org","@graph":[{"@type":"WebPage","@id":"https:\/\/www.frankentourismus.de\/blog\/2024\/12\/06\/unesco-welterbe-in-franken-ein-blick-in-die-wurzburger-residenz\/","url":"https:\/\/www.frankentourismus.de\/blog\/2024\/12\/06\/unesco-welterbe-in-franken-ein-blick-in-die-wurzburger-residenz\/","name":"UNESCO-Welterbe in Franken: Ein Blick in die W\u00fcrzburger Residenz - Franken Blog","isPartOf":{"@id":"https:\/\/www.frankentourismus.de\/blog\/#website"},"datePublished":"2024-12-06T08:00:00+00:00","dateModified":"2024-12-04T14:37:29+00:00","author":{"@id":"https:\/\/www.frankentourismus.de\/blog\/#\/schema\/person\/640d2dfe35961c876edfafeefc22e131"},"description":"Erleben Sie die W\u00fcrzburger Residenz: UNESCO-Welterbe und barockes Meisterwerk mit beeindruckender Architektur und historischen G\u00e4rten.","breadcrumb":{"@id":"https:\/\/www.frankentourismus.de\/blog\/2024\/12\/06\/unesco-welterbe-in-franken-ein-blick-in-die-wurzburger-residenz\/#breadcrumb"},"inLanguage":"de-DE","potentialAction":[{"@type":"ReadAction","target":["https:\/\/www.frankentourismus.de\/blog\/2024\/12\/06\/unesco-welterbe-in-franken-ein-blick-in-die-wurzburger-residenz\/"]}]},{"@type":"BreadcrumbList","@id":"https:\/\/www.frankentourismus.de\/blog\/2024\/12\/06\/unesco-welterbe-in-franken-ein-blick-in-die-wurzburger-residenz\/#breadcrumb","itemListElement":[{"@type":"ListItem","position":1,"name":"Home","item":"https:\/\/www.frankentourismus.de\/blog\/"},{"@type":"ListItem","position":2,"name":"UNESCO-Welterbe in Franken: Ein Blick in die W\u00fcrzburger Residenz"}]},{"@type":"WebSite","@id":"https:\/\/www.frankentourismus.de\/blog\/#website","url":"https:\/\/www.frankentourismus.de\/blog\/","name":"Franken Blog","description":"Urlaub in Franken!","potentialAction":[{"@type":"SearchAction","target":{"@type":"EntryPoint","urlTemplate":"https:\/\/www.frankentourismus.de\/blog\/?s={search_term_string}"},"query-input":"required name=search_term_string"}],"inLanguage":"de-DE"},{"@type":"Person","@id":"https:\/\/www.frankentourismus.de\/blog\/#\/schema\/person\/640d2dfe35961c876edfafeefc22e131","name":"Vanessa Engelhardt","image":{"@type":"ImageObject","inLanguage":"de-DE","@id":"https:\/\/www.frankentourismus.de\/blog\/#\/schema\/person\/image\/","url":"https:\/\/www.frankentourismus.de\/blog\/wp-content\/uploads\/2022\/08\/Vanessa-Engelhardt-150x150.jpg","contentUrl":"https:\/\/www.frankentourismus.de\/blog\/wp-content\/uploads\/2022\/08\/Vanessa-Engelhardt-150x150.jpg","caption":"Vanessa Engelhardt"},"sameAs":["https:\/\/www.piecesofmariposa.com\/"],"url":"https:\/\/www.frankentourismus.de\/blog\/author\/vanessa-engelhardt\/"}]}},"_links":{"self":[{"href":"https:\/\/www.frankentourismus.de\/blog\/wp-json\/wp\/v2\/posts\/6337"}],"collection":[{"href":"https:\/\/www.frankentourismus.de\/blog\/wp-json\/wp\/v2\/posts"}],"about":[{"href":"https:\/\/www.frankentourismus.de\/blog\/wp-json\/wp\/v2\/types\/post"}],"author":[{"embeddable":true,"href":"https:\/\/www.frankentourismus.de\/blog\/wp-json\/wp\/v2\/users\/65"}],"replies":[{"embeddable":true,"href":"https:\/\/www.frankentourismus.de\/blog\/wp-json\/wp\/v2\/comments?post=6337"}],"version-history":[{"count":21,"href":"https:\/\/www.frankentourismus.de\/blog\/wp-json\/wp\/v2\/posts\/6337\/revisions"}],"predecessor-version":[{"id":6451,"href":"https:\/\/www.frankentourismus.de\/blog\/wp-json\/wp\/v2\/posts\/6337\/revisions\/6451"}],"wp:featuredmedia":[{"embeddable":true,"href":"https:\/\/www.frankentourismus.de\/blog\/wp-json\/wp\/v2\/media\/6353"}],"wp:attachment":[{"href":"https:\/\/www.frankentourismus.de\/blog\/wp-json\/wp\/v2\/media?parent=6337"}],"wp:term":[{"taxonomy":"category","embeddable":true,"href":"https:\/\/www.frankentourismus.de\/blog\/wp-json\/wp\/v2\/categories?post=6337"},{"taxonomy":"post_tag","embeddable":true,"href":"https:\/\/www.frankentourismus.de\/blog\/wp-json\/wp\/v2\/tags?post=6337"}],"curies":[{"name":"wp","href":"https:\/\/api.w.org\/{rel}","templated":true}]}}