{"id":5911,"date":"2025-09-05T09:00:00","date_gmt":"2025-09-05T07:00:00","guid":{"rendered":"https:\/\/www.frankentourismus.de\/blog\/?p=5911"},"modified":"2025-09-04T15:02:49","modified_gmt":"2025-09-04T13:02:49","slug":"franken-entdecken-mit-rad-und-bahn-auf-tour","status":"publish","type":"post","link":"https:\/\/www.frankentourismus.de\/blog\/2025\/09\/05\/franken-entdecken-mit-rad-und-bahn-auf-tour\/","title":{"rendered":"Franken entdecken: Mit Rad und Bahn auf Tour"},"content":{"rendered":"\n<p><strong>Das Fahrrad lehnt sicher im Abteil, die Sonne blitzt durchs Zugfenster, und drau\u00dfen zieht die fr\u00e4nkische Landschaft gem\u00e4chlich vorbei: Weinberge, Flusst\u00e4ler, kleine Fachwerkorte. Schon die Anreise mit der Bahn hat etwas Entschleunigendes \u2013 und macht Lust auf das, was kommt. Einmal am Zielbahnhof angekommen, beginnt das Abenteuer auf zwei R\u00e4dern. Genau diese Kombination macht den besonderen Reiz aus: mit der Bahn komfortabel reisen und unterwegs flexibel Radstrecken entdecken.<\/strong><\/p>\n\n\n<div class=\"hint\">\n            <figure>\n            <img width=\"300\" height=\"214\" src=\"https:\/\/www.frankentourismus.de\/blog\/wp-content\/uploads\/2025\/08\/8a25b60d-300x214.jpg\" class=\"attachment-medium size-medium\" alt=\"\" decoding=\"async\" loading=\"lazy\" srcset=\"https:\/\/www.frankentourismus.de\/blog\/wp-content\/uploads\/2025\/08\/8a25b60d-300x214.jpg 300w, https:\/\/www.frankentourismus.de\/blog\/wp-content\/uploads\/2025\/08\/8a25b60d-1024x731.jpg 1024w, https:\/\/www.frankentourismus.de\/blog\/wp-content\/uploads\/2025\/08\/8a25b60d-768x549.jpg 768w, https:\/\/www.frankentourismus.de\/blog\/wp-content\/uploads\/2025\/08\/8a25b60d-1536x1097.jpg 1536w, https:\/\/www.frankentourismus.de\/blog\/wp-content\/uploads\/2025\/08\/8a25b60d-2048x1463.jpg 2048w\" sizes=\"(max-width: 300px) 100vw, 300px\" \/>        <\/figure>\n    \n    <div class=\"content\">\n        <p>Mein Name ist Julia Rothenh\u00e4usler. Als begeisterte Bahnfahrerin freue ich mich besonders, wenn ich bei meinen Entdeckungstouren durch ganz Bayern bequem und klimafreundlich anreisen kann. Seit das Deutschland-Ticket eingef\u00fchrt wurde, bin ich noch h\u00e4ufiger mit Bahn und Bus unterwegs. So erlebe ich die wundervolle Natur und Kultur in Franken auf besonders entspannte und umweltbewusste Weise \u2013 ganz ohne eigenes Auto.<\/p>\n    <\/div>\n<\/div>\n\n\n\n<figure class=\"wp-block-image size-large\"><img decoding=\"async\" loading=\"lazy\" width=\"1024\" height=\"633\" src=\"https:\/\/www.frankentourismus.de\/blog\/wp-content\/uploads\/2025\/08\/treuchtlingen_268_Naturpark-Altmuehltal_Treuchtlingen_Bahnhof-1024x633.jpg\" alt=\"\" class=\"wp-image-7079\" srcset=\"https:\/\/www.frankentourismus.de\/blog\/wp-content\/uploads\/2025\/08\/treuchtlingen_268_Naturpark-Altmuehltal_Treuchtlingen_Bahnhof-1024x633.jpg 1024w, https:\/\/www.frankentourismus.de\/blog\/wp-content\/uploads\/2025\/08\/treuchtlingen_268_Naturpark-Altmuehltal_Treuchtlingen_Bahnhof-300x186.jpg 300w, https:\/\/www.frankentourismus.de\/blog\/wp-content\/uploads\/2025\/08\/treuchtlingen_268_Naturpark-Altmuehltal_Treuchtlingen_Bahnhof-768x475.jpg 768w, https:\/\/www.frankentourismus.de\/blog\/wp-content\/uploads\/2025\/08\/treuchtlingen_268_Naturpark-Altmuehltal_Treuchtlingen_Bahnhof-1536x950.jpg 1536w, https:\/\/www.frankentourismus.de\/blog\/wp-content\/uploads\/2025\/08\/treuchtlingen_268_Naturpark-Altmuehltal_Treuchtlingen_Bahnhof-2048x1267.jpg 2048w\" sizes=\"(max-width: 1024px) 100vw, 1024px\" \/><figcaption class=\"wp-element-caption\">\u00a9 Treuchtlingen \/ Dietmar Denger<\/figcaption><\/figure>\n\n\n\n<h2>Tipps zur Fahrradmitnahme in der Bahn<\/h2>\n\n\n\n<p>Die <strong>Fahrradmitnahme in den Z\u00fcgen<\/strong> des <strong>Bahnlandes Bayern<\/strong> ist unkompliziert \u2013 wenn man ein paar Dinge im Blick beh\u00e4lt. So steht einer stressfreien Reise nichts im Wege:<\/p>\n\n\n\n<ol>\n<li><strong><strong>Rechtzeitig informieren<\/strong><\/strong>: Je nach Zugtyp gelten unterschiedliche Regeln zur Fahrradmitnahme. Ein kurzer Blick in die Fahrplanauskunft sorgt f\u00fcr Klarheit.<\/li>\n\n\n\n<li><strong><strong>Fahrrad-Tageskarte Bayern<\/strong><\/strong>: F\u00fcr nur 6,50 Euro pro Tag l\u00e4sst sich das Rad in allen <a href=\"https:\/\/bahnland-bayern.de\/de\/tickets\/fahrradmitnahme\" target=\"_blank\" rel=\"noreferrer noopener\">Nahverkehrsz\u00fcgen in Bayern mitnehmen<\/a> \u2013 ideal f\u00fcr spontane Ausfl\u00fcge. Das Ticket gilt in Regionalbahnen (RB), Regional-Express-Z\u00fcgen (RE) und S-Bahnen (S).<\/li>\n\n\n\n<li><strong>Radlz\u00fcge in Franken<\/strong>: Auf beliebten Strecken fahren spezielle Z\u00fcge mit extra viel Platz f\u00fcr Fahrr\u00e4der. Perfekt f\u00fcr Gruppen oder Familien. Weitere Informationen gibt es <a href=\"https:\/\/bahnland-bayern.de\/de\/vor-der-fahrt\/fahrradmitnahme\" target=\"_blank\" rel=\"noreferrer noopener\">hier<\/a>.<\/li>\n\n\n\n<li><strong>Fr\u00fch einsteigen<\/strong>: Besonders an Wochenenden lohnt es sich, ein paar Minuten fr\u00fcher am Bahnsteig zu sein.<\/li>\n\n\n\n<li><strong>Symbole beachten<\/strong>: Die Fahrradabteile sind in allen Z\u00fcgen klar gekennzeichnet \u2013 so findet man schnell den richtigen Platz.<\/li>\n<\/ol>\n\n\n\n<figure class=\"wp-block-image size-large\"><img decoding=\"async\" loading=\"lazy\" width=\"1024\" height=\"683\" src=\"https:\/\/www.frankentourismus.de\/blog\/wp-content\/uploads\/2024\/09\/Fahrrad-im-Zug-1024x683.jpg\" alt=\"\" class=\"wp-image-5929\" srcset=\"https:\/\/www.frankentourismus.de\/blog\/wp-content\/uploads\/2024\/09\/Fahrrad-im-Zug-1024x683.jpg 1024w, https:\/\/www.frankentourismus.de\/blog\/wp-content\/uploads\/2024\/09\/Fahrrad-im-Zug-300x200.jpg 300w, https:\/\/www.frankentourismus.de\/blog\/wp-content\/uploads\/2024\/09\/Fahrrad-im-Zug-768x512.jpg 768w, https:\/\/www.frankentourismus.de\/blog\/wp-content\/uploads\/2024\/09\/Fahrrad-im-Zug-1536x1024.jpg 1536w, https:\/\/www.frankentourismus.de\/blog\/wp-content\/uploads\/2024\/09\/Fahrrad-im-Zug-2048x1365.jpg 2048w\" sizes=\"(max-width: 1024px) 100vw, 1024px\" \/><figcaption class=\"wp-element-caption\">\u00a9 flohagena.com<\/figcaption><\/figure>\n\n\n\n<h2>Tourentipp 1: Auf dem MainRadweg von Bamberg nach Schweinfurt<\/h2>\n\n\n\n<p>Die Bahn bringt Radelnde ganz entspannt nach <a href=\"https:\/\/www.bamberg.info\/\" target=\"_blank\" rel=\"noreferrer noopener\">Bamberg<\/a> \u2013 und von hier aus geht es direkt auf eine der sch\u00f6nsten Radstrecken Frankens: den <a href=\"https:\/\/www.mainradweg.com\/\" target=\"_blank\" rel=\"noreferrer noopener\">MainRadweg<\/a>.<\/p>\n\n\n\n<ul>\n<li><strong>Startpunkt Bamberg<\/strong>: Die UNESCO-Welterbestadt ist allein schon ein Erlebnis. Zwischen Kaiserdom, Alter Hofhaltung und der Neuen Residenz lohnt es sich, ein wenig zu verweilen, bevor die Radtour startet. Dann geht es hinaus aus der Stadt und hinein ins fr\u00e4nkische Flusstal.<\/li>\n\n\n\n<li><strong>Unterwegs<\/strong>: Der Weg f\u00fchrt vorbei an alten Schiffersd\u00f6rfern am Steigerwaldhang, \u00fcber weite Mainauen und durch charmante Ortschaften. Mal s\u00e4umen Weinberge den Weg, mal er\u00f6ffnet sich der Blick auf den Fluss \u2013 eine abwechslungsreiche Kulisse, die sowohl Familien als auch sportliche Radler:innen begeistert. Dank der guten Beschilderung l\u00e4sst es sich v\u00f6llig entspannt radeln.<\/li>\n\n\n\n<li><strong>Ziel <a href=\"https:\/\/tourismus.schweinfurt.de\/\" target=\"_blank\" rel=\"noreferrer noopener\">Schweinfurt<\/a><\/strong>: Am Ende der Etappe wartet die Industriestadt mit vielen \u00dcberraschungen: ein historischer Stadtkern, spannende Museen und der weitl\u00e4ufige Wildpark an den Eichen, der besonders bei Familien beliebt ist. Und das Beste: F\u00fcr den R\u00fcckweg nach Bamberg muss man nur aufsitzen \u2013 diesmal nicht aufs Rad, sondern in den Zug. So endet der Tag so entspannt, wie er begonnen hat.<\/li>\n<\/ul>\n\n\n\n<figure class=\"wp-block-image size-full\"><img decoding=\"async\" loading=\"lazy\" width=\"886\" height=\"591\" src=\"https:\/\/www.frankentourismus.de\/blog\/wp-content\/uploads\/2021\/01\/Schweinfurt_Rathaus_SW360_F.Trykowski.jpg\" alt=\"\" class=\"wp-image-189\" srcset=\"https:\/\/www.frankentourismus.de\/blog\/wp-content\/uploads\/2021\/01\/Schweinfurt_Rathaus_SW360_F.Trykowski.jpg 886w, https:\/\/www.frankentourismus.de\/blog\/wp-content\/uploads\/2021\/01\/Schweinfurt_Rathaus_SW360_F.Trykowski-300x200.jpg 300w, https:\/\/www.frankentourismus.de\/blog\/wp-content\/uploads\/2021\/01\/Schweinfurt_Rathaus_SW360_F.Trykowski-768x512.jpg 768w\" sizes=\"(max-width: 886px) 100vw, 886px\" \/><figcaption class=\"wp-element-caption\">\u00a9 Schweinfurt 360\u00b0 \/ F. Trykowski<\/figcaption><\/figure>\n\n\n\n<h2>Tourentipp 2: Durchs Regnitztal von Erlangen nach Forchheim<\/h2>\n\n\n\n<p>Auch diese Route zeigt, wie perfekt sich Rad und Bahn in Franken erg\u00e4nzen. Mit der Bahn geht\u2019s bequem nach <a href=\"https:\/\/www.visit-erlangen.de\/\" target=\"_blank\" rel=\"noreferrer noopener\">Erlangen<\/a> \u2013 und dort wartet schon der n\u00e4chste Radmoment.<\/p>\n\n\n\n<ul>\n<li><strong>Startpunkt Erlangen<\/strong>: Die barocke Altstadt, die traditionsreiche Friedrich-Alexander-Universit\u00e4t und ein lebendiger Mix aus Geschichte, Wissenschaft und Kultur pr\u00e4gen das Stadtbild. Nach einem kurzen Bummel durch die Gassen hei\u00dft es: rauf aufs Rad und raus ins Gr\u00fcne.  <\/li>\n\n\n\n<li><strong>Unterwegs<\/strong>: Der <a href=\"https:\/\/www.regnitzradweg.de\/\" target=\"_blank\" rel=\"noreferrer noopener\">RegnitzRadweg<\/a> f\u00fchrt hier durch die typischen Sandfluren des Tals. Diese Landschaft ist nicht nur Lebensraum seltener Tiere und Pflanzen, sondern auch fruchtbarer Boden f\u00fcr Spargel, Erdbeeren und Meerrettich. So wird die Fahrt durch das Tal zu einer kleinen Entdeckungsreise zwischen Natur und Genuss.<\/li>\n\n\n\n<li><strong>Ziel <a href=\"https:\/\/www.forchheim-erleben.de\/\" target=\"_blank\" rel=\"noreferrer noopener\">Forchheim<\/a><\/strong>: Die Stadt empf\u00e4ngt Radelnde mit fr\u00e4nkischem Charme: romantische Fachwerkh\u00e4user, die imposante Kaiserpfalz und das traditionsreiche Annafest machen den Ort zu einem echten H\u00f6hepunkt. Wer m\u00f6chte, l\u00e4sst die Tour hier gem\u00fctlich ausklingen \u2013 oder steigt ganz flexibel wieder in den Zug, um zur\u00fcck nach Erlangen oder weiter ins n\u00e4chste Abenteuer zu fahren. <\/li>\n<\/ul>\n\n\n\n<figure class=\"wp-block-image size-large\"><img decoding=\"async\" loading=\"lazy\" width=\"1024\" height=\"683\" src=\"https:\/\/www.frankentourismus.de\/blog\/wp-content\/uploads\/2022\/11\/forchheim_064_fraenkische-schweiz_forchheim_forchheimer-fachwerk-1024x683.jpg\" alt=\"\" class=\"wp-image-3869\" srcset=\"https:\/\/www.frankentourismus.de\/blog\/wp-content\/uploads\/2022\/11\/forchheim_064_fraenkische-schweiz_forchheim_forchheimer-fachwerk-1024x683.jpg 1024w, https:\/\/www.frankentourismus.de\/blog\/wp-content\/uploads\/2022\/11\/forchheim_064_fraenkische-schweiz_forchheim_forchheimer-fachwerk-300x200.jpg 300w, https:\/\/www.frankentourismus.de\/blog\/wp-content\/uploads\/2022\/11\/forchheim_064_fraenkische-schweiz_forchheim_forchheimer-fachwerk-768x512.jpg 768w, https:\/\/www.frankentourismus.de\/blog\/wp-content\/uploads\/2022\/11\/forchheim_064_fraenkische-schweiz_forchheim_forchheimer-fachwerk-1536x1024.jpg 1536w, https:\/\/www.frankentourismus.de\/blog\/wp-content\/uploads\/2022\/11\/forchheim_064_fraenkische-schweiz_forchheim_forchheimer-fachwerk.jpg 2048w\" sizes=\"(max-width: 1024px) 100vw, 1024px\" \/><figcaption class=\"wp-element-caption\">\u00a9 Stadt Forchheim Tourist-Information<\/figcaption><\/figure>\n\n\n\n<h2>Flexibel, umweltfreundlich und komfortabel<\/h2>\n\n\n\n<p>Rad und Bahn sind in Franken ein <strong>echtes Dreamteam<\/strong>. Wer mit der Bahn anreist, startet seine Tour <strong>ganz entspannt<\/strong> und hat die Freiheit, unterwegs <strong>spontan<\/strong> zu entscheiden, wo es hingehen soll. Kein l\u00e4stiges Zur\u00fcckradeln zum Ausgangspunkt, kein Stress mit dem Auto \u2013 stattdessen <strong>flexible Planung<\/strong> und <strong>stressfreies Reisen<\/strong>. Gleichzeitig f\u00e4hrt man <strong>umweltfreundlich<\/strong> und entdeckt die Region aus einer <strong>ganz neuen Perspektive<\/strong>: mal durchs Zugfenster, mal vom Sattel aus. So wird schon der Weg selbst zum Erlebnis.<\/p>\n\n\n\n<p>Die <strong>Fahrrad-Tageskarte Bayern<\/strong> und die speziellen <strong>Radlz\u00fcge<\/strong> machen die n\u00e4chste Fahrradtour in Franken zu einem <strong>unvergesslichen Erlebnis<\/strong>. Ob entlang des MainRadwegs oder einer der zahlreichen anderen Radrouten \u2013 mit der Bahn erreichen Alle Ihr Ziel einfach und stressfrei.<\/p>\n\n\n\n<p>Und besonders gut: Die <strong>n\u00e4chste Tour<\/strong> ist nur <strong>wenige Klicks entfernt<\/strong>. Auf <a href=\"https:\/\/www.frankentourismus.de\/radfahren\/\" target=\"_blank\" rel=\"noreferrer noopener\"><strong>www.frankentourismus.de\/radfahren<\/strong><\/a> gibt es viele <strong>Routenvorschl\u00e4ge<\/strong> \u2013 von <strong>gem\u00fctlichen Flussradwegen<\/strong> bis hin zu <strong>sportlichen Etappen<\/strong>. Die passende Bahnfahrt l\u00e4sst sich im <strong><a href=\"https:\/\/bahnland-bayern.de\/de\/\" target=\"_blank\" rel=\"noreferrer noopener\">Bahnland Bayern-Portal<\/a><\/strong> ganz einfach planen, und unterwegs sorgt die <strong><a href=\"https:\/\/bahnland-bayern.de\/de\/moby\/die-app\" target=\"_blank\" rel=\"noreferrer noopener\">MoBY-App<\/a><\/strong> f\u00fcr volle Flexibilit\u00e4t. So wird aus der <strong>Kombination von Rad und Bahn<\/strong> ein perfekter Begleiter f\u00fcr kleine Auszeiten wie gro\u00dfe Entdeckungstouren in Franken. Also: Rad schnappen, Ticket l\u00f6sen und los geht\u2019s \u2013 Franken wartet darauf, entdeckt zu werden.<\/p>\n\n\n\n<figure class=\"is-layout-flex wp-block-gallery-1 wp-block-gallery has-nested-images columns-default is-cropped\">\n<figure class=\"wp-block-image size-large\"><img decoding=\"async\" loading=\"lazy\" width=\"1024\" height=\"683\" data-id=\"7081\"  src=\"https:\/\/www.frankentourismus.de\/blog\/wp-content\/uploads\/2025\/08\/radeln_1539___Unterwegs-am-Tauber-Altmuehl-Radweg-1024x683.jpg\" alt=\"\" class=\"wp-image-7081\" srcset=\"https:\/\/www.frankentourismus.de\/blog\/wp-content\/uploads\/2025\/08\/radeln_1539___Unterwegs-am-Tauber-Altmuehl-Radweg-1024x683.jpg 1024w, https:\/\/www.frankentourismus.de\/blog\/wp-content\/uploads\/2025\/08\/radeln_1539___Unterwegs-am-Tauber-Altmuehl-Radweg-300x200.jpg 300w, https:\/\/www.frankentourismus.de\/blog\/wp-content\/uploads\/2025\/08\/radeln_1539___Unterwegs-am-Tauber-Altmuehl-Radweg-768x512.jpg 768w, https:\/\/www.frankentourismus.de\/blog\/wp-content\/uploads\/2025\/08\/radeln_1539___Unterwegs-am-Tauber-Altmuehl-Radweg-1536x1024.jpg 1536w, https:\/\/www.frankentourismus.de\/blog\/wp-content\/uploads\/2025\/08\/radeln_1539___Unterwegs-am-Tauber-Altmuehl-Radweg-2048x1365.jpg 2048w\" sizes=\"(max-width: 1024px) 100vw, 1024px\" \/><figcaption class=\"wp-element-caption\">\u00a9 Szymon Nitka, Znajkraj<\/figcaption><\/figure>\n\n\n\n<figure class=\"wp-block-image size-large\"><img decoding=\"async\" loading=\"lazy\" width=\"1024\" height=\"683\" data-id=\"7083\"  src=\"https:\/\/www.frankentourismus.de\/blog\/wp-content\/uploads\/2025\/08\/ltt_0169_Liebliches-Taubertal_Wertheim_Radfahrer-auf-dem-Bahnsteig-bei-der-Ankunft-der-Westfrankenbahn-Bahnhof-1024x683.jpg\" alt=\"\" class=\"wp-image-7083\" srcset=\"https:\/\/www.frankentourismus.de\/blog\/wp-content\/uploads\/2025\/08\/ltt_0169_Liebliches-Taubertal_Wertheim_Radfahrer-auf-dem-Bahnsteig-bei-der-Ankunft-der-Westfrankenbahn-Bahnhof-1024x683.jpg 1024w, https:\/\/www.frankentourismus.de\/blog\/wp-content\/uploads\/2025\/08\/ltt_0169_Liebliches-Taubertal_Wertheim_Radfahrer-auf-dem-Bahnsteig-bei-der-Ankunft-der-Westfrankenbahn-Bahnhof-300x200.jpg 300w, https:\/\/www.frankentourismus.de\/blog\/wp-content\/uploads\/2025\/08\/ltt_0169_Liebliches-Taubertal_Wertheim_Radfahrer-auf-dem-Bahnsteig-bei-der-Ankunft-der-Westfrankenbahn-Bahnhof-768x512.jpg 768w, https:\/\/www.frankentourismus.de\/blog\/wp-content\/uploads\/2025\/08\/ltt_0169_Liebliches-Taubertal_Wertheim_Radfahrer-auf-dem-Bahnsteig-bei-der-Ankunft-der-Westfrankenbahn-Bahnhof-1536x1024.jpg 1536w, https:\/\/www.frankentourismus.de\/blog\/wp-content\/uploads\/2025\/08\/ltt_0169_Liebliches-Taubertal_Wertheim_Radfahrer-auf-dem-Bahnsteig-bei-der-Ankunft-der-Westfrankenbahn-Bahnhof-2048x1366.jpg 2048w\" sizes=\"(max-width: 1024px) 100vw, 1024px\" \/><figcaption class=\"wp-element-caption\">\u00a9 TV Liebliches Taubertal \/ Peter Frischmuth<\/figcaption><\/figure>\n<\/figure>\n","protected":false},"excerpt":{"rendered":"<p>Das Fahrrad lehnt sicher im Abteil, die Sonne blitzt durchs Zugfenster, und drau\u00dfen zieht die fr\u00e4nkische Landschaft gem\u00e4chlich vorbei: Weinberge, Flusst\u00e4ler, kleine Fachwerkorte. Schon die Anreise mit der Bahn hat etwas Entschleunigendes \u2013 und macht Lust auf das, was kommt. Einmal am Zielbahnhof angekommen, beginnt das Abenteuer auf zwei R\u00e4dern. Genau diese Kombination macht den [&hellip;]<\/p>\n","protected":false},"author":71,"featured_media":7081,"comment_status":"open","ping_status":"closed","sticky":false,"template":"","format":"standard","meta":[],"categories":[1,289,177,257],"tags":[367,369,249,111],"yoast_head":"<!-- This site is optimized with the Yoast SEO plugin v19.14 - https:\/\/yoast.com\/wordpress\/plugins\/seo\/ -->\n<title>Franken entdecken: Mit Rad und Bahn auf Tour - Franken Blog<\/title>\n<meta name=\"description\" content=\"Franken entspannt erleben: Mit Rad &amp; Bahn flexibel reisen, abwechslungsreiche Radtouren entdecken und bequem per Zug zur\u00fcckkehren.\" \/>\n<meta name=\"robots\" content=\"index, follow, max-snippet:-1, max-image-preview:large, max-video-preview:-1\" \/>\n<link rel=\"canonical\" href=\"https:\/\/www.frankentourismus.de\/blog\/2025\/09\/05\/franken-entdecken-mit-rad-und-bahn-auf-tour\/\" \/>\n<meta property=\"og:locale\" content=\"de_DE\" \/>\n<meta property=\"og:type\" content=\"article\" \/>\n<meta property=\"og:title\" content=\"Franken entdecken: Mit Rad und Bahn auf Tour - Franken Blog\" \/>\n<meta property=\"og:description\" content=\"Franken entspannt erleben: Mit Rad &amp; Bahn flexibel reisen, abwechslungsreiche Radtouren entdecken und bequem per Zug zur\u00fcckkehren.\" \/>\n<meta property=\"og:url\" content=\"https:\/\/www.frankentourismus.de\/blog\/2025\/09\/05\/franken-entdecken-mit-rad-und-bahn-auf-tour\/\" \/>\n<meta property=\"og:site_name\" content=\"Franken Blog\" \/>\n<meta property=\"article:published_time\" content=\"2025-09-05T07:00:00+00:00\" \/>\n<meta property=\"article:modified_time\" content=\"2025-09-04T13:02:49+00:00\" \/>\n<meta property=\"og:image\" content=\"https:\/\/www.frankentourismus.de\/blog\/wp-content\/uploads\/2025\/08\/radeln_1539___Unterwegs-am-Tauber-Altmuehl-Radweg-scaled.jpg\" \/>\n\t<meta property=\"og:image:width\" content=\"2560\" \/>\n\t<meta property=\"og:image:height\" content=\"1706\" \/>\n\t<meta property=\"og:image:type\" content=\"image\/jpeg\" \/>\n<meta name=\"author\" content=\"Julia Rothenh\u00e4usler\" \/>\n<meta name=\"twitter:card\" content=\"summary_large_image\" \/>\n<meta name=\"twitter:label1\" content=\"Written by\" \/>\n\t<meta name=\"twitter:data1\" content=\"Julia Rothenh\u00e4usler\" \/>\n\t<meta name=\"twitter:label2\" content=\"Est. reading time\" \/>\n\t<meta name=\"twitter:data2\" content=\"6 Minuten\" \/>\n<script type=\"application\/ld+json\" class=\"yoast-schema-graph\">{\"@context\":\"https:\/\/schema.org\",\"@graph\":[{\"@type\":\"WebPage\",\"@id\":\"https:\/\/www.frankentourismus.de\/blog\/2025\/09\/05\/franken-entdecken-mit-rad-und-bahn-auf-tour\/\",\"url\":\"https:\/\/www.frankentourismus.de\/blog\/2025\/09\/05\/franken-entdecken-mit-rad-und-bahn-auf-tour\/\",\"name\":\"Franken entdecken: Mit Rad und Bahn auf Tour - Franken Blog\",\"isPartOf\":{\"@id\":\"https:\/\/www.frankentourismus.de\/blog\/#website\"},\"datePublished\":\"2025-09-05T07:00:00+00:00\",\"dateModified\":\"2025-09-04T13:02:49+00:00\",\"author\":{\"@id\":\"https:\/\/www.frankentourismus.de\/blog\/#\/schema\/person\/1a5df647588cd3cb41ba1bd22d79ea63\"},\"description\":\"Franken entspannt erleben: Mit Rad & Bahn flexibel reisen, abwechslungsreiche Radtouren entdecken und bequem per Zug zur\u00fcckkehren.\",\"breadcrumb\":{\"@id\":\"https:\/\/www.frankentourismus.de\/blog\/2025\/09\/05\/franken-entdecken-mit-rad-und-bahn-auf-tour\/#breadcrumb\"},\"inLanguage\":\"de-DE\",\"potentialAction\":[{\"@type\":\"ReadAction\",\"target\":[\"https:\/\/www.frankentourismus.de\/blog\/2025\/09\/05\/franken-entdecken-mit-rad-und-bahn-auf-tour\/\"]}]},{\"@type\":\"BreadcrumbList\",\"@id\":\"https:\/\/www.frankentourismus.de\/blog\/2025\/09\/05\/franken-entdecken-mit-rad-und-bahn-auf-tour\/#breadcrumb\",\"itemListElement\":[{\"@type\":\"ListItem\",\"position\":1,\"name\":\"Home\",\"item\":\"https:\/\/www.frankentourismus.de\/blog\/\"},{\"@type\":\"ListItem\",\"position\":2,\"name\":\"Franken entdecken: Mit Rad und Bahn auf Tour\"}]},{\"@type\":\"WebSite\",\"@id\":\"https:\/\/www.frankentourismus.de\/blog\/#website\",\"url\":\"https:\/\/www.frankentourismus.de\/blog\/\",\"name\":\"Franken Blog\",\"description\":\"Urlaub in Franken!\",\"potentialAction\":[{\"@type\":\"SearchAction\",\"target\":{\"@type\":\"EntryPoint\",\"urlTemplate\":\"https:\/\/www.frankentourismus.de\/blog\/?s={search_term_string}\"},\"query-input\":\"required name=search_term_string\"}],\"inLanguage\":\"de-DE\"},{\"@type\":\"Person\",\"@id\":\"https:\/\/www.frankentourismus.de\/blog\/#\/schema\/person\/1a5df647588cd3cb41ba1bd22d79ea63\",\"name\":\"Julia Rothenh\u00e4usler\",\"image\":{\"@type\":\"ImageObject\",\"inLanguage\":\"de-DE\",\"@id\":\"https:\/\/www.frankentourismus.de\/blog\/#\/schema\/person\/image\/\",\"url\":\"https:\/\/www.frankentourismus.de\/blog\/wp-content\/uploads\/2025\/08\/8a25b60d-150x150.jpg\",\"contentUrl\":\"https:\/\/www.frankentourismus.de\/blog\/wp-content\/uploads\/2025\/08\/8a25b60d-150x150.jpg\",\"caption\":\"Julia Rothenh\u00e4usler\"},\"sameAs\":[\"http:\/\/www.bahnland-bayern.de\"],\"url\":\"https:\/\/www.frankentourismus.de\/blog\/author\/julia-rothenhaeusler\/\"}]}<\/script>\n<!-- \/ Yoast SEO plugin. -->","yoast_head_json":{"title":"Franken entdecken: Mit Rad und Bahn auf Tour - Franken Blog","description":"Franken entspannt erleben: Mit Rad & Bahn flexibel reisen, abwechslungsreiche Radtouren entdecken und bequem per Zug zur\u00fcckkehren.","robots":{"index":"index","follow":"follow","max-snippet":"max-snippet:-1","max-image-preview":"max-image-preview:large","max-video-preview":"max-video-preview:-1"},"canonical":"https:\/\/www.frankentourismus.de\/blog\/2025\/09\/05\/franken-entdecken-mit-rad-und-bahn-auf-tour\/","og_locale":"de_DE","og_type":"article","og_title":"Franken entdecken: Mit Rad und Bahn auf Tour - Franken Blog","og_description":"Franken entspannt erleben: Mit Rad & Bahn flexibel reisen, abwechslungsreiche Radtouren entdecken und bequem per Zug zur\u00fcckkehren.","og_url":"https:\/\/www.frankentourismus.de\/blog\/2025\/09\/05\/franken-entdecken-mit-rad-und-bahn-auf-tour\/","og_site_name":"Franken Blog","article_published_time":"2025-09-05T07:00:00+00:00","article_modified_time":"2025-09-04T13:02:49+00:00","og_image":[{"width":2560,"height":1706,"url":"https:\/\/www.frankentourismus.de\/blog\/wp-content\/uploads\/2025\/08\/radeln_1539___Unterwegs-am-Tauber-Altmuehl-Radweg-scaled.jpg","type":"image\/jpeg"}],"author":"Julia Rothenh\u00e4usler","twitter_card":"summary_large_image","twitter_misc":{"Written by":"Julia Rothenh\u00e4usler","Est. reading time":"6 Minuten"},"schema":{"@context":"https:\/\/schema.org","@graph":[{"@type":"WebPage","@id":"https:\/\/www.frankentourismus.de\/blog\/2025\/09\/05\/franken-entdecken-mit-rad-und-bahn-auf-tour\/","url":"https:\/\/www.frankentourismus.de\/blog\/2025\/09\/05\/franken-entdecken-mit-rad-und-bahn-auf-tour\/","name":"Franken entdecken: Mit Rad und Bahn auf Tour - Franken Blog","isPartOf":{"@id":"https:\/\/www.frankentourismus.de\/blog\/#website"},"datePublished":"2025-09-05T07:00:00+00:00","dateModified":"2025-09-04T13:02:49+00:00","author":{"@id":"https:\/\/www.frankentourismus.de\/blog\/#\/schema\/person\/1a5df647588cd3cb41ba1bd22d79ea63"},"description":"Franken entspannt erleben: Mit Rad & Bahn flexibel reisen, abwechslungsreiche Radtouren entdecken und bequem per Zug zur\u00fcckkehren.","breadcrumb":{"@id":"https:\/\/www.frankentourismus.de\/blog\/2025\/09\/05\/franken-entdecken-mit-rad-und-bahn-auf-tour\/#breadcrumb"},"inLanguage":"de-DE","potentialAction":[{"@type":"ReadAction","target":["https:\/\/www.frankentourismus.de\/blog\/2025\/09\/05\/franken-entdecken-mit-rad-und-bahn-auf-tour\/"]}]},{"@type":"BreadcrumbList","@id":"https:\/\/www.frankentourismus.de\/blog\/2025\/09\/05\/franken-entdecken-mit-rad-und-bahn-auf-tour\/#breadcrumb","itemListElement":[{"@type":"ListItem","position":1,"name":"Home","item":"https:\/\/www.frankentourismus.de\/blog\/"},{"@type":"ListItem","position":2,"name":"Franken entdecken: Mit Rad und Bahn auf Tour"}]},{"@type":"WebSite","@id":"https:\/\/www.frankentourismus.de\/blog\/#website","url":"https:\/\/www.frankentourismus.de\/blog\/","name":"Franken Blog","description":"Urlaub in Franken!","potentialAction":[{"@type":"SearchAction","target":{"@type":"EntryPoint","urlTemplate":"https:\/\/www.frankentourismus.de\/blog\/?s={search_term_string}"},"query-input":"required name=search_term_string"}],"inLanguage":"de-DE"},{"@type":"Person","@id":"https:\/\/www.frankentourismus.de\/blog\/#\/schema\/person\/1a5df647588cd3cb41ba1bd22d79ea63","name":"Julia Rothenh\u00e4usler","image":{"@type":"ImageObject","inLanguage":"de-DE","@id":"https:\/\/www.frankentourismus.de\/blog\/#\/schema\/person\/image\/","url":"https:\/\/www.frankentourismus.de\/blog\/wp-content\/uploads\/2025\/08\/8a25b60d-150x150.jpg","contentUrl":"https:\/\/www.frankentourismus.de\/blog\/wp-content\/uploads\/2025\/08\/8a25b60d-150x150.jpg","caption":"Julia Rothenh\u00e4usler"},"sameAs":["http:\/\/www.bahnland-bayern.de"],"url":"https:\/\/www.frankentourismus.de\/blog\/author\/julia-rothenhaeusler\/"}]}},"_links":{"self":[{"href":"https:\/\/www.frankentourismus.de\/blog\/wp-json\/wp\/v2\/posts\/5911"}],"collection":[{"href":"https:\/\/www.frankentourismus.de\/blog\/wp-json\/wp\/v2\/posts"}],"about":[{"href":"https:\/\/www.frankentourismus.de\/blog\/wp-json\/wp\/v2\/types\/post"}],"author":[{"embeddable":true,"href":"https:\/\/www.frankentourismus.de\/blog\/wp-json\/wp\/v2\/users\/71"}],"replies":[{"embeddable":true,"href":"https:\/\/www.frankentourismus.de\/blog\/wp-json\/wp\/v2\/comments?post=5911"}],"version-history":[{"count":24,"href":"https:\/\/www.frankentourismus.de\/blog\/wp-json\/wp\/v2\/posts\/5911\/revisions"}],"predecessor-version":[{"id":7105,"href":"https:\/\/www.frankentourismus.de\/blog\/wp-json\/wp\/v2\/posts\/5911\/revisions\/7105"}],"wp:featuredmedia":[{"embeddable":true,"href":"https:\/\/www.frankentourismus.de\/blog\/wp-json\/wp\/v2\/media\/7081"}],"wp:attachment":[{"href":"https:\/\/www.frankentourismus.de\/blog\/wp-json\/wp\/v2\/media?parent=5911"}],"wp:term":[{"taxonomy":"category","embeddable":true,"href":"https:\/\/www.frankentourismus.de\/blog\/wp-json\/wp\/v2\/categories?post=5911"},{"taxonomy":"post_tag","embeddable":true,"href":"https:\/\/www.frankentourismus.de\/blog\/wp-json\/wp\/v2\/tags?post=5911"}],"curies":[{"name":"wp","href":"https:\/\/api.w.org\/{rel}","templated":true}]}}