{"id":5437,"date":"2024-06-14T13:07:15","date_gmt":"2024-06-14T11:07:15","guid":{"rendered":"https:\/\/www.frankentourismus.de\/blog\/?p=5437"},"modified":"2024-08-20T12:12:38","modified_gmt":"2024-08-20T10:12:38","slug":"mein-perfekter-tag-in-coburg","status":"publish","type":"post","link":"https:\/\/www.frankentourismus.de\/blog\/2024\/06\/14\/mein-perfekter-tag-in-coburg\/","title":{"rendered":"Mein perfekter Tag in&#8230;Coburg"},"content":{"rendered":"\n<p><strong><a href=\"https:\/\/www.coburgmarketing.de\/\" target=\"_blank\" rel=\"noreferrer noopener\">Coburg<\/a>, eine von <a href=\"https:\/\/www.die-fraenkischen-staedte.de\/\">15 fr\u00e4nkischen &#8222;Stadtperlen&#8220;<\/a>, hat mich bei meiner Ankunft direkt verzaubert. Es ist ein Ort, an dem Geschichte, Kultur und Kulinarik auf eine ganz besondere Art zusammenkommen und Menschen jeden Alters ber\u00fchren. <\/strong><\/p>\n\n\n<div class=\"hint\">\n            <figure>\n            <img width=\"300\" height=\"200\" src=\"https:\/\/www.frankentourismus.de\/blog\/wp-content\/uploads\/2024\/05\/coburg_287_coburgrennsteig_coburg_veste-coburg-300x200.jpg\" class=\"attachment-medium size-medium\" alt=\"\" decoding=\"async\" loading=\"lazy\" srcset=\"https:\/\/www.frankentourismus.de\/blog\/wp-content\/uploads\/2024\/05\/coburg_287_coburgrennsteig_coburg_veste-coburg-300x200.jpg 300w, https:\/\/www.frankentourismus.de\/blog\/wp-content\/uploads\/2024\/05\/coburg_287_coburgrennsteig_coburg_veste-coburg-1024x683.jpg 1024w, https:\/\/www.frankentourismus.de\/blog\/wp-content\/uploads\/2024\/05\/coburg_287_coburgrennsteig_coburg_veste-coburg-768x512.jpg 768w, https:\/\/www.frankentourismus.de\/blog\/wp-content\/uploads\/2024\/05\/coburg_287_coburgrennsteig_coburg_veste-coburg-1536x1024.jpg 1536w, https:\/\/www.frankentourismus.de\/blog\/wp-content\/uploads\/2024\/05\/coburg_287_coburgrennsteig_coburg_veste-coburg.jpg 1800w\" sizes=\"(max-width: 300px) 100vw, 300px\" \/>        <\/figure>\n    \n    <div class=\"content\">\n        <p>Wie sieht ein perfekter Tag in einer der 15 Fr\u00e4nkischen St\u00e4dte aus? Mit dieser Frage im Gep\u00e4ck haben sich unsere Redakteur:innen aufgemacht und die Fr\u00e4nkischen St\u00e4dte einen Tag lang ausgekundschaftet. Diesmal wacht bei unserem Besuch die &#8222;Fr\u00e4nkischen Krone&#8220; \u00fcber uns &#8211; wir erkunden Coburg und seine Veste. <\/p>\n    <\/div>\n<\/div>\n\n\n\n<p>Kaum in der Stadt angekommen, bin ich schon verzaubert. Die Altstadt von Coburg begeistert sofort \u2013 es f\u00fchlt sich an, als w\u00fcrde die <strong>Stadtgeschichte lebendig<\/strong> werden. Um tiefer in die reiche Historie einzutauchen, mache ich mich auf zur Herrngasse, wo ich mich einer <strong><a href=\"https:\/\/www.coburgmarketing.de\/entdecken-erleben\/stadtfuehrungen\" target=\"_blank\" rel=\"noreferrer noopener\">Stadtf\u00fchrung<\/a><\/strong> anschlie\u00dfe. Wir sind bereit, <strong>Coburgs verborgene Seiten<\/strong> zu erkunden!<\/p>\n\n\n\n<h2>Hinter den Fassaden der Stadt <\/h2>\n\n\n\n<p>Zu Beginn schlendern wir durch die <strong>alten Gassen<\/strong>, vorbei an <strong>Geb\u00e4uden<\/strong>, die Geschichten aus vergangenen Tagen zu erz\u00e4hlen scheinen. Es geht vorbei am <strong>M\u00fcnzmeisterhaus<\/strong>, das mit seiner <strong>fein ausgearbeiteten Fassade <\/strong>heraussticht und dem stolzen <strong>Schloss Ehrenburg<\/strong>, das seine <strong>neugotische Eleganz<\/strong> zur Schau stellt. Mit jedem Schritt auf diesen historischen Wegen tauche ich tiefer in die Zeiten ein, die diese Mauern bereits gesehen haben &#8211; und komme aus dem Staunen gar nicht mehr heraus. Beim <strong>Flanieren durch die Gassen<\/strong> sp\u00fcrt man f\u00f6rmlich die tiefe Geschichte, die diese Bauwerke erz\u00e4hlen. Am Schlossplatz angekommen, erwarten mich die <strong>Denkm\u00e4ler der Herz\u00f6ge Ernst I. und Ernst II.<\/strong>, die ihre zeitgeschichtliche Bedeutung stolz zur Schau stellen.<\/p>\n\n\n\n<figure class=\"wp-block-image size-large\"><img decoding=\"async\" loading=\"lazy\" width=\"1024\" height=\"683\" src=\"https:\/\/www.frankentourismus.de\/blog\/wp-content\/uploads\/2024\/06\/Morizkirche-Nacht-c-coburg-marketing-c-coburgmarketing-rb-1024x683.jpg\" alt=\"\" class=\"wp-image-5587\" srcset=\"https:\/\/www.frankentourismus.de\/blog\/wp-content\/uploads\/2024\/06\/Morizkirche-Nacht-c-coburg-marketing-c-coburgmarketing-rb-1024x683.jpg 1024w, https:\/\/www.frankentourismus.de\/blog\/wp-content\/uploads\/2024\/06\/Morizkirche-Nacht-c-coburg-marketing-c-coburgmarketing-rb-300x200.jpg 300w, https:\/\/www.frankentourismus.de\/blog\/wp-content\/uploads\/2024\/06\/Morizkirche-Nacht-c-coburg-marketing-c-coburgmarketing-rb-768x512.jpg 768w, https:\/\/www.frankentourismus.de\/blog\/wp-content\/uploads\/2024\/06\/Morizkirche-Nacht-c-coburg-marketing-c-coburgmarketing-rb-1536x1025.jpg 1536w, https:\/\/www.frankentourismus.de\/blog\/wp-content\/uploads\/2024\/06\/Morizkirche-Nacht-c-coburg-marketing-c-coburgmarketing-rb.jpg 2000w\" sizes=\"(max-width: 1024px) 100vw, 1024px\" \/><figcaption class=\"wp-element-caption\">\u00a9 Coburg Marketing \/ Rainer Brabec<\/figcaption><\/figure>\n\n\n\n<p>Danach f\u00fchrt uns unser Weg weiter zum <strong><a href=\"https:\/\/www.coburgmarketing.de\/entdecken-erleben\/sehenswuerdigkeiten\/theater\" target=\"_blank\" rel=\"noreferrer noopener\">Landestheater<\/a> <\/strong>und zum <strong><a href=\"https:\/\/www.coburgmarketing.de\/poi\/palais-edinburgh\" target=\"_blank\" rel=\"noreferrer noopener\">Palais Edinburgh<\/a>,<\/strong> wo wir mehr \u00fcber die politischen und kulturellen Verflechtungen Coburgs erfahren. Ein ganz besonderes Highlight wartet im Anschluss auf uns in der <strong><a href=\"https:\/\/www.coburgmarketing.de\/poi\/stadtkirche-st-moriz\" target=\"_blank\" rel=\"noreferrer noopener\">Stadtkirche St. Moriz<\/a> <\/strong>\u2013 ein Ort, der mich mit seiner komplexen Historie und den kunstvollen Sch\u00e4tzen wie dem <strong>Alabaster-Epitaph<\/strong>, welches Herzog Johann Casimir f\u00fcr seine Eltern errichten lie\u00df, sehr einnimmt. In der \u00e4ltesten und gr\u00f6\u00dften Kirche Coburgs sp\u00fcrt man die Bedeutsamkeit des Ortes, der einmal das Herz der evangelischen Landeskirche bildete und als letzte Ruhest\u00e4tte s\u00e4chsischer Herz\u00f6ge diente. Der Gedanke daran, dass <strong><a href=\"https:\/\/www.frankentourismus.de\/reformation-und-revolution\/\" target=\"_blank\" rel=\"noreferrer noopener\">Martin Luther<\/a><\/strong> hier w\u00e4hrend seines Aufenthalts im Jahr 1530 seine Predigten hielt, verleiht dem Ganzen eine besondere Atmosph\u00e4re.<\/p>\n\n\n\n<h2>Coburgs pulsierendes Herz: Der Marktplatz<\/h2>\n\n\n\n<p>Nach dem eindrucksvollen Besuch der Stadtkirche St. Moriz f\u00fchrt unser gemeinsamer Weg zum Endpunkt der F\u00fchrung, dem <strong>Marktplatz<\/strong>, der das <strong>lebhafte Herzst\u00fcck Coburgs<\/strong> bildet. Eingerahmt von denkw\u00fcrdigen Geb\u00e4uden wie dem <strong>Stadthaus und dem <a href=\"https:\/\/www.coburgmarketing.de\/poi\/rathaus\" target=\"_blank\" rel=\"noreferrer noopener\">Renaissance-Rathaus<\/a><\/strong>, f\u00fchle ich mich sofort wohl im urbanen Leben der Stadt. Der Platz zeigt sich besonders mittwochs und samstags von seiner besten Seite, wenn der Wochenmarkt seine Vielfalt pr\u00e4sentiert. Nat\u00fcrlich muss ich dort sofort die <strong>ber\u00fchmte Coburger Bratwurst<\/strong> probieren, die mich mit ihrem unverwechselbaren Raucharoma \u00fcberzeugt. Unter dem wachsamen Blick des <strong>&#8222;Bratwurstm\u00e4nnles&#8220;<\/strong> lasse ich mir diesen traditionellen Snack schmecken. Einfaches kann doch so gut sein!<\/p>\n\n\n\n<figure class=\"wp-block-image size-large\"><img decoding=\"async\" loading=\"lazy\" width=\"1024\" height=\"683\" src=\"https:\/\/www.frankentourismus.de\/blog\/wp-content\/uploads\/2024\/05\/coburg_113_coburgrennsteig_coburg_marktplatz-mit-prinz-albert-statue-1024x683.jpg\" alt=\"\" class=\"wp-image-5459\" srcset=\"https:\/\/www.frankentourismus.de\/blog\/wp-content\/uploads\/2024\/05\/coburg_113_coburgrennsteig_coburg_marktplatz-mit-prinz-albert-statue-1024x683.jpg 1024w, https:\/\/www.frankentourismus.de\/blog\/wp-content\/uploads\/2024\/05\/coburg_113_coburgrennsteig_coburg_marktplatz-mit-prinz-albert-statue-300x200.jpg 300w, https:\/\/www.frankentourismus.de\/blog\/wp-content\/uploads\/2024\/05\/coburg_113_coburgrennsteig_coburg_marktplatz-mit-prinz-albert-statue-768x512.jpg 768w, https:\/\/www.frankentourismus.de\/blog\/wp-content\/uploads\/2024\/05\/coburg_113_coburgrennsteig_coburg_marktplatz-mit-prinz-albert-statue-1536x1024.jpg 1536w, https:\/\/www.frankentourismus.de\/blog\/wp-content\/uploads\/2024\/05\/coburg_113_coburgrennsteig_coburg_marktplatz-mit-prinz-albert-statue-2048x1365.jpg 2048w\" sizes=\"(max-width: 1024px) 100vw, 1024px\" \/><figcaption class=\"wp-element-caption\">\u00a9 FrankenTourismus \/ Holger Leue<\/figcaption><\/figure>\n\n\n\n<h2>Schloss Ehrenburg: Ein Blick in Coburgs Vergangenheit<\/h2>\n\n\n\n<p>Vom <strong>Marktplatz <\/strong>aus schlendere ich neugierig weiter, zur\u00fcck zum <strong>Schlossplatz<\/strong>, wo das <strong>eindrucksvolle <a href=\"https:\/\/www.coburgmarketing.de\/poi\/schloss-ehrenburg\" target=\"_blank\" rel=\"noreferrer noopener\">Schloss Ehrenburg<\/a><\/strong> zu finden ist. Kaum durch die alten Tore geschritten, umf\u00e4ngt mich das Flair einer l\u00e4ngst vergessenen Zeit. Jeder Raum, gestaltet im <strong>pr\u00e4chtigen<\/strong> <strong>Empirestil<\/strong>, <strong>fl\u00fcstert mir Geheimnisse<\/strong> zu. Die W\u00e4nde der Gem\u00e4cher, in denen <strong>fr\u00fcher Queen Victoria und Prinz Albert<\/strong> \u00fcbernachteten, k\u00f6nnten wohl so manche spannende Geschichte erz\u00e4hlen. <\/p>\n\n\n\n<figure class=\"wp-block-image size-large\"><img decoding=\"async\" loading=\"lazy\" width=\"1024\" height=\"684\" src=\"https:\/\/www.frankentourismus.de\/blog\/wp-content\/uploads\/2024\/05\/coburg_283_familienausflug-bei-schloss-ehrenburg-1024x684.jpg\" alt=\"\" class=\"wp-image-5467\" srcset=\"https:\/\/www.frankentourismus.de\/blog\/wp-content\/uploads\/2024\/05\/coburg_283_familienausflug-bei-schloss-ehrenburg-1024x684.jpg 1024w, https:\/\/www.frankentourismus.de\/blog\/wp-content\/uploads\/2024\/05\/coburg_283_familienausflug-bei-schloss-ehrenburg-300x200.jpg 300w, https:\/\/www.frankentourismus.de\/blog\/wp-content\/uploads\/2024\/05\/coburg_283_familienausflug-bei-schloss-ehrenburg-768x513.jpg 768w, https:\/\/www.frankentourismus.de\/blog\/wp-content\/uploads\/2024\/05\/coburg_283_familienausflug-bei-schloss-ehrenburg-1536x1025.jpg 1536w, https:\/\/www.frankentourismus.de\/blog\/wp-content\/uploads\/2024\/05\/coburg_283_familienausflug-bei-schloss-ehrenburg.jpg 1573w\" sizes=\"(max-width: 1024px) 100vw, 1024px\" \/><figcaption class=\"wp-element-caption\">\u00a9 Coburg Marketing \/ Rainer Brabec<\/figcaption><\/figure>\n\n\n\n<h2>Coburgs Gaumenfreuden und gr\u00fcne Oase<\/h2>\n\n\n\n<p>Nach so vielen neuen Eindr\u00fccken und Abenteuern meldet sich mein Magen, also geht&#8217;s zur\u00fcck in die Innenstadt. Zwischen <strong>charmanten Caf\u00e9s<\/strong> und <strong>gem\u00fctlichen Bistros<\/strong> finde ich genau das, wonach ich suche: einen <strong>Flammkuchen<\/strong>. Ich stille meinen gro\u00dfen Hunger und beim Essen zergeht er mir f\u00f6rmlich auf der Zunge. Was f\u00fcr ein Genuss! Nat\u00fcrlich muss auch noch ein s\u00fc\u00dfer Abschluss her, da f\u00e4llt meine Wahl ziemlich schnell auf ein &#8222;<strong>Coburger Schm\u00e4tzchen&#8220;<\/strong> \u2013 eine s\u00fc\u00dfe Verf\u00fchrung, unwiderstehlich lecker, eben ein kleines St\u00fcck Coburg zum Genie\u00dfen.<\/p>\n\n\n\n<figure class=\"wp-block-image size-large\"><img decoding=\"async\" loading=\"lazy\" width=\"1024\" height=\"683\" src=\"https:\/\/www.frankentourismus.de\/blog\/wp-content\/uploads\/2024\/05\/coburg_269_coburgrennsteig_coburg_prinz-albert-denkmal-am-marktplatz-mit-blumenpracht-1024x683.jpg\" alt=\"\" class=\"wp-image-5493\" srcset=\"https:\/\/www.frankentourismus.de\/blog\/wp-content\/uploads\/2024\/05\/coburg_269_coburgrennsteig_coburg_prinz-albert-denkmal-am-marktplatz-mit-blumenpracht-1024x683.jpg 1024w, https:\/\/www.frankentourismus.de\/blog\/wp-content\/uploads\/2024\/05\/coburg_269_coburgrennsteig_coburg_prinz-albert-denkmal-am-marktplatz-mit-blumenpracht-300x200.jpg 300w, https:\/\/www.frankentourismus.de\/blog\/wp-content\/uploads\/2024\/05\/coburg_269_coburgrennsteig_coburg_prinz-albert-denkmal-am-marktplatz-mit-blumenpracht-768x512.jpg 768w, https:\/\/www.frankentourismus.de\/blog\/wp-content\/uploads\/2024\/05\/coburg_269_coburgrennsteig_coburg_prinz-albert-denkmal-am-marktplatz-mit-blumenpracht-1536x1024.jpg 1536w, https:\/\/www.frankentourismus.de\/blog\/wp-content\/uploads\/2024\/05\/coburg_269_coburgrennsteig_coburg_prinz-albert-denkmal-am-marktplatz-mit-blumenpracht.jpg 1575w\" sizes=\"(max-width: 1024px) 100vw, 1024px\" \/><figcaption class=\"wp-element-caption\">\u00a9 Coburg Marketing \/ Rainer Brabec<\/figcaption><\/figure>\n\n\n\n<p>Durch diese Leckereien gest\u00e4rkt, mache ich mich als n\u00e4chstes auf den <strong>Weg zum <a href=\"https:\/\/www.coburgmarketing.de\/poi\/hofgarten\" target=\"_blank\" rel=\"noreferrer noopener\">Hofgarten<\/a><\/strong>, einer <strong>gr\u00fcnen Oase mitten in der Stadt<\/strong>. Umgeben von alten B\u00e4umen und <strong>historischen Denkm\u00e4lern<\/strong> ist das genau der richtige Ort, um kurz durchzuatmen. Auf den <strong>Arkaden<\/strong> bleibe ich stehen. Was f\u00fcr ein atemberaubender Blick auf <strong>die D\u00e4cher der Stadt<\/strong> und <strong>\u00fcber den Schlossplatz<\/strong>! Nur ein paar Meter entfernt liegt das <strong>lebhafte Treiben des Marktplatzes<\/strong> hinter mir. Zwischen den B\u00e4umen spitzt bereits die <strong>stolze Veste Coburg<\/strong> hervor. Es ist, als w\u00fcrde sich in diesem Moment <strong>die ganze Pracht Coburgs<\/strong> vor mir ausbreiten. <\/p>\n\n\n\n<p>Bei meinem Spaziergang durch den Hofgarten hat es mir der &#8222;Kleine Rosengarten&#8220; ganz besonders angetan. Mit seinen bl\u00fchenden Rosen und der mich umgebenden Ruhe ist es der perfekte Ort zum Entspannen. Ganz besonders hat es mir der <strong>&#8222;Kleine Rosengarten&#8220;<\/strong> angetan. Mit seinen <strong>bl\u00fchenden Rosen<\/strong> und der mich umgebenden Ruhe ist es der perfekte Ort <strong>zum Entspannen<\/strong>. <\/p>\n\n\n\n<p>Nach einer kleinen Pause spaziere ich weiter im Hofgarten, wo mich mein Weg zum <strong><a href=\"https:\/\/www.coburgmarketing.de\/poi\/naturkunde-museum-coburg\" target=\"_blank\" rel=\"noreferrer noopener\">Naturkunde-Museum<\/a><\/strong> f\u00fchrt. Neugierig betrete ich das Geb\u00e4ude und ich verbringe die n\u00e4chste Stunde damit, die <strong>Vielfalt der Ausstellungsst\u00fccke<\/strong> zu bewundern. Von Mineralien bis hin zu spannenden Exponaten <strong>exotischer Tiere<\/strong> und vielem mehr gibt es hier wirklich jede Menge zu entdecken. Jedes St\u00fcck erz\u00e4hlt<strong> seine eigene Geschichte<\/strong> und zeigt mir Wunder aus Natur und Geschichte.<\/p>\n\n\n\n<h2>Kulturelle Sch\u00e4tze: Veste Coburg<\/h2>\n\n\n\n<p>Mein n\u00e4chstes Ziel in Coburg ist die <strong><a href=\"https:\/\/www.coburgmarketing.de\/poi\/veste-coburg\" target=\"_blank\" rel=\"noreferrer noopener\">majest\u00e4tische Veste<\/a><\/strong>, die wie eine <strong>Krone <\/strong>\u00fcber der Stadt thront. Der schnellste Weg nach oben ist die Fahrt mit der &#8222;Bimmelbahn&#8220;, die f\u00fcr sich schon ein kleines Abenteuer ist. Oben angekommen, bin ich schon gespannt auf diese Welt voller <strong>Kunst und Geschichte<\/strong>. Die liebevoll zusammengetragenen <strong>Kunstsammlungen der Herz\u00f6ge<\/strong> <strong>von Sachsen-Coburg und Gotha <\/strong>sind ein wahrer Schatz. Umgeben von den historischen Jagdwaffen, den pr\u00e4chtigen venezianischen Gl\u00e4sern und den Werken <strong>ber\u00fchmter K\u00fcnstler<\/strong> wie Cranach, D\u00fcrer und Gr\u00fcnewald f\u00fchle ich mich in die Vergangenheit versetzt. Die R\u00e4ume, in denen Martin Luther w\u00e4hrend seiner Zeit unter<strong> Reichsacht <\/strong>im Jahr 1530 lebte, sind besonders faszinierend \u2013 ein wahres Highlight.<\/p>\n\n\n\n<figure class=\"wp-block-image size-large\"><img decoding=\"async\" loading=\"lazy\" width=\"1024\" height=\"683\" src=\"https:\/\/www.frankentourismus.de\/blog\/wp-content\/uploads\/2024\/05\/coburg_268_coburgrennsteig_coburg_stadtimpressionen-1024x683.jpg\" alt=\"\" class=\"wp-image-5489\" srcset=\"https:\/\/www.frankentourismus.de\/blog\/wp-content\/uploads\/2024\/05\/coburg_268_coburgrennsteig_coburg_stadtimpressionen-1024x683.jpg 1024w, https:\/\/www.frankentourismus.de\/blog\/wp-content\/uploads\/2024\/05\/coburg_268_coburgrennsteig_coburg_stadtimpressionen-300x200.jpg 300w, https:\/\/www.frankentourismus.de\/blog\/wp-content\/uploads\/2024\/05\/coburg_268_coburgrennsteig_coburg_stadtimpressionen-768x512.jpg 768w, https:\/\/www.frankentourismus.de\/blog\/wp-content\/uploads\/2024\/05\/coburg_268_coburgrennsteig_coburg_stadtimpressionen-1536x1024.jpg 1536w, https:\/\/www.frankentourismus.de\/blog\/wp-content\/uploads\/2024\/05\/coburg_268_coburgrennsteig_coburg_stadtimpressionen-2048x1365.jpg 2048w\" sizes=\"(max-width: 1024px) 100vw, 1024px\" \/><figcaption class=\"wp-element-caption\">\u00a9 FrankenTourismus \/ Smile4Travel<\/figcaption><\/figure>\n\n\n\n<p>Nachdem ich &#8211; l\u00e4nger als geplant &#8211; damit verbracht habe, die <strong>historischen Sch\u00e4tze <\/strong>zu bestaunen, trete ich wieder hinaus an die frische Luft. Ich genie\u00dfe einen Spaziergang durch die malerischen Au\u00dfenbereiche der Veste. Die <strong>Burg, <\/strong>auch als<strong> &#8222;Fr\u00e4nkische Krone&#8220;<\/strong> bekannt, ist nicht nur ein beeindruckendes Beispiel <strong>mittelalterlicher Architektur<\/strong>, sondern bietet auch einen fantastischen Ausblick \u00fcber Coburg und die <strong>umliegende Landschaft.<\/strong> Ihr <strong>alter Charme<\/strong> und ihre Bedeutung als <strong>ehemalige Landesfestung der Wettiner <\/strong>machen meinen Besuch zu einem <strong>besonderen Erlebnis<\/strong>.<\/p>\n\n\n\n<h2>Coburgs Abendzauber: Kulinarik und Geschichte<\/h2>\n\n\n\n<p>Nach einem langen, ereignisreichen Tag, der mich durch die <strong>Sch\u00f6nheit und Vielfalt Coburgs<\/strong> gef\u00fchrt hat, freue ich mich auf den kulinarischen Abschluss des Tages. In einem der gem\u00fctlichen Restaurants der Stadt lasse ich mich von den fr\u00e4nkischen Spezialit\u00e4ten verw\u00f6hnen \u2013 neben dem <strong>\u201eCoburger Rutscher\u201c <\/strong>gibt es ein <strong>herzhaftes \u201eSch\u00e4ufele<\/strong>\u201c. Es ist der<strong> ideale Abschluss<\/strong> eines rundum zufriedenstellenden Tages.<\/p>\n\n\n\n<p>Auch wenn ich schon viel von Coburg gesehen habe, bietet die <strong>Nachtw\u00e4chterf\u00fchrung <\/strong>nach dem Essen noch einmal eine ganz <strong>besondere Perspektive<\/strong>. W\u00e4hrend ich durch die <strong>n\u00e4chtlichen Gassen Coburgs<\/strong> wandere, er\u00f6ffnet mir der Nachtw\u00e4chter mit <strong>Laterne <\/strong>und <strong>Hellebarde Zugang zu Geschichten und Orten<\/strong>, die im Tageslicht verborgen bleiben und nur im Schutz der Dunkelheit ihre <strong>Geheimnisse <\/strong>preisgeben. Die <strong>stimmungsvolle Tour<\/strong> unter dem Sternenhimmel f\u00e4ngt die <strong>historische Atmosph\u00e4re Coburgs <\/strong>perfekt ein und ist trotz der M\u00fcdigkeit nach einem langen, aber erf\u00fcllenden Tag absolut lohnenswert.<\/p>\n\n\n\n<figure class=\"wp-block-image size-large\"><img decoding=\"async\" loading=\"lazy\" width=\"1024\" height=\"767\" src=\"https:\/\/www.frankentourismus.de\/blog\/wp-content\/uploads\/2024\/05\/coburg_265_coburgrennsteig_coburg_stadtimpression-2-1024x767.jpg\" alt=\"\" class=\"wp-image-5505\" srcset=\"https:\/\/www.frankentourismus.de\/blog\/wp-content\/uploads\/2024\/05\/coburg_265_coburgrennsteig_coburg_stadtimpression-2-1024x767.jpg 1024w, https:\/\/www.frankentourismus.de\/blog\/wp-content\/uploads\/2024\/05\/coburg_265_coburgrennsteig_coburg_stadtimpression-2-300x225.jpg 300w, https:\/\/www.frankentourismus.de\/blog\/wp-content\/uploads\/2024\/05\/coburg_265_coburgrennsteig_coburg_stadtimpression-2-768x576.jpg 768w, https:\/\/www.frankentourismus.de\/blog\/wp-content\/uploads\/2024\/05\/coburg_265_coburgrennsteig_coburg_stadtimpression-2-1536x1151.jpg 1536w, https:\/\/www.frankentourismus.de\/blog\/wp-content\/uploads\/2024\/05\/coburg_265_coburgrennsteig_coburg_stadtimpression-2-2048x1535.jpg 2048w\" sizes=\"(max-width: 1024px) 100vw, 1024px\" \/><figcaption class=\"wp-element-caption\">\u00a9 FrankenTourismus \/ Thomas Glomm<\/figcaption><\/figure>\n\n\n\n<h2>Fazit: Coburg, eine Stadt zum Wiederentdecken<\/h2>\n\n\n\n<p>Mit so vielen <strong>neuen Eindr\u00fccken<\/strong> und <strong>sch\u00f6nen Erinnerungen<\/strong> im Gep\u00e4ck trete ich schlie\u00dflich den Heimweg an. Coburg hat sich mir als ein Ort voller <strong>Charme und lebendiger<\/strong> <strong>Vergangenheit <\/strong>pr\u00e4sentiert. Eins steht fest: Ich komme wieder!<\/p>\n\n\n\n<p><strong>Coburg lockt Besucher:innen mit einer zauberhaften Altstadt, lokalen K\u00f6stlichkeiten und vielf\u00e4ltiger Stadtgeschichte. Mehr \u00fcber die Stadt unter der Veste finden Sie unter <a href=\"https:\/\/www.coburgmarketing.de\/\" target=\"_blank\" rel=\"noreferrer noopener\">www.coburgmarketing.de<\/a> oder bei den &#8222;Fr\u00e4nkischen St\u00e4dten&#8220;: <a href=\"https:\/\/www.die-fraenkischen-staedte.de\/coburg\/\" target=\"_blank\" rel=\"noreferrer noopener\">www.die-fraenkischen-staedte.de<\/a>. Die umliegende Region l\u00e4dt mit ruhiger Mittelgebirgslandschaft ein zum Wandern, Radfahren und Entdecken:<\/strong> <a href=\"https:\/\/www.coburg-rennsteig.de\/\" target=\"_blank\" rel=\"noreferrer noopener\"><strong>www.coburg-rennsteig.de<\/strong><\/a><strong>. Coburg und das Umland sind unter anderem durch den Ver\u00adkehrs\u00adver\u00adbund Gro\u00df\u00adraum N\u00fcrn\u00adberg (VGN) sehr gut mit <a href=\"https:\/\/www.coburgmarketing.de\/informieren\/anreise\" target=\"_blank\" rel=\"noreferrer noopener\">Bus und Bahn<\/a> erschlossen. <\/strong><\/p>\n\n\n\n<figure class=\"is-layout-flex wp-block-gallery-1 wp-block-gallery has-nested-images columns-default is-cropped\">\n<figure class=\"wp-block-image size-large\"><img decoding=\"async\" loading=\"lazy\" width=\"1024\" height=\"575\" data-id=\"5513\"  src=\"https:\/\/www.frankentourismus.de\/blog\/wp-content\/uploads\/2024\/05\/cor_0006_coburgrennsteig__coburger-bratwurst-3-1024x575.jpg\" alt=\"\" class=\"wp-image-5513\" srcset=\"https:\/\/www.frankentourismus.de\/blog\/wp-content\/uploads\/2024\/05\/cor_0006_coburgrennsteig__coburger-bratwurst-3-1024x575.jpg 1024w, https:\/\/www.frankentourismus.de\/blog\/wp-content\/uploads\/2024\/05\/cor_0006_coburgrennsteig__coburger-bratwurst-3-300x168.jpg 300w, https:\/\/www.frankentourismus.de\/blog\/wp-content\/uploads\/2024\/05\/cor_0006_coburgrennsteig__coburger-bratwurst-3-768x431.jpg 768w, https:\/\/www.frankentourismus.de\/blog\/wp-content\/uploads\/2024\/05\/cor_0006_coburgrennsteig__coburger-bratwurst-3-1536x862.jpg 1536w, https:\/\/www.frankentourismus.de\/blog\/wp-content\/uploads\/2024\/05\/cor_0006_coburgrennsteig__coburger-bratwurst-3-2048x1149.jpg 2048w\" sizes=\"(max-width: 1024px) 100vw, 1024px\" \/><figcaption class=\"wp-element-caption\">\u00a9 Tourismusregion Coburg.Rennsteig e.V. \/ Sebastian Buff<\/figcaption><\/figure>\n\n\n\n<figure class=\"wp-block-image size-large\"><img decoding=\"async\" loading=\"lazy\" width=\"1024\" height=\"683\" data-id=\"5511\"  src=\"https:\/\/www.frankentourismus.de\/blog\/wp-content\/uploads\/2024\/05\/coburg_287_coburgrennsteig_coburg_veste-coburg-1-1024x683.jpg\" alt=\"\" class=\"wp-image-5511\" srcset=\"https:\/\/www.frankentourismus.de\/blog\/wp-content\/uploads\/2024\/05\/coburg_287_coburgrennsteig_coburg_veste-coburg-1-1024x683.jpg 1024w, https:\/\/www.frankentourismus.de\/blog\/wp-content\/uploads\/2024\/05\/coburg_287_coburgrennsteig_coburg_veste-coburg-1-300x200.jpg 300w, https:\/\/www.frankentourismus.de\/blog\/wp-content\/uploads\/2024\/05\/coburg_287_coburgrennsteig_coburg_veste-coburg-1-768x512.jpg 768w, https:\/\/www.frankentourismus.de\/blog\/wp-content\/uploads\/2024\/05\/coburg_287_coburgrennsteig_coburg_veste-coburg-1-1536x1024.jpg 1536w, https:\/\/www.frankentourismus.de\/blog\/wp-content\/uploads\/2024\/05\/coburg_287_coburgrennsteig_coburg_veste-coburg-1.jpg 1800w\" sizes=\"(max-width: 1024px) 100vw, 1024px\" \/><figcaption class=\"wp-element-caption\">\u00a9 Coburg Marketing \/ Rainer Brabec<\/figcaption><\/figure>\n<\/figure>\n","protected":false},"excerpt":{"rendered":"<p>Coburg, eine von 15 fr\u00e4nkischen &#8222;Stadtperlen&#8220;, hat mich bei meiner Ankunft direkt verzaubert. Es ist ein Ort, an dem Geschichte, Kultur und Kulinarik auf eine ganz besondere Art zusammenkommen und Menschen jeden Alters ber\u00fchren. Kaum in der Stadt angekommen, bin ich schon verzaubert. Die Altstadt von Coburg begeistert sofort \u2013 es f\u00fchlt sich an, als [&hellip;]<\/p>\n","protected":false},"author":65,"featured_media":5465,"comment_status":"open","ping_status":"closed","sticky":false,"template":"","format":"standard","meta":[],"categories":[1,21,19,307],"tags":[341,287,189,3,87,297],"yoast_head":"<!-- This site is optimized with the Yoast SEO plugin v19.14 - https:\/\/yoast.com\/wordpress\/plugins\/seo\/ -->\n<title>Mein perfekter Tag in...Coburg - Franken Blog<\/title>\n<meta name=\"description\" content=\"Coburg, eine der 15 fr\u00e4nkischen &quot;Stadtperlen&quot;, begeistert mit Geschichte, Kultur und Kulinarik und zieht Menschen jeden Alters in ihren Bann.\" \/>\n<meta name=\"robots\" content=\"index, follow, max-snippet:-1, max-image-preview:large, max-video-preview:-1\" \/>\n<link rel=\"canonical\" href=\"https:\/\/www.frankentourismus.de\/blog\/2024\/06\/14\/mein-perfekter-tag-in-coburg\/\" \/>\n<meta property=\"og:locale\" content=\"de_DE\" \/>\n<meta property=\"og:type\" content=\"article\" \/>\n<meta property=\"og:title\" content=\"Mein perfekter Tag in...Coburg - Franken Blog\" \/>\n<meta property=\"og:description\" content=\"Coburg, eine der 15 fr\u00e4nkischen &quot;Stadtperlen&quot;, begeistert mit Geschichte, Kultur und Kulinarik und zieht Menschen jeden Alters in ihren Bann.\" \/>\n<meta property=\"og:url\" content=\"https:\/\/www.frankentourismus.de\/blog\/2024\/06\/14\/mein-perfekter-tag-in-coburg\/\" \/>\n<meta property=\"og:site_name\" content=\"Franken Blog\" \/>\n<meta property=\"article:published_time\" content=\"2024-06-14T11:07:15+00:00\" \/>\n<meta property=\"article:modified_time\" content=\"2024-08-20T10:12:38+00:00\" \/>\n<meta property=\"og:image\" content=\"https:\/\/www.frankentourismus.de\/blog\/wp-content\/uploads\/2024\/05\/coburg_287_coburgrennsteig_coburg_veste-coburg.jpg\" \/>\n\t<meta property=\"og:image:width\" content=\"1800\" \/>\n\t<meta property=\"og:image:height\" content=\"1200\" \/>\n\t<meta property=\"og:image:type\" content=\"image\/jpeg\" \/>\n<meta name=\"author\" content=\"Vanessa Engelhardt\" \/>\n<meta name=\"twitter:card\" content=\"summary_large_image\" \/>\n<meta name=\"twitter:label1\" content=\"Written by\" \/>\n\t<meta name=\"twitter:data1\" content=\"Vanessa Engelhardt\" \/>\n\t<meta name=\"twitter:label2\" content=\"Est. reading time\" \/>\n\t<meta name=\"twitter:data2\" content=\"9 Minuten\" \/>\n<script type=\"application\/ld+json\" class=\"yoast-schema-graph\">{\"@context\":\"https:\/\/schema.org\",\"@graph\":[{\"@type\":\"WebPage\",\"@id\":\"https:\/\/www.frankentourismus.de\/blog\/2024\/06\/14\/mein-perfekter-tag-in-coburg\/\",\"url\":\"https:\/\/www.frankentourismus.de\/blog\/2024\/06\/14\/mein-perfekter-tag-in-coburg\/\",\"name\":\"Mein perfekter Tag in...Coburg - Franken Blog\",\"isPartOf\":{\"@id\":\"https:\/\/www.frankentourismus.de\/blog\/#website\"},\"datePublished\":\"2024-06-14T11:07:15+00:00\",\"dateModified\":\"2024-08-20T10:12:38+00:00\",\"author\":{\"@id\":\"https:\/\/www.frankentourismus.de\/blog\/#\/schema\/person\/640d2dfe35961c876edfafeefc22e131\"},\"description\":\"Coburg, eine der 15 fr\u00e4nkischen \\\"Stadtperlen\\\", begeistert mit Geschichte, Kultur und Kulinarik und zieht Menschen jeden Alters in ihren Bann.\",\"breadcrumb\":{\"@id\":\"https:\/\/www.frankentourismus.de\/blog\/2024\/06\/14\/mein-perfekter-tag-in-coburg\/#breadcrumb\"},\"inLanguage\":\"de-DE\",\"potentialAction\":[{\"@type\":\"ReadAction\",\"target\":[\"https:\/\/www.frankentourismus.de\/blog\/2024\/06\/14\/mein-perfekter-tag-in-coburg\/\"]}]},{\"@type\":\"BreadcrumbList\",\"@id\":\"https:\/\/www.frankentourismus.de\/blog\/2024\/06\/14\/mein-perfekter-tag-in-coburg\/#breadcrumb\",\"itemListElement\":[{\"@type\":\"ListItem\",\"position\":1,\"name\":\"Home\",\"item\":\"https:\/\/www.frankentourismus.de\/blog\/\"},{\"@type\":\"ListItem\",\"position\":2,\"name\":\"Mein perfekter Tag in&#8230;Coburg\"}]},{\"@type\":\"WebSite\",\"@id\":\"https:\/\/www.frankentourismus.de\/blog\/#website\",\"url\":\"https:\/\/www.frankentourismus.de\/blog\/\",\"name\":\"Franken Blog\",\"description\":\"Urlaub in Franken!\",\"potentialAction\":[{\"@type\":\"SearchAction\",\"target\":{\"@type\":\"EntryPoint\",\"urlTemplate\":\"https:\/\/www.frankentourismus.de\/blog\/?s={search_term_string}\"},\"query-input\":\"required name=search_term_string\"}],\"inLanguage\":\"de-DE\"},{\"@type\":\"Person\",\"@id\":\"https:\/\/www.frankentourismus.de\/blog\/#\/schema\/person\/640d2dfe35961c876edfafeefc22e131\",\"name\":\"Vanessa Engelhardt\",\"image\":{\"@type\":\"ImageObject\",\"inLanguage\":\"de-DE\",\"@id\":\"https:\/\/www.frankentourismus.de\/blog\/#\/schema\/person\/image\/\",\"url\":\"https:\/\/www.frankentourismus.de\/blog\/wp-content\/uploads\/2022\/08\/Vanessa-Engelhardt-150x150.jpg\",\"contentUrl\":\"https:\/\/www.frankentourismus.de\/blog\/wp-content\/uploads\/2022\/08\/Vanessa-Engelhardt-150x150.jpg\",\"caption\":\"Vanessa Engelhardt\"},\"sameAs\":[\"https:\/\/www.piecesofmariposa.com\/\"],\"url\":\"https:\/\/www.frankentourismus.de\/blog\/author\/vanessa-engelhardt\/\"}]}<\/script>\n<!-- \/ Yoast SEO plugin. -->","yoast_head_json":{"title":"Mein perfekter Tag in...Coburg - Franken Blog","description":"Coburg, eine der 15 fr\u00e4nkischen \"Stadtperlen\", begeistert mit Geschichte, Kultur und Kulinarik und zieht Menschen jeden Alters in ihren Bann.","robots":{"index":"index","follow":"follow","max-snippet":"max-snippet:-1","max-image-preview":"max-image-preview:large","max-video-preview":"max-video-preview:-1"},"canonical":"https:\/\/www.frankentourismus.de\/blog\/2024\/06\/14\/mein-perfekter-tag-in-coburg\/","og_locale":"de_DE","og_type":"article","og_title":"Mein perfekter Tag in...Coburg - Franken Blog","og_description":"Coburg, eine der 15 fr\u00e4nkischen \"Stadtperlen\", begeistert mit Geschichte, Kultur und Kulinarik und zieht Menschen jeden Alters in ihren Bann.","og_url":"https:\/\/www.frankentourismus.de\/blog\/2024\/06\/14\/mein-perfekter-tag-in-coburg\/","og_site_name":"Franken Blog","article_published_time":"2024-06-14T11:07:15+00:00","article_modified_time":"2024-08-20T10:12:38+00:00","og_image":[{"width":1800,"height":1200,"url":"https:\/\/www.frankentourismus.de\/blog\/wp-content\/uploads\/2024\/05\/coburg_287_coburgrennsteig_coburg_veste-coburg.jpg","type":"image\/jpeg"}],"author":"Vanessa Engelhardt","twitter_card":"summary_large_image","twitter_misc":{"Written by":"Vanessa Engelhardt","Est. reading time":"9 Minuten"},"schema":{"@context":"https:\/\/schema.org","@graph":[{"@type":"WebPage","@id":"https:\/\/www.frankentourismus.de\/blog\/2024\/06\/14\/mein-perfekter-tag-in-coburg\/","url":"https:\/\/www.frankentourismus.de\/blog\/2024\/06\/14\/mein-perfekter-tag-in-coburg\/","name":"Mein perfekter Tag in...Coburg - Franken Blog","isPartOf":{"@id":"https:\/\/www.frankentourismus.de\/blog\/#website"},"datePublished":"2024-06-14T11:07:15+00:00","dateModified":"2024-08-20T10:12:38+00:00","author":{"@id":"https:\/\/www.frankentourismus.de\/blog\/#\/schema\/person\/640d2dfe35961c876edfafeefc22e131"},"description":"Coburg, eine der 15 fr\u00e4nkischen \"Stadtperlen\", begeistert mit Geschichte, Kultur und Kulinarik und zieht Menschen jeden Alters in ihren Bann.","breadcrumb":{"@id":"https:\/\/www.frankentourismus.de\/blog\/2024\/06\/14\/mein-perfekter-tag-in-coburg\/#breadcrumb"},"inLanguage":"de-DE","potentialAction":[{"@type":"ReadAction","target":["https:\/\/www.frankentourismus.de\/blog\/2024\/06\/14\/mein-perfekter-tag-in-coburg\/"]}]},{"@type":"BreadcrumbList","@id":"https:\/\/www.frankentourismus.de\/blog\/2024\/06\/14\/mein-perfekter-tag-in-coburg\/#breadcrumb","itemListElement":[{"@type":"ListItem","position":1,"name":"Home","item":"https:\/\/www.frankentourismus.de\/blog\/"},{"@type":"ListItem","position":2,"name":"Mein perfekter Tag in&#8230;Coburg"}]},{"@type":"WebSite","@id":"https:\/\/www.frankentourismus.de\/blog\/#website","url":"https:\/\/www.frankentourismus.de\/blog\/","name":"Franken Blog","description":"Urlaub in Franken!","potentialAction":[{"@type":"SearchAction","target":{"@type":"EntryPoint","urlTemplate":"https:\/\/www.frankentourismus.de\/blog\/?s={search_term_string}"},"query-input":"required name=search_term_string"}],"inLanguage":"de-DE"},{"@type":"Person","@id":"https:\/\/www.frankentourismus.de\/blog\/#\/schema\/person\/640d2dfe35961c876edfafeefc22e131","name":"Vanessa Engelhardt","image":{"@type":"ImageObject","inLanguage":"de-DE","@id":"https:\/\/www.frankentourismus.de\/blog\/#\/schema\/person\/image\/","url":"https:\/\/www.frankentourismus.de\/blog\/wp-content\/uploads\/2022\/08\/Vanessa-Engelhardt-150x150.jpg","contentUrl":"https:\/\/www.frankentourismus.de\/blog\/wp-content\/uploads\/2022\/08\/Vanessa-Engelhardt-150x150.jpg","caption":"Vanessa Engelhardt"},"sameAs":["https:\/\/www.piecesofmariposa.com\/"],"url":"https:\/\/www.frankentourismus.de\/blog\/author\/vanessa-engelhardt\/"}]}},"_links":{"self":[{"href":"https:\/\/www.frankentourismus.de\/blog\/wp-json\/wp\/v2\/posts\/5437"}],"collection":[{"href":"https:\/\/www.frankentourismus.de\/blog\/wp-json\/wp\/v2\/posts"}],"about":[{"href":"https:\/\/www.frankentourismus.de\/blog\/wp-json\/wp\/v2\/types\/post"}],"author":[{"embeddable":true,"href":"https:\/\/www.frankentourismus.de\/blog\/wp-json\/wp\/v2\/users\/65"}],"replies":[{"embeddable":true,"href":"https:\/\/www.frankentourismus.de\/blog\/wp-json\/wp\/v2\/comments?post=5437"}],"version-history":[{"count":21,"href":"https:\/\/www.frankentourismus.de\/blog\/wp-json\/wp\/v2\/posts\/5437\/revisions"}],"predecessor-version":[{"id":5637,"href":"https:\/\/www.frankentourismus.de\/blog\/wp-json\/wp\/v2\/posts\/5437\/revisions\/5637"}],"wp:featuredmedia":[{"embeddable":true,"href":"https:\/\/www.frankentourismus.de\/blog\/wp-json\/wp\/v2\/media\/5465"}],"wp:attachment":[{"href":"https:\/\/www.frankentourismus.de\/blog\/wp-json\/wp\/v2\/media?parent=5437"}],"wp:term":[{"taxonomy":"category","embeddable":true,"href":"https:\/\/www.frankentourismus.de\/blog\/wp-json\/wp\/v2\/categories?post=5437"},{"taxonomy":"post_tag","embeddable":true,"href":"https:\/\/www.frankentourismus.de\/blog\/wp-json\/wp\/v2\/tags?post=5437"}],"curies":[{"name":"wp","href":"https:\/\/api.w.org\/{rel}","templated":true}]}}