{"id":5353,"date":"2024-03-15T12:30:00","date_gmt":"2024-03-15T11:30:00","guid":{"rendered":"https:\/\/www.frankentourismus.de\/blog\/?p=5353"},"modified":"2024-08-16T09:51:14","modified_gmt":"2024-08-16T07:51:14","slug":"mein-perfekter-tag-in-erlangen","status":"publish","type":"post","link":"https:\/\/www.frankentourismus.de\/blog\/2024\/03\/15\/mein-perfekter-tag-in-erlangen\/","title":{"rendered":"Mein perfekter Tag&#8230;in Erlangen"},"content":{"rendered":"\n<p><strong>Die Universit\u00e4tsstadt Erlangen ist jung. Und lebendig. Und voller Fahrr\u00e4der. Auf gut 100.000 Einwohner kommen hier unglaubliche 40.000 Studierende: Mehr als jede dritte Person in Erlangen studiert. Entsprechend jung und sportlich wirkt das Stadtbild. Die Stadt in der <a href=\"https:\/\/www.frankentourismus.de\/gebiete\/staedteregion-nuernberg\/\" target=\"_blank\" rel=\"noreferrer noopener\">St\u00e4dteregion N\u00fcrnberg<\/a> ist besonders f\u00fcr die renommierte Universit\u00e4t und die charmante Altstadt bekannt, doch es gibt noch mehr zu sehen! Was ich in Erlangen erlebt habe, erz\u00e4hle ich in diesem Blog-Artikel.<\/strong><\/p>\n\n\n<div class=\"hint\">\n            <figure>\n            <img width=\"300\" height=\"191\" src=\"https:\/\/www.frankentourismus.de\/blog\/wp-content\/uploads\/2024\/02\/erlangen_097_staedteregion-nuernberg_erlangen_schlossstand-erlangen-300x191.jpg\" class=\"attachment-medium size-medium\" alt=\"\" decoding=\"async\" loading=\"lazy\" srcset=\"https:\/\/www.frankentourismus.de\/blog\/wp-content\/uploads\/2024\/02\/erlangen_097_staedteregion-nuernberg_erlangen_schlossstand-erlangen-300x191.jpg 300w, https:\/\/www.frankentourismus.de\/blog\/wp-content\/uploads\/2024\/02\/erlangen_097_staedteregion-nuernberg_erlangen_schlossstand-erlangen-1024x651.jpg 1024w, https:\/\/www.frankentourismus.de\/blog\/wp-content\/uploads\/2024\/02\/erlangen_097_staedteregion-nuernberg_erlangen_schlossstand-erlangen-768x488.jpg 768w, https:\/\/www.frankentourismus.de\/blog\/wp-content\/uploads\/2024\/02\/erlangen_097_staedteregion-nuernberg_erlangen_schlossstand-erlangen-1536x977.jpg 1536w, https:\/\/www.frankentourismus.de\/blog\/wp-content\/uploads\/2024\/02\/erlangen_097_staedteregion-nuernberg_erlangen_schlossstand-erlangen-2048x1302.jpg 2048w\" sizes=\"(max-width: 300px) 100vw, 300px\" \/>        <\/figure>\n    \n    <div class=\"content\">\n        <p>Wie sieht ein perfekter Tag in einer der 15 Fr\u00e4nkischen St\u00e4dte aus? Mit dieser Frage im Gep\u00e4ck haben sich unsere Redakteur:innen aufgemacht und die Fr\u00e4nkischen St\u00e4dte einen Tag lang ausgekundschaftet. Was kommt einem eigentlich in den Sinn, wenn man an Erlangen denkt? Dieser Frage gehen wir heute auf den Grund.<\/p>\n    <\/div>\n<\/div>\n\n\n\n<h2>Erkundungen per Stadtf\u00fchrung<\/h2>\n\n\n\n<p>Um mir einen <strong>ersten \u00dcberblick<\/strong> \u00fcber die Stadt zu verschaffen, beginne ich meinen Tag in Erlangen direkt mit einer <strong><a href=\"https:\/\/www.erlangen.info\/stadtfuehrungen\/\" target=\"_blank\" rel=\"noreferrer noopener\">Stadtf\u00fchrung<\/a><\/strong>. Bei dieser tauche ich ins 17. Jahrhundert ein, als der einstige Markgraf Christian Ernst den Bau der <strong>barocken Planstadt<\/strong> in Auftrag gab. Die, f\u00fcr Planst\u00e4dte typische, <strong>schachbrettartige Anlage der Altstadt<\/strong> f\u00e4llt auch heute noch direkt ins Auge. Zusammen mit dem Stadtf\u00fchrer spaziere ich durch die <strong>malerische Altstadt<\/strong> und lerne die <strong>wichtigsten und sch\u00f6nsten Sehensw\u00fcrdigkeiten<\/strong> kennen. Dabei weist uns der aus der Stadtkulisse ragende <strong>Glockenturm der Hugenottenkirche<\/strong> den Weg zum barocken <strong><a href=\"https:\/\/www.frankentourismus.de\/poi\/markgraefliches_schloss-22161\/\" target=\"_blank\" rel=\"noreferrer noopener\">Markgrafenschloss Erlangens<\/a><\/strong>. Der <strong><a href=\"https:\/\/www.erlangen.info\/poi\/schlossgarten-27260\/\" target=\"_blank\" rel=\"noreferrer noopener\">Schlossgarten<\/a><\/strong>, der es umgibt, gilt als das <strong>gr\u00fcne Herz Erlangens<\/strong> und ist <strong>eine der ersten barocken Gartenanlagen<\/strong>. Die barocke Pr\u00e4gung ist besonders an den gut gepflegten <strong>bunten Blumenbeeten<\/strong> und <strong>imposanten Brunnen<\/strong> vor dem Schloss sowie der Orangerie zu erkennen.<\/p>\n\n\n\n<p><br>Die Stadt ist \u00fcbrigens auch <strong>gut auf eigene Faust<\/strong> zu erkunden und durch den <strong><a href=\"https:\/\/www.erlangen.info\/audioguide\/\" target=\"_blank\" rel=\"noreferrer noopener\">kostenlosen Audioguide<\/a><\/strong> gibt es alle interessanten Fakten rund um Erlangen direkt aufs Ohr.<\/p>\n\n\n\n<figure class=\"wp-block-image size-large\"><img decoding=\"async\" loading=\"lazy\" width=\"1024\" height=\"683\" src=\"https:\/\/www.frankentourismus.de\/blog\/wp-content\/uploads\/2024\/03\/Hugenottenplatz-mit-Hugenottenkirche-c-ETM-Daniel-Boehm-2-1024x683.jpg\" alt=\"\" class=\"wp-image-5383\" srcset=\"https:\/\/www.frankentourismus.de\/blog\/wp-content\/uploads\/2024\/03\/Hugenottenplatz-mit-Hugenottenkirche-c-ETM-Daniel-Boehm-2-1024x683.jpg 1024w, https:\/\/www.frankentourismus.de\/blog\/wp-content\/uploads\/2024\/03\/Hugenottenplatz-mit-Hugenottenkirche-c-ETM-Daniel-Boehm-2-300x200.jpg 300w, https:\/\/www.frankentourismus.de\/blog\/wp-content\/uploads\/2024\/03\/Hugenottenplatz-mit-Hugenottenkirche-c-ETM-Daniel-Boehm-2-768x512.jpg 768w, https:\/\/www.frankentourismus.de\/blog\/wp-content\/uploads\/2024\/03\/Hugenottenplatz-mit-Hugenottenkirche-c-ETM-Daniel-Boehm-2-1536x1024.jpg 1536w, https:\/\/www.frankentourismus.de\/blog\/wp-content\/uploads\/2024\/03\/Hugenottenplatz-mit-Hugenottenkirche-c-ETM-Daniel-Boehm-2-2048x1366.jpg 2048w\" sizes=\"(max-width: 1024px) 100vw, 1024px\" \/><figcaption class=\"wp-element-caption\">\u00a9 Daniel B\u00f6hm<\/figcaption><\/figure>\n\n\n\n<h2>Die kleine St\u00e4rkung zwischendurch<\/h2>\n\n\n\n<p>Nach der Stadtf\u00fchrung habe ich Lust auf etwas S\u00fc\u00dfes und mache eine Pause im gem\u00fctlichen <a href=\"http:\/\/www.mengin.de\/\" target=\"_blank\" rel=\"noreferrer noopener\"><strong>Traditionscaf\u00e9 Mengin<\/strong><\/a>, sozusagen das <strong>Kuchen- und Torten-Mekka in Erlangen<\/strong>. Das Caf\u00e9 befindet sich direkt am gro\u00dfen Schlossplatz, dem Eingang zum <strong>weitl\u00e4ufigen Schlossgarten<\/strong>. Bei einer <strong>dampfenden Tasse Kaffee<\/strong> und einem lecker <strong>duftenden St\u00fcck Kuchen<\/strong> beobachtete ich das Treiben der Stadt. Die <strong>Gassen der Altstadt<\/strong> sind voller Leben \u2013 selbst unter der Woche und untertags. <strong>Junge L\u00e4den<\/strong> und <strong>hippe Caf\u00e9s<\/strong> sind in Erlangen keine Ausnahme, sondern die Regel. Dieses <strong>junge, urbane und entspannte Flair<\/strong> ist es, was Erlangen auszeichnet.<\/p>\n\n\n\n<h2>Spaziergang durch den Botanischen Garten<\/h2>\n\n\n\n<p>Nach meiner Runde durch den Schlossgarten und der wohlverdienten Pause mache ich auch noch einen kleinen Abstecher in den <strong><a href=\"https:\/\/www.frankens-paradiese.de\/poi\/botanischer_garten-7579\/\" target=\"_blank\" rel=\"noreferrer noopener\">Botanischen Garten der Universit\u00e4t<\/a><\/strong>. Die Gew\u00e4chsh\u00e4user und Au\u00dfenanlagen bilden eine <strong>wundersch\u00f6ne gr\u00fcne Oase<\/strong> mit einer erstaunlichen Vielfalt an Pflanzen aus der ganzen Welt, von der ich mich kaum losrei\u00dfen kann. Bei meiner Tour durch das <strong>Kanarenhaus<\/strong> und die <strong>tropischen Gew\u00e4chsh\u00e4user<\/strong> begebe ich mich auf eine kleine Reise in den geographischen S\u00fcden. Ganz in der N\u00e4he liegt der <strong><a href=\"https:\/\/www.frankens-paradiese.de\/poi\/aromagarten_erlangen-8676\/\" target=\"_blank\" rel=\"noreferrer noopener\">Aromagarten<\/a><\/strong>, welcher mich mit einem <strong>bezaubernden Duft<\/strong> nach <strong>Lavendel, Minze und vielen weiteren Kr\u00e4utern<\/strong> empf\u00e4ngt. Das Gr\u00fcn und die Ruhe der G\u00e4rten wirken vom ersten Moment an entspannend und helfen dabei, vom lebendigen Treiben der Stadt abzuschalten.<\/p>\n\n\n\n<figure class=\"wp-block-image size-large\"><img decoding=\"async\" loading=\"lazy\" width=\"1024\" height=\"644\" src=\"https:\/\/www.frankentourismus.de\/blog\/wp-content\/uploads\/2024\/03\/erlangen_116_staedteregion-nuernberg_erlangen_botanischer-garten-1024x644.jpg\" alt=\"\" class=\"wp-image-5363\" srcset=\"https:\/\/www.frankentourismus.de\/blog\/wp-content\/uploads\/2024\/03\/erlangen_116_staedteregion-nuernberg_erlangen_botanischer-garten-1024x644.jpg 1024w, https:\/\/www.frankentourismus.de\/blog\/wp-content\/uploads\/2024\/03\/erlangen_116_staedteregion-nuernberg_erlangen_botanischer-garten-300x189.jpg 300w, https:\/\/www.frankentourismus.de\/blog\/wp-content\/uploads\/2024\/03\/erlangen_116_staedteregion-nuernberg_erlangen_botanischer-garten-768x483.jpg 768w, https:\/\/www.frankentourismus.de\/blog\/wp-content\/uploads\/2024\/03\/erlangen_116_staedteregion-nuernberg_erlangen_botanischer-garten-1536x965.jpg 1536w, https:\/\/www.frankentourismus.de\/blog\/wp-content\/uploads\/2024\/03\/erlangen_116_staedteregion-nuernberg_erlangen_botanischer-garten-2048x1287.jpg 2048w\" sizes=\"(max-width: 1024px) 100vw, 1024px\" \/><figcaption class=\"wp-element-caption\">\u00a9 ETM \/ Seebeck<\/figcaption><\/figure>\n\n\n\n<h2>In den Tunneln des Burgberges<\/h2>\n\n\n\n<p>Nach dieser kleinen Auszeit zieht es mich weiter zum <strong><a href=\"https:\/\/www.erlangen.info\/poi\/burgberg_erlangen-27308\/\" target=\"_blank\" rel=\"noreferrer noopener\">Erlanger Burgberg<\/a><\/strong>. Hier findet jedes Jahr um Pfingsten die <strong><a href=\"https:\/\/www.erlangen.info\/bergkirchweih_erlangen\/\" target=\"_blank\" rel=\"noreferrer noopener\">Erlanger Bergkirchweih<\/a><\/strong>, eines der <strong>gr\u00f6\u00dften und sch\u00f6nsten Volksfeste Bayerns<\/strong>, statt. Auch au\u00dferhalb des festlichen Treibens lohnt sich der Besuch des Festgel\u00e4ndes: Von April bis September schenkt der <strong><a href=\"https:\/\/www.entlaskeller.de\/\" target=\"_blank\" rel=\"noreferrer noopener\">Entlas\u00b4s Keller am Burgberg<\/a><\/strong> sein <strong>malziges Selbstgebrautes<\/strong> bei typisch <strong>fr\u00e4nkischem Bierkellerflair<\/strong> aus. Jeden Sonntag kann man das \u00fcber 20 Kilometer lange <strong>Tunnellabyrinth<\/strong>, das sich hinter dem Biergarten weit in den Berg hineinschl\u00e4ngelt, besichtigen. Nach dem Besuch des Bierkellers mache ich auf meinem Weg zur\u00fcck in die Altstadt einen kleinen Spaziergang durch den einzigartigen <strong><a href=\"https:\/\/www.frankens-paradiese.de\/poi\/skulpturengarten_heinrich_kirc-8677\/\" target=\"_blank\" rel=\"noreferrer noopener\">Heinrich-Kirchner-Skulpturengarten<\/a><\/strong> auf dem S\u00fcdhang des Burgbergs.<\/p>\n\n\n\n<h2>Brauereif\u00fchrung und Brauereimuseum<\/h2>\n\n\n\n<p>Sp\u00e4ter am Nachmittag tauche ich weiter in die <strong>Erlanger Biergeschichte<\/strong> ein. In der <strong><a href=\"https:\/\/www.franken-bierland.de\/poi\/steinbach_braeu-biermusuem-16132\/\" target=\"_blank\" rel=\"noreferrer noopener\">Brauerei Steinbach<\/a><\/strong> probiere ich mich im Rahmen einer <strong>Brauereif\u00fchrung<\/strong> durch die fr\u00e4nkische Biervielfalt. Anschlie\u00dfend lerne ich im <strong>hauseigenen Museum der Brauerei<\/strong> die Geheimnisse des Herstellungsprozesses des goldenen Gerstensafts kennen. Um nun meinen wachsenden Hunger zu stillen, entscheide ich mich f\u00fcr die gem\u00fctliche Brauereigastst\u00e4tte, wo ich mich bei herzlicher Stimmung mit einem <strong>knusprigen fr\u00e4nkischen Sch\u00e4ufele<\/strong> st\u00e4rke.<\/p>\n\n\n\n<figure class=\"wp-block-image size-large\"><img decoding=\"async\" loading=\"lazy\" width=\"1024\" height=\"683\" src=\"https:\/\/www.frankentourismus.de\/blog\/wp-content\/uploads\/2024\/03\/Entlas-Keller-am-Erlanger-Burgberg-c-FrankenTourismus-kommwirmachendaseinfach.de_-1024x683.jpg\" alt=\"\" class=\"wp-image-5381\" srcset=\"https:\/\/www.frankentourismus.de\/blog\/wp-content\/uploads\/2024\/03\/Entlas-Keller-am-Erlanger-Burgberg-c-FrankenTourismus-kommwirmachendaseinfach.de_-1024x683.jpg 1024w, https:\/\/www.frankentourismus.de\/blog\/wp-content\/uploads\/2024\/03\/Entlas-Keller-am-Erlanger-Burgberg-c-FrankenTourismus-kommwirmachendaseinfach.de_-300x200.jpg 300w, https:\/\/www.frankentourismus.de\/blog\/wp-content\/uploads\/2024\/03\/Entlas-Keller-am-Erlanger-Burgberg-c-FrankenTourismus-kommwirmachendaseinfach.de_-768x512.jpg 768w, https:\/\/www.frankentourismus.de\/blog\/wp-content\/uploads\/2024\/03\/Entlas-Keller-am-Erlanger-Burgberg-c-FrankenTourismus-kommwirmachendaseinfach.de_-1536x1024.jpg 1536w, https:\/\/www.frankentourismus.de\/blog\/wp-content\/uploads\/2024\/03\/Entlas-Keller-am-Erlanger-Burgberg-c-FrankenTourismus-kommwirmachendaseinfach.de_-2048x1365.jpg 2048w\" sizes=\"(max-width: 1024px) 100vw, 1024px\" \/><figcaption class=\"wp-element-caption\">\u00a9 Komm wir machen das einfach<\/figcaption><\/figure>\n\n\n\n<h2>Kulturgenuss im Markgrafentheater<\/h2>\n\n\n\n<p>Zum Abschluss des Tages zieht es mich zum <strong><a href=\"https:\/\/www.erlangen.info\/poi\/das_theater_erlangen-markgrafe-27264\/#:~:text=Das%20Theater%20Erlangen%20wird%20finanziert,%2C%20Matineen%2C%20F%C3%BChrungen%20und%20Podiumsdiskussionen.\" target=\"_blank\" rel=\"noreferrer noopener\">Markgrafentheater<\/a><\/strong>, das ebenfalls Anfang des 17. Jahrhunderts erbaut wurde und zu den <strong>sch\u00f6nsten Barocktheatern<\/strong> z\u00e4hlt. Als ich den imposanten Saal betrete, welcher sich hinter der eher unauff\u00e4lligen Fassade des Theaters versteckt, verstehe ich warum. Ich lasse den Tag in der <strong>Universit\u00e4tsstadt Erlangen<\/strong> bei einer Abendveranstaltung des <strong>Schauspielensembles der Stadt<\/strong> mit unterhaltsamen Kulturgenuss ausklingen.<\/p>\n\n\n\n<p><br>Insgesamt war mein <strong>Tagestrip nach Erlangen<\/strong> eine wunderbare und vielseitige Erfahrung. Wenn ich meinen Tag in drei Worten beschreiben sollte, w\u00e4ren es wohl: <strong>farbenfroh, lebendig, geschichtstr\u00e4chtig.<\/strong><\/p>\n\n\n\n<p><strong>Hugenottenstadt, studentisches Flair und fr\u00e4nkische Bierkultur: Erlangen \u00fcberzeugt G\u00e4ste und Einheimische immer wieder mit diesem Mix aus Vielfalt. Weitere Informationen rund um den Aufenthalt in Erlangen gibt es unter <a href=\"https:\/\/www.erlangen.info\/\" target=\"_blank\" rel=\"noreferrer noopener\">www.erlangen.info<\/a>, einen bunten Strau\u00df an inspirierenden Erlanger Stories findet sich unter <a href=\"https:\/\/www.die-fraenkischen-staedte.de\/erlangen\/\" target=\"_blank\" rel=\"noreferrer noopener\">www.die-fraenkischen-staedte.de<\/a>. Erlangen ist als Teil der St\u00e4dteregion N\u00fcrnberg sehr gut mit dem \u00f6ffentlichen Personenverkehr zu erreichen: <a href=\"https:\/\/www.erlangen.info\/anreise_und_mobilitaet\/\" target=\"_blank\" rel=\"noreferrer noopener\">www.erlangen.info\/anreise_und_mobilitaet\/<\/a>.<\/strong><\/p>\n\n\n\n<figure class=\"is-layout-flex wp-block-gallery-1 wp-block-gallery has-nested-images columns-default is-cropped\">\n<figure class=\"wp-block-image size-large\"><img decoding=\"async\" loading=\"lazy\" width=\"1024\" height=\"676\" data-id=\"5367\"  src=\"https:\/\/www.frankentourismus.de\/blog\/wp-content\/uploads\/2024\/03\/erlangen_135_staedteregion-nuernberg_erlangen_schlossgarten-orangerie-1024x676.jpg\" alt=\"\" class=\"wp-image-5367\" srcset=\"https:\/\/www.frankentourismus.de\/blog\/wp-content\/uploads\/2024\/03\/erlangen_135_staedteregion-nuernberg_erlangen_schlossgarten-orangerie-1024x676.jpg 1024w, https:\/\/www.frankentourismus.de\/blog\/wp-content\/uploads\/2024\/03\/erlangen_135_staedteregion-nuernberg_erlangen_schlossgarten-orangerie-300x198.jpg 300w, https:\/\/www.frankentourismus.de\/blog\/wp-content\/uploads\/2024\/03\/erlangen_135_staedteregion-nuernberg_erlangen_schlossgarten-orangerie-768x507.jpg 768w, https:\/\/www.frankentourismus.de\/blog\/wp-content\/uploads\/2024\/03\/erlangen_135_staedteregion-nuernberg_erlangen_schlossgarten-orangerie-1536x1014.jpg 1536w, https:\/\/www.frankentourismus.de\/blog\/wp-content\/uploads\/2024\/03\/erlangen_135_staedteregion-nuernberg_erlangen_schlossgarten-orangerie-2048x1352.jpg 2048w\" sizes=\"(max-width: 1024px) 100vw, 1024px\" \/><figcaption class=\"wp-element-caption\">\u00a9 ETM \/ Seebeck<\/figcaption><\/figure>\n\n\n\n<figure class=\"wp-block-image size-large\"><img decoding=\"async\" loading=\"lazy\" width=\"1024\" height=\"651\" data-id=\"5355\"  src=\"https:\/\/www.frankentourismus.de\/blog\/wp-content\/uploads\/2024\/02\/erlangen_097_staedteregion-nuernberg_erlangen_schlossstand-erlangen-1024x651.jpg\" alt=\"\" class=\"wp-image-5355\" srcset=\"https:\/\/www.frankentourismus.de\/blog\/wp-content\/uploads\/2024\/02\/erlangen_097_staedteregion-nuernberg_erlangen_schlossstand-erlangen-1024x651.jpg 1024w, https:\/\/www.frankentourismus.de\/blog\/wp-content\/uploads\/2024\/02\/erlangen_097_staedteregion-nuernberg_erlangen_schlossstand-erlangen-300x191.jpg 300w, https:\/\/www.frankentourismus.de\/blog\/wp-content\/uploads\/2024\/02\/erlangen_097_staedteregion-nuernberg_erlangen_schlossstand-erlangen-768x488.jpg 768w, https:\/\/www.frankentourismus.de\/blog\/wp-content\/uploads\/2024\/02\/erlangen_097_staedteregion-nuernberg_erlangen_schlossstand-erlangen-1536x977.jpg 1536w, https:\/\/www.frankentourismus.de\/blog\/wp-content\/uploads\/2024\/02\/erlangen_097_staedteregion-nuernberg_erlangen_schlossstand-erlangen-2048x1302.jpg 2048w\" sizes=\"(max-width: 1024px) 100vw, 1024px\" \/><figcaption class=\"wp-element-caption\">\u00a9 ETM \/ Kilian Reil<\/figcaption><\/figure>\n<\/figure>\n","protected":false},"excerpt":{"rendered":"<p>Die Universit\u00e4tsstadt Erlangen ist jung. Und lebendig. Und voller Fahrr\u00e4der. Auf gut 100.000 Einwohner kommen hier unglaubliche 40.000 Studierende: Mehr als jede dritte Person in Erlangen studiert. Entsprechend jung und sportlich wirkt das Stadtbild. Die Stadt in der St\u00e4dteregion N\u00fcrnberg ist besonders f\u00fcr die renommierte Universit\u00e4t und die charmante Altstadt bekannt, doch es gibt noch [&hellip;]<\/p>\n","protected":false},"author":67,"featured_media":5369,"comment_status":"open","ping_status":"closed","sticky":false,"template":"","format":"standard","meta":[],"categories":[1,21],"tags":[115,297,181],"yoast_head":"<!-- This site is optimized with the Yoast SEO plugin v19.14 - https:\/\/yoast.com\/wordpress\/plugins\/seo\/ -->\n<title>Mein perfekter Tag...in Erlangen - Franken Blog<\/title>\n<meta name=\"description\" content=\"Erlangen vereint urige fr\u00e4nkische Gem\u00fctlichkeit mit jungem, studentischem Flair - eine Mischung, die die historische Hugenottenstadt so besonders macht.\" \/>\n<meta name=\"robots\" content=\"index, follow, max-snippet:-1, max-image-preview:large, max-video-preview:-1\" \/>\n<link rel=\"canonical\" href=\"https:\/\/www.frankentourismus.de\/blog\/2024\/03\/15\/mein-perfekter-tag-in-erlangen\/\" \/>\n<meta property=\"og:locale\" content=\"de_DE\" \/>\n<meta property=\"og:type\" content=\"article\" \/>\n<meta property=\"og:title\" content=\"Mein perfekter Tag...in Erlangen - Franken Blog\" \/>\n<meta property=\"og:description\" content=\"Erlangen vereint urige fr\u00e4nkische Gem\u00fctlichkeit mit jungem, studentischem Flair - eine Mischung, die die historische Hugenottenstadt so besonders macht.\" \/>\n<meta property=\"og:url\" content=\"https:\/\/www.frankentourismus.de\/blog\/2024\/03\/15\/mein-perfekter-tag-in-erlangen\/\" \/>\n<meta property=\"og:site_name\" content=\"Franken Blog\" \/>\n<meta property=\"article:published_time\" content=\"2024-03-15T11:30:00+00:00\" \/>\n<meta property=\"article:modified_time\" content=\"2024-08-16T07:51:14+00:00\" \/>\n<meta property=\"og:image\" content=\"https:\/\/www.frankentourismus.de\/blog\/wp-content\/uploads\/2024\/03\/erlangen_135_staedteregion-nuernberg_erlangen_schlossgarten-orangerie-1-scaled.jpg\" \/>\n\t<meta property=\"og:image:width\" content=\"2560\" \/>\n\t<meta property=\"og:image:height\" content=\"1690\" \/>\n\t<meta property=\"og:image:type\" content=\"image\/jpeg\" \/>\n<meta name=\"author\" content=\"Laura Distler\" \/>\n<meta name=\"twitter:card\" content=\"summary_large_image\" \/>\n<meta name=\"twitter:label1\" content=\"Written by\" \/>\n\t<meta name=\"twitter:data1\" content=\"Laura Distler\" \/>\n\t<meta name=\"twitter:label2\" content=\"Est. reading time\" \/>\n\t<meta name=\"twitter:data2\" content=\"6 Minuten\" \/>\n<script type=\"application\/ld+json\" class=\"yoast-schema-graph\">{\"@context\":\"https:\/\/schema.org\",\"@graph\":[{\"@type\":\"WebPage\",\"@id\":\"https:\/\/www.frankentourismus.de\/blog\/2024\/03\/15\/mein-perfekter-tag-in-erlangen\/\",\"url\":\"https:\/\/www.frankentourismus.de\/blog\/2024\/03\/15\/mein-perfekter-tag-in-erlangen\/\",\"name\":\"Mein perfekter Tag...in Erlangen - Franken Blog\",\"isPartOf\":{\"@id\":\"https:\/\/www.frankentourismus.de\/blog\/#website\"},\"datePublished\":\"2024-03-15T11:30:00+00:00\",\"dateModified\":\"2024-08-16T07:51:14+00:00\",\"author\":{\"@id\":\"https:\/\/www.frankentourismus.de\/blog\/#\/schema\/person\/f8a62ab895ece2fd147fe392e4721373\"},\"description\":\"Erlangen vereint urige fr\u00e4nkische Gem\u00fctlichkeit mit jungem, studentischem Flair - eine Mischung, die die historische Hugenottenstadt so besonders macht.\",\"breadcrumb\":{\"@id\":\"https:\/\/www.frankentourismus.de\/blog\/2024\/03\/15\/mein-perfekter-tag-in-erlangen\/#breadcrumb\"},\"inLanguage\":\"de-DE\",\"potentialAction\":[{\"@type\":\"ReadAction\",\"target\":[\"https:\/\/www.frankentourismus.de\/blog\/2024\/03\/15\/mein-perfekter-tag-in-erlangen\/\"]}]},{\"@type\":\"BreadcrumbList\",\"@id\":\"https:\/\/www.frankentourismus.de\/blog\/2024\/03\/15\/mein-perfekter-tag-in-erlangen\/#breadcrumb\",\"itemListElement\":[{\"@type\":\"ListItem\",\"position\":1,\"name\":\"Home\",\"item\":\"https:\/\/www.frankentourismus.de\/blog\/\"},{\"@type\":\"ListItem\",\"position\":2,\"name\":\"Mein perfekter Tag&#8230;in Erlangen\"}]},{\"@type\":\"WebSite\",\"@id\":\"https:\/\/www.frankentourismus.de\/blog\/#website\",\"url\":\"https:\/\/www.frankentourismus.de\/blog\/\",\"name\":\"Franken Blog\",\"description\":\"Urlaub in Franken!\",\"potentialAction\":[{\"@type\":\"SearchAction\",\"target\":{\"@type\":\"EntryPoint\",\"urlTemplate\":\"https:\/\/www.frankentourismus.de\/blog\/?s={search_term_string}\"},\"query-input\":\"required name=search_term_string\"}],\"inLanguage\":\"de-DE\"},{\"@type\":\"Person\",\"@id\":\"https:\/\/www.frankentourismus.de\/blog\/#\/schema\/person\/f8a62ab895ece2fd147fe392e4721373\",\"name\":\"Laura Distler\",\"image\":{\"@type\":\"ImageObject\",\"inLanguage\":\"de-DE\",\"@id\":\"https:\/\/www.frankentourismus.de\/blog\/#\/schema\/person\/image\/\",\"url\":\"https:\/\/www.frankentourismus.de\/blog\/wp-content\/uploads\/2022\/10\/IMG_8566-150x150.jpeg\",\"contentUrl\":\"https:\/\/www.frankentourismus.de\/blog\/wp-content\/uploads\/2022\/10\/IMG_8566-150x150.jpeg\",\"caption\":\"Laura Distler\"},\"url\":\"https:\/\/www.frankentourismus.de\/blog\/author\/laura-distler\/\"}]}<\/script>\n<!-- \/ Yoast SEO plugin. -->","yoast_head_json":{"title":"Mein perfekter Tag...in Erlangen - Franken Blog","description":"Erlangen vereint urige fr\u00e4nkische Gem\u00fctlichkeit mit jungem, studentischem Flair - eine Mischung, die die historische Hugenottenstadt so besonders macht.","robots":{"index":"index","follow":"follow","max-snippet":"max-snippet:-1","max-image-preview":"max-image-preview:large","max-video-preview":"max-video-preview:-1"},"canonical":"https:\/\/www.frankentourismus.de\/blog\/2024\/03\/15\/mein-perfekter-tag-in-erlangen\/","og_locale":"de_DE","og_type":"article","og_title":"Mein perfekter Tag...in Erlangen - Franken Blog","og_description":"Erlangen vereint urige fr\u00e4nkische Gem\u00fctlichkeit mit jungem, studentischem Flair - eine Mischung, die die historische Hugenottenstadt so besonders macht.","og_url":"https:\/\/www.frankentourismus.de\/blog\/2024\/03\/15\/mein-perfekter-tag-in-erlangen\/","og_site_name":"Franken Blog","article_published_time":"2024-03-15T11:30:00+00:00","article_modified_time":"2024-08-16T07:51:14+00:00","og_image":[{"width":2560,"height":1690,"url":"https:\/\/www.frankentourismus.de\/blog\/wp-content\/uploads\/2024\/03\/erlangen_135_staedteregion-nuernberg_erlangen_schlossgarten-orangerie-1-scaled.jpg","type":"image\/jpeg"}],"author":"Laura Distler","twitter_card":"summary_large_image","twitter_misc":{"Written by":"Laura Distler","Est. reading time":"6 Minuten"},"schema":{"@context":"https:\/\/schema.org","@graph":[{"@type":"WebPage","@id":"https:\/\/www.frankentourismus.de\/blog\/2024\/03\/15\/mein-perfekter-tag-in-erlangen\/","url":"https:\/\/www.frankentourismus.de\/blog\/2024\/03\/15\/mein-perfekter-tag-in-erlangen\/","name":"Mein perfekter Tag...in Erlangen - Franken Blog","isPartOf":{"@id":"https:\/\/www.frankentourismus.de\/blog\/#website"},"datePublished":"2024-03-15T11:30:00+00:00","dateModified":"2024-08-16T07:51:14+00:00","author":{"@id":"https:\/\/www.frankentourismus.de\/blog\/#\/schema\/person\/f8a62ab895ece2fd147fe392e4721373"},"description":"Erlangen vereint urige fr\u00e4nkische Gem\u00fctlichkeit mit jungem, studentischem Flair - eine Mischung, die die historische Hugenottenstadt so besonders macht.","breadcrumb":{"@id":"https:\/\/www.frankentourismus.de\/blog\/2024\/03\/15\/mein-perfekter-tag-in-erlangen\/#breadcrumb"},"inLanguage":"de-DE","potentialAction":[{"@type":"ReadAction","target":["https:\/\/www.frankentourismus.de\/blog\/2024\/03\/15\/mein-perfekter-tag-in-erlangen\/"]}]},{"@type":"BreadcrumbList","@id":"https:\/\/www.frankentourismus.de\/blog\/2024\/03\/15\/mein-perfekter-tag-in-erlangen\/#breadcrumb","itemListElement":[{"@type":"ListItem","position":1,"name":"Home","item":"https:\/\/www.frankentourismus.de\/blog\/"},{"@type":"ListItem","position":2,"name":"Mein perfekter Tag&#8230;in Erlangen"}]},{"@type":"WebSite","@id":"https:\/\/www.frankentourismus.de\/blog\/#website","url":"https:\/\/www.frankentourismus.de\/blog\/","name":"Franken Blog","description":"Urlaub in Franken!","potentialAction":[{"@type":"SearchAction","target":{"@type":"EntryPoint","urlTemplate":"https:\/\/www.frankentourismus.de\/blog\/?s={search_term_string}"},"query-input":"required name=search_term_string"}],"inLanguage":"de-DE"},{"@type":"Person","@id":"https:\/\/www.frankentourismus.de\/blog\/#\/schema\/person\/f8a62ab895ece2fd147fe392e4721373","name":"Laura Distler","image":{"@type":"ImageObject","inLanguage":"de-DE","@id":"https:\/\/www.frankentourismus.de\/blog\/#\/schema\/person\/image\/","url":"https:\/\/www.frankentourismus.de\/blog\/wp-content\/uploads\/2022\/10\/IMG_8566-150x150.jpeg","contentUrl":"https:\/\/www.frankentourismus.de\/blog\/wp-content\/uploads\/2022\/10\/IMG_8566-150x150.jpeg","caption":"Laura Distler"},"url":"https:\/\/www.frankentourismus.de\/blog\/author\/laura-distler\/"}]}},"_links":{"self":[{"href":"https:\/\/www.frankentourismus.de\/blog\/wp-json\/wp\/v2\/posts\/5353"}],"collection":[{"href":"https:\/\/www.frankentourismus.de\/blog\/wp-json\/wp\/v2\/posts"}],"about":[{"href":"https:\/\/www.frankentourismus.de\/blog\/wp-json\/wp\/v2\/types\/post"}],"author":[{"embeddable":true,"href":"https:\/\/www.frankentourismus.de\/blog\/wp-json\/wp\/v2\/users\/67"}],"replies":[{"embeddable":true,"href":"https:\/\/www.frankentourismus.de\/blog\/wp-json\/wp\/v2\/comments?post=5353"}],"version-history":[{"count":8,"href":"https:\/\/www.frankentourismus.de\/blog\/wp-json\/wp\/v2\/posts\/5353\/revisions"}],"predecessor-version":[{"id":5653,"href":"https:\/\/www.frankentourismus.de\/blog\/wp-json\/wp\/v2\/posts\/5353\/revisions\/5653"}],"wp:featuredmedia":[{"embeddable":true,"href":"https:\/\/www.frankentourismus.de\/blog\/wp-json\/wp\/v2\/media\/5369"}],"wp:attachment":[{"href":"https:\/\/www.frankentourismus.de\/blog\/wp-json\/wp\/v2\/media?parent=5353"}],"wp:term":[{"taxonomy":"category","embeddable":true,"href":"https:\/\/www.frankentourismus.de\/blog\/wp-json\/wp\/v2\/categories?post=5353"},{"taxonomy":"post_tag","embeddable":true,"href":"https:\/\/www.frankentourismus.de\/blog\/wp-json\/wp\/v2\/tags?post=5353"}],"curies":[{"name":"wp","href":"https:\/\/api.w.org\/{rel}","templated":true}]}}