{"id":4493,"date":"2023-03-31T12:06:15","date_gmt":"2023-03-31T10:06:15","guid":{"rendered":"https:\/\/www.frankentourismus.de\/blog\/?p=4493"},"modified":"2023-07-18T09:41:28","modified_gmt":"2023-07-18T07:41:28","slug":"frankenwald-wegbereiter-auf-der-kunstfestung","status":"publish","type":"post","link":"https:\/\/www.frankentourismus.de\/blog\/2023\/03\/31\/frankenwald-wegbereiter-auf-der-kunstfestung\/","title":{"rendered":"Frankenwald: Wegbereiter auf der Kunstfestung"},"content":{"rendered":"\n<p><strong>Nie bezwungen, nie erobert: Die Festung Rosenberg \u00fcber Kronach geh\u00f6rt zu den Wahrzeichen des <a href=\"https:\/\/www.frankentourismus.de\/gebiete\/frankenwald\/\" data-type=\"URL\" data-id=\"https:\/\/www.frankentourismus.de\/gebiete\/frankenwald\/\" target=\"_blank\" rel=\"noreferrer noopener\">Frankenwalds<\/a>. Innerhalb ihrer Mauern zeigt die \u201eFr\u00e4nkische Galerie\u201c gro\u00dfartige Werke aus Gotik und Renaissance. F\u00fcr manchen m\u00f6gen diese Kunstepochen so uneinnehmbar wirken wie die Festung selbst \u2013 ihnen ebnet Museologe Alexander S\u00fc\u00df den Weg.<\/strong><\/p>\n\n\n<div class=\"hint\">\n            <figure>\n            <img width=\"300\" height=\"199\" src=\"https:\/\/www.frankentourismus.de\/blog\/wp-content\/uploads\/2021\/05\/Sisi-Wein-3-bearbeitet-neu-1-300x199.jpg\" class=\"attachment-medium size-medium\" alt=\"\" decoding=\"async\" loading=\"lazy\" srcset=\"https:\/\/www.frankentourismus.de\/blog\/wp-content\/uploads\/2021\/05\/Sisi-Wein-3-bearbeitet-neu-1-300x199.jpg 300w, https:\/\/www.frankentourismus.de\/blog\/wp-content\/uploads\/2021\/05\/Sisi-Wein-3-bearbeitet-neu-1.jpg 622w\" sizes=\"(max-width: 300px) 100vw, 300px\" \/>        <\/figure>\n    \n    <div class=\"content\">\n        <p>Wenn man Wein mit Familiennamen (und Sisi mit Vornamen) hei\u00dft, passt es wunderbar, wenn man \u00fcber den Frankenwein schreiben darf. Und \u00fcber Frankens kulinarische Besonderheiten. \u00dcber Natur, Traditionen und Kultur. Und nicht zuletzt \u00fcber unglaublich spannende und gastfreundliche Menschen, die das Urlaubsland so besonders machen. Das tue ich nun, seitdem ich vor rund 20 Jahren als Journalistin vom Bayerischen Wald in den Naturpark Altm\u00fchltal gezogen bin.<\/p>\n    <\/div>\n<\/div>\n\n\n\n<div class=\"wp-block-media-text alignwide has-media-on-the-right\" style=\"grid-template-columns:auto 27%\"><div class=\"wp-block-media-text__content\">\n<p><strong>Mit den Hausbesuchen begleiten wir Einheimische bei ihrem t\u00e4glichen Wirken im Urlaubsland Franken. Den heutigen Tag verbringe ich zusammen mit Alexander S\u00fc\u00df in der &#8222;Fr\u00e4nkischen Galerie&#8220; auf der Festung Rosenberg in Kronach.<\/strong><\/p>\n<\/div><figure class=\"wp-block-media-text__media\"><img decoding=\"async\" loading=\"lazy\" width=\"562\" height=\"640\" src=\"https:\/\/www.frankentourismus.de\/blog\/wp-content\/uploads\/2021\/05\/FT-Hausbesuche-frei-1.png\" alt=\"\" class=\"wp-image-1195 size-full\" srcset=\"https:\/\/www.frankentourismus.de\/blog\/wp-content\/uploads\/2021\/05\/FT-Hausbesuche-frei-1.png 562w, https:\/\/www.frankentourismus.de\/blog\/wp-content\/uploads\/2021\/05\/FT-Hausbesuche-frei-1-263x300.png 263w\" sizes=\"(max-width: 562px) 100vw, 562px\" \/><\/figure><\/div>\n\n\n\n<h2>Die lebendige Festung<\/h2>\n\n\n\n<p>Einen kleinen Finger-Trommelwirbel kann sich<strong> Alexander S\u00fc\u00df<\/strong> nicht verkneifen, als er den <strong>Cranach-Saal der <a href=\"https:\/\/www.frankentourismus.de\/poi\/fraenkische_galerie_kronach-zw-5681\/\" target=\"_blank\" rel=\"noreferrer noopener\">\u201eFr\u00e4nkischen Galerie\u201c<\/a><\/strong> betritt. Von den W\u00e4nden gr\u00fc\u00dfen F\u00fcrstenportr\u00e4ts ebenso wie nackte Nymphen oder Salome, die mit verkl\u00e4rtem Blick den frisch abgeschlagenen Kopf von Johannes dem T\u00e4ufer pr\u00e4sentiert: \u201eEine wunderbare Sammlung, die alles zeigt, was Cranach ausmacht \u2013 von seinen fr\u00fchen Bildern bis zu Werken kurz vor seinem Tod\u201c. Seine Aufgabe als <strong>Museologe<\/strong>: den Besuchern die Augen zu \u00f6ffnen f\u00fcr das, was <strong>Kunst und Festung zu erz\u00e4hlen haben<\/strong>.<\/p>\n\n\n\n<blockquote class=\"wp-block-quote\">\n<p>&#8222;Rosenberg ist keine toter Kasten, sondern eine Festung mit jeder Menge Leben.&#8220;<\/p>\n<cite>Alexander S\u00fc\u00df<\/cite><\/blockquote>\n\n\n\n<p>F\u00fcr beeindruckende Ein- und Ausblicke ist die <strong>Festung Rosenberg<\/strong> eindeutig der richtige Ort. Der m\u00e4chtige Bau, der vom Mittelalter bis zum Sp\u00e4tbarock immer wieder erweitert wurde, erhebt sich hoch \u00fcber der <strong>Kronacher Altstadt<\/strong>. Vor allem in die Bastionen investierten die <strong>Bamberger F\u00fcrstbisch\u00f6fe<\/strong> als einstige Hausherren. \u201e<strong>Bamberg<\/strong> selbst war <strong>schwer zu verteidigen<\/strong>\u201c, erkl\u00e4rt Alexander S\u00fc\u00df. \u201eWenn es dort brenzlig wurde, zog sich der <strong>F\u00fcrstbischof auf die Festung<\/strong> zur\u00fcck, die tats\u00e4chlich nie erobert wurde.\u201c Heute ist die Festung im Besitz der <strong>Stadt Kronach<\/strong> und, so Alexander S\u00fc\u00df, \u201ekein toter Kasten, sondern eine <strong>Mehrsparten-Festung<\/strong> mit jeder Menge Leben\u201c. Sie ist Schauplatz f\u00fcr die <strong>Rosenberg-Festspiele<\/strong>, f\u00fcr eine Kaffeepause mit Aussicht, f\u00fcr <strong>Feste oder Messen<\/strong>. Und sie ist das Zuhause der <strong>\u201eFr\u00e4nkischen Galerie\u201c<\/strong>: Das <strong>Zweigmuseum des Bayerischen Nationalmuseums<\/strong> pr\u00e4sentiert eine herausragende Auswahl von fr\u00e4nkischen Meistern aus Sp\u00e4tgotik und Renaissance \u2013 darunter <strong>Tilman Riemenschneider<\/strong>, <strong>Hans S\u00fc\u00df von Kulmbach<\/strong> oder <strong>Lucas Cranach d. \u00c4.<\/strong>, der vor 550 Jahren in Kronach das Licht der Welt erblickte.<\/p>\n\n\n\n<figure class=\"wp-block-image size-large\"><img decoding=\"async\" loading=\"lazy\" width=\"1024\" height=\"724\" src=\"https:\/\/www.frankentourismus.de\/blog\/wp-content\/uploads\/2023\/01\/Bollwerke-Ausstellung_Bildrechte-Achim-Bu\u2560ehler_komprimiert.jpg\" alt=\"\" class=\"wp-image-4517\" srcset=\"https:\/\/www.frankentourismus.de\/blog\/wp-content\/uploads\/2023\/01\/Bollwerke-Ausstellung_Bildrechte-Achim-Bu\u2560ehler_komprimiert.jpg 1024w, https:\/\/www.frankentourismus.de\/blog\/wp-content\/uploads\/2023\/01\/Bollwerke-Ausstellung_Bildrechte-Achim-Bu\u2560ehler_komprimiert-300x212.jpg 300w, https:\/\/www.frankentourismus.de\/blog\/wp-content\/uploads\/2023\/01\/Bollwerke-Ausstellung_Bildrechte-Achim-Bu\u2560ehler_komprimiert-768x543.jpg 768w\" sizes=\"(max-width: 1024px) 100vw, 1024px\" \/><figcaption class=\"wp-element-caption\">\u00a9 Fr\u00e4nkische Galerie Kronach<\/figcaption><\/figure>\n\n\n\n<h2>&#8222;Sehhilfe&#8220; f\u00fcr die Kultur<\/h2>\n\n\n\n<p>Festung und Museum sind der <strong>Arbeitsplatz von Alexander S\u00fc\u00df<\/strong> und begeistern ihn jeden Tag aufs Neue: \u201eF\u00fcr mich hat die Festung immer noch etwas Surreales. Sie ist wie ein Raumschiff, das \u00fcber der Stadt gelandet ist.\u201c Damit sich die Museumsbesucher:innen nicht f\u00fchlen, als w\u00e4ren sie angesichts der \u00fcber 500 Jahre alten Gem\u00e4lde, Klappalt\u00e4re und Holzskulpturen zu Besuch auf einem fremden Kunstplaneten, leisten Alexander S\u00fc\u00df und sein Team jede Menge <strong>Vermittlungsarbeit<\/strong>.<\/p>\n\n\n\n<p>\u201eViele Besucher haben Angst, die Kunstwerke nicht zu verstehen. Wir sind dazu da, um diese <strong>Barrieren abzubauen<\/strong>\u201c, betont der Museologe. Das funktioniere aber nicht, wenn man bei F\u00fchrungen einfach nur als \u201eErz\u00e4hlroboter\u201c sein Fachwissen aussch\u00fctte: \u201eWir dienen als eine<strong> Art Sehhilfe<\/strong>, durch die die Betrachter einen <strong>Bezug zu den Werken<\/strong> bekommen. So sind sie selbst in der Lage, in den Kunstwerken zu lesen. Am schnellsten lernen das \u00fcbrigens Kinder.\u201c Gerade f\u00fcr diese gibt es ein gro\u00dfes <strong>museumsp\u00e4dagogisches Angebot<\/strong>, aber auch Erwachsene haben Gelegenheit, in die Vergangenheit einzutauchen: etwa im <strong>Atelier der Steinmetze<\/strong>, bei der <strong>F\u00fchrung <a href=\"https:\/\/www.kronach.de\/tourismus-kultur\/fuehrungen\/festung-museum\/508.Fraenkische-Galerie--Lucas-Cranach.html\" target=\"_blank\" rel=\"noreferrer noopener\">\u201eNeues Licht f\u00fcr Alte Meister\u201c<\/a><\/strong> oder wenn sie bei der <strong>F\u00fchrung <a href=\"https:\/\/www.kronach.de\/tourismus-kultur\/fuehrungen\/kinder-familienfuehrungen\/520.Traumgold.html\" target=\"_blank\" rel=\"noreferrer noopener\">\u201eTraumGold\u201c<\/a><\/strong> selbst zum Vergolder werden.<\/p>\n\n\n\n<figure class=\"wp-block-image size-large\"><img decoding=\"async\" loading=\"lazy\" width=\"1024\" height=\"769\" src=\"https:\/\/www.frankentourismus.de\/blog\/wp-content\/uploads\/2023\/01\/P1000534-1024x769.jpg\" alt=\"\" class=\"wp-image-4515\" srcset=\"https:\/\/www.frankentourismus.de\/blog\/wp-content\/uploads\/2023\/01\/P1000534-1024x769.jpg 1024w, https:\/\/www.frankentourismus.de\/blog\/wp-content\/uploads\/2023\/01\/P1000534-300x225.jpg 300w, https:\/\/www.frankentourismus.de\/blog\/wp-content\/uploads\/2023\/01\/P1000534-768x577.jpg 768w, https:\/\/www.frankentourismus.de\/blog\/wp-content\/uploads\/2023\/01\/P1000534-1536x1153.jpg 1536w, https:\/\/www.frankentourismus.de\/blog\/wp-content\/uploads\/2023\/01\/P1000534-2048x1538.jpg 2048w\" sizes=\"(max-width: 1024px) 100vw, 1024px\" \/><figcaption class=\"wp-element-caption\">\u00a9 Sisi Wein<\/figcaption><\/figure>\n\n\n\n<h2>Cranachs Meisterst\u00fccke<\/h2>\n\n\n\n<p>Bei solch einer F\u00fchrung fordert Alexander S\u00fc\u00df seine Teilnehmer beispielsweise auf, <strong>Cranachs \u201eVenus mit Amor als Honigdieb\u201c<\/strong> ins Visier zu nehmen \u2013 und fast scheint es, als w\u00fcrde die nackte G\u00f6ttin gleich aus dem Bild steigen. Der Museologe weist auf ein <strong>wichtiges Detail<\/strong> hin: einen <strong>durchsichtigen Schleier<\/strong>, der die g\u00f6ttliche Nacktheit eher noch betont als verh\u00fcllt. \u201eIn der Renaissance kamen zu den bis dahin vorherrschenden christlichen Motiven unter anderem Darstellungen antiker Mythologie hinzu\u201c, erkl\u00e4rt er. \u201eDoch einen Akt zu malen, war eigentlich immer noch ein Tabu. Cranach aber traute sich <strong>Unglaubliches<\/strong>: Er bekleidete seine nackten Damen mit diesen Schleiern und war damit aus dem Schneider.\u201c <\/p>\n\n\n\n<p>Auch in anderer Hinsicht bewegte sich Cranach <strong>zwischen den Fronten<\/strong>. So gab er mit seinen <strong>Portr\u00e4ts von <a href=\"https:\/\/www.frankentourismus.de\/reformation-und-revolution\/\" target=\"_blank\" rel=\"noreferrer noopener\">Martin Luther<\/a><\/strong> der Reformation ein Gesicht, gleichzeitig arbeitete er f\u00fcr katholische Auftraggeber. \u201eVor allem aber war Cranach ein unglaublich erfolgreicher Gesch\u00e4ftsmann, der die <strong>serielle Kunstproduktion<\/strong> einf\u00fchrte\u201c, so Alexander S\u00fc\u00df. Cranach besch\u00e4ftigte in seiner Werkstatt jede Menge Mitarbeiter: \u201eDiese durften keine eigene k\u00fcnstlerische Handschrift haben, sondern malten mit <strong>Schablonen<\/strong> oder im<strong> Werkstattstil<\/strong> \u2013 so, wie Cranach es selbst gemalt h\u00e4tte. Au\u00dferdem war jeder nur f\u00fcr einen Teil des Bildes zust\u00e4ndig: Der eine zeichnete vor, ein anderer malte die Landschaft, der n\u00e4chste Gesicht und H\u00e4nde.\u201c<\/p>\n\n\n\n<figure class=\"wp-block-image size-large\"><img decoding=\"async\" loading=\"lazy\" width=\"1024\" height=\"768\" src=\"https:\/\/www.frankentourismus.de\/blog\/wp-content\/uploads\/2023\/03\/Luftaufnahme_Festung-Rosenberg-Kronach_Bildrechte-Photo-Webster-Maximilian-Weber-5-1024x768.jpg\" alt=\"\" class=\"wp-image-4855\" srcset=\"https:\/\/www.frankentourismus.de\/blog\/wp-content\/uploads\/2023\/03\/Luftaufnahme_Festung-Rosenberg-Kronach_Bildrechte-Photo-Webster-Maximilian-Weber-5-1024x768.jpg 1024w, https:\/\/www.frankentourismus.de\/blog\/wp-content\/uploads\/2023\/03\/Luftaufnahme_Festung-Rosenberg-Kronach_Bildrechte-Photo-Webster-Maximilian-Weber-5-300x225.jpg 300w, https:\/\/www.frankentourismus.de\/blog\/wp-content\/uploads\/2023\/03\/Luftaufnahme_Festung-Rosenberg-Kronach_Bildrechte-Photo-Webster-Maximilian-Weber-5-768x576.jpg 768w, https:\/\/www.frankentourismus.de\/blog\/wp-content\/uploads\/2023\/03\/Luftaufnahme_Festung-Rosenberg-Kronach_Bildrechte-Photo-Webster-Maximilian-Weber-5-1536x1152.jpg 1536w, https:\/\/www.frankentourismus.de\/blog\/wp-content\/uploads\/2023\/03\/Luftaufnahme_Festung-Rosenberg-Kronach_Bildrechte-Photo-Webster-Maximilian-Weber-5-2048x1536.jpg 2048w\" sizes=\"(max-width: 1024px) 100vw, 1024px\" \/><figcaption class=\"wp-element-caption\">\u00a9 IG Photo Webster &#8211; Maximilian Weber<\/figcaption><\/figure>\n\n\n\n<h2>Kunst \u00fcber die Epochen hinweg<\/h2>\n\n\n\n<p>Zum Schluss wurde jedes Werk mit einer <strong>gefl\u00fcgelten Schlange<\/strong> als echter Cranach gekennzeichnet \u2013 zu einer Zeit, als Bilder kaum signiert wurden. \u201eDamit hat er nebenbei auch noch das <strong>Marken-Branding<\/strong> erfunden\u201c, attestiert Alexander S\u00fc\u00df Lucas Cranach d. \u00c4., der neben Albrecht D\u00fcrer zu den <strong>bedeutendsten Malern der deutschen Renaissance<\/strong> z\u00e4hlt. All das sind Dinge, f\u00fcr die eine F\u00fchrung durch die <strong>\u201eFr\u00e4nkische Galerie\u201c<\/strong> den Blick sch\u00e4rft. Auch f\u00fcr Alexander S\u00fc\u00df als Experten bleiben Kunst und Pers\u00f6nlichkeit Cranachs immer spannend. \u201eMich fasziniert, mit was Cranach alles davongekommen ist. Und weil er zeigt, wie \u00fcber Kunst kommuniziert wurde \u2013 und wie wir dar\u00fcber auch heute noch ins Gespr\u00e4ch kommen\u201c.<\/p>\n\n\n\n<figure class=\"wp-block-embed is-type-video is-provider-youtube wp-block-embed-youtube wp-embed-aspect-16-9 wp-has-aspect-ratio\"><div class=\"wp-block-embed__wrapper\">\n<iframe loading=\"lazy\" title=\"Die Festung Rosenberg in Kronach -  Hausbesuch Frankenwald\" width=\"500\" height=\"281\" src=\"https:\/\/www.youtube.com\/embed\/putLZfZFj50?list=PL5gCpu7Rlc6lYGTxkey-EVhUEWQSVHYl4\" frameborder=\"0\" allow=\"accelerometer; autoplay; clipboard-write; encrypted-media; gyroscope; picture-in-picture; web-share\" allowfullscreen><\/iframe>\n<\/div><\/figure>\n\n\n\n<p><strong>Noch mehr Inspiration im Video gibt es hier: <a href=\"https:\/\/www.sat1.de\/serien\/17-30-sat1-bayern\/videos\/nei-gschaut-das-hat-der-frankenwald-zu-bieten\" target=\"_blank\" rel=\"noreferrer noopener\">www.sat1.de<\/a><\/strong><\/p>\n\n\n\n<p><strong>Mittelalterliches Flair, eine Festung die nie erobert werden konnte und ein Ausflug in Frankens gro\u00dfe k\u00fcnstlerische Historie &#8211; ein Besuch auf der Festung Kronach lohnt sich allemal: <a href=\"https:\/\/www.kronach.de\/tourismus-kultur\/sehenswuerdigkeiten\/festung-rosenberg\/index.html\" target=\"_blank\" rel=\"noreferrer noopener\">www.kronach.de<\/a>. Die Urlaubsregion Frankenwald verzaubert \u00fcbrigens nicht nur mit prachtvollen Bauwerken und reicher Geschichte, sondern auch mit atemberaubenden Naturlandschaften, wilden Flo\u00dffahrten auf der Rodach und regionalen K\u00f6stlichkeiten in urigen Gastst\u00e4tten &#8211; alles weitere hierzu findet man unter <a data-type=\"URL\" data-id=\"https:\/\/www.frankenwald-tourismus.de\/\" href=\"https:\/\/www.frankenwald-tourismus.de\/\" target=\"_blank\" rel=\"noreferrer noopener\">www.frankenwald-tourismus.de<\/a>. Die gute Anbindung an \u00fcberregionale Bahn- und Busstreckennetze bietet die perfekte M\u00f6glichkeit, um bequem in die Region zu kommen &#8211; Details zur Anfahrt sind unter <a data-type=\"URL\" data-id=\"https:\/\/www.frankenwald-tourismus.de\/service\/anreise\" href=\"https:\/\/www.frankenwald-tourismus.de\/service\/anreise\" target=\"_blank\" rel=\"noreferrer noopener\">www.frankenwald-tourismus.de\/service\/anreise<\/a> nachzulesen.<\/strong><\/p>\n\n\n\n<figure class=\"is-layout-flex wp-block-gallery-1 wp-block-gallery has-nested-images columns-default is-cropped\">\n<figure class=\"wp-block-image size-large\"><img decoding=\"async\" loading=\"lazy\" width=\"1024\" height=\"724\" data-id=\"4529\"  src=\"https:\/\/www.frankentourismus.de\/blog\/wp-content\/uploads\/2023\/01\/Bollwerke-Ausstellung_Bildrechte-Achim-Bu\u2560ehler_komprimiert3-1024x724.jpg\" alt=\"\" class=\"wp-image-4529\" srcset=\"https:\/\/www.frankentourismus.de\/blog\/wp-content\/uploads\/2023\/01\/Bollwerke-Ausstellung_Bildrechte-Achim-Bu\u2560ehler_komprimiert3-1024x724.jpg 1024w, https:\/\/www.frankentourismus.de\/blog\/wp-content\/uploads\/2023\/01\/Bollwerke-Ausstellung_Bildrechte-Achim-Bu\u2560ehler_komprimiert3-300x212.jpg 300w, https:\/\/www.frankentourismus.de\/blog\/wp-content\/uploads\/2023\/01\/Bollwerke-Ausstellung_Bildrechte-Achim-Bu\u2560ehler_komprimiert3-768x543.jpg 768w, https:\/\/www.frankentourismus.de\/blog\/wp-content\/uploads\/2023\/01\/Bollwerke-Ausstellung_Bildrechte-Achim-Bu\u2560ehler_komprimiert3-1536x1086.jpg 1536w, https:\/\/www.frankentourismus.de\/blog\/wp-content\/uploads\/2023\/01\/Bollwerke-Ausstellung_Bildrechte-Achim-Bu\u2560ehler_komprimiert3.jpg 1754w\" sizes=\"(max-width: 1024px) 100vw, 1024px\" \/><figcaption class=\"wp-element-caption\">\u00a9 Achim B\u00fchler<\/figcaption><\/figure>\n\n\n\n<figure class=\"wp-block-image size-large\"><img decoding=\"async\" loading=\"lazy\" width=\"1024\" height=\"726\" data-id=\"4523\"  src=\"https:\/\/www.frankentourismus.de\/blog\/wp-content\/uploads\/2023\/01\/Luftaufnahme_Festung-Rosenberg-Kronach_Bildrechte-IG-Photo-Webster-Maximilian-Weber-7-1024x726.jpg\" alt=\"Luftaufnahme Festung Rosenberg (Kronach\/Frankenwald)\" class=\"wp-image-4523\" srcset=\"https:\/\/www.frankentourismus.de\/blog\/wp-content\/uploads\/2023\/01\/Luftaufnahme_Festung-Rosenberg-Kronach_Bildrechte-IG-Photo-Webster-Maximilian-Weber-7-1024x726.jpg 1024w, https:\/\/www.frankentourismus.de\/blog\/wp-content\/uploads\/2023\/01\/Luftaufnahme_Festung-Rosenberg-Kronach_Bildrechte-IG-Photo-Webster-Maximilian-Weber-7-300x213.jpg 300w, https:\/\/www.frankentourismus.de\/blog\/wp-content\/uploads\/2023\/01\/Luftaufnahme_Festung-Rosenberg-Kronach_Bildrechte-IG-Photo-Webster-Maximilian-Weber-7-768x544.jpg 768w, https:\/\/www.frankentourismus.de\/blog\/wp-content\/uploads\/2023\/01\/Luftaufnahme_Festung-Rosenberg-Kronach_Bildrechte-IG-Photo-Webster-Maximilian-Weber-7-1536x1088.jpg 1536w, https:\/\/www.frankentourismus.de\/blog\/wp-content\/uploads\/2023\/01\/Luftaufnahme_Festung-Rosenberg-Kronach_Bildrechte-IG-Photo-Webster-Maximilian-Weber-7-2048x1451.jpg 2048w\" sizes=\"(max-width: 1024px) 100vw, 1024px\" \/><figcaption class=\"wp-element-caption\">\u00a9 IG Photo Webster &#8211; Maximilian Weber<\/figcaption><\/figure>\n<\/figure>\n\n\n\n<p><\/p>\n","protected":false},"excerpt":{"rendered":"<p>Nie bezwungen, nie erobert: Die Festung Rosenberg \u00fcber Kronach geh\u00f6rt zu den Wahrzeichen des Frankenwalds. Innerhalb ihrer Mauern zeigt die \u201eFr\u00e4nkische Galerie\u201c gro\u00dfartige Werke aus Gotik und Renaissance. F\u00fcr manchen m\u00f6gen diese Kunstepochen so uneinnehmbar wirken wie die Festung selbst \u2013 ihnen ebnet Museologe Alexander S\u00fc\u00df den Weg. Mit den Hausbesuchen begleiten wir Einheimische bei [&hellip;]<\/p>\n","protected":false},"author":41,"featured_media":4523,"comment_status":"open","ping_status":"closed","sticky":false,"template":"","format":"standard","meta":[],"categories":[1,125,307],"tags":[317,83,87,89],"yoast_head":"<!-- This site is optimized with the Yoast SEO plugin v19.14 - https:\/\/yoast.com\/wordpress\/plugins\/seo\/ -->\n<title>Frankenwald: Wegbereiter auf der Kunstfestung - Franken Blog<\/title>\n<meta name=\"description\" content=\"Die Kunstfestung Rosenberg in Kronach begeistert die G\u00e4ste des Frankenwalds mit historischem Flair und spannenden Ausstellungen.\" \/>\n<meta name=\"robots\" content=\"index, follow, max-snippet:-1, max-image-preview:large, max-video-preview:-1\" \/>\n<link rel=\"canonical\" href=\"https:\/\/www.frankentourismus.de\/blog\/2023\/03\/31\/frankenwald-wegbereiter-auf-der-kunstfestung\/\" \/>\n<meta property=\"og:locale\" content=\"de_DE\" \/>\n<meta property=\"og:type\" content=\"article\" \/>\n<meta property=\"og:title\" content=\"Frankenwald: Wegbereiter auf der Kunstfestung - Franken Blog\" \/>\n<meta property=\"og:description\" content=\"Die Kunstfestung Rosenberg in Kronach begeistert die G\u00e4ste des Frankenwalds mit historischem Flair und spannenden Ausstellungen.\" \/>\n<meta property=\"og:url\" content=\"https:\/\/www.frankentourismus.de\/blog\/2023\/03\/31\/frankenwald-wegbereiter-auf-der-kunstfestung\/\" \/>\n<meta property=\"og:site_name\" content=\"Franken Blog\" \/>\n<meta property=\"article:published_time\" content=\"2023-03-31T10:06:15+00:00\" \/>\n<meta property=\"article:modified_time\" content=\"2023-07-18T07:41:28+00:00\" \/>\n<meta property=\"og:image\" content=\"https:\/\/www.frankentourismus.de\/blog\/wp-content\/uploads\/2023\/01\/Luftaufnahme_Festung-Rosenberg-Kronach_Bildrechte-IG-Photo-Webster-Maximilian-Weber-7-scaled.jpg\" \/>\n\t<meta property=\"og:image:width\" content=\"2560\" \/>\n\t<meta property=\"og:image:height\" content=\"1814\" \/>\n\t<meta property=\"og:image:type\" content=\"image\/jpeg\" \/>\n<meta name=\"author\" content=\"Sisi Wein\" \/>\n<meta name=\"twitter:card\" content=\"summary_large_image\" \/>\n<meta name=\"twitter:label1\" content=\"Written by\" \/>\n\t<meta name=\"twitter:data1\" content=\"Sisi Wein\" \/>\n\t<meta name=\"twitter:label2\" content=\"Est. reading time\" \/>\n\t<meta name=\"twitter:data2\" content=\"7 Minuten\" \/>\n<script type=\"application\/ld+json\" class=\"yoast-schema-graph\">{\"@context\":\"https:\/\/schema.org\",\"@graph\":[{\"@type\":\"WebPage\",\"@id\":\"https:\/\/www.frankentourismus.de\/blog\/2023\/03\/31\/frankenwald-wegbereiter-auf-der-kunstfestung\/\",\"url\":\"https:\/\/www.frankentourismus.de\/blog\/2023\/03\/31\/frankenwald-wegbereiter-auf-der-kunstfestung\/\",\"name\":\"Frankenwald: Wegbereiter auf der Kunstfestung - Franken Blog\",\"isPartOf\":{\"@id\":\"https:\/\/www.frankentourismus.de\/blog\/#website\"},\"datePublished\":\"2023-03-31T10:06:15+00:00\",\"dateModified\":\"2023-07-18T07:41:28+00:00\",\"author\":{\"@id\":\"https:\/\/www.frankentourismus.de\/blog\/#\/schema\/person\/077d15c247939e3520696ee497ffc26f\"},\"description\":\"Die Kunstfestung Rosenberg in Kronach begeistert die G\u00e4ste des Frankenwalds mit historischem Flair und spannenden Ausstellungen.\",\"breadcrumb\":{\"@id\":\"https:\/\/www.frankentourismus.de\/blog\/2023\/03\/31\/frankenwald-wegbereiter-auf-der-kunstfestung\/#breadcrumb\"},\"inLanguage\":\"de-DE\",\"potentialAction\":[{\"@type\":\"ReadAction\",\"target\":[\"https:\/\/www.frankentourismus.de\/blog\/2023\/03\/31\/frankenwald-wegbereiter-auf-der-kunstfestung\/\"]}]},{\"@type\":\"BreadcrumbList\",\"@id\":\"https:\/\/www.frankentourismus.de\/blog\/2023\/03\/31\/frankenwald-wegbereiter-auf-der-kunstfestung\/#breadcrumb\",\"itemListElement\":[{\"@type\":\"ListItem\",\"position\":1,\"name\":\"Home\",\"item\":\"https:\/\/www.frankentourismus.de\/blog\/\"},{\"@type\":\"ListItem\",\"position\":2,\"name\":\"Frankenwald: Wegbereiter auf der Kunstfestung\"}]},{\"@type\":\"WebSite\",\"@id\":\"https:\/\/www.frankentourismus.de\/blog\/#website\",\"url\":\"https:\/\/www.frankentourismus.de\/blog\/\",\"name\":\"Franken Blog\",\"description\":\"Urlaub in Franken!\",\"potentialAction\":[{\"@type\":\"SearchAction\",\"target\":{\"@type\":\"EntryPoint\",\"urlTemplate\":\"https:\/\/www.frankentourismus.de\/blog\/?s={search_term_string}\"},\"query-input\":\"required name=search_term_string\"}],\"inLanguage\":\"de-DE\"},{\"@type\":\"Person\",\"@id\":\"https:\/\/www.frankentourismus.de\/blog\/#\/schema\/person\/077d15c247939e3520696ee497ffc26f\",\"name\":\"Sisi Wein\",\"image\":{\"@type\":\"ImageObject\",\"inLanguage\":\"de-DE\",\"@id\":\"https:\/\/www.frankentourismus.de\/blog\/#\/schema\/person\/image\/\",\"url\":\"https:\/\/www.frankentourismus.de\/blog\/wp-content\/uploads\/2021\/05\/Sisi-Wein-bearbeitet-150x150.jpg\",\"contentUrl\":\"https:\/\/www.frankentourismus.de\/blog\/wp-content\/uploads\/2021\/05\/Sisi-Wein-bearbeitet-150x150.jpg\",\"caption\":\"Sisi Wein\"},\"url\":\"https:\/\/www.frankentourismus.de\/blog\/author\/sisi-wein\/\"}]}<\/script>\n<!-- \/ Yoast SEO plugin. -->","yoast_head_json":{"title":"Frankenwald: Wegbereiter auf der Kunstfestung - Franken Blog","description":"Die Kunstfestung Rosenberg in Kronach begeistert die G\u00e4ste des Frankenwalds mit historischem Flair und spannenden Ausstellungen.","robots":{"index":"index","follow":"follow","max-snippet":"max-snippet:-1","max-image-preview":"max-image-preview:large","max-video-preview":"max-video-preview:-1"},"canonical":"https:\/\/www.frankentourismus.de\/blog\/2023\/03\/31\/frankenwald-wegbereiter-auf-der-kunstfestung\/","og_locale":"de_DE","og_type":"article","og_title":"Frankenwald: Wegbereiter auf der Kunstfestung - Franken Blog","og_description":"Die Kunstfestung Rosenberg in Kronach begeistert die G\u00e4ste des Frankenwalds mit historischem Flair und spannenden Ausstellungen.","og_url":"https:\/\/www.frankentourismus.de\/blog\/2023\/03\/31\/frankenwald-wegbereiter-auf-der-kunstfestung\/","og_site_name":"Franken Blog","article_published_time":"2023-03-31T10:06:15+00:00","article_modified_time":"2023-07-18T07:41:28+00:00","og_image":[{"width":2560,"height":1814,"url":"https:\/\/www.frankentourismus.de\/blog\/wp-content\/uploads\/2023\/01\/Luftaufnahme_Festung-Rosenberg-Kronach_Bildrechte-IG-Photo-Webster-Maximilian-Weber-7-scaled.jpg","type":"image\/jpeg"}],"author":"Sisi Wein","twitter_card":"summary_large_image","twitter_misc":{"Written by":"Sisi Wein","Est. reading time":"7 Minuten"},"schema":{"@context":"https:\/\/schema.org","@graph":[{"@type":"WebPage","@id":"https:\/\/www.frankentourismus.de\/blog\/2023\/03\/31\/frankenwald-wegbereiter-auf-der-kunstfestung\/","url":"https:\/\/www.frankentourismus.de\/blog\/2023\/03\/31\/frankenwald-wegbereiter-auf-der-kunstfestung\/","name":"Frankenwald: Wegbereiter auf der Kunstfestung - Franken Blog","isPartOf":{"@id":"https:\/\/www.frankentourismus.de\/blog\/#website"},"datePublished":"2023-03-31T10:06:15+00:00","dateModified":"2023-07-18T07:41:28+00:00","author":{"@id":"https:\/\/www.frankentourismus.de\/blog\/#\/schema\/person\/077d15c247939e3520696ee497ffc26f"},"description":"Die Kunstfestung Rosenberg in Kronach begeistert die G\u00e4ste des Frankenwalds mit historischem Flair und spannenden Ausstellungen.","breadcrumb":{"@id":"https:\/\/www.frankentourismus.de\/blog\/2023\/03\/31\/frankenwald-wegbereiter-auf-der-kunstfestung\/#breadcrumb"},"inLanguage":"de-DE","potentialAction":[{"@type":"ReadAction","target":["https:\/\/www.frankentourismus.de\/blog\/2023\/03\/31\/frankenwald-wegbereiter-auf-der-kunstfestung\/"]}]},{"@type":"BreadcrumbList","@id":"https:\/\/www.frankentourismus.de\/blog\/2023\/03\/31\/frankenwald-wegbereiter-auf-der-kunstfestung\/#breadcrumb","itemListElement":[{"@type":"ListItem","position":1,"name":"Home","item":"https:\/\/www.frankentourismus.de\/blog\/"},{"@type":"ListItem","position":2,"name":"Frankenwald: Wegbereiter auf der Kunstfestung"}]},{"@type":"WebSite","@id":"https:\/\/www.frankentourismus.de\/blog\/#website","url":"https:\/\/www.frankentourismus.de\/blog\/","name":"Franken Blog","description":"Urlaub in Franken!","potentialAction":[{"@type":"SearchAction","target":{"@type":"EntryPoint","urlTemplate":"https:\/\/www.frankentourismus.de\/blog\/?s={search_term_string}"},"query-input":"required name=search_term_string"}],"inLanguage":"de-DE"},{"@type":"Person","@id":"https:\/\/www.frankentourismus.de\/blog\/#\/schema\/person\/077d15c247939e3520696ee497ffc26f","name":"Sisi Wein","image":{"@type":"ImageObject","inLanguage":"de-DE","@id":"https:\/\/www.frankentourismus.de\/blog\/#\/schema\/person\/image\/","url":"https:\/\/www.frankentourismus.de\/blog\/wp-content\/uploads\/2021\/05\/Sisi-Wein-bearbeitet-150x150.jpg","contentUrl":"https:\/\/www.frankentourismus.de\/blog\/wp-content\/uploads\/2021\/05\/Sisi-Wein-bearbeitet-150x150.jpg","caption":"Sisi Wein"},"url":"https:\/\/www.frankentourismus.de\/blog\/author\/sisi-wein\/"}]}},"_links":{"self":[{"href":"https:\/\/www.frankentourismus.de\/blog\/wp-json\/wp\/v2\/posts\/4493"}],"collection":[{"href":"https:\/\/www.frankentourismus.de\/blog\/wp-json\/wp\/v2\/posts"}],"about":[{"href":"https:\/\/www.frankentourismus.de\/blog\/wp-json\/wp\/v2\/types\/post"}],"author":[{"embeddable":true,"href":"https:\/\/www.frankentourismus.de\/blog\/wp-json\/wp\/v2\/users\/41"}],"replies":[{"embeddable":true,"href":"https:\/\/www.frankentourismus.de\/blog\/wp-json\/wp\/v2\/comments?post=4493"}],"version-history":[{"count":23,"href":"https:\/\/www.frankentourismus.de\/blog\/wp-json\/wp\/v2\/posts\/4493\/revisions"}],"predecessor-version":[{"id":4945,"href":"https:\/\/www.frankentourismus.de\/blog\/wp-json\/wp\/v2\/posts\/4493\/revisions\/4945"}],"wp:featuredmedia":[{"embeddable":true,"href":"https:\/\/www.frankentourismus.de\/blog\/wp-json\/wp\/v2\/media\/4523"}],"wp:attachment":[{"href":"https:\/\/www.frankentourismus.de\/blog\/wp-json\/wp\/v2\/media?parent=4493"}],"wp:term":[{"taxonomy":"category","embeddable":true,"href":"https:\/\/www.frankentourismus.de\/blog\/wp-json\/wp\/v2\/categories?post=4493"},{"taxonomy":"post_tag","embeddable":true,"href":"https:\/\/www.frankentourismus.de\/blog\/wp-json\/wp\/v2\/tags?post=4493"}],"curies":[{"name":"wp","href":"https:\/\/api.w.org\/{rel}","templated":true}]}}