{"id":4331,"date":"2023-01-13T12:00:00","date_gmt":"2023-01-13T11:00:00","guid":{"rendered":"https:\/\/www.frankentourismus.de\/blog\/?p=4331"},"modified":"2023-01-13T09:38:45","modified_gmt":"2023-01-13T08:38:45","slug":"fraenkisches-seenland-am-puls-des-glaubens","status":"publish","type":"post","link":"https:\/\/www.frankentourismus.de\/blog\/2023\/01\/13\/fraenkisches-seenland-am-puls-des-glaubens\/","title":{"rendered":"Fr\u00e4nkisches Seenland: Am Puls des Glaubens"},"content":{"rendered":"\n<p><strong>Vom fr\u00e4nkischen Urkloster zur \u00f6kumenischen Bildungs- und Begegnungsst\u00e4tte: Das Kloster Heidenheim im <a href=\"https:\/\/www.frankentourismus.de\/gebiete\/fraenkisches-seenland\/\" data-type=\"URL\" data-id=\"https:\/\/www.frankentourismus.de\/gebiete\/fraenkisches-seenland\/\" target=\"_blank\" rel=\"noreferrer noopener\">Fr\u00e4nkischen Seenland<\/a> hat eine bewegte Geschichte \u2013 und blickt einer spannenden Zukunft entgegen. Das zeigt ein Besuch bei Gesch\u00e4ftsf\u00fchrer Reinhold Seefried.<\/strong><\/p>\n\n\n<div class=\"hint\">\n            <figure>\n            <img width=\"300\" height=\"300\" src=\"https:\/\/www.frankentourismus.de\/blog\/wp-content\/uploads\/2021\/05\/Barbara-Keil-bearbeitet-300x300.jpg\" class=\"attachment-medium size-medium\" alt=\"\" decoding=\"async\" loading=\"lazy\" srcset=\"https:\/\/www.frankentourismus.de\/blog\/wp-content\/uploads\/2021\/05\/Barbara-Keil-bearbeitet-300x300.jpg 300w, https:\/\/www.frankentourismus.de\/blog\/wp-content\/uploads\/2021\/05\/Barbara-Keil-bearbeitet-1020x1024.jpg 1020w, https:\/\/www.frankentourismus.de\/blog\/wp-content\/uploads\/2021\/05\/Barbara-Keil-bearbeitet-150x150.jpg 150w, https:\/\/www.frankentourismus.de\/blog\/wp-content\/uploads\/2021\/05\/Barbara-Keil-bearbeitet-768x771.jpg 768w, https:\/\/www.frankentourismus.de\/blog\/wp-content\/uploads\/2021\/05\/Barbara-Keil-bearbeitet.jpg 1262w\" sizes=\"(max-width: 300px) 100vw, 300px\" \/>        <\/figure>\n    \n    <div class=\"content\">\n        <p>Mein Name ist Barbara Keil, ich bin an der Grenze zum Reiseland Franken aufgewachsen und habe schon als Kind gern meine fr\u00e4nkischen Verwandten besucht. Die Vielf\u00e4ltigkeit der Region ist mir erst bewusst geworden, als ich anfing beruflich als Redakteurin nach Franken zu reisen. Jeder Ausflug bietet neue \u00fcberraschende Entdeckungen und spannende Begegnungen mit den Menschen vor Ort!<\/p>\n    <\/div>\n<\/div>\n\n\n\n<div class=\"wp-block-media-text alignwide has-media-on-the-right\" style=\"grid-template-columns:auto 28%\"><figure class=\"wp-block-media-text__media\"><img decoding=\"async\" loading=\"lazy\" width=\"562\" height=\"640\" src=\"https:\/\/www.frankentourismus.de\/blog\/wp-content\/uploads\/2021\/05\/FT-Hausbesuche-frei-1.png\" alt=\"\" class=\"wp-image-1195 size-full\" srcset=\"https:\/\/www.frankentourismus.de\/blog\/wp-content\/uploads\/2021\/05\/FT-Hausbesuche-frei-1.png 562w, https:\/\/www.frankentourismus.de\/blog\/wp-content\/uploads\/2021\/05\/FT-Hausbesuche-frei-1-263x300.png 263w\" sizes=\"(max-width: 562px) 100vw, 562px\" \/><\/figure><div class=\"wp-block-media-text__content\">\n<p><strong>Mit den Hausbesuchen begleiten wir Einheimische bei ihrem t\u00e4glichen Wirken im Urlaubsland Franken. Heute begebe ich mich mit Reinhold Seefried auf eine Erkundungstour durch die Geschichte des Klosters Heidenheim.<\/strong><\/p>\n<\/div><\/div>\n\n\n\n<p>Tief dr\u00f6hnt der Schlag der gro\u00dfen Pendeluhr durch den Kreuzgang. Sie klingt fast wie der Herzschlag des <strong>Klosters<\/strong>. \u201eDer Kreuzgang\u201c, ist <strong>Reinhold Seefried<\/strong> \u00fcberzeugt, \u201estrahlt Ruhe aus und gibt so auch Menschen etwas, die an gar nichts glauben.\u201c Deshalb ist das <strong>Kloster Heidenheim<\/strong> auch offen f\u00fcr alle.<\/p>\n\n\n\n<p>Das <strong>Kloster<\/strong> liegt mitten im <strong>Fr\u00e4nkischen Seenland<\/strong>, das weithin f\u00fcr seine <strong>sieben Seen<\/strong> bekannt ist. Einer von ihnen ist der <strong>Hahnenkammsee<\/strong> \u2013 das erste durch die Anlage von Stauseen geschaffene Gew\u00e4sser in der Urlaubslandschaft. Ganz in der N\u00e4he des Hahnenkammsees bildet <strong>Kloster Heidenheim<\/strong> eine Art <strong>kulturelles<\/strong> <strong>\u201eGravitationszentrum\u201c<\/strong>: Die Gl\u00e4ubigen kommen hierher zum Gottesdienst, sie feiern zusammen Taufen oder Hochzeiten. Das Kloster ist gleichzeitig <strong>Anlaufstelle f\u00fcr Pilger und Touristen<\/strong>; auch <strong>Seminare und Tagungen<\/strong> finden hier statt. Auf diese Weise gibt das Kloster Impulse \u00fcber die Region hinaus \u2013 und das war schon im <strong>8. Jahrhundert<\/strong> so.<\/p>\n\n\n\n<figure class=\"wp-block-image size-large\"><img decoding=\"async\" loading=\"lazy\" width=\"1024\" height=\"683\" src=\"https:\/\/www.frankentourismus.de\/blog\/wp-content\/uploads\/2023\/01\/kloster-heidenheim-2020-06-12_17-1024x683.jpg\" alt=\"\" class=\"wp-image-4623\" srcset=\"https:\/\/www.frankentourismus.de\/blog\/wp-content\/uploads\/2023\/01\/kloster-heidenheim-2020-06-12_17-1024x683.jpg 1024w, https:\/\/www.frankentourismus.de\/blog\/wp-content\/uploads\/2023\/01\/kloster-heidenheim-2020-06-12_17-300x200.jpg 300w, https:\/\/www.frankentourismus.de\/blog\/wp-content\/uploads\/2023\/01\/kloster-heidenheim-2020-06-12_17-768x512.jpg 768w, https:\/\/www.frankentourismus.de\/blog\/wp-content\/uploads\/2023\/01\/kloster-heidenheim-2020-06-12_17-1536x1024.jpg 1536w, https:\/\/www.frankentourismus.de\/blog\/wp-content\/uploads\/2023\/01\/kloster-heidenheim-2020-06-12_17-2048x1365.jpg 2048w\" sizes=\"(max-width: 1024px) 100vw, 1024px\" \/><figcaption>\u00a9 Kloster Heidenheim<\/figcaption><\/figure>\n\n\n\n<p>Heidenheim geh\u00f6rt zu den <strong>fr\u00e4nkischen Urkl\u00f6stern<\/strong> und wurde im Jahr <strong>752 von Wunibald<\/strong>, einem angels\u00e4chsischen Missionar, <strong>gegr\u00fcndet<\/strong>. Dass es zu einem Ausgangspunkt der Christianisierung f\u00fcr ganz Franken wurde, ist aber auch Wunibalds Schwester Walburga zu verdanken. Sie \u00fcbernahm nach seinem Tod die Leitung und machte Heidenheim zum <strong>ersten Doppelkloster<\/strong> \u2013 einem Kloster f\u00fcr <strong>M\u00f6nche und Nonnen<\/strong> \u2013 auf dem europ\u00e4ischen Kontinent. Noch heute ist Walburga eine Inspirationsquelle, etwa f\u00fcr den regionalen K\u00fcnstler <strong>Ernst Steinacker<\/strong>, dessen Bilder und Skulpturen im Kloster zu sehen sind.<\/p>\n\n\n\n<p>Auch <strong>Reinhold Seefried<\/strong> bezeichnet sich als \u201eWalburga-Fan\u201c. Ihre Wirkungsst\u00e4tte lag in Heidenheim, ihre Gebeine aber ruhen woanders. Bereits im 9. Jahrhundert lie\u00df ein gesch\u00e4ftst\u00fcchtiger Bischof diese nach <strong>Eichst\u00e4tt<\/strong> bringen, wo sich das <strong>Kloster St. Walburg<\/strong> zu einem bedeutenden Wallfahrtsort entwickelte. Doch trotz dieses <strong>\u201eReliquienraubs\u201c<\/strong> sind die Beziehungen zwischen dem Bistum Eichst\u00e4tt und dem Kloster heute bestens.<\/p>\n\n\n\n<blockquote class=\"wp-block-quote\"><p>&#8222;Wir verbinden K\u00f6rper, Geist und Seele.&#8220;<\/p><cite>Reinhold Seefried<\/cite><\/blockquote>\n\n\n\n<p>Nach Walburgas Tod verlor Heidenheim f\u00fcr eine Weile an Bedeutung, bis es im 12. Jahrhundert als <strong>Benediktinerkloster<\/strong> neu gegr\u00fcndet wurde. Aus dieser Epoche stammt das eindrucksvolle <strong>romanische M\u00fcnster<\/strong>. Im 16. Jahrhundert setzte die Reformation dem Klosterleben ein Ende. Die Geb\u00e4ude wurden mal als <strong>\u00c4mter<\/strong>, mal als <strong>Wohnungen<\/strong> genutzt, bis der Freistaat Bayern das sanierungsbed\u00fcrftige Kloster 2006 schlie\u00dflich zum Verkauf anbot. Doch dazu sollte es nicht kommen. Stattdessen gr\u00fcndeten die <strong>Gemeinde und das evangelische Dekanat den Zweckverband Kloster Heidenheim<\/strong>, um den alten Mauern neues Leben einzuhauchen und Walburgas Erbe w\u00fcrdig weiter zuf\u00fchren \u2013 in Form einer 2019 er\u00f6ffneten <strong>\u00f6kumenischen Bildungs-und Begegnungsst\u00e4tte<\/strong> mit interaktiver Ausstellung.<\/p>\n\n\n\n<figure class=\"wp-block-image size-large\"><img decoding=\"async\" loading=\"lazy\" width=\"1024\" height=\"683\" src=\"https:\/\/www.frankentourismus.de\/blog\/wp-content\/uploads\/2023\/01\/kloster-heidenheim-2020-06-12_01-1024x683.jpg\" alt=\"\" class=\"wp-image-4361\" srcset=\"https:\/\/www.frankentourismus.de\/blog\/wp-content\/uploads\/2023\/01\/kloster-heidenheim-2020-06-12_01-1024x683.jpg 1024w, https:\/\/www.frankentourismus.de\/blog\/wp-content\/uploads\/2023\/01\/kloster-heidenheim-2020-06-12_01-300x200.jpg 300w, https:\/\/www.frankentourismus.de\/blog\/wp-content\/uploads\/2023\/01\/kloster-heidenheim-2020-06-12_01-768x512.jpg 768w, https:\/\/www.frankentourismus.de\/blog\/wp-content\/uploads\/2023\/01\/kloster-heidenheim-2020-06-12_01-1536x1024.jpg 1536w, https:\/\/www.frankentourismus.de\/blog\/wp-content\/uploads\/2023\/01\/kloster-heidenheim-2020-06-12_01-2048x1365.jpg 2048w\" sizes=\"(max-width: 1024px) 100vw, 1024px\" \/><figcaption>\u00a9 Kloster Heidenheim<\/figcaption><\/figure>\n\n\n\n<p>Dass dieser Plan in die Tat umgesetzt wurde, ist vielen B\u00fcrgern und B\u00fcrgerinnen aus Heidenheim und Umgebung zu verdanken. <strong>Reinhold Seefried<\/strong> selbst kam sehr fr\u00fch als Unterst\u00fctzer des Projekts dazu. So war er <strong>Gr\u00fcndungsmitglied der B\u00fcrgerinitiative \u201ePro Kloster Heidenheim\u201c<\/strong> und ab 2017 <strong>Gesch\u00e4ftsf\u00fchrer der Klosterbetriebe Heidenheim GmbH<\/strong>. Seine zahlreichen Aufgaben reichen vom Programmieren der Webseite bis zur Zusammenstellung der Speisekarte des Klostergasthofs. Letzterer ist von den Klosterbauten nur durch eine Stra\u00dfe getrennt. In den gem\u00fctlichen Stuben und im gro\u00dfen Biergarten l\u00e4sst man sich die regionalen <strong>Spezialit\u00e4ten aus dem Fr\u00e4nkischen Seenland<\/strong> schmecken, die dank eines <strong>\u201eKulinarischen Kalenders\u201c<\/strong> immer der jeweiligen Jahreszeit angepasst sind \u2013 zum Beispiel mit fangfrischem Fisch, bei den Lammwochen oder den \u201eHeidenheimer Schwammerl-Wochen\u201c.<\/p>\n\n\n\n<p>Dar\u00fcber hinaus bietet der <strong>Klostergasthof<\/strong>, dessen Realisierung nur durch die Unterst\u00fctzung der Investoren <strong>Familie N\u00fcrminger<\/strong> m\u00f6glich war, auch gem\u00fctliche Zimmer; das sch\u00e4tzen zum Beispiel Pilger:innen sehr. Schlie\u00dflich f\u00fchren der <strong>\u201e\u00d6kumenische Pilgerwanderweg Eichst\u00e4tt-Heidenheim\u201c<\/strong>, der <strong>\u201eJakobsweg N\u00fcrnberg-Oettingen\u201c<\/strong> sowie seit 2021 auch die <strong>Radroute des \u201eJakobswegs\u201c<\/strong> direkt zum Kloster, das auch ein <strong>Pilgerb\u00fcro<\/strong> beherbergt.<\/p>\n\n\n\n<figure class=\"wp-block-image size-large\"><img decoding=\"async\" loading=\"lazy\" width=\"1024\" height=\"683\" src=\"https:\/\/www.frankentourismus.de\/blog\/wp-content\/uploads\/2023\/01\/Klostergasthof-Heidenheim-Biergarten-klein-1024x683.jpg\" alt=\"\" class=\"wp-image-4363\" srcset=\"https:\/\/www.frankentourismus.de\/blog\/wp-content\/uploads\/2023\/01\/Klostergasthof-Heidenheim-Biergarten-klein-1024x683.jpg 1024w, https:\/\/www.frankentourismus.de\/blog\/wp-content\/uploads\/2023\/01\/Klostergasthof-Heidenheim-Biergarten-klein-300x200.jpg 300w, https:\/\/www.frankentourismus.de\/blog\/wp-content\/uploads\/2023\/01\/Klostergasthof-Heidenheim-Biergarten-klein-768x512.jpg 768w, https:\/\/www.frankentourismus.de\/blog\/wp-content\/uploads\/2023\/01\/Klostergasthof-Heidenheim-Biergarten-klein-1536x1025.jpg 1536w, https:\/\/www.frankentourismus.de\/blog\/wp-content\/uploads\/2023\/01\/Klostergasthof-Heidenheim-Biergarten-klein.jpg 1670w\" sizes=\"(max-width: 1024px) 100vw, 1024px\" \/><figcaption>\u00a9 Carolin Hofmann<\/figcaption><\/figure>\n\n\n\n<p>Nicht nur Pilgernde zieht es nach Heidenheim, das <strong>vielf\u00e4ltige Kurs- und Seminarprogramm<\/strong> spricht ganz verschiedene Menschen an. \u201eUnser oberstes Ziel\u201c, betont Reinhold Seefried, \u201eist es, die Besucher positiv zu \u00fcberraschen\u201c. Das gelingt auch im <strong>Klosterladen<\/strong>, der neben Religi\u00f6sem viele besondere Spezialit\u00e4ten anbietet. Dazu geh\u00f6rt das s\u00fcffige <strong>Klosterbier<\/strong>, das in Zusammenarbeit mit der <strong>F\u00fcrst Carl Schlossbrauerei Ellingen<\/strong> aus heimischen Zutaten hergestellt wird, aber auch der <strong>Walburga-Kr\u00e4uterlik\u00f6r<\/strong> oder der <strong>Hahnenkamm-Gin<\/strong> mit regionaler B\u00e4rlauchnote. In Heidenheim bekommen G\u00e4ste also nicht nur spirituelle Impulse im Museum und bei Seminaren, sondern erleben auch <strong>Genussmomente<\/strong>. Oder wie Seefried es ausdr\u00fcckt: <strong>\u201eWir verbinden K\u00f6rper, Geist und Seele.\u201c<\/strong><\/p>\n\n\n\n<p><strong>Wer nun neugierig geworden ist auf das s\u00fcffige Klosterbier und selbst gerne die Leckerbissen des Klosterladens kosten m\u00f6chte, der findet unter <a rel=\"noreferrer noopener\" href=\"https:\/\/www.kloster-heidenheim.eu\/klosterheidenheim.html\" data-type=\"URL\" data-id=\"https:\/\/www.kloster-heidenheim.eu\/klosterheidenheim.html\" target=\"_blank\">www.kloster-heidenheim.eu<\/a> alle weiteren Infos rund um das Kloster Heidenheim. Die Urlaubsregion Fr\u00e4nkisches Seenland hat neben dem Kloster und seiner Geschichte ein vielf\u00e4ltiges Angebot an Freizeitaktivit\u00e4ten zu bieten: \u00dcber sonnigen Badespa\u00df an einem der sieben Seen, gem\u00fctlichen Radtouren entlang der Gew\u00e4sser oder Erkundungstouren auf den Spuren der R\u00f6mer kann man sich unter <a rel=\"noreferrer noopener\" href=\"https:\/\/www.fraenkisches-seenland.de\/\" data-type=\"URL\" data-id=\"https:\/\/www.fraenkisches-seenland.de\/\" target=\"_blank\">www.fraenkisches-seenland.de\/<\/a> informieren. Durch die gute Anbindung an Bus- und Bahnstreckennetze ist die Region bequem mit dem \u00d6PNV zu erreichen &#8211; weitere Informationen hierzu unter <a rel=\"noreferrer noopener\" href=\"https:\/\/www.fraenkisches-seenland.de\/anreise\/\" data-type=\"URL\" data-id=\"https:\/\/www.fraenkisches-seenland.de\/anreise\/\" target=\"_blank\">www.fraenkisches-seenland.de\/anreise\/<\/a>.<\/strong><\/p>\n\n\n\n<figure class=\"is-layout-flex wp-block-gallery-1 wp-block-gallery columns-2 is-cropped\"><ul class=\"blocks-gallery-grid\"><li class=\"blocks-gallery-item\"><figure><img decoding=\"async\" loading=\"lazy\" width=\"1024\" height=\"683\" src=\"https:\/\/www.frankentourismus.de\/blog\/wp-content\/uploads\/2023\/01\/kloster-heidenheim-2020-06-12_10-1024x683.jpg\" alt=\"\" data-id=\"4365\" data-full-url=\"https:\/\/www.frankentourismus.de\/blog\/wp-content\/uploads\/2023\/01\/kloster-heidenheim-2020-06-12_10-scaled.jpg\" data-link=\"https:\/\/www.frankentourismus.de\/blog\/?attachment_id=4365\" class=\"wp-image-4365\" srcset=\"https:\/\/www.frankentourismus.de\/blog\/wp-content\/uploads\/2023\/01\/kloster-heidenheim-2020-06-12_10-1024x683.jpg 1024w, https:\/\/www.frankentourismus.de\/blog\/wp-content\/uploads\/2023\/01\/kloster-heidenheim-2020-06-12_10-300x200.jpg 300w, https:\/\/www.frankentourismus.de\/blog\/wp-content\/uploads\/2023\/01\/kloster-heidenheim-2020-06-12_10-768x512.jpg 768w, https:\/\/www.frankentourismus.de\/blog\/wp-content\/uploads\/2023\/01\/kloster-heidenheim-2020-06-12_10-1536x1024.jpg 1536w, https:\/\/www.frankentourismus.de\/blog\/wp-content\/uploads\/2023\/01\/kloster-heidenheim-2020-06-12_10-2048x1365.jpg 2048w\" sizes=\"(max-width: 1024px) 100vw, 1024px\" \/><figcaption class=\"blocks-gallery-item__caption\"> \u00a9 Kloster Heidenheim<\/figcaption><\/figure><\/li><li class=\"blocks-gallery-item\"><figure><img decoding=\"async\" loading=\"lazy\" width=\"1024\" height=\"709\" src=\"https:\/\/www.frankentourismus.de\/blog\/wp-content\/uploads\/2023\/01\/Luftbild-Kloster-Heidenheim-1024x709.jpg\" alt=\"\" data-id=\"4359\" data-full-url=\"https:\/\/www.frankentourismus.de\/blog\/wp-content\/uploads\/2023\/01\/Luftbild-Kloster-Heidenheim-scaled.jpg\" data-link=\"https:\/\/www.frankentourismus.de\/blog\/?attachment_id=4359\" class=\"wp-image-4359\" srcset=\"https:\/\/www.frankentourismus.de\/blog\/wp-content\/uploads\/2023\/01\/Luftbild-Kloster-Heidenheim-1024x709.jpg 1024w, https:\/\/www.frankentourismus.de\/blog\/wp-content\/uploads\/2023\/01\/Luftbild-Kloster-Heidenheim-300x208.jpg 300w, https:\/\/www.frankentourismus.de\/blog\/wp-content\/uploads\/2023\/01\/Luftbild-Kloster-Heidenheim-768x532.jpg 768w, https:\/\/www.frankentourismus.de\/blog\/wp-content\/uploads\/2023\/01\/Luftbild-Kloster-Heidenheim-1536x1063.jpg 1536w, https:\/\/www.frankentourismus.de\/blog\/wp-content\/uploads\/2023\/01\/Luftbild-Kloster-Heidenheim-2048x1418.jpg 2048w\" sizes=\"(max-width: 1024px) 100vw, 1024px\" \/><figcaption class=\"blocks-gallery-item__caption\">\u00a9 Kloster Heidenheim<\/figcaption><\/figure><\/li><\/ul><\/figure>\n","protected":false},"excerpt":{"rendered":"<p>Vom fr\u00e4nkischen Urkloster zur \u00f6kumenischen Bildungs- und Begegnungsst\u00e4tte: Das Kloster Heidenheim im Fr\u00e4nkischen Seenland hat eine bewegte Geschichte \u2013 und blickt einer spannenden Zukunft entgegen. Das zeigt ein Besuch bei Gesch\u00e4ftsf\u00fchrer Reinhold Seefried. Mit den Hausbesuchen begleiten wir Einheimische bei ihrem t\u00e4glichen Wirken im Urlaubsland Franken. Heute begebe ich mich mit Reinhold Seefried auf eine [&hellip;]<\/p>\n","protected":false},"author":39,"featured_media":4359,"comment_status":"open","ping_status":"","sticky":false,"template":"","format":"standard","meta":[],"categories":[1,125],"tags":[97,271,87],"yoast_head":"<!-- This site is optimized with the Yoast SEO plugin v19.14 - https:\/\/yoast.com\/wordpress\/plugins\/seo\/ -->\n<title>Fr\u00e4nkisches Seenland: Am Puls des Glaubens - Franken Blog<\/title>\n<meta name=\"robots\" content=\"index, follow, max-snippet:-1, max-image-preview:large, max-video-preview:-1\" \/>\n<link rel=\"canonical\" href=\"https:\/\/www.frankentourismus.de\/blog\/2023\/01\/13\/fraenkisches-seenland-am-puls-des-glaubens\/\" \/>\n<meta property=\"og:locale\" content=\"de_DE\" \/>\n<meta property=\"og:type\" content=\"article\" \/>\n<meta property=\"og:title\" content=\"Fr\u00e4nkisches Seenland: Am Puls des Glaubens - Franken Blog\" \/>\n<meta property=\"og:description\" content=\"Vom fr\u00e4nkischen Urkloster zur \u00f6kumenischen Bildungs- und Begegnungsst\u00e4tte: Das Kloster Heidenheim im Fr\u00e4nkischen Seenland hat eine bewegte Geschichte \u2013 und blickt einer spannenden Zukunft entgegen. Das zeigt ein Besuch bei Gesch\u00e4ftsf\u00fchrer Reinhold Seefried. Mit den Hausbesuchen begleiten wir Einheimische bei ihrem t\u00e4glichen Wirken im Urlaubsland Franken. Heute begebe ich mich mit Reinhold Seefried auf eine [&hellip;]\" \/>\n<meta property=\"og:url\" content=\"https:\/\/www.frankentourismus.de\/blog\/2023\/01\/13\/fraenkisches-seenland-am-puls-des-glaubens\/\" \/>\n<meta property=\"og:site_name\" content=\"Franken Blog\" \/>\n<meta property=\"article:published_time\" content=\"2023-01-13T11:00:00+00:00\" \/>\n<meta property=\"article:modified_time\" content=\"2023-01-13T08:38:45+00:00\" \/>\n<meta property=\"og:image\" content=\"https:\/\/www.frankentourismus.de\/blog\/wp-content\/uploads\/2023\/01\/Luftbild-Kloster-Heidenheim-scaled.jpg\" \/>\n\t<meta property=\"og:image:width\" content=\"2560\" \/>\n\t<meta property=\"og:image:height\" content=\"1772\" \/>\n\t<meta property=\"og:image:type\" content=\"image\/jpeg\" \/>\n<meta name=\"author\" content=\"Barbara Keil\" \/>\n<meta name=\"twitter:card\" content=\"summary_large_image\" \/>\n<meta name=\"twitter:label1\" content=\"Written by\" \/>\n\t<meta name=\"twitter:data1\" content=\"Barbara Keil\" \/>\n\t<meta name=\"twitter:label2\" content=\"Est. reading time\" \/>\n\t<meta name=\"twitter:data2\" content=\"5 Minuten\" \/>\n<script type=\"application\/ld+json\" class=\"yoast-schema-graph\">{\"@context\":\"https:\/\/schema.org\",\"@graph\":[{\"@type\":\"WebPage\",\"@id\":\"https:\/\/www.frankentourismus.de\/blog\/2023\/01\/13\/fraenkisches-seenland-am-puls-des-glaubens\/\",\"url\":\"https:\/\/www.frankentourismus.de\/blog\/2023\/01\/13\/fraenkisches-seenland-am-puls-des-glaubens\/\",\"name\":\"Fr\u00e4nkisches Seenland: Am Puls des Glaubens - Franken Blog\",\"isPartOf\":{\"@id\":\"https:\/\/www.frankentourismus.de\/blog\/#website\"},\"datePublished\":\"2023-01-13T11:00:00+00:00\",\"dateModified\":\"2023-01-13T08:38:45+00:00\",\"author\":{\"@id\":\"https:\/\/www.frankentourismus.de\/blog\/#\/schema\/person\/1512774da01c82a6efe4d05624abe3a0\"},\"breadcrumb\":{\"@id\":\"https:\/\/www.frankentourismus.de\/blog\/2023\/01\/13\/fraenkisches-seenland-am-puls-des-glaubens\/#breadcrumb\"},\"inLanguage\":\"de-DE\",\"potentialAction\":[{\"@type\":\"ReadAction\",\"target\":[\"https:\/\/www.frankentourismus.de\/blog\/2023\/01\/13\/fraenkisches-seenland-am-puls-des-glaubens\/\"]}]},{\"@type\":\"BreadcrumbList\",\"@id\":\"https:\/\/www.frankentourismus.de\/blog\/2023\/01\/13\/fraenkisches-seenland-am-puls-des-glaubens\/#breadcrumb\",\"itemListElement\":[{\"@type\":\"ListItem\",\"position\":1,\"name\":\"Home\",\"item\":\"https:\/\/www.frankentourismus.de\/blog\/\"},{\"@type\":\"ListItem\",\"position\":2,\"name\":\"Fr\u00e4nkisches Seenland: Am Puls des Glaubens\"}]},{\"@type\":\"WebSite\",\"@id\":\"https:\/\/www.frankentourismus.de\/blog\/#website\",\"url\":\"https:\/\/www.frankentourismus.de\/blog\/\",\"name\":\"Franken Blog\",\"description\":\"Urlaub in Franken!\",\"potentialAction\":[{\"@type\":\"SearchAction\",\"target\":{\"@type\":\"EntryPoint\",\"urlTemplate\":\"https:\/\/www.frankentourismus.de\/blog\/?s={search_term_string}\"},\"query-input\":\"required name=search_term_string\"}],\"inLanguage\":\"de-DE\"},{\"@type\":\"Person\",\"@id\":\"https:\/\/www.frankentourismus.de\/blog\/#\/schema\/person\/1512774da01c82a6efe4d05624abe3a0\",\"name\":\"Barbara Keil\",\"image\":{\"@type\":\"ImageObject\",\"inLanguage\":\"de-DE\",\"@id\":\"https:\/\/www.frankentourismus.de\/blog\/#\/schema\/person\/image\/\",\"url\":\"https:\/\/www.frankentourismus.de\/blog\/wp-content\/uploads\/2021\/05\/Barbara-Keil-bearbeitet-150x150.jpg\",\"contentUrl\":\"https:\/\/www.frankentourismus.de\/blog\/wp-content\/uploads\/2021\/05\/Barbara-Keil-bearbeitet-150x150.jpg\",\"caption\":\"Barbara Keil\"},\"url\":\"https:\/\/www.frankentourismus.de\/blog\/author\/barbara-keil\/\"}]}<\/script>\n<!-- \/ Yoast SEO plugin. -->","yoast_head_json":{"title":"Fr\u00e4nkisches Seenland: Am Puls des Glaubens - Franken Blog","robots":{"index":"index","follow":"follow","max-snippet":"max-snippet:-1","max-image-preview":"max-image-preview:large","max-video-preview":"max-video-preview:-1"},"canonical":"https:\/\/www.frankentourismus.de\/blog\/2023\/01\/13\/fraenkisches-seenland-am-puls-des-glaubens\/","og_locale":"de_DE","og_type":"article","og_title":"Fr\u00e4nkisches Seenland: Am Puls des Glaubens - Franken Blog","og_description":"Vom fr\u00e4nkischen Urkloster zur \u00f6kumenischen Bildungs- und Begegnungsst\u00e4tte: Das Kloster Heidenheim im Fr\u00e4nkischen Seenland hat eine bewegte Geschichte \u2013 und blickt einer spannenden Zukunft entgegen. Das zeigt ein Besuch bei Gesch\u00e4ftsf\u00fchrer Reinhold Seefried. Mit den Hausbesuchen begleiten wir Einheimische bei ihrem t\u00e4glichen Wirken im Urlaubsland Franken. Heute begebe ich mich mit Reinhold Seefried auf eine [&hellip;]","og_url":"https:\/\/www.frankentourismus.de\/blog\/2023\/01\/13\/fraenkisches-seenland-am-puls-des-glaubens\/","og_site_name":"Franken Blog","article_published_time":"2023-01-13T11:00:00+00:00","article_modified_time":"2023-01-13T08:38:45+00:00","og_image":[{"width":2560,"height":1772,"url":"https:\/\/www.frankentourismus.de\/blog\/wp-content\/uploads\/2023\/01\/Luftbild-Kloster-Heidenheim-scaled.jpg","type":"image\/jpeg"}],"author":"Barbara Keil","twitter_card":"summary_large_image","twitter_misc":{"Written by":"Barbara Keil","Est. reading time":"5 Minuten"},"schema":{"@context":"https:\/\/schema.org","@graph":[{"@type":"WebPage","@id":"https:\/\/www.frankentourismus.de\/blog\/2023\/01\/13\/fraenkisches-seenland-am-puls-des-glaubens\/","url":"https:\/\/www.frankentourismus.de\/blog\/2023\/01\/13\/fraenkisches-seenland-am-puls-des-glaubens\/","name":"Fr\u00e4nkisches Seenland: Am Puls des Glaubens - Franken Blog","isPartOf":{"@id":"https:\/\/www.frankentourismus.de\/blog\/#website"},"datePublished":"2023-01-13T11:00:00+00:00","dateModified":"2023-01-13T08:38:45+00:00","author":{"@id":"https:\/\/www.frankentourismus.de\/blog\/#\/schema\/person\/1512774da01c82a6efe4d05624abe3a0"},"breadcrumb":{"@id":"https:\/\/www.frankentourismus.de\/blog\/2023\/01\/13\/fraenkisches-seenland-am-puls-des-glaubens\/#breadcrumb"},"inLanguage":"de-DE","potentialAction":[{"@type":"ReadAction","target":["https:\/\/www.frankentourismus.de\/blog\/2023\/01\/13\/fraenkisches-seenland-am-puls-des-glaubens\/"]}]},{"@type":"BreadcrumbList","@id":"https:\/\/www.frankentourismus.de\/blog\/2023\/01\/13\/fraenkisches-seenland-am-puls-des-glaubens\/#breadcrumb","itemListElement":[{"@type":"ListItem","position":1,"name":"Home","item":"https:\/\/www.frankentourismus.de\/blog\/"},{"@type":"ListItem","position":2,"name":"Fr\u00e4nkisches Seenland: Am Puls des Glaubens"}]},{"@type":"WebSite","@id":"https:\/\/www.frankentourismus.de\/blog\/#website","url":"https:\/\/www.frankentourismus.de\/blog\/","name":"Franken Blog","description":"Urlaub in Franken!","potentialAction":[{"@type":"SearchAction","target":{"@type":"EntryPoint","urlTemplate":"https:\/\/www.frankentourismus.de\/blog\/?s={search_term_string}"},"query-input":"required name=search_term_string"}],"inLanguage":"de-DE"},{"@type":"Person","@id":"https:\/\/www.frankentourismus.de\/blog\/#\/schema\/person\/1512774da01c82a6efe4d05624abe3a0","name":"Barbara Keil","image":{"@type":"ImageObject","inLanguage":"de-DE","@id":"https:\/\/www.frankentourismus.de\/blog\/#\/schema\/person\/image\/","url":"https:\/\/www.frankentourismus.de\/blog\/wp-content\/uploads\/2021\/05\/Barbara-Keil-bearbeitet-150x150.jpg","contentUrl":"https:\/\/www.frankentourismus.de\/blog\/wp-content\/uploads\/2021\/05\/Barbara-Keil-bearbeitet-150x150.jpg","caption":"Barbara Keil"},"url":"https:\/\/www.frankentourismus.de\/blog\/author\/barbara-keil\/"}]}},"_links":{"self":[{"href":"https:\/\/www.frankentourismus.de\/blog\/wp-json\/wp\/v2\/posts\/4331"}],"collection":[{"href":"https:\/\/www.frankentourismus.de\/blog\/wp-json\/wp\/v2\/posts"}],"about":[{"href":"https:\/\/www.frankentourismus.de\/blog\/wp-json\/wp\/v2\/types\/post"}],"author":[{"embeddable":true,"href":"https:\/\/www.frankentourismus.de\/blog\/wp-json\/wp\/v2\/users\/39"}],"replies":[{"embeddable":true,"href":"https:\/\/www.frankentourismus.de\/blog\/wp-json\/wp\/v2\/comments?post=4331"}],"version-history":[{"count":15,"href":"https:\/\/www.frankentourismus.de\/blog\/wp-json\/wp\/v2\/posts\/4331\/revisions"}],"predecessor-version":[{"id":4657,"href":"https:\/\/www.frankentourismus.de\/blog\/wp-json\/wp\/v2\/posts\/4331\/revisions\/4657"}],"wp:featuredmedia":[{"embeddable":true,"href":"https:\/\/www.frankentourismus.de\/blog\/wp-json\/wp\/v2\/media\/4359"}],"wp:attachment":[{"href":"https:\/\/www.frankentourismus.de\/blog\/wp-json\/wp\/v2\/media?parent=4331"}],"wp:term":[{"taxonomy":"category","embeddable":true,"href":"https:\/\/www.frankentourismus.de\/blog\/wp-json\/wp\/v2\/categories?post=4331"},{"taxonomy":"post_tag","embeddable":true,"href":"https:\/\/www.frankentourismus.de\/blog\/wp-json\/wp\/v2\/tags?post=4331"}],"curies":[{"name":"wp","href":"https:\/\/api.w.org\/{rel}","templated":true}]}}