{"id":3557,"date":"2025-10-17T09:00:00","date_gmt":"2025-10-17T07:00:00","guid":{"rendered":"https:\/\/www.frankentourismus.de\/blog\/?p=3557"},"modified":"2025-10-17T11:27:47","modified_gmt":"2025-10-17T09:27:47","slug":"flauschige-freiheit-in-der-rhoen","status":"publish","type":"post","link":"https:\/\/www.frankentourismus.de\/blog\/2025\/10\/17\/flauschige-freiheit-in-der-rhoen\/","title":{"rendered":"Rh\u00f6nmoment hautnah: Mit Alpakas auf Tour"},"content":{"rendered":"\n<p><strong>Die weite Landschaft der <a href=\"https:\/\/www.rhoen.info\/\" target=\"_blank\" rel=\"noreferrer noopener\">Rh\u00f6n<\/a>, der Blick in die freundlichen Augen eines Alpakas oder der frische Geschmack eines heimischen Biers: Unvergessliche \u201eRh\u00f6nmomente\u201c sind bei Florian und Marc-Andr\u00e9 Janz im Oberelsbacher Ortsteil Ginolfs garantiert.<\/strong><\/p>\n\n\n<div class=\"hint\">\n            <figure>\n            <img width=\"300\" height=\"300\" src=\"https:\/\/www.frankentourismus.de\/blog\/wp-content\/uploads\/2021\/05\/Barbara-Keil-bearbeitet-300x300.jpg\" class=\"attachment-medium size-medium\" alt=\"\" decoding=\"async\" loading=\"lazy\" srcset=\"https:\/\/www.frankentourismus.de\/blog\/wp-content\/uploads\/2021\/05\/Barbara-Keil-bearbeitet-300x300.jpg 300w, https:\/\/www.frankentourismus.de\/blog\/wp-content\/uploads\/2021\/05\/Barbara-Keil-bearbeitet-1020x1024.jpg 1020w, https:\/\/www.frankentourismus.de\/blog\/wp-content\/uploads\/2021\/05\/Barbara-Keil-bearbeitet-150x150.jpg 150w, https:\/\/www.frankentourismus.de\/blog\/wp-content\/uploads\/2021\/05\/Barbara-Keil-bearbeitet-768x771.jpg 768w, https:\/\/www.frankentourismus.de\/blog\/wp-content\/uploads\/2021\/05\/Barbara-Keil-bearbeitet.jpg 1262w\" sizes=\"(max-width: 300px) 100vw, 300px\" \/>        <\/figure>\n    \n    <div class=\"content\">\n        <p>Mein Name ist Barbara Keil, ich bin an der Grenze zum Reiseland Franken aufgewachsen und habe schon als Kind gern meine fr\u00e4nkischen Verwandten besucht. Doch erst als ich vor einigen Jahren anfing, als Redakteurin beruflich nach Franken zu reisen, ist mir klar geworden, wie unglaublich vielf\u00e4ltig die Region ist. Jeder Ausflug bietet neue \u00fcberraschende Entdeckungen und spannende Begegnungen mit den Menschen vor Ort!<\/p>\n    <\/div>\n<\/div>\n\n\n\n<div class=\"is-layout-flex wp-container-2 wp-block-columns\">\n<div class=\"is-layout-flow wp-block-column\">\n<div class=\"wp-block-media-text alignwide has-media-on-the-right\" style=\"grid-template-columns:auto 25%\"><div class=\"wp-block-media-text__content\">\n<p class=\"has-normal-font-size\"><strong>Mit den Hausbesuchen begleiten wir Einheimische bei ihrem t\u00e4glichen Wirken im Urlaubsland Franken. Heute bin ich in Ginolfs bei Oberelsbach unterwegs, um hier mit Flo, Marc-Andr\u00e9 und ihren Alpakas meinen pers\u00f6nlichen &#8222;Rh\u00f6nmoment&#8220; zu erleben. Mit ihrem Unternehmen wurden sie nun mit dem Bayerischen Tourismuspreis ausgezeichnet.<\/strong><\/p>\n<\/div><figure class=\"wp-block-media-text__media\"><img decoding=\"async\" loading=\"lazy\" width=\"562\" height=\"640\" src=\"https:\/\/www.frankentourismus.de\/blog\/wp-content\/uploads\/2021\/05\/FT-Hausbesuche-frei-1.png\" alt=\"\" class=\"wp-image-1195 size-full\" srcset=\"https:\/\/www.frankentourismus.de\/blog\/wp-content\/uploads\/2021\/05\/FT-Hausbesuche-frei-1.png 562w, https:\/\/www.frankentourismus.de\/blog\/wp-content\/uploads\/2021\/05\/FT-Hausbesuche-frei-1-263x300.png 263w\" sizes=\"(max-width: 562px) 100vw, 562px\" \/><\/figure><\/div>\n<\/div>\n<\/div>\n\n\n\n<p>Gutes Zureden ist vergeblich, sanftes Ziehen am Halfter hilft auch nicht. <strong>Alpaka Sitt <\/strong>wirft stolz den Kopf mit den rotbraunen Ponyfransen zur\u00fcck und macht klar: Solange es hier am Wegesrand <strong>leckere Haselnussbl\u00e4tter<\/strong> zu fressen gibt, hat er nicht vor, einen weiteren Schritt zu tun. Aber schon ist einer der Br\u00fcder Janz zur Stelle, um auch das verfressenste Tier der Herde zum Weitergehen zu bewegen.<\/p>\n\n\n\n<h2>Ruhe lernen von den flauschigen Begleitern<\/h2>\n\n\n\n<p>Verz\u00f6gerungen geh\u00f6ren beim <strong>Wandern mit Alpakas<\/strong> einfach mit dazu, das geben<strong> Florian und Marc-Andr\u00e9 Janz <\/strong>den Teilnehmer:innen ihrer Touren gleich am Anfang mit auf den Weg. Manche Tiere wollen sofort probieren, wie das Gras auf der anderen Seite des Weidezauns schmeckt, andere dr\u00e4ngeln, um ihren Stammplatz in der kleinen Alpaka-Karawane zu finden. Und wenn es ihnen zu bunt wird, dann legen die Hengste sich einfach hin. <strong>\u201eWenn die Leute zu laut oder zu hektisch sind, haben die Tiere keine Lust\u201c<\/strong>, erkl\u00e4rt Florian, genannt Flo. Alpakas m\u00f6gen es n\u00e4mlich ruhig. Auf ihren Schwielensohlen schreiten sie ger\u00e4uschlos durchs Rh\u00f6ngras und zur Verst\u00e4ndigung untereinander geben sie ein sanftes Brummen von sich. Diese <strong>Ruhe<\/strong> steckt an, haben die beiden Br\u00fcder gemerkt: \u201eKinder sind am Anfang oft aufgeregt und laut und erschrecken das Tier. Doch dann merken sie von selbst, dass sie ruhig sein m\u00fcssen\u201c, erz\u00e4hlt Flo.<\/p>\n\n\n\n<figure class=\"wp-block-image size-large\"><img decoding=\"async\" loading=\"lazy\" width=\"1024\" height=\"683\" src=\"https:\/\/www.frankentourismus.de\/blog\/wp-content\/uploads\/2022\/10\/IMG_5657-1024x683.jpg\" alt=\"\" class=\"wp-image-3569\" srcset=\"https:\/\/www.frankentourismus.de\/blog\/wp-content\/uploads\/2022\/10\/IMG_5657-1024x683.jpg 1024w, https:\/\/www.frankentourismus.de\/blog\/wp-content\/uploads\/2022\/10\/IMG_5657-300x200.jpg 300w, https:\/\/www.frankentourismus.de\/blog\/wp-content\/uploads\/2022\/10\/IMG_5657-768x512.jpg 768w, https:\/\/www.frankentourismus.de\/blog\/wp-content\/uploads\/2022\/10\/IMG_5657-1536x1024.jpg 1536w, https:\/\/www.frankentourismus.de\/blog\/wp-content\/uploads\/2022\/10\/IMG_5657-2048x1365.jpg 2048w\" sizes=\"(max-width: 1024px) 100vw, 1024px\" \/><figcaption class=\"wp-element-caption\">\u00a9 FrankenTourismus \/ Barbara Keil<\/figcaption><\/figure>\n\n\n\n<p>Mit Anfang 20, w\u00e4hrend es viele Gleichaltrige in die Stadt zog, entschieden sich die Janz-Br\u00fcder, <strong>die Landwirtschaft der Gro\u00dfeltern in ihrem Heimatdorf Ginolfs<\/strong>, einem Ortsteil von Oberelsbach, zu \u00fcbernehmen. <strong>\u201eWir brauchen die Freiheit um uns herum\u201c<\/strong>, erkl\u00e4rt Flo den ungew\u00f6hnlichen Entschluss. Seit 2018 teilen sie diese Freiheit mit Alpakas. <strong>\u00dcber 25 Hengste und Wallache<\/strong> sind es inzwischen \u2013 keine Stuten, damit die Hengste sich nicht wegen der Damen in die Wolle kriegen. Eine reine \u201eM\u00e4nnerwirtschaft\u201c ist <strong>\u201eRh\u00f6nmomente\u201c<\/strong> trotzdem nicht, die Br\u00fcder bekommen auch weibliche Unterst\u00fctzung \u2013 nicht zuletzt von ihrer Mutter, die <strong>hausgemachte Kuchen<\/strong> f\u00fcr die Wandernden beisteuert.<\/p>\n\n\n\n<p>Was als <strong>spontaner Einfall bei einem Bierchen im Baumhaus<\/strong> begann, entwickelte sich schnell zur Grundlage f\u00fcr ein eigenes Unternehmen. Die Tiere, die urspr\u00fcnglich aus Peru kommen, sind nicht nur eine niedliche Wanderbegleitung, sie bewegen sich auch sehr sicher im Steilen und k\u00f6nnen zur <strong>Landschaftspflege im schwierigen Gel\u00e4nde<\/strong> eingesetzt werden. So helfen sie mit, das zu erhalten, was die Rh\u00f6n ausmacht: die <strong>\u201eoffenen Fernen\u201c mit weiten Panoramablicken<\/strong>; wo so wunderbar <strong>gewandert, geradelt oder <a data-type=\"URL\" data-id=\"https:\/\/www.rhoen.info\/sternenpark-rhoen\" href=\"https:\/\/www.rhoen.info\/sternenpark-rhoen\" target=\"_blank\" rel=\"noreferrer noopener\">nachts nach den Sternen<\/a><\/strong> gegriffen werden kann.<\/p>\n\n\n\n<figure class=\"wp-block-image size-large\"><img decoding=\"async\" loading=\"lazy\" width=\"1024\" height=\"683\" src=\"https:\/\/www.frankentourismus.de\/blog\/wp-content\/uploads\/2025\/10\/IMG_5625-1024x683.jpg\" alt=\"\" class=\"wp-image-7257\" srcset=\"https:\/\/www.frankentourismus.de\/blog\/wp-content\/uploads\/2025\/10\/IMG_5625-1024x683.jpg 1024w, https:\/\/www.frankentourismus.de\/blog\/wp-content\/uploads\/2025\/10\/IMG_5625-300x200.jpg 300w, https:\/\/www.frankentourismus.de\/blog\/wp-content\/uploads\/2025\/10\/IMG_5625-768x512.jpg 768w, https:\/\/www.frankentourismus.de\/blog\/wp-content\/uploads\/2025\/10\/IMG_5625-1536x1024.jpg 1536w, https:\/\/www.frankentourismus.de\/blog\/wp-content\/uploads\/2025\/10\/IMG_5625-2048x1365.jpg 2048w\" sizes=\"(max-width: 1024px) 100vw, 1024px\" \/><figcaption class=\"wp-element-caption\">\u00a9 FrankenTourismus \/ Barbara Keil<\/figcaption><\/figure>\n\n\n\n<p>Die &#8222;offenen Fernen&#8220; erleben auch die Teilnehmer:innen der rund vier Kilometer langen <strong>Alpakawanderung<\/strong>. Bei der Pause am Aussichtspunkt gibt es eine St\u00e4rkung \u2013 Gras und Bl\u00e4tter f\u00fcr Sitt &amp; Co., <strong>Heu-Limo<\/strong> und <strong>Kuchen<\/strong> f\u00fcr die Zweibeiner. Dazu servieren die Br\u00fcder ein bisschen <strong>Alpaka-Wissen<\/strong> und erkl\u00e4ren zum Beispiel, dass die Tiere mit rund f\u00fcnf Jahren ausgewachsen sind, dass ihre allergiker-freundliche Wolle besonders gut w\u00e4rmt und es zwei verschiedene Rassen gibt: Die Huacayas haben ein dichtes, dickes Teddyfell, das der Suris ist seidiger.<\/p>\n\n\n\n<figure class=\"wp-block-image size-large\"><img decoding=\"async\" loading=\"lazy\" width=\"1024\" height=\"683\" src=\"https:\/\/www.frankentourismus.de\/blog\/wp-content\/uploads\/2022\/10\/Alf-44-1024x683.jpg\" alt=\"\" class=\"wp-image-3563\" srcset=\"https:\/\/www.frankentourismus.de\/blog\/wp-content\/uploads\/2022\/10\/Alf-44-1024x683.jpg 1024w, https:\/\/www.frankentourismus.de\/blog\/wp-content\/uploads\/2022\/10\/Alf-44-300x200.jpg 300w, https:\/\/www.frankentourismus.de\/blog\/wp-content\/uploads\/2022\/10\/Alf-44-768x512.jpg 768w, https:\/\/www.frankentourismus.de\/blog\/wp-content\/uploads\/2022\/10\/Alf-44-1536x1024.jpg 1536w, https:\/\/www.frankentourismus.de\/blog\/wp-content\/uploads\/2022\/10\/Alf-44-2048x1365.jpg 2048w\" sizes=\"(max-width: 1024px) 100vw, 1024px\" \/><figcaption class=\"wp-element-caption\">\u00a9 Niklas Wagenbrenner<\/figcaption><\/figure>\n\n\n\n<p>Die <strong>Touren und Fotoshootings<\/strong> mit den putzigen Alpakas sind <strong>beliebte Geschenke<\/strong>: M\u00e4nner \u00fcberraschen gern ihre Herzensdame mit einem der stilvollen Holzgutscheine von \u201eRh\u00f6nmomente\u201c \u2013 und die Damen revanchieren sich dann mit einem Gutschein f\u00fcr die <strong>Bierwanderung<\/strong>. Dabei arbeiten Flo und Marc-Andr\u00e9 Janz mit vielen regionalen Anbietern zusammen. Sie f\u00fchren die Teilnehmenden zu den <strong>sch\u00f6nsten Aussichtspl\u00e4tzen rund um Ginolfs<\/strong>, servieren unterwegs an vier Stationen <strong>Rh\u00f6ner Biere<\/strong> und einmal zus\u00e4tzlich <strong>deftige heimische Spezialit\u00e4ten<\/strong>. <strong>\u201eUns ist es wichtig, dass jeder einen sch\u00f6nen Rh\u00f6nmoment mit nach Hause nimmt\u201c<\/strong>, betont Flo. Und wie sieht der <strong>perfekte Rh\u00f6nmoment<\/strong> f\u00fcr ihn aus? Da muss er nicht lange \u00fcberlegen: \u201eWenn ich oben im Baumhaus sitze, mir die Aussicht anschaue, am besten mit einem Bier in der Hand: <strong>Das ist mein Rh\u00f6nmoment \u2013 und dann kommen auch die guten Ideen f\u00fcr unser Unternehmen.\u201c<\/strong><\/p>\n\n\n\n<figure class=\"wp-block-image size-large\"><img decoding=\"async\" loading=\"lazy\" width=\"1024\" height=\"683\" src=\"https:\/\/www.frankentourismus.de\/blog\/wp-content\/uploads\/2022\/10\/Bier-18-1024x683.jpg\" alt=\"\" class=\"wp-image-3573\" srcset=\"https:\/\/www.frankentourismus.de\/blog\/wp-content\/uploads\/2022\/10\/Bier-18-1024x683.jpg 1024w, https:\/\/www.frankentourismus.de\/blog\/wp-content\/uploads\/2022\/10\/Bier-18-300x200.jpg 300w, https:\/\/www.frankentourismus.de\/blog\/wp-content\/uploads\/2022\/10\/Bier-18-768x512.jpg 768w, https:\/\/www.frankentourismus.de\/blog\/wp-content\/uploads\/2022\/10\/Bier-18-1536x1024.jpg 1536w, https:\/\/www.frankentourismus.de\/blog\/wp-content\/uploads\/2022\/10\/Bier-18-2048x1365.jpg 2048w\" sizes=\"(max-width: 1024px) 100vw, 1024px\" \/><figcaption class=\"wp-element-caption\">\u00a9 Niklas Wagenbrenner<\/figcaption><\/figure>\n\n\n\n<h2>Neu in Bischofsheim: Dein Rh\u00f6nmoment zum Mitnehmen<\/h2>\n\n\n\n<p>Seit Herbst 2024 gibt es die \u201eRh\u00f6nmomente\u201c nun auch mitten in <strong><a href=\"https:\/\/www.bischofsheim.info\/\" target=\"_blank\" rel=\"noreferrer noopener\">Bischofsheim<\/a><\/strong> zu entdecken: Hier haben Flo und Marc-Andr\u00e9 ihren ersten <strong>eigenen Laden<\/strong> er\u00f6ffnet. Zwischen alten Fachwerkw\u00e4nden und frischem Holzduft pr\u00e4sentieren sie dort das, was ihre Heimat so besonders macht \u2013 <strong>regionale Spezialit\u00e4ten, handgefertigte Geschenkideen und hochwertige Kleidung aus Alpakawolle<\/strong>. Der neue Treffpunkt spiegelt die Philosophie der beiden Br\u00fcder wider:<strong> authentisch<\/strong>, <strong>naturverbunden<\/strong> und mit einem <strong>Augenzwinkern f\u00fcr das Sch\u00f6ne im Allt\u00e4glichen<\/strong>.<\/p>\n\n\n\n<p><strong>Auch Lust bekommen, sich von einem <a data-type=\"URL\" data-id=\"https:\/\/rhoenmomente.de\/\" href=\"https:\/\/rhoenmomente.de\/\" target=\"_blank\" rel=\"noreferrer noopener\">&#8222;Rh\u00f6nmoment&#8220;<\/a> verzaubern zu lassen? Dann auf zu einem Besuch bei Flo, Marc-Andr\u00e9 und den Alpakas in Ginolfs. Oberelsbach und Umgebung sind durch die Anbindung an das <a data-type=\"URL\" data-id=\"https:\/\/www.oberelsbach.de\/bauen-wohnen\/mobilitaet\/oepnv\" href=\"https:\/\/www.oberelsbach.de\/bauen-wohnen\/mobilitaet\/oepnv\" target=\"_blank\" rel=\"noreferrer noopener\">\u00f6ffentliche Verkehrsnetz<\/a><\/strong> <strong>der Rh\u00f6n gut erreichbar und die flauschigen Wandergef\u00e4hrten freuen sich \u00fcber Gesellschaft. Abschlie\u00dfend noch der Hinweis, bei Touren in der einzigartigen fr\u00e4nkischen Naturlandschaft auf die heimische Flora und Fauna sowie Umwelt und Mitmenschen <a data-type=\"URL\" data-id=\"https:\/\/www.frankentourismus.de\/reisefuehrer\/nachhaltiger-urlaub\/verhaltensregeln\/\" href=\"https:\/\/www.frankentourismus.de\/reisefuehrer\/nachhaltiger-urlaub\/verhaltensregeln\/\" target=\"_blank\" rel=\"noreferrer noopener\">R\u00fccksicht zu nehmen<\/a>. <\/strong><\/p>\n\n\n\n<figure class=\"is-layout-flex wp-block-gallery-3 wp-block-gallery has-nested-images columns-default is-cropped\">\n<figure class=\"wp-block-image size-large\"><img decoding=\"async\" loading=\"lazy\" width=\"1024\" height=\"683\" data-id=\"3561\"  src=\"https:\/\/www.frankentourismus.de\/blog\/wp-content\/uploads\/2022\/10\/MaggiFriends-60-1024x683.jpg\" alt=\"\" class=\"wp-image-3561\" srcset=\"https:\/\/www.frankentourismus.de\/blog\/wp-content\/uploads\/2022\/10\/MaggiFriends-60-1024x683.jpg 1024w, https:\/\/www.frankentourismus.de\/blog\/wp-content\/uploads\/2022\/10\/MaggiFriends-60-300x200.jpg 300w, https:\/\/www.frankentourismus.de\/blog\/wp-content\/uploads\/2022\/10\/MaggiFriends-60-768x512.jpg 768w, https:\/\/www.frankentourismus.de\/blog\/wp-content\/uploads\/2022\/10\/MaggiFriends-60-1536x1024.jpg 1536w, https:\/\/www.frankentourismus.de\/blog\/wp-content\/uploads\/2022\/10\/MaggiFriends-60-2048x1365.jpg 2048w\" sizes=\"(max-width: 1024px) 100vw, 1024px\" \/><figcaption class=\"wp-element-caption\">\u00a9 Niklas Wagenbrenner<\/figcaption><\/figure>\n\n\n\n<figure class=\"wp-block-image size-large\"><img decoding=\"async\" loading=\"lazy\" width=\"1024\" height=\"768\" data-id=\"3559\"  src=\"https:\/\/www.frankentourismus.de\/blog\/wp-content\/uploads\/2022\/10\/61390448_907411006263084_1470219854345666560_o-1024x768.jpg\" alt=\"\" class=\"wp-image-3559\" srcset=\"https:\/\/www.frankentourismus.de\/blog\/wp-content\/uploads\/2022\/10\/61390448_907411006263084_1470219854345666560_o-1024x768.jpg 1024w, https:\/\/www.frankentourismus.de\/blog\/wp-content\/uploads\/2022\/10\/61390448_907411006263084_1470219854345666560_o-300x225.jpg 300w, https:\/\/www.frankentourismus.de\/blog\/wp-content\/uploads\/2022\/10\/61390448_907411006263084_1470219854345666560_o-768x576.jpg 768w, https:\/\/www.frankentourismus.de\/blog\/wp-content\/uploads\/2022\/10\/61390448_907411006263084_1470219854345666560_o-1536x1152.jpg 1536w, https:\/\/www.frankentourismus.de\/blog\/wp-content\/uploads\/2022\/10\/61390448_907411006263084_1470219854345666560_o.jpg 2016w\" sizes=\"(max-width: 1024px) 100vw, 1024px\" \/><figcaption class=\"wp-element-caption\">\u00a9 Niklas Wagenbrenner<\/figcaption><\/figure>\n<\/figure>\n","protected":false},"excerpt":{"rendered":"<p>Die weite Landschaft der Rh\u00f6n, der Blick in die freundlichen Augen eines Alpakas oder der frische Geschmack eines heimischen Biers: Unvergessliche \u201eRh\u00f6nmomente\u201c sind bei Florian und Marc-Andr\u00e9 Janz im Oberelsbacher Ortsteil Ginolfs garantiert. Mit den Hausbesuchen begleiten wir Einheimische bei ihrem t\u00e4glichen Wirken im Urlaubsland Franken. Heute bin ich in Ginolfs bei Oberelsbach unterwegs, um [&hellip;]<\/p>\n","protected":false},"author":39,"featured_media":3559,"comment_status":"open","ping_status":"closed","sticky":false,"template":"","format":"standard","meta":[],"categories":[43,61,125,289,179],"tags":[77,249,303,49,153,165],"yoast_head":"<!-- This site is optimized with the Yoast SEO plugin v19.14 - https:\/\/yoast.com\/wordpress\/plugins\/seo\/ -->\n<title>Rh\u00f6nmoment hautnah: Mit Alpakas auf Tour - Franken Blog<\/title>\n<meta name=\"description\" content=\"Alpakas, Bierwanderungen und echte Rh\u00f6ner Lebensfreude: Die Br\u00fcder Janz zeigen mit \u201eRh\u00f6nmomente\u201c, wie sch\u00f6n Urlaub in der Rh\u00f6n sein kann.\" \/>\n<meta name=\"robots\" content=\"index, follow, max-snippet:-1, max-image-preview:large, max-video-preview:-1\" \/>\n<link rel=\"canonical\" href=\"https:\/\/www.frankentourismus.de\/blog\/2025\/10\/17\/flauschige-freiheit-in-der-rhoen\/\" \/>\n<meta property=\"og:locale\" content=\"de_DE\" \/>\n<meta property=\"og:type\" content=\"article\" \/>\n<meta property=\"og:title\" content=\"Rh\u00f6nmoment hautnah: Mit Alpakas auf Tour - Franken Blog\" \/>\n<meta property=\"og:description\" content=\"Alpakas, Bierwanderungen und echte Rh\u00f6ner Lebensfreude: Die Br\u00fcder Janz zeigen mit \u201eRh\u00f6nmomente\u201c, wie sch\u00f6n Urlaub in der Rh\u00f6n sein kann.\" \/>\n<meta property=\"og:url\" content=\"https:\/\/www.frankentourismus.de\/blog\/2025\/10\/17\/flauschige-freiheit-in-der-rhoen\/\" \/>\n<meta property=\"og:site_name\" content=\"Franken Blog\" \/>\n<meta property=\"article:published_time\" content=\"2025-10-17T07:00:00+00:00\" \/>\n<meta property=\"article:modified_time\" content=\"2025-10-17T09:27:47+00:00\" \/>\n<meta property=\"og:image\" content=\"https:\/\/www.frankentourismus.de\/blog\/wp-content\/uploads\/2022\/10\/61390448_907411006263084_1470219854345666560_o.jpg\" \/>\n\t<meta property=\"og:image:width\" content=\"2016\" \/>\n\t<meta property=\"og:image:height\" content=\"1512\" \/>\n\t<meta property=\"og:image:type\" content=\"image\/jpeg\" \/>\n<meta name=\"author\" content=\"Barbara Keil\" \/>\n<meta name=\"twitter:card\" content=\"summary_large_image\" \/>\n<meta name=\"twitter:label1\" content=\"Written by\" \/>\n\t<meta name=\"twitter:data1\" content=\"Barbara Keil\" \/>\n\t<meta name=\"twitter:label2\" content=\"Est. reading time\" \/>\n\t<meta name=\"twitter:data2\" content=\"7 Minuten\" \/>\n<script type=\"application\/ld+json\" class=\"yoast-schema-graph\">{\"@context\":\"https:\/\/schema.org\",\"@graph\":[{\"@type\":\"WebPage\",\"@id\":\"https:\/\/www.frankentourismus.de\/blog\/2025\/10\/17\/flauschige-freiheit-in-der-rhoen\/\",\"url\":\"https:\/\/www.frankentourismus.de\/blog\/2025\/10\/17\/flauschige-freiheit-in-der-rhoen\/\",\"name\":\"Rh\u00f6nmoment hautnah: Mit Alpakas auf Tour - Franken Blog\",\"isPartOf\":{\"@id\":\"https:\/\/www.frankentourismus.de\/blog\/#website\"},\"datePublished\":\"2025-10-17T07:00:00+00:00\",\"dateModified\":\"2025-10-17T09:27:47+00:00\",\"author\":{\"@id\":\"https:\/\/www.frankentourismus.de\/blog\/#\/schema\/person\/1512774da01c82a6efe4d05624abe3a0\"},\"description\":\"Alpakas, Bierwanderungen und echte Rh\u00f6ner Lebensfreude: Die Br\u00fcder Janz zeigen mit \u201eRh\u00f6nmomente\u201c, wie sch\u00f6n Urlaub in der Rh\u00f6n sein kann.\",\"breadcrumb\":{\"@id\":\"https:\/\/www.frankentourismus.de\/blog\/2025\/10\/17\/flauschige-freiheit-in-der-rhoen\/#breadcrumb\"},\"inLanguage\":\"de-DE\",\"potentialAction\":[{\"@type\":\"ReadAction\",\"target\":[\"https:\/\/www.frankentourismus.de\/blog\/2025\/10\/17\/flauschige-freiheit-in-der-rhoen\/\"]}]},{\"@type\":\"BreadcrumbList\",\"@id\":\"https:\/\/www.frankentourismus.de\/blog\/2025\/10\/17\/flauschige-freiheit-in-der-rhoen\/#breadcrumb\",\"itemListElement\":[{\"@type\":\"ListItem\",\"position\":1,\"name\":\"Home\",\"item\":\"https:\/\/www.frankentourismus.de\/blog\/\"},{\"@type\":\"ListItem\",\"position\":2,\"name\":\"Rh\u00f6nmoment hautnah: Mit Alpakas auf Tour\"}]},{\"@type\":\"WebSite\",\"@id\":\"https:\/\/www.frankentourismus.de\/blog\/#website\",\"url\":\"https:\/\/www.frankentourismus.de\/blog\/\",\"name\":\"Franken Blog\",\"description\":\"Urlaub in Franken!\",\"potentialAction\":[{\"@type\":\"SearchAction\",\"target\":{\"@type\":\"EntryPoint\",\"urlTemplate\":\"https:\/\/www.frankentourismus.de\/blog\/?s={search_term_string}\"},\"query-input\":\"required name=search_term_string\"}],\"inLanguage\":\"de-DE\"},{\"@type\":\"Person\",\"@id\":\"https:\/\/www.frankentourismus.de\/blog\/#\/schema\/person\/1512774da01c82a6efe4d05624abe3a0\",\"name\":\"Barbara Keil\",\"image\":{\"@type\":\"ImageObject\",\"inLanguage\":\"de-DE\",\"@id\":\"https:\/\/www.frankentourismus.de\/blog\/#\/schema\/person\/image\/\",\"url\":\"https:\/\/www.frankentourismus.de\/blog\/wp-content\/uploads\/2021\/05\/Barbara-Keil-bearbeitet-150x150.jpg\",\"contentUrl\":\"https:\/\/www.frankentourismus.de\/blog\/wp-content\/uploads\/2021\/05\/Barbara-Keil-bearbeitet-150x150.jpg\",\"caption\":\"Barbara Keil\"},\"url\":\"https:\/\/www.frankentourismus.de\/blog\/author\/barbara-keil\/\"}]}<\/script>\n<!-- \/ Yoast SEO plugin. -->","yoast_head_json":{"title":"Rh\u00f6nmoment hautnah: Mit Alpakas auf Tour - Franken Blog","description":"Alpakas, Bierwanderungen und echte Rh\u00f6ner Lebensfreude: Die Br\u00fcder Janz zeigen mit \u201eRh\u00f6nmomente\u201c, wie sch\u00f6n Urlaub in der Rh\u00f6n sein kann.","robots":{"index":"index","follow":"follow","max-snippet":"max-snippet:-1","max-image-preview":"max-image-preview:large","max-video-preview":"max-video-preview:-1"},"canonical":"https:\/\/www.frankentourismus.de\/blog\/2025\/10\/17\/flauschige-freiheit-in-der-rhoen\/","og_locale":"de_DE","og_type":"article","og_title":"Rh\u00f6nmoment hautnah: Mit Alpakas auf Tour - Franken Blog","og_description":"Alpakas, Bierwanderungen und echte Rh\u00f6ner Lebensfreude: Die Br\u00fcder Janz zeigen mit \u201eRh\u00f6nmomente\u201c, wie sch\u00f6n Urlaub in der Rh\u00f6n sein kann.","og_url":"https:\/\/www.frankentourismus.de\/blog\/2025\/10\/17\/flauschige-freiheit-in-der-rhoen\/","og_site_name":"Franken Blog","article_published_time":"2025-10-17T07:00:00+00:00","article_modified_time":"2025-10-17T09:27:47+00:00","og_image":[{"width":2016,"height":1512,"url":"https:\/\/www.frankentourismus.de\/blog\/wp-content\/uploads\/2022\/10\/61390448_907411006263084_1470219854345666560_o.jpg","type":"image\/jpeg"}],"author":"Barbara Keil","twitter_card":"summary_large_image","twitter_misc":{"Written by":"Barbara Keil","Est. reading time":"7 Minuten"},"schema":{"@context":"https:\/\/schema.org","@graph":[{"@type":"WebPage","@id":"https:\/\/www.frankentourismus.de\/blog\/2025\/10\/17\/flauschige-freiheit-in-der-rhoen\/","url":"https:\/\/www.frankentourismus.de\/blog\/2025\/10\/17\/flauschige-freiheit-in-der-rhoen\/","name":"Rh\u00f6nmoment hautnah: Mit Alpakas auf Tour - Franken Blog","isPartOf":{"@id":"https:\/\/www.frankentourismus.de\/blog\/#website"},"datePublished":"2025-10-17T07:00:00+00:00","dateModified":"2025-10-17T09:27:47+00:00","author":{"@id":"https:\/\/www.frankentourismus.de\/blog\/#\/schema\/person\/1512774da01c82a6efe4d05624abe3a0"},"description":"Alpakas, Bierwanderungen und echte Rh\u00f6ner Lebensfreude: Die Br\u00fcder Janz zeigen mit \u201eRh\u00f6nmomente\u201c, wie sch\u00f6n Urlaub in der Rh\u00f6n sein kann.","breadcrumb":{"@id":"https:\/\/www.frankentourismus.de\/blog\/2025\/10\/17\/flauschige-freiheit-in-der-rhoen\/#breadcrumb"},"inLanguage":"de-DE","potentialAction":[{"@type":"ReadAction","target":["https:\/\/www.frankentourismus.de\/blog\/2025\/10\/17\/flauschige-freiheit-in-der-rhoen\/"]}]},{"@type":"BreadcrumbList","@id":"https:\/\/www.frankentourismus.de\/blog\/2025\/10\/17\/flauschige-freiheit-in-der-rhoen\/#breadcrumb","itemListElement":[{"@type":"ListItem","position":1,"name":"Home","item":"https:\/\/www.frankentourismus.de\/blog\/"},{"@type":"ListItem","position":2,"name":"Rh\u00f6nmoment hautnah: Mit Alpakas auf Tour"}]},{"@type":"WebSite","@id":"https:\/\/www.frankentourismus.de\/blog\/#website","url":"https:\/\/www.frankentourismus.de\/blog\/","name":"Franken Blog","description":"Urlaub in Franken!","potentialAction":[{"@type":"SearchAction","target":{"@type":"EntryPoint","urlTemplate":"https:\/\/www.frankentourismus.de\/blog\/?s={search_term_string}"},"query-input":"required name=search_term_string"}],"inLanguage":"de-DE"},{"@type":"Person","@id":"https:\/\/www.frankentourismus.de\/blog\/#\/schema\/person\/1512774da01c82a6efe4d05624abe3a0","name":"Barbara Keil","image":{"@type":"ImageObject","inLanguage":"de-DE","@id":"https:\/\/www.frankentourismus.de\/blog\/#\/schema\/person\/image\/","url":"https:\/\/www.frankentourismus.de\/blog\/wp-content\/uploads\/2021\/05\/Barbara-Keil-bearbeitet-150x150.jpg","contentUrl":"https:\/\/www.frankentourismus.de\/blog\/wp-content\/uploads\/2021\/05\/Barbara-Keil-bearbeitet-150x150.jpg","caption":"Barbara Keil"},"url":"https:\/\/www.frankentourismus.de\/blog\/author\/barbara-keil\/"}]}},"_links":{"self":[{"href":"https:\/\/www.frankentourismus.de\/blog\/wp-json\/wp\/v2\/posts\/3557"}],"collection":[{"href":"https:\/\/www.frankentourismus.de\/blog\/wp-json\/wp\/v2\/posts"}],"about":[{"href":"https:\/\/www.frankentourismus.de\/blog\/wp-json\/wp\/v2\/types\/post"}],"author":[{"embeddable":true,"href":"https:\/\/www.frankentourismus.de\/blog\/wp-json\/wp\/v2\/users\/39"}],"replies":[{"embeddable":true,"href":"https:\/\/www.frankentourismus.de\/blog\/wp-json\/wp\/v2\/comments?post=3557"}],"version-history":[{"count":8,"href":"https:\/\/www.frankentourismus.de\/blog\/wp-json\/wp\/v2\/posts\/3557\/revisions"}],"predecessor-version":[{"id":7267,"href":"https:\/\/www.frankentourismus.de\/blog\/wp-json\/wp\/v2\/posts\/3557\/revisions\/7267"}],"wp:featuredmedia":[{"embeddable":true,"href":"https:\/\/www.frankentourismus.de\/blog\/wp-json\/wp\/v2\/media\/3559"}],"wp:attachment":[{"href":"https:\/\/www.frankentourismus.de\/blog\/wp-json\/wp\/v2\/media?parent=3557"}],"wp:term":[{"taxonomy":"category","embeddable":true,"href":"https:\/\/www.frankentourismus.de\/blog\/wp-json\/wp\/v2\/categories?post=3557"},{"taxonomy":"post_tag","embeddable":true,"href":"https:\/\/www.frankentourismus.de\/blog\/wp-json\/wp\/v2\/tags?post=3557"}],"curies":[{"name":"wp","href":"https:\/\/api.w.org\/{rel}","templated":true}]}}