{"id":2721,"date":"2022-02-04T14:19:15","date_gmt":"2022-02-04T13:19:15","guid":{"rendered":"https:\/\/www.frankentourismus.de\/blog\/?p=2721"},"modified":"2023-03-28T13:38:17","modified_gmt":"2023-03-28T11:38:17","slug":"fichtelgebirge-ein-ranger-im-luchs-revier","status":"publish","type":"post","link":"https:\/\/www.frankentourismus.de\/blog\/2022\/02\/04\/fichtelgebirge-ein-ranger-im-luchs-revier\/","title":{"rendered":"Fichtelgebirge: Ein Ranger im Luchs-Revier"},"content":{"rendered":"\n<p><strong>Ronald Lederm\u00fcller aus Bad Alexandersbad ist Ranger im <a rel=\"noreferrer noopener\" href=\"https:\/\/www.frankentourismus.de\/gebiete\/fichtelgebirge\/\" data-type=\"URL\" data-id=\"https:\/\/www.frankentourismus.de\/gebiete\/fichtelgebirge\/\" target=\"_blank\">Naturpark Fichtelgebirge<\/a>. Dieser ist das \u201eRevier\u201c f\u00fcr Wanderer, Mountainbiker und Naturgenie\u00dfer \u2013 sowie f\u00fcr Luchs-Dame Julchen, der Ronald Lederm\u00fcller besondere Aufmerksamkeit schenkt.<\/strong><\/p>\n\n\n<div class=\"hint\">\n            <figure>\n            <img width=\"300\" height=\"199\" src=\"https:\/\/www.frankentourismus.de\/blog\/wp-content\/uploads\/2021\/05\/Sisi-Wein-3-bearbeitet-neu-1-300x199.jpg\" class=\"attachment-medium size-medium\" alt=\"\" decoding=\"async\" loading=\"lazy\" srcset=\"https:\/\/www.frankentourismus.de\/blog\/wp-content\/uploads\/2021\/05\/Sisi-Wein-3-bearbeitet-neu-1-300x199.jpg 300w, https:\/\/www.frankentourismus.de\/blog\/wp-content\/uploads\/2021\/05\/Sisi-Wein-3-bearbeitet-neu-1.jpg 622w\" sizes=\"(max-width: 300px) 100vw, 300px\" \/>        <\/figure>\n    \n    <div class=\"content\">\n        <p>Wenn man Wein mit Familiennamen (und Sisi mit Vornamen) hei\u00dft, passt es wunderbar, wenn man \u00fcber den Frankenwein schreiben darf. Und \u00fcber Frankens kulinarische Besonderheiten. \u00dcber Natur, Traditionen und Kultur. Und vor allem \u00fcber die Menschen, die das Urlaubsland so besonders machen. Das tue ich, seitdem ich vor rund 20 Jahren als Journalistin vom Bayerischen Wald in den Naturpark Altm\u00fchltal gezogen bin. So vereint meine Arbeit zwei meiner Lieblingsdinge: Schreiben und Reisen \u2013 denn noch immer ist jeder Recherche-Besuch in Franken wie Urlaub, bei dem unglaublich spannende und gastfreundliche Menschen meinen Horizont erweitern.<\/p>\n    <\/div>\n<\/div>\n\n\n\n<div class=\"wp-block-media-text alignwide has-media-on-the-right is-stacked-on-mobile\" style=\"grid-template-columns:auto 15%\"><div class=\"wp-block-media-text__content\">\n<p><strong>Mit den \u201eHausbesuchen\u201c begleiten wir Einheimische bei ihrem t\u00e4glichen Wirken im Urlaubsland Franken. Diesmal streife ich mit Ranger Ronald Lederm\u00fcller durch den Naturpark Fichtelgebirge und lerne hoffentlich &#8222;seine&#8220; Luchs-Dame Julchen kennen.<\/strong><\/p>\n<\/div><figure class=\"wp-block-media-text__media\"><img decoding=\"async\" loading=\"lazy\" width=\"562\" height=\"640\" src=\"https:\/\/www.frankentourismus.de\/blog\/wp-content\/uploads\/2021\/05\/FT-Hausbesuche-frei-1.png\" alt=\"\" class=\"wp-image-1195 size-full\" srcset=\"https:\/\/www.frankentourismus.de\/blog\/wp-content\/uploads\/2021\/05\/FT-Hausbesuche-frei-1.png 562w, https:\/\/www.frankentourismus.de\/blog\/wp-content\/uploads\/2021\/05\/FT-Hausbesuche-frei-1-263x300.png 263w\" sizes=\"(max-width: 562px) 100vw, 562px\" \/><\/figure><\/div>\n\n\n\n<p>Vom Turm der 939 Meter hohen K\u00f6sseine schweift der Blick \u00fcber die <strong>gr\u00fcnen Wogen des Fichtelgebirges<\/strong>, das sich wie ein <strong>riesiges Hufeisen<\/strong> aus Granit im Norden Frankens erstreckt. Markant erheben sich die <strong>Gipfel von Ochsenkopf und Schneeberg, von Gro\u00dfem Waldstein und der Platte<\/strong> \u00fcber den dunklen Bergw\u00e4ldern. \u201eHier ist unser Julchen unterwegs\u201c, weist Ronald Lederm\u00fcller in die Ferne, \u201eeine wundersch\u00f6ne Dame\u201c.<\/p>\n\n\n\n<h2>J\u00e4gerin auf Samtpfoten<\/h2>\n\n\n\n<p><strong>Julchen<\/strong>, so hei\u00dft das <strong>junge Luchs-Weibchen<\/strong>, das im August 2020 im Fichtelgebirge wieder frei gelassen wurde, nachdem es im Bayerischen Wald als Waisenkind gefunden worden war. Sie ist wirklich eine Sch\u00f6nheit mit ihrem <strong>Fleckenmuster<\/strong> und den<strong> typischen Pinselohren<\/strong>. Eine <strong>hervorragende J\u00e4gerin<\/strong> ist sie au\u00dferdem: Aus bis zu 50 Metern Entfernung h\u00f6rt sie das Rascheln einer Maus, wenn sie zum Sprint ansetzt, beschleunigt sie problemlos auf bis zu 70 Stundenkilometer. Doch nicht nur wegen ihrer Schnelligkeit k\u00e4me es einem Sechser im Lotto gleich, w\u00fcrde man sie in freier Wildbahn entdecken: Luchse sind nicht nur nachtaktiv, sondern auch <strong>extrem scheu<\/strong> und mit ihrem Fleckenmuster <strong>perfekt getarnt<\/strong>.<\/p>\n\n\n\n<p>Umso mehr freut sich Ronald Lederm\u00fcller, wenn Julchen in eine seiner <strong>Foto-Fallen<\/strong> tappt. Denn das ist der Beweis daf\u00fcr, dass sich die junge Luchsin im Fichtelgebirge wohlf\u00fchlt und den Naturpark als Revier anerkennt. Das wiederum erh\u00f6ht die Hoffnung auf eine neue <strong>Luchs-Population im Fichtelgebirge<\/strong> \u2013 wenn sich ein passender Kater findet. Fr\u00fcher waren Luchse in Deutschland weit verbreitet, doch aufgrund der immer st\u00e4rkeren Besiedelung durch die Menschen und gnadenloser Bejagung verschwanden sie im 19. Jahrhundert ganz. Erst in j\u00fcngster Zeit begann man mit der <strong>Wiederansiedlung der faszinierenden Pinselohren<\/strong>. Heute gibt es wieder vereinzelte Vorkommen im Bayerischen Wald und im Harz. \u201eDas Fichtelgebirge liegt auf dieser Mittelgebirgs-Achse genau dazwischen\u201c, erkl\u00e4rt Ronald Lederm\u00fcller, \u201eund ist damit ein <strong>wichtiger Trittstein<\/strong> f\u00fcr eine sich wieder <strong>neu entwickelnde Luchs-Population in Deutschland<\/strong>\u201c.<\/p>\n\n\n\n<figure class=\"wp-block-image size-large\"><img decoding=\"async\" loading=\"lazy\" width=\"1024\" height=\"670\" src=\"https:\/\/www.frankentourismus.de\/blog\/wp-content\/uploads\/2022\/02\/selbbach_renaturierung-11-1024x670.jpg\" alt=\"\" class=\"wp-image-2743\" srcset=\"https:\/\/www.frankentourismus.de\/blog\/wp-content\/uploads\/2022\/02\/selbbach_renaturierung-11-1024x670.jpg 1024w, https:\/\/www.frankentourismus.de\/blog\/wp-content\/uploads\/2022\/02\/selbbach_renaturierung-11-300x196.jpg 300w, https:\/\/www.frankentourismus.de\/blog\/wp-content\/uploads\/2022\/02\/selbbach_renaturierung-11-768x503.jpg 768w, https:\/\/www.frankentourismus.de\/blog\/wp-content\/uploads\/2022\/02\/selbbach_renaturierung-11-1536x1005.jpg 1536w, https:\/\/www.frankentourismus.de\/blog\/wp-content\/uploads\/2022\/02\/selbbach_renaturierung-11-2048x1341.jpg 2048w\" sizes=\"(max-width: 1024px) 100vw, 1024px\" \/><figcaption class=\"wp-element-caption\">\u00a9 Stadt Selb<\/figcaption><\/figure>\n\n\n\n<h2>Wertsch\u00e4tzung durch Wissen<\/h2>\n\n\n\n<p>Julchen und ihre m\u00f6glichen Nachkommen im Auge zu behalten, nennt man <strong>Monitoring<\/strong>, was zu Ronald Lederm\u00fcllers Aufgaben als Naturpark-Ranger z\u00e4hlt. \u201eVor allem aber tragen wir <strong>die Naturpark-Idee<\/strong> hinaus in die Fl\u00e4che\u201c, fasst der Ranger seine Arbeit zusammen. \u201e<strong>Wir sind sozusagen die Gesichter der Naturparke<\/strong>.\u201c Deren wichtigstes Ziel ist die <strong>Balance zwischen Mensch und Natur<\/strong>, denn ein Gro\u00dfteil der Naturpark-Fl\u00e4che wird vom Menschen bewirtschaftet. \u201eEs geht au\u00dferdem darum, eine Region <strong>zukunftsf\u00e4hig<\/strong> zu machen, ohne dass der <strong>Schutz von Tieren und Pflanzen<\/strong> darunter leidet.\u201c Diese Aufgabe k\u00f6nne ein Naturpark nur erf\u00fcllen, \u201ewenn <strong>sowohl die Einheimischen als auch die Touristen der Natur Wertsch\u00e4tzung entgegen bringen<\/strong>. Und diese erreicht man nur \u00fcber Kommunikation und Wissen\u201c, ist er sich sicher. <strong>Deshalb bieten die Ranger F\u00fchrungen an oder arbeiten mit Kinderg\u00e4rten und Schulen zusammen.<\/strong><\/p>\n\n\n\n<blockquote class=\"wp-block-quote\">\n<p>&#8222;Wir Ranger verteilen keine Strafzettel.&#8220;<\/p>\n<cite>Ronald Lederm\u00fcller<\/cite><\/blockquote>\n\n\n\n<p>F\u00fcr den studierten Forstwirt Lederm\u00fcller ist sein Beruf ein Lebenstraum, der in Erf\u00fcllung geht. Seit 2020 sommers wie winters drau\u00dfen unterwegs &#8211; der ehemalige Gesch\u00e4ftsf\u00fchrer des Naturparks Fichtelgebirge kann sich <strong>nichts Sch\u00f6neres vorstellen<\/strong>, denn: <strong>&#8222;Genau das wollte ich schon mein Leben lang machen.&#8220;<\/strong> Und er hat eine klare Vorstellung, wie seine Kollegen und er an die <strong>Besucher des Naturparks<\/strong> herantreten k\u00f6nnen: &#8222;Wir Ranger dr\u00e4ngen uns nicht auf\u201c, betont er \u201eund verteilen auch keine Strafzettel. Aber wir <strong>sensibilisieren die Menschen<\/strong> und wollen sie f\u00fcr unsere heimische Natur begeistern \u2013 das bringt mehr als ein Verbotsschild\u201c. Ein wichtiger Ansatz in einer der <strong>sch\u00f6nsten Mittelgebirgslandschaften<\/strong>: Das Fichtelgebirge lockt Erholungssuchende mit einer breiten Palette an<strong> Freizeitangeboten \u00fcber Wandern, Mountainbiken und Klettern<\/strong> bis hin zu <strong>Wintersport in Form von Skifahren oder Langlauf<\/strong>. <strong>Die reiche Prozellankultur, die Luisenburg-Festspiele, ber\u00fchmte Kurorte wie Bad Berneck oder Bischofsgr\u00fcn und auch die klassische fr\u00e4nkische K\u00fcche bieten weitere abwechslungsreiche M\u00f6glichkeiten f\u00fcr eine wohlverdiente Auszeit.<\/strong><\/p>\n\n\n\n<h2>Besucherlenkung auf Augenh\u00f6he<\/h2>\n\n\n\n<p>Das rund 1.000 Quadratkilometer gro\u00dfe Fichtelgebirge haben sich die drei Ranger des Naturparks untereinander aufgeteilt. Ronald Lederm\u00fcller ist f\u00fcr den S\u00fcden rund um Wunsiedel und seine Heimatgemeinde Bad Alexandersbad bis zur tschechischen Grenze und in die n\u00f6rdliche Oberpfalz zust\u00e4ndig. Gerne legt er die Strecken auf seinem <strong>Dienst-E-Bike<\/strong> zur\u00fcck. \u201eGerade E-Biker werden bei uns immer wichtiger\u201c, so der Ranger: \u201eDeshalb braucht es auch hier eine <strong>sanfte Besucherlenkung<\/strong> \u2013 und da ist es von Vorteil, wenn ich ihnen sozusagen auf Augenh\u00f6he begegne.\u201c Zu Ronald Lederm\u00fcllers Lieblingsplatz im Fichtelgebirge geht es dann aber doch zu Fu\u00df: Es ist der <strong>Burgstein, der Hausberg von Bad Alexandersbad <\/strong>und seine \u201epers\u00f6nliche Auflade-Ecke\u201c. Vielleicht hat er ja doch einmal Gl\u00fcck und entdeckt hier Julchen auf der Pirsch. Und selbst wenn ein tierischer Romeo f\u00fcr jede Menge <strong>Luchs-Nachwuchs<\/strong> sorgen sollte: Sein \u201eJulchen\u201c und ihre einzigartige Fellzeichnung wird Ranger Ronald Lederm\u00fcller bestimmt immer erkennen.<\/p>\n\n\n\n<figure class=\"wp-block-embed is-type-video is-provider-youtube wp-block-embed-youtube wp-embed-aspect-16-9 wp-has-aspect-ratio\"><div class=\"wp-block-embed__wrapper\">\n<iframe loading=\"lazy\" title=\"Die Ranger im Luchs-Revier -  Hausbesuch Fichtelgebirge\" width=\"500\" height=\"281\" src=\"https:\/\/www.youtube.com\/embed\/Ad55upd-ZWE?feature=oembed\" frameborder=\"0\" allow=\"accelerometer; autoplay; clipboard-write; encrypted-media; gyroscope; picture-in-picture; web-share\" allowfullscreen><\/iframe>\n<\/div><figcaption class=\"wp-element-caption\">\u00a9 FrankenTourismus \/ Sat.1 Bayern<\/figcaption><\/figure>\n\n\n\n<p><strong>Noch mehr Inspiration im Video: <a href=\"https:\/\/www.sat1.de\/serien\/17-30-sat1-bayern\/videos\/nei-gschaut-zu-gast-in-franken-tour-durchs-fichtelgebirge\" target=\"_blank\" rel=\"noreferrer noopener\">www.sat1.de<\/a><\/strong><\/p>\n\n\n\n<p><strong>Wer viel Gl\u00fcck hat, beobachtet im Naturpark Fichtelgebirge Ronald Lederm\u00fcllers Luchs-Dame. Aber auch ohne tierische Begegnung lohnt sich ein Besuch, denn das Fichtelgebirge ist eine hervorragende Urlaubsregion f\u00fcr Aktivurlauber und Naturliebhaber. Weitere Informationen zum Naturpark finden sich unter <a rel=\"noreferrer noopener\" href=\"https:\/\/naturpark-fichtelgebirge.org\/\" data-type=\"URL\" data-id=\"https:\/\/naturpark-fichtelgebirge.org\/\" target=\"_blank\">www.naturpark-fichtelgebirge.org<\/a>, \u00fcber das Freizeitangebot informiert <a rel=\"noreferrer noopener\" href=\"https:\/\/www.fichtelgebirge.bayern\/\" data-type=\"URL\" data-id=\"https:\/\/www.fichtelgebirge.bayern\/\" target=\"_blank\">www.fichtelgebirge.bayern<\/a>. Die Region ist gut \u00fcber das regionale Bus- und Bahnnetz erschlossen und schnell von N\u00fcrnberg, Bamberg oder Bayreuth aus erreicht. Abschlie\u00dfend sei auch noch auf <a rel=\"noreferrer noopener\" href=\"https:\/\/www.frankentourismus.de\/reisefuehrer\/reiseplanung\/verhaltensregeln\/\" data-type=\"URL\" data-id=\"https:\/\/www.frankentourismus.de\/reisefuehrer\/reiseplanung\/verhaltensregeln\/\" target=\"_blank\">angemessenes Verhalten im Naturpark<\/a> hingewiesen.<\/strong><\/p>\n\n\n\n<figure class=\"is-layout-flex wp-block-gallery-1 wp-block-gallery has-nested-images columns-default is-cropped\">\n<figure class=\"wp-block-image size-large\"><img decoding=\"async\" loading=\"lazy\" width=\"1024\" height=\"682\" data-id=\"2737\"  src=\"https:\/\/www.frankentourismus.de\/blog\/wp-content\/uploads\/2022\/02\/fig_1074_Fichtelgebirge__Luisenburg-Felsenlabyrinth-bei-Wunsiedel-1024x682.jpg\" alt=\"\" class=\"wp-image-2737\" srcset=\"https:\/\/www.frankentourismus.de\/blog\/wp-content\/uploads\/2022\/02\/fig_1074_Fichtelgebirge__Luisenburg-Felsenlabyrinth-bei-Wunsiedel-1024x682.jpg 1024w, https:\/\/www.frankentourismus.de\/blog\/wp-content\/uploads\/2022\/02\/fig_1074_Fichtelgebirge__Luisenburg-Felsenlabyrinth-bei-Wunsiedel-300x200.jpg 300w, https:\/\/www.frankentourismus.de\/blog\/wp-content\/uploads\/2022\/02\/fig_1074_Fichtelgebirge__Luisenburg-Felsenlabyrinth-bei-Wunsiedel-768x511.jpg 768w, https:\/\/www.frankentourismus.de\/blog\/wp-content\/uploads\/2022\/02\/fig_1074_Fichtelgebirge__Luisenburg-Felsenlabyrinth-bei-Wunsiedel-1536x1022.jpg 1536w, https:\/\/www.frankentourismus.de\/blog\/wp-content\/uploads\/2022\/02\/fig_1074_Fichtelgebirge__Luisenburg-Felsenlabyrinth-bei-Wunsiedel-2048x1363.jpg 2048w\" sizes=\"(max-width: 1024px) 100vw, 1024px\" \/><figcaption class=\"wp-element-caption\">\u00a9 Fichtelgebirge \/ Andreas Hub<\/figcaption><\/figure>\n\n\n\n<figure class=\"wp-block-image size-large\"><img decoding=\"async\" loading=\"lazy\" width=\"1024\" height=\"769\" data-id=\"2739\"  src=\"https:\/\/www.frankentourismus.de\/blog\/wp-content\/uploads\/2022\/02\/P1000464-1024x769.jpg\" alt=\"\" class=\"wp-image-2739\" srcset=\"https:\/\/www.frankentourismus.de\/blog\/wp-content\/uploads\/2022\/02\/P1000464-1024x769.jpg 1024w, https:\/\/www.frankentourismus.de\/blog\/wp-content\/uploads\/2022\/02\/P1000464-300x225.jpg 300w, https:\/\/www.frankentourismus.de\/blog\/wp-content\/uploads\/2022\/02\/P1000464-768x577.jpg 768w, https:\/\/www.frankentourismus.de\/blog\/wp-content\/uploads\/2022\/02\/P1000464-1536x1153.jpg 1536w, https:\/\/www.frankentourismus.de\/blog\/wp-content\/uploads\/2022\/02\/P1000464-2048x1538.jpg 2048w\" sizes=\"(max-width: 1024px) 100vw, 1024px\" \/><figcaption class=\"wp-element-caption\">\u00a9 FrankenTourismus \/ Sisi Wein<\/figcaption><\/figure>\n<\/figure>\n\n\n\n<p> <\/p>\n","protected":false},"excerpt":{"rendered":"<p>Ronald Lederm\u00fcller aus Bad Alexandersbad ist Ranger im Naturpark Fichtelgebirge. Dieser ist das \u201eRevier\u201c f\u00fcr Wanderer, Mountainbiker und Naturgenie\u00dfer \u2013 sowie f\u00fcr Luchs-Dame Julchen, der Ronald Lederm\u00fcller besondere Aufmerksamkeit schenkt. Mit den \u201eHausbesuchen\u201c begleiten wir Einheimische bei ihrem t\u00e4glichen Wirken im Urlaubsland Franken. Diesmal streife ich mit Ranger Ronald Lederm\u00fcller durch den Naturpark Fichtelgebirge und [&hellip;]<\/p>\n","protected":false},"author":41,"featured_media":2737,"comment_status":"open","ping_status":"closed","sticky":false,"template":"","format":"standard","meta":[],"categories":[125,289],"tags":[127,187,261],"yoast_head":"<!-- This site is optimized with the Yoast SEO plugin v19.14 - https:\/\/yoast.com\/wordpress\/plugins\/seo\/ -->\n<title>Fichtelgebirge: Ein Ranger im Luchs-Revier - Franken Blog<\/title>\n<meta name=\"robots\" content=\"index, follow, max-snippet:-1, max-image-preview:large, max-video-preview:-1\" \/>\n<link rel=\"canonical\" href=\"https:\/\/www.frankentourismus.de\/blog\/2022\/02\/04\/fichtelgebirge-ein-ranger-im-luchs-revier\/\" \/>\n<meta property=\"og:locale\" content=\"de_DE\" \/>\n<meta property=\"og:type\" content=\"article\" \/>\n<meta property=\"og:title\" content=\"Fichtelgebirge: Ein Ranger im Luchs-Revier - Franken Blog\" \/>\n<meta property=\"og:description\" content=\"Ronald Lederm\u00fcller aus Bad Alexandersbad ist Ranger im Naturpark Fichtelgebirge. Dieser ist das \u201eRevier\u201c f\u00fcr Wanderer, Mountainbiker und Naturgenie\u00dfer \u2013 sowie f\u00fcr Luchs-Dame Julchen, der Ronald Lederm\u00fcller besondere Aufmerksamkeit schenkt. Mit den \u201eHausbesuchen\u201c begleiten wir Einheimische bei ihrem t\u00e4glichen Wirken im Urlaubsland Franken. Diesmal streife ich mit Ranger Ronald Lederm\u00fcller durch den Naturpark Fichtelgebirge und [&hellip;]\" \/>\n<meta property=\"og:url\" content=\"https:\/\/www.frankentourismus.de\/blog\/2022\/02\/04\/fichtelgebirge-ein-ranger-im-luchs-revier\/\" \/>\n<meta property=\"og:site_name\" content=\"Franken Blog\" \/>\n<meta property=\"article:published_time\" content=\"2022-02-04T13:19:15+00:00\" \/>\n<meta property=\"article:modified_time\" content=\"2023-03-28T11:38:17+00:00\" \/>\n<meta property=\"og:image\" content=\"https:\/\/www.frankentourismus.de\/blog\/wp-content\/uploads\/2022\/02\/fig_1074_Fichtelgebirge__Luisenburg-Felsenlabyrinth-bei-Wunsiedel-scaled.jpg\" \/>\n\t<meta property=\"og:image:width\" content=\"2560\" \/>\n\t<meta property=\"og:image:height\" content=\"1704\" \/>\n\t<meta property=\"og:image:type\" content=\"image\/jpeg\" \/>\n<meta name=\"author\" content=\"Sisi Wein\" \/>\n<meta name=\"twitter:card\" content=\"summary_large_image\" \/>\n<meta name=\"twitter:label1\" content=\"Written by\" \/>\n\t<meta name=\"twitter:data1\" content=\"Sisi Wein\" \/>\n\t<meta name=\"twitter:label2\" content=\"Est. reading time\" \/>\n\t<meta name=\"twitter:data2\" content=\"6 Minuten\" \/>\n<script type=\"application\/ld+json\" class=\"yoast-schema-graph\">{\"@context\":\"https:\/\/schema.org\",\"@graph\":[{\"@type\":\"WebPage\",\"@id\":\"https:\/\/www.frankentourismus.de\/blog\/2022\/02\/04\/fichtelgebirge-ein-ranger-im-luchs-revier\/\",\"url\":\"https:\/\/www.frankentourismus.de\/blog\/2022\/02\/04\/fichtelgebirge-ein-ranger-im-luchs-revier\/\",\"name\":\"Fichtelgebirge: Ein Ranger im Luchs-Revier - Franken Blog\",\"isPartOf\":{\"@id\":\"https:\/\/www.frankentourismus.de\/blog\/#website\"},\"datePublished\":\"2022-02-04T13:19:15+00:00\",\"dateModified\":\"2023-03-28T11:38:17+00:00\",\"author\":{\"@id\":\"https:\/\/www.frankentourismus.de\/blog\/#\/schema\/person\/077d15c247939e3520696ee497ffc26f\"},\"breadcrumb\":{\"@id\":\"https:\/\/www.frankentourismus.de\/blog\/2022\/02\/04\/fichtelgebirge-ein-ranger-im-luchs-revier\/#breadcrumb\"},\"inLanguage\":\"de-DE\",\"potentialAction\":[{\"@type\":\"ReadAction\",\"target\":[\"https:\/\/www.frankentourismus.de\/blog\/2022\/02\/04\/fichtelgebirge-ein-ranger-im-luchs-revier\/\"]}]},{\"@type\":\"BreadcrumbList\",\"@id\":\"https:\/\/www.frankentourismus.de\/blog\/2022\/02\/04\/fichtelgebirge-ein-ranger-im-luchs-revier\/#breadcrumb\",\"itemListElement\":[{\"@type\":\"ListItem\",\"position\":1,\"name\":\"Home\",\"item\":\"https:\/\/www.frankentourismus.de\/blog\/\"},{\"@type\":\"ListItem\",\"position\":2,\"name\":\"Fichtelgebirge: Ein Ranger im Luchs-Revier\"}]},{\"@type\":\"WebSite\",\"@id\":\"https:\/\/www.frankentourismus.de\/blog\/#website\",\"url\":\"https:\/\/www.frankentourismus.de\/blog\/\",\"name\":\"Franken Blog\",\"description\":\"Urlaub in Franken!\",\"potentialAction\":[{\"@type\":\"SearchAction\",\"target\":{\"@type\":\"EntryPoint\",\"urlTemplate\":\"https:\/\/www.frankentourismus.de\/blog\/?s={search_term_string}\"},\"query-input\":\"required name=search_term_string\"}],\"inLanguage\":\"de-DE\"},{\"@type\":\"Person\",\"@id\":\"https:\/\/www.frankentourismus.de\/blog\/#\/schema\/person\/077d15c247939e3520696ee497ffc26f\",\"name\":\"Sisi Wein\",\"image\":{\"@type\":\"ImageObject\",\"inLanguage\":\"de-DE\",\"@id\":\"https:\/\/www.frankentourismus.de\/blog\/#\/schema\/person\/image\/\",\"url\":\"https:\/\/www.frankentourismus.de\/blog\/wp-content\/uploads\/2021\/05\/Sisi-Wein-bearbeitet-150x150.jpg\",\"contentUrl\":\"https:\/\/www.frankentourismus.de\/blog\/wp-content\/uploads\/2021\/05\/Sisi-Wein-bearbeitet-150x150.jpg\",\"caption\":\"Sisi Wein\"},\"url\":\"https:\/\/www.frankentourismus.de\/blog\/author\/sisi-wein\/\"}]}<\/script>\n<!-- \/ Yoast SEO plugin. -->","yoast_head_json":{"title":"Fichtelgebirge: Ein Ranger im Luchs-Revier - Franken Blog","robots":{"index":"index","follow":"follow","max-snippet":"max-snippet:-1","max-image-preview":"max-image-preview:large","max-video-preview":"max-video-preview:-1"},"canonical":"https:\/\/www.frankentourismus.de\/blog\/2022\/02\/04\/fichtelgebirge-ein-ranger-im-luchs-revier\/","og_locale":"de_DE","og_type":"article","og_title":"Fichtelgebirge: Ein Ranger im Luchs-Revier - Franken Blog","og_description":"Ronald Lederm\u00fcller aus Bad Alexandersbad ist Ranger im Naturpark Fichtelgebirge. Dieser ist das \u201eRevier\u201c f\u00fcr Wanderer, Mountainbiker und Naturgenie\u00dfer \u2013 sowie f\u00fcr Luchs-Dame Julchen, der Ronald Lederm\u00fcller besondere Aufmerksamkeit schenkt. Mit den \u201eHausbesuchen\u201c begleiten wir Einheimische bei ihrem t\u00e4glichen Wirken im Urlaubsland Franken. Diesmal streife ich mit Ranger Ronald Lederm\u00fcller durch den Naturpark Fichtelgebirge und [&hellip;]","og_url":"https:\/\/www.frankentourismus.de\/blog\/2022\/02\/04\/fichtelgebirge-ein-ranger-im-luchs-revier\/","og_site_name":"Franken Blog","article_published_time":"2022-02-04T13:19:15+00:00","article_modified_time":"2023-03-28T11:38:17+00:00","og_image":[{"width":2560,"height":1704,"url":"https:\/\/www.frankentourismus.de\/blog\/wp-content\/uploads\/2022\/02\/fig_1074_Fichtelgebirge__Luisenburg-Felsenlabyrinth-bei-Wunsiedel-scaled.jpg","type":"image\/jpeg"}],"author":"Sisi Wein","twitter_card":"summary_large_image","twitter_misc":{"Written by":"Sisi Wein","Est. reading time":"6 Minuten"},"schema":{"@context":"https:\/\/schema.org","@graph":[{"@type":"WebPage","@id":"https:\/\/www.frankentourismus.de\/blog\/2022\/02\/04\/fichtelgebirge-ein-ranger-im-luchs-revier\/","url":"https:\/\/www.frankentourismus.de\/blog\/2022\/02\/04\/fichtelgebirge-ein-ranger-im-luchs-revier\/","name":"Fichtelgebirge: Ein Ranger im Luchs-Revier - Franken Blog","isPartOf":{"@id":"https:\/\/www.frankentourismus.de\/blog\/#website"},"datePublished":"2022-02-04T13:19:15+00:00","dateModified":"2023-03-28T11:38:17+00:00","author":{"@id":"https:\/\/www.frankentourismus.de\/blog\/#\/schema\/person\/077d15c247939e3520696ee497ffc26f"},"breadcrumb":{"@id":"https:\/\/www.frankentourismus.de\/blog\/2022\/02\/04\/fichtelgebirge-ein-ranger-im-luchs-revier\/#breadcrumb"},"inLanguage":"de-DE","potentialAction":[{"@type":"ReadAction","target":["https:\/\/www.frankentourismus.de\/blog\/2022\/02\/04\/fichtelgebirge-ein-ranger-im-luchs-revier\/"]}]},{"@type":"BreadcrumbList","@id":"https:\/\/www.frankentourismus.de\/blog\/2022\/02\/04\/fichtelgebirge-ein-ranger-im-luchs-revier\/#breadcrumb","itemListElement":[{"@type":"ListItem","position":1,"name":"Home","item":"https:\/\/www.frankentourismus.de\/blog\/"},{"@type":"ListItem","position":2,"name":"Fichtelgebirge: Ein Ranger im Luchs-Revier"}]},{"@type":"WebSite","@id":"https:\/\/www.frankentourismus.de\/blog\/#website","url":"https:\/\/www.frankentourismus.de\/blog\/","name":"Franken Blog","description":"Urlaub in Franken!","potentialAction":[{"@type":"SearchAction","target":{"@type":"EntryPoint","urlTemplate":"https:\/\/www.frankentourismus.de\/blog\/?s={search_term_string}"},"query-input":"required name=search_term_string"}],"inLanguage":"de-DE"},{"@type":"Person","@id":"https:\/\/www.frankentourismus.de\/blog\/#\/schema\/person\/077d15c247939e3520696ee497ffc26f","name":"Sisi Wein","image":{"@type":"ImageObject","inLanguage":"de-DE","@id":"https:\/\/www.frankentourismus.de\/blog\/#\/schema\/person\/image\/","url":"https:\/\/www.frankentourismus.de\/blog\/wp-content\/uploads\/2021\/05\/Sisi-Wein-bearbeitet-150x150.jpg","contentUrl":"https:\/\/www.frankentourismus.de\/blog\/wp-content\/uploads\/2021\/05\/Sisi-Wein-bearbeitet-150x150.jpg","caption":"Sisi Wein"},"url":"https:\/\/www.frankentourismus.de\/blog\/author\/sisi-wein\/"}]}},"_links":{"self":[{"href":"https:\/\/www.frankentourismus.de\/blog\/wp-json\/wp\/v2\/posts\/2721"}],"collection":[{"href":"https:\/\/www.frankentourismus.de\/blog\/wp-json\/wp\/v2\/posts"}],"about":[{"href":"https:\/\/www.frankentourismus.de\/blog\/wp-json\/wp\/v2\/types\/post"}],"author":[{"embeddable":true,"href":"https:\/\/www.frankentourismus.de\/blog\/wp-json\/wp\/v2\/users\/41"}],"replies":[{"embeddable":true,"href":"https:\/\/www.frankentourismus.de\/blog\/wp-json\/wp\/v2\/comments?post=2721"}],"version-history":[{"count":15,"href":"https:\/\/www.frankentourismus.de\/blog\/wp-json\/wp\/v2\/posts\/2721\/revisions"}],"predecessor-version":[{"id":4927,"href":"https:\/\/www.frankentourismus.de\/blog\/wp-json\/wp\/v2\/posts\/2721\/revisions\/4927"}],"wp:featuredmedia":[{"embeddable":true,"href":"https:\/\/www.frankentourismus.de\/blog\/wp-json\/wp\/v2\/media\/2737"}],"wp:attachment":[{"href":"https:\/\/www.frankentourismus.de\/blog\/wp-json\/wp\/v2\/media?parent=2721"}],"wp:term":[{"taxonomy":"category","embeddable":true,"href":"https:\/\/www.frankentourismus.de\/blog\/wp-json\/wp\/v2\/categories?post=2721"},{"taxonomy":"post_tag","embeddable":true,"href":"https:\/\/www.frankentourismus.de\/blog\/wp-json\/wp\/v2\/tags?post=2721"}],"curies":[{"name":"wp","href":"https:\/\/api.w.org\/{rel}","templated":true}]}}