{"id":2075,"date":"2021-09-24T12:00:00","date_gmt":"2021-09-24T10:00:00","guid":{"rendered":"https:\/\/www.frankentourismus.de\/blog\/?p=2075"},"modified":"2023-06-26T14:39:39","modified_gmt":"2023-06-26T12:39:39","slug":"tagesausflug-am-regnitzradweg-eine-rundtour-die-rockt","status":"publish","type":"post","link":"https:\/\/www.frankentourismus.de\/blog\/2021\/09\/24\/tagesausflug-am-regnitzradweg-eine-rundtour-die-rockt\/","title":{"rendered":"Tagesausflug am RegnitzRadweg &#8211; eine Rundtour, die rockt!"},"content":{"rendered":"\n<p><strong>Nach langem Warten haben wir es nun endlich geschafft: Den <a rel=\"noreferrer noopener\" href=\"https:\/\/www.regnitzradweg.de\/\" data-type=\"URL\" data-id=\"https:\/\/www.regnitzradweg.de\/\" target=\"_blank\">RegnitzRadweg<\/a> mit dem Rad zu erkunden. Naja, zumindest einen Teil des RegnitzRadweges&#8230; aber was nicht ist, kann ja noch werden! Bei unserer ersten Tagestour konnten wir herrliche Flusslandschaften genie\u00dfen, klassische fr\u00e4nkische Ortsbilder entdecken und uns kulinarisch verw\u00f6hnen lassen.<\/strong><\/p>\n\n\n<div class=\"hint\">\n            <figure>\n            <img width=\"225\" height=\"300\" src=\"https:\/\/www.frankentourismus.de\/blog\/wp-content\/uploads\/2021\/08\/IMG_20201208_215758-1-225x300.jpg\" class=\"attachment-medium size-medium\" alt=\"\" decoding=\"async\" loading=\"lazy\" srcset=\"https:\/\/www.frankentourismus.de\/blog\/wp-content\/uploads\/2021\/08\/IMG_20201208_215758-1-225x300.jpg 225w, https:\/\/www.frankentourismus.de\/blog\/wp-content\/uploads\/2021\/08\/IMG_20201208_215758-1-768x1024.jpg 768w, https:\/\/www.frankentourismus.de\/blog\/wp-content\/uploads\/2021\/08\/IMG_20201208_215758-1-1152x1536.jpg 1152w, https:\/\/www.frankentourismus.de\/blog\/wp-content\/uploads\/2021\/08\/IMG_20201208_215758-1-1536x2048.jpg 1536w, https:\/\/www.frankentourismus.de\/blog\/wp-content\/uploads\/2021\/08\/IMG_20201208_215758-1-scaled.jpg 1920w\" sizes=\"(max-width: 225px) 100vw, 225px\" \/>        <\/figure>\n    \n    <div class=\"content\">\n        <p>Servusla alla zsamm! Mein Name ist Monika Rank und &#8211; entgegen der irref\u00fchrenden Begr\u00fc\u00dfung &#8211; bin ich waschechte Niederbayerin. &#8222;A Neigschlaafte&#8220; sozusagen. Nach Jahren im Ausland hat mich das Studium der Geschichte und Europ\u00e4ischen Ethnologie nach Franken gebracht und bereits nach kurzer Zeit wusste ich: Hier bleibe ich! Seitdem durfte ich viele Besucherinnen und Besucher durch Bamberg f\u00fchren, mein Interesse an nachhaltigem Tourismus im Praktikum beim Flussparadies Franken e.V. ausleben, habe viele tolle Wanderungen und Radtouren in der Natur erlebt und genie\u00dfe meine neue Heimat Franken frei nach dem wertvollsten fr\u00e4nkischen Pr\u00e4dikat: &#8222;Basst scho!&#8220;<\/p>\n    <\/div>\n<\/div>\n\n\n\n<p>Franken lockt Besucher und Einheimische mit einer <strong>gro\u00dfen Anzahl von Radwegen<\/strong>. Einer davon ist der RegnitzRadweg zwischen N\u00fcrnberg und Bischberg bei Bamberg. Und genau der sollte diesmal das Ziel unserer Tagestour sein. Doch wie befahren, wenn man nur <strong>einen Tag Zeit hat<\/strong> und sich nicht gleich \u00fcbernehmen m\u00f6chte? Der Entschluss fiel auf eine Teiletappe: Altendorf bis Erlangen &#8211; und das Praktische dabei: da der RegnitzRadweg sowohl \u00fcber eine<strong> Talroute<\/strong> durch das Regnitztal als auch alternativ \u00fcber eine <strong>Kanalroute <\/strong>entlang des Main-Donau-Kanals verl\u00e4uft, konnten wir eine wunderbare Rundtour planen. Das hie\u00df f\u00fcr uns: auf der Talroute hin, auf der Kanalroute zur\u00fcck &#8211; so ergab sich eine rund 65 km lange Tagesstrecke, die <strong>mit vielen kleinen Highlights<\/strong> gespickt war.<\/p>\n\n\n\n<p>Vorweg: <strong>Der RegnitzRadweg ist wunderbar beschildert<\/strong>. Man folgt einfach dem Fahrradweg und sollte der sich teilen, weisen deutlich sichtbare Wegemarken in die richtige Richtung. Allerdings kann es auch lohnenswert sein, den Weg kurzzeitig zu verlassen: zahlreiche <strong>Direktvermarkter<\/strong> innerhalb und au\u00dferhalb der befahrenen Ortschaften bieten ihre Produkte zum Verkauf, die frischer nicht sein k\u00f6nnten! So etwa auch &#8222;Singers Bauernladen&#8220;:  Es ist einer der vielen Betriebe, die auch in der <a rel=\"noreferrer noopener\" href=\"https:\/\/www.regnitzradweg.de\/catalogs\/tvf_blaetterkatalog_regnitzradweg_2020\/index.html#page_1\" data-type=\"URL\" data-id=\"https:\/\/www.regnitzradweg.de\/catalogs\/tvf_blaetterkatalog_regnitzradweg_2020\/index.html#page_1\" target=\"_blank\"><strong>RegnitzRadweg-Brosch\u00fcre<\/strong><\/a> zu finden sind. Hier gibt es <strong>allerlei regionale K\u00f6stlichkeiten und im Fr\u00fchjahr sogar Spargel direkt vom Feld<\/strong>. Und wer au\u00dferhalb der Gesch\u00e4ftszeiten kommt, dem bleibt immer noch der <strong>24-Stunden-\u201eBauernautomat\u201c<\/strong>.  Appetit holen kann man sich zur richtigen Jahreszeit bereits entlang der zahlreichen Felder, die man auf dem Radweg passiert.<\/p>\n\n\n\n<figure class=\"is-layout-flex wp-block-gallery-1 wp-block-gallery has-nested-images columns-default is-cropped\">\n<figure class=\"wp-block-image size-large\"><img decoding=\"async\" loading=\"lazy\" width=\"768\" height=\"1024\" data-id=\"2093\"  src=\"https:\/\/www.frankentourismus.de\/blog\/wp-content\/uploads\/2021\/08\/IMG_20210531_173123-768x1024.jpg\" alt=\"\" class=\"wp-image-2093\" srcset=\"https:\/\/www.frankentourismus.de\/blog\/wp-content\/uploads\/2021\/08\/IMG_20210531_173123-768x1024.jpg 768w, https:\/\/www.frankentourismus.de\/blog\/wp-content\/uploads\/2021\/08\/IMG_20210531_173123-225x300.jpg 225w, https:\/\/www.frankentourismus.de\/blog\/wp-content\/uploads\/2021\/08\/IMG_20210531_173123-1152x1536.jpg 1152w, https:\/\/www.frankentourismus.de\/blog\/wp-content\/uploads\/2021\/08\/IMG_20210531_173123-1536x2048.jpg 1536w, https:\/\/www.frankentourismus.de\/blog\/wp-content\/uploads\/2021\/08\/IMG_20210531_173123-scaled.jpg 1920w\" sizes=\"(max-width: 768px) 100vw, 768px\" \/><figcaption class=\"wp-element-caption\">\u00a9 Monika Rank<\/figcaption><\/figure>\n\n\n\n<figure class=\"wp-block-image size-large\"><img decoding=\"async\" loading=\"lazy\" width=\"768\" height=\"1024\" data-id=\"2095\"  src=\"https:\/\/www.frankentourismus.de\/blog\/wp-content\/uploads\/2021\/08\/IMG_20210531_174525-768x1024.jpg\" alt=\"\" class=\"wp-image-2095\" srcset=\"https:\/\/www.frankentourismus.de\/blog\/wp-content\/uploads\/2021\/08\/IMG_20210531_174525-768x1024.jpg 768w, https:\/\/www.frankentourismus.de\/blog\/wp-content\/uploads\/2021\/08\/IMG_20210531_174525-225x300.jpg 225w, https:\/\/www.frankentourismus.de\/blog\/wp-content\/uploads\/2021\/08\/IMG_20210531_174525-1152x1536.jpg 1152w, https:\/\/www.frankentourismus.de\/blog\/wp-content\/uploads\/2021\/08\/IMG_20210531_174525-1536x2048.jpg 1536w, https:\/\/www.frankentourismus.de\/blog\/wp-content\/uploads\/2021\/08\/IMG_20210531_174525-scaled.jpg 1920w\" sizes=\"(max-width: 768px) 100vw, 768px\" \/><figcaption class=\"wp-element-caption\">\u00a9 Monika Rank<\/figcaption><\/figure>\n\n\n\n<figure class=\"wp-block-image size-large\"><img decoding=\"async\" loading=\"lazy\" width=\"768\" height=\"1024\" data-id=\"2101\"  src=\"https:\/\/www.frankentourismus.de\/blog\/wp-content\/uploads\/2021\/08\/IMG_20210531_231750-768x1024.jpg\" alt=\"\" class=\"wp-image-2101\" srcset=\"https:\/\/www.frankentourismus.de\/blog\/wp-content\/uploads\/2021\/08\/IMG_20210531_231750-768x1024.jpg 768w, https:\/\/www.frankentourismus.de\/blog\/wp-content\/uploads\/2021\/08\/IMG_20210531_231750-225x300.jpg 225w, https:\/\/www.frankentourismus.de\/blog\/wp-content\/uploads\/2021\/08\/IMG_20210531_231750-1152x1536.jpg 1152w, https:\/\/www.frankentourismus.de\/blog\/wp-content\/uploads\/2021\/08\/IMG_20210531_231750-1536x2048.jpg 1536w, https:\/\/www.frankentourismus.de\/blog\/wp-content\/uploads\/2021\/08\/IMG_20210531_231750-scaled.jpg 1920w\" sizes=\"(max-width: 768px) 100vw, 768px\" \/><figcaption class=\"wp-element-caption\">\u00a9 Monika Rank<\/figcaption><\/figure>\n<\/figure>\n\n\n\n<p>Wer sich w\u00e4hrend der Tour dann doch lieber <strong>kulinarisch verw\u00f6hnen<\/strong> lassen m\u00f6chte, ohne in der heimischen K\u00fcche selbst Hand anlegen zu m\u00fcssen, hat eine <strong>Vielzahl von Einkehrm\u00f6glichkeiten<\/strong> zur Auswahl. Da wir am Morgen ohne Fr\u00fchst\u00fcck gestartet waren, haben wir uns f\u00fcr einen <strong>Snack unterwegs<\/strong> und eine <strong>Einkehr zur Halbzeit <\/strong>entschieden. Eine gute Wahl, nachdem unsere Tour an einem, f\u00fcr Ruhetage pr\u00e4destinierten, Montag  stattgefunden hat. Noch ein leckerer Eiscaf\u00e9 als kleine Motivation f\u00fcr unterwegs und die Weiterfahrt war gesichert! Plant man eine l\u00e4ngere Tour mit gezielten Einkehrpausen, dann bietet es sich an, vorab die \u00d6ffnungszeiten zu pr\u00fcfen.<\/p>\n\n\n\n<blockquote class=\"wp-block-quote\">\n<p>&#8222;Die kleinen D\u00f6rfer und St\u00e4dtchen am Weg bieten wundervolle Kulissen!&#8220;<\/p>\n<cite>Monika Rank<\/cite><\/blockquote>\n\n\n\n<p>Neben den <strong>vielen K\u00f6stlichkeiten<\/strong>, die am Wegesrand darauf warten probiert zu werden, bietet der RegnitzRadweg auch etwas &#8222;f\u00fcrs Auge&#8220;. Denn Franken besticht immer wieder <strong>durch traumhafte D\u00f6rfer und St\u00e4dte mit wundersch\u00f6ner Architektur<\/strong>, die ma\u00dfgeblich von Mittelalter und Barock gepr\u00e4gt ist. So bot sich auf unserer Runde oftmals die Gelegenheit, einen <strong>kurzen Fotostop<\/strong> einzulegen oder Pause vor wundervoller Kulisse zu machen. Dabei waren die \u201eAlte Kapelle\u201c in Altendorf, das Hirtentor in Eggolsheim, sowie die <strong>Innenstadt und die prachtvolle Kaiserpfalz in Forchheim<\/strong> nur einige Beispiele f\u00fcr kleine und gro\u00dfe architektonische Highlights entlang unserer Strecke. Egal ob im Dorf oder in der Stadt: \u00fcberall in Franken verteilen sich kleine <strong>Meisterwerke der Baukunst<\/strong>, was mich als Wahlfr\u00e4nkin einmal mehr in meiner Wohnortwahl best\u00e4tigt!<\/p>\n\n\n\n<figure class=\"is-layout-flex wp-block-gallery-3 wp-block-gallery has-nested-images columns-default is-cropped\">\n<figure class=\"wp-block-image size-large\"><img decoding=\"async\" loading=\"lazy\" width=\"768\" height=\"1024\" data-id=\"2103\"  src=\"https:\/\/www.frankentourismus.de\/blog\/wp-content\/uploads\/2021\/08\/IMG_20210531_231810-768x1024.jpg\" alt=\"\" class=\"wp-image-2103\" srcset=\"https:\/\/www.frankentourismus.de\/blog\/wp-content\/uploads\/2021\/08\/IMG_20210531_231810-768x1024.jpg 768w, https:\/\/www.frankentourismus.de\/blog\/wp-content\/uploads\/2021\/08\/IMG_20210531_231810-225x300.jpg 225w, https:\/\/www.frankentourismus.de\/blog\/wp-content\/uploads\/2021\/08\/IMG_20210531_231810-1152x1536.jpg 1152w, https:\/\/www.frankentourismus.de\/blog\/wp-content\/uploads\/2021\/08\/IMG_20210531_231810-1536x2048.jpg 1536w, https:\/\/www.frankentourismus.de\/blog\/wp-content\/uploads\/2021\/08\/IMG_20210531_231810-scaled.jpg 1920w\" sizes=\"(max-width: 768px) 100vw, 768px\" \/><figcaption class=\"wp-element-caption\">\u00a9 Monika Rank<\/figcaption><\/figure>\n\n\n\n<figure class=\"wp-block-image size-large\"><img decoding=\"async\" loading=\"lazy\" width=\"768\" height=\"1024\" data-id=\"2083\"  src=\"https:\/\/www.frankentourismus.de\/blog\/wp-content\/uploads\/2021\/08\/IMG_20210531_231708-768x1024.jpg\" alt=\"\" class=\"wp-image-2083\" srcset=\"https:\/\/www.frankentourismus.de\/blog\/wp-content\/uploads\/2021\/08\/IMG_20210531_231708-768x1024.jpg 768w, https:\/\/www.frankentourismus.de\/blog\/wp-content\/uploads\/2021\/08\/IMG_20210531_231708-225x300.jpg 225w, https:\/\/www.frankentourismus.de\/blog\/wp-content\/uploads\/2021\/08\/IMG_20210531_231708-1152x1536.jpg 1152w, https:\/\/www.frankentourismus.de\/blog\/wp-content\/uploads\/2021\/08\/IMG_20210531_231708-1536x2048.jpg 1536w, https:\/\/www.frankentourismus.de\/blog\/wp-content\/uploads\/2021\/08\/IMG_20210531_231708-scaled.jpg 1920w\" sizes=\"(max-width: 768px) 100vw, 768px\" \/><figcaption class=\"wp-element-caption\">\u00a9 Monika Rank<\/figcaption><\/figure>\n<\/figure>\n\n\n\n<p>Und auch au\u00dferhalb der Ortschaften gl\u00e4nzt die Tour mit <strong>wundersch\u00f6nen Landschaften<\/strong>. Obwohl die Radstrecke \u2013 die Waden gr\u00fc\u00dfen dankend \u2013 relativ flach und dadurch leicht zu meistern ist, findet sich einiges an Abwechslung in der Natur. <strong>Felder, Hecken- und Flusslandschaften<\/strong> lassen sich vom Fahrrad aus gen\u00fcsslich betrachten. Zahlreiche B\u00e4nke entlang des Weges laden zudem zu einer gem\u00fctlichen Rast ein. Immer wieder lohnt es sich, kurz innezuhalten und der Natur zu lauschen. Sehr beeindruckt hat uns \u2013 vor allem nach langer Corona bedingter Abstinenz \u2013 ein besonderes Spektakel: an den \u201e\u00d6rtelbergweihern\u201c, den Karpfenweihern kurz vor Forchheim, haben uns die Fr\u00f6sche mit gro\u00dfer Inbrunst <strong>ein Privatkonzert<\/strong> gequakt.<\/p>\n\n\n<div class=\"wp-block-image\">\n<figure class=\"alignright size-large is-resized\"><img decoding=\"async\" loading=\"lazy\" src=\"https:\/\/www.frankentourismus.de\/blog\/wp-content\/uploads\/2021\/08\/IMG_20210531_231733-768x1024.jpg\" alt=\"\" class=\"wp-image-2099\" width=\"265\" height=\"354\" srcset=\"https:\/\/www.frankentourismus.de\/blog\/wp-content\/uploads\/2021\/08\/IMG_20210531_231733-768x1024.jpg 768w, https:\/\/www.frankentourismus.de\/blog\/wp-content\/uploads\/2021\/08\/IMG_20210531_231733-225x300.jpg 225w, https:\/\/www.frankentourismus.de\/blog\/wp-content\/uploads\/2021\/08\/IMG_20210531_231733-1152x1536.jpg 1152w, https:\/\/www.frankentourismus.de\/blog\/wp-content\/uploads\/2021\/08\/IMG_20210531_231733-1536x2048.jpg 1536w, https:\/\/www.frankentourismus.de\/blog\/wp-content\/uploads\/2021\/08\/IMG_20210531_231733-scaled.jpg 1920w\" sizes=\"(max-width: 265px) 100vw, 265px\" \/><figcaption class=\"wp-element-caption\">\u00a9 Monika Rank<\/figcaption><\/figure><\/div>\n\n\n<p>Was uns noch aufgefallen ist: Egal ob in den D\u00f6rfern und St\u00e4dten entlang des Weges oder an besonderen Pl\u00e4tzen auf freier Strecke &#8211; generell l\u00e4sst der RegnitzRadweg die <strong>Herzen von Kultur-Entdeckern<\/strong> h\u00f6herschlagen. Vielfach weisen <strong>Infotafeln<\/strong> auf Beachtenswertes in der Umgebung hin und erl\u00e4utern Wissenswertes zu historischen, traditionellen und aktuellen Besonderheiten, seien es etwa geschichtstr\u00e4chtige Bauwerke oder die landestypische Karpfenzucht. Und wer sein Wissen noch weiter vertiefen m\u00f6chte, dem bieten sich \u2013 vor allem an den Wochenenden \u2013 <strong>M\u00f6glichkeiten f\u00fcr spannende Museumsbesuche<\/strong>, zum Beispiel im Levi-Strauss-Museum Buttenheim oder im Meerrettich-Museum Baiersdorf.<\/p>\n\n\n\n<p><strong>Alles in allem hat uns die Radtour wirklich begeistert<\/strong>. Es ist f\u00fcr jeden Geschmack etwas dabei und ganz nebenbei bewegt man sich und tut der Gesundheit etwas Gutes. Die Strecke l\u00e4sst sich sehr gut beradeln und wer doch mal ein P\u00e4uschen braucht, hat zahlreiche M\u00f6glichkeiten, dieses zu gestalten. Der Rest der Strecke wartet also darauf, von uns entdeckt zu werden und auch eine Wiederholung der Teilstrecke ist nicht ausgeschlossen \u2013 <strong>es war sicherlich nicht unser letztes Mal auf dem RegnitzRadweg<\/strong>!<\/p>\n\n\n\n<h2>Mein &#8222;blumiger&#8220; Tipp<\/h2>\n\n\n\n<p>Neben <strong>Radlspa\u00df<\/strong>, <strong>Flusserlebnis<\/strong> und <strong>Wissenswertem<\/strong> kommen vor allem <strong>Rosen-, Blumen- und Parkliebhaber<\/strong> entlang des gesamten RegnitzRadwegs voll auf ihre Kosten &#8211; gerade in den Sommerwochen. Im N\u00fcrnberger Stadtteil St. Johanni etwa liegen gleich zwei Gartensch\u00e4tze hinter Mauern verborgen: prachtvolle Rosen bl\u00fchen auf dem Johannifriedhof und der\u00a0<strong><a href=\"https:\/\/www.regnitzradweg.de\/poi\/hesperidengaerten_und_barockga-8688\/\" target=\"_blank\" rel=\"noreferrer noopener\">Hesperidengarten<\/a><\/strong>\u00a0ist auch an hei\u00dfen Tagen eine Oase der Entspannung. Wer dann auf dem RegnitzRadweg unterwegs ist, sollte unbedingt einen Stopp im\u00a0<strong><a href=\"https:\/\/www.regnitzradweg.de\/poi\/stadtpark_fuerth-8678\/\" target=\"_blank\" rel=\"noreferrer noopener\">F\u00fcrther Stadtpark<\/a><\/strong>, im\u00a0<strong><a href=\"https:\/\/www.regnitzradweg.de\/poi\/botanischer_garten-7579\/\" target=\"_blank\" rel=\"noreferrer noopener\">Botanischen Garten am Erlanger Schlosspark<\/a><\/strong>\u00a0oder den\u00a0<strong><a href=\"https:\/\/www.regnitzradweg.de\/poi\/forchheimer_bastionsgaerten-8723\/\" target=\"_blank\" rel=\"noreferrer noopener\">Forchheimer Bastionsg\u00e4rten<\/a><\/strong>\u00a0einplanen und f\u00fcr Naturinteressierte lohnt sich besonders die\u00a0<strong><a href=\"https:\/\/www.regnitzradweg.de\/poi\/umweltstation_lias-grube-34694\/\" target=\"_blank\" rel=\"noreferrer noopener\">Lias-Grube Unterst\u00fcrmig<\/a><\/strong>.\u00a0\u00dcberhaupt bl\u00fchen entlang des RegnitzRadwegs jetzt besondere Wildpflanzen wie Sandgrasnelke und Natternkopf, Zeigerpflanzen der\u00a0<a href=\"https:\/\/www.bund-naturschutz.de\/natur-und-landschaft\/sandachse-franken\" target=\"_blank\" rel=\"noreferrer noopener\"><strong>SandAchse Franken<\/strong><\/a>. Vom\u00a0<a href=\"https:\/\/www.regnitzradweg.de\/poi\/schlossgarten_sassanfahrt-35082\/\" target=\"_blank\" rel=\"noreferrer noopener\"><strong>Sassanfahrter Schlosspark<\/strong><\/a>\u00a0schweift der Blick \u00fcber das Regnitztal. Der\u00a0<a href=\"https:\/\/www.regnitzradweg.de\/poi\/buergerpark_bamberger_hain-8691\/\" target=\"_blank\" rel=\"noreferrer noopener\"><strong>Bamberger Hainpark<\/strong><\/a>\u00a0begr\u00fc\u00dft die Radler in der Welterbestadt Bamberg, die mit dem\u00a0<a href=\"https:\/\/www.regnitzradweg.de\/poi\/rosengarten_bamberg-8694\/\" target=\"_blank\" rel=\"noreferrer noopener\"><strong>Rosengarten<\/strong><\/a>, dem\u00a0<a href=\"https:\/\/www.regnitzradweg.de\/poi\/terrassengaerten_von_sankt_mic-8693\/\" target=\"_blank\" rel=\"noreferrer noopener\"><strong>Michaelsberger Terrasseng\u00e4rten<\/strong><\/a>\u00a0und der G\u00e4rtnerstadt mit dem\u00a0<a href=\"https:\/\/www.regnitzradweg.de\/poi\/gaertner-_und_haeckermuseum-5658\/\" target=\"_blank\" rel=\"noreferrer noopener\"><strong>G\u00e4rtner- und H\u00e4ckermuseum<\/strong><\/a>, der\u00a0<a href=\"https:\/\/www.regnitzradweg.de\/poi\/mussaerol_bamberger_kraeuterga-13088\/\" target=\"_blank\" rel=\"noreferrer noopener\"><strong>Kr\u00e4uterg\u00e4rtnerei Mussar\u00f6l<\/strong><\/a>\u00a0und vielen anderen tollen Betrieben zu einer eigenen Gartenreise einl\u00e4dt. Die<strong>\u00a0<a href=\"https:\/\/www.regnitzradweg.de\/poi\/schaugaerten_im_gemuesebauvers-8692\/\" target=\"_blank\" rel=\"noreferrer noopener\">Schaug\u00e4rten der Bamberger Gem\u00fcsebauversuchsanstalt<\/a><\/strong>\u00a0liegen vor den Toren der Stadt direkt an der Kanalroute. Im<strong>\u00a0<a href=\"https:\/\/www.regnitzradweg.de\/poi\/erba-park_bamberg-20830\/\" target=\"_blank\" rel=\"noreferrer noopener\">ERBA-Park in Gaustadt<\/a><\/strong>\u00a0k\u00f6nnen <strong>Familien<\/strong> abschlie\u00dfend die <strong>Spielpl\u00e4tze<\/strong> und das <strong>Wassererlebnis<\/strong> am Fischpass genie\u00dfen.<\/p>\n\n\n\n<figure class=\"wp-block-image size-large\"><img decoding=\"async\" loading=\"lazy\" width=\"1024\" height=\"644\" src=\"https:\/\/www.frankentourismus.de\/blog\/wp-content\/uploads\/2023\/06\/botanischer_gartenetm_arneseebeck-1024x644.jpg\" alt=\"\" class=\"wp-image-5075\" srcset=\"https:\/\/www.frankentourismus.de\/blog\/wp-content\/uploads\/2023\/06\/botanischer_gartenetm_arneseebeck-1024x644.jpg 1024w, https:\/\/www.frankentourismus.de\/blog\/wp-content\/uploads\/2023\/06\/botanischer_gartenetm_arneseebeck-300x189.jpg 300w, https:\/\/www.frankentourismus.de\/blog\/wp-content\/uploads\/2023\/06\/botanischer_gartenetm_arneseebeck-768x483.jpg 768w, https:\/\/www.frankentourismus.de\/blog\/wp-content\/uploads\/2023\/06\/botanischer_gartenetm_arneseebeck-1536x965.jpg 1536w, https:\/\/www.frankentourismus.de\/blog\/wp-content\/uploads\/2023\/06\/botanischer_gartenetm_arneseebeck-2048x1287.jpg 2048w\" sizes=\"(max-width: 1024px) 100vw, 1024px\" \/><figcaption class=\"wp-element-caption\">\u00a9 ETM\/Arne Seebeck<\/figcaption><\/figure>\n\n\n\n<p><strong>Wer nun Lust bekommen hat, Teile des RegnitzRadweges oder vielleicht auch den ganzen Weg f\u00fcr sich zu entdecken, der findet alle weiteren Informationen unter <a rel=\"noreferrer noopener\" href=\"https:\/\/www.regnitzradweg.de\/\" data-type=\"URL\" data-id=\"https:\/\/www.regnitzradweg.de\/\" target=\"_blank\">www.regnitzradweg.de<\/a>. Alles \u00fcber die Arbeit und zu den Projekten des Flussparadies Franken e. V. findet sich unter <a rel=\"noreferrer noopener\" href=\"https:\/\/www.flussparadies-franken.de\/\" data-type=\"URL\" data-id=\"https:\/\/www.flussparadies-franken.de\/\" target=\"_blank\">www.flussparadies-franken.de<\/a>. Mit seinem Verlauf zwischen N\u00fcrnberg und Bamberg bietet der RegnitzRadweg viele M\u00f6glichkeiten, per Bus oder Bahn an- und abzureisen oder Teilabschnitte zu verk\u00fcrzen. Da die Strecke in weiten Teilen durch naturnahe Flusslandschaften f\u00fchrt, in der seltene Pflanzen und Tiere ihr Zuhause haben, sei an dieser Stelle auch noch auf das richtige <a href=\"https:\/\/www.frankentourismus.de\/reisefuehrer\/reiseplanung\/verhaltensregeln\/\" data-type=\"URL\" data-id=\"https:\/\/www.frankentourismus.de\/reisefuehrer\/reiseplanung\/verhaltensregeln\/\">Verhalten in der Natur<\/a> hingewiesen.<\/strong><\/p>\n\n\n\n<figure class=\"is-layout-flex wp-block-gallery-5 wp-block-gallery has-nested-images columns-default is-cropped\">\n<figure class=\"wp-block-image size-large\"><img decoding=\"async\" loading=\"lazy\" width=\"768\" height=\"1024\" data-id=\"2091\"  src=\"https:\/\/www.frankentourismus.de\/blog\/wp-content\/uploads\/2021\/08\/IMG_20210531_133331-768x1024.jpg\" alt=\"\" class=\"wp-image-2091\" srcset=\"https:\/\/www.frankentourismus.de\/blog\/wp-content\/uploads\/2021\/08\/IMG_20210531_133331-768x1024.jpg 768w, https:\/\/www.frankentourismus.de\/blog\/wp-content\/uploads\/2021\/08\/IMG_20210531_133331-225x300.jpg 225w, https:\/\/www.frankentourismus.de\/blog\/wp-content\/uploads\/2021\/08\/IMG_20210531_133331-1152x1536.jpg 1152w, https:\/\/www.frankentourismus.de\/blog\/wp-content\/uploads\/2021\/08\/IMG_20210531_133331-1536x2048.jpg 1536w, https:\/\/www.frankentourismus.de\/blog\/wp-content\/uploads\/2021\/08\/IMG_20210531_133331-scaled.jpg 1920w\" sizes=\"(max-width: 768px) 100vw, 768px\" \/><figcaption class=\"wp-element-caption\">\u00a9 Monika Rank<\/figcaption><\/figure>\n\n\n\n<figure class=\"wp-block-image size-large\"><img decoding=\"async\" loading=\"lazy\" width=\"768\" height=\"1024\" data-id=\"2089\"  src=\"https:\/\/www.frankentourismus.de\/blog\/wp-content\/uploads\/2021\/08\/IMG_20210531_164338-768x1024.jpg\" alt=\"\" class=\"wp-image-2089\" srcset=\"https:\/\/www.frankentourismus.de\/blog\/wp-content\/uploads\/2021\/08\/IMG_20210531_164338-768x1024.jpg 768w, https:\/\/www.frankentourismus.de\/blog\/wp-content\/uploads\/2021\/08\/IMG_20210531_164338-225x300.jpg 225w, https:\/\/www.frankentourismus.de\/blog\/wp-content\/uploads\/2021\/08\/IMG_20210531_164338-1152x1536.jpg 1152w, https:\/\/www.frankentourismus.de\/blog\/wp-content\/uploads\/2021\/08\/IMG_20210531_164338-1536x2048.jpg 1536w, https:\/\/www.frankentourismus.de\/blog\/wp-content\/uploads\/2021\/08\/IMG_20210531_164338-scaled.jpg 1920w\" sizes=\"(max-width: 768px) 100vw, 768px\" \/><figcaption class=\"wp-element-caption\">\u00a9 Monika Rank<\/figcaption><\/figure>\n\n\n\n<figure class=\"wp-block-image size-large\"><img decoding=\"async\" loading=\"lazy\" width=\"768\" height=\"1024\" data-id=\"2097\"  src=\"https:\/\/www.frankentourismus.de\/blog\/wp-content\/uploads\/2021\/08\/IMG_20210531_231610-768x1024.jpg\" alt=\"\" class=\"wp-image-2097\" srcset=\"https:\/\/www.frankentourismus.de\/blog\/wp-content\/uploads\/2021\/08\/IMG_20210531_231610-768x1024.jpg 768w, https:\/\/www.frankentourismus.de\/blog\/wp-content\/uploads\/2021\/08\/IMG_20210531_231610-225x300.jpg 225w, https:\/\/www.frankentourismus.de\/blog\/wp-content\/uploads\/2021\/08\/IMG_20210531_231610-1152x1536.jpg 1152w, https:\/\/www.frankentourismus.de\/blog\/wp-content\/uploads\/2021\/08\/IMG_20210531_231610-1536x2048.jpg 1536w, https:\/\/www.frankentourismus.de\/blog\/wp-content\/uploads\/2021\/08\/IMG_20210531_231610-scaled.jpg 1920w\" sizes=\"(max-width: 768px) 100vw, 768px\" \/><figcaption class=\"wp-element-caption\">\u00a9 Monika Rank<\/figcaption><\/figure>\n<\/figure>\n","protected":false},"excerpt":{"rendered":"<p>Nach langem Warten haben wir es nun endlich geschafft: Den RegnitzRadweg mit dem Rad zu erkunden. Naja, zumindest einen Teil des RegnitzRadweges&#8230; aber was nicht ist, kann ja noch werden! Bei unserer ersten Tagestour konnten wir herrliche Flusslandschaften genie\u00dfen, klassische fr\u00e4nkische Ortsbilder entdecken und uns kulinarisch verw\u00f6hnen lassen. Franken lockt Besucher und Einheimische mit einer [&hellip;]<\/p>\n","protected":false},"author":51,"featured_media":2089,"comment_status":"open","ping_status":"closed","sticky":false,"template":"","format":"standard","meta":[],"categories":[307,177],"tags":[3,87,111,109,107,241,209],"yoast_head":"<!-- This site is optimized with the Yoast SEO plugin v19.14 - https:\/\/yoast.com\/wordpress\/plugins\/seo\/ -->\n<title>Tagesausflug am RegnitzRadweg - eine Rundtour, die rockt! - Franken Blog<\/title>\n<meta name=\"robots\" content=\"index, follow, max-snippet:-1, max-image-preview:large, max-video-preview:-1\" \/>\n<link rel=\"canonical\" href=\"https:\/\/www.frankentourismus.de\/blog\/2021\/09\/24\/tagesausflug-am-regnitzradweg-eine-rundtour-die-rockt\/\" \/>\n<meta property=\"og:locale\" content=\"de_DE\" \/>\n<meta property=\"og:type\" content=\"article\" \/>\n<meta property=\"og:title\" content=\"Tagesausflug am RegnitzRadweg - eine Rundtour, die rockt! - Franken Blog\" \/>\n<meta property=\"og:description\" content=\"Nach langem Warten haben wir es nun endlich geschafft: Den RegnitzRadweg mit dem Rad zu erkunden. Naja, zumindest einen Teil des RegnitzRadweges&#8230; aber was nicht ist, kann ja noch werden! Bei unserer ersten Tagestour konnten wir herrliche Flusslandschaften genie\u00dfen, klassische fr\u00e4nkische Ortsbilder entdecken und uns kulinarisch verw\u00f6hnen lassen. Franken lockt Besucher und Einheimische mit einer [&hellip;]\" \/>\n<meta property=\"og:url\" content=\"https:\/\/www.frankentourismus.de\/blog\/2021\/09\/24\/tagesausflug-am-regnitzradweg-eine-rundtour-die-rockt\/\" \/>\n<meta property=\"og:site_name\" content=\"Franken Blog\" \/>\n<meta property=\"article:published_time\" content=\"2021-09-24T10:00:00+00:00\" \/>\n<meta property=\"article:modified_time\" content=\"2023-06-26T12:39:39+00:00\" \/>\n<meta property=\"og:image\" content=\"https:\/\/www.frankentourismus.de\/blog\/wp-content\/uploads\/2021\/08\/IMG_20210531_164338-scaled.jpg\" \/>\n\t<meta property=\"og:image:width\" content=\"1920\" \/>\n\t<meta property=\"og:image:height\" content=\"2560\" \/>\n\t<meta property=\"og:image:type\" content=\"image\/jpeg\" \/>\n<meta name=\"author\" content=\"Monika Rank\" \/>\n<meta name=\"twitter:card\" content=\"summary_large_image\" \/>\n<meta name=\"twitter:label1\" content=\"Written by\" \/>\n\t<meta name=\"twitter:data1\" content=\"Monika Rank\" \/>\n\t<meta name=\"twitter:label2\" content=\"Est. reading time\" \/>\n\t<meta name=\"twitter:data2\" content=\"9 Minuten\" \/>\n<script type=\"application\/ld+json\" class=\"yoast-schema-graph\">{\"@context\":\"https:\/\/schema.org\",\"@graph\":[{\"@type\":\"WebPage\",\"@id\":\"https:\/\/www.frankentourismus.de\/blog\/2021\/09\/24\/tagesausflug-am-regnitzradweg-eine-rundtour-die-rockt\/\",\"url\":\"https:\/\/www.frankentourismus.de\/blog\/2021\/09\/24\/tagesausflug-am-regnitzradweg-eine-rundtour-die-rockt\/\",\"name\":\"Tagesausflug am RegnitzRadweg - eine Rundtour, die rockt! - Franken Blog\",\"isPartOf\":{\"@id\":\"https:\/\/www.frankentourismus.de\/blog\/#website\"},\"datePublished\":\"2021-09-24T10:00:00+00:00\",\"dateModified\":\"2023-06-26T12:39:39+00:00\",\"author\":{\"@id\":\"https:\/\/www.frankentourismus.de\/blog\/#\/schema\/person\/ef52ea9658cf39a528d6e9582c60634a\"},\"breadcrumb\":{\"@id\":\"https:\/\/www.frankentourismus.de\/blog\/2021\/09\/24\/tagesausflug-am-regnitzradweg-eine-rundtour-die-rockt\/#breadcrumb\"},\"inLanguage\":\"de-DE\",\"potentialAction\":[{\"@type\":\"ReadAction\",\"target\":[\"https:\/\/www.frankentourismus.de\/blog\/2021\/09\/24\/tagesausflug-am-regnitzradweg-eine-rundtour-die-rockt\/\"]}]},{\"@type\":\"BreadcrumbList\",\"@id\":\"https:\/\/www.frankentourismus.de\/blog\/2021\/09\/24\/tagesausflug-am-regnitzradweg-eine-rundtour-die-rockt\/#breadcrumb\",\"itemListElement\":[{\"@type\":\"ListItem\",\"position\":1,\"name\":\"Home\",\"item\":\"https:\/\/www.frankentourismus.de\/blog\/\"},{\"@type\":\"ListItem\",\"position\":2,\"name\":\"Tagesausflug am RegnitzRadweg &#8211; eine Rundtour, die rockt!\"}]},{\"@type\":\"WebSite\",\"@id\":\"https:\/\/www.frankentourismus.de\/blog\/#website\",\"url\":\"https:\/\/www.frankentourismus.de\/blog\/\",\"name\":\"Franken Blog\",\"description\":\"Urlaub in Franken!\",\"potentialAction\":[{\"@type\":\"SearchAction\",\"target\":{\"@type\":\"EntryPoint\",\"urlTemplate\":\"https:\/\/www.frankentourismus.de\/blog\/?s={search_term_string}\"},\"query-input\":\"required name=search_term_string\"}],\"inLanguage\":\"de-DE\"},{\"@type\":\"Person\",\"@id\":\"https:\/\/www.frankentourismus.de\/blog\/#\/schema\/person\/ef52ea9658cf39a528d6e9582c60634a\",\"name\":\"Monika Rank\",\"image\":{\"@type\":\"ImageObject\",\"inLanguage\":\"de-DE\",\"@id\":\"https:\/\/www.frankentourismus.de\/blog\/#\/schema\/person\/image\/\",\"url\":\"https:\/\/www.frankentourismus.de\/blog\/wp-content\/uploads\/2021\/08\/IMG_20201208_215758-150x150.jpg\",\"contentUrl\":\"https:\/\/www.frankentourismus.de\/blog\/wp-content\/uploads\/2021\/08\/IMG_20201208_215758-150x150.jpg\",\"caption\":\"Monika Rank\"},\"sameAs\":[\"http:\/\/www.flussparadies-franken.de\"],\"url\":\"https:\/\/www.frankentourismus.de\/blog\/author\/monika-rank\/\"}]}<\/script>\n<!-- \/ Yoast SEO plugin. -->","yoast_head_json":{"title":"Tagesausflug am RegnitzRadweg - eine Rundtour, die rockt! - Franken Blog","robots":{"index":"index","follow":"follow","max-snippet":"max-snippet:-1","max-image-preview":"max-image-preview:large","max-video-preview":"max-video-preview:-1"},"canonical":"https:\/\/www.frankentourismus.de\/blog\/2021\/09\/24\/tagesausflug-am-regnitzradweg-eine-rundtour-die-rockt\/","og_locale":"de_DE","og_type":"article","og_title":"Tagesausflug am RegnitzRadweg - eine Rundtour, die rockt! - Franken Blog","og_description":"Nach langem Warten haben wir es nun endlich geschafft: Den RegnitzRadweg mit dem Rad zu erkunden. Naja, zumindest einen Teil des RegnitzRadweges&#8230; aber was nicht ist, kann ja noch werden! Bei unserer ersten Tagestour konnten wir herrliche Flusslandschaften genie\u00dfen, klassische fr\u00e4nkische Ortsbilder entdecken und uns kulinarisch verw\u00f6hnen lassen. Franken lockt Besucher und Einheimische mit einer [&hellip;]","og_url":"https:\/\/www.frankentourismus.de\/blog\/2021\/09\/24\/tagesausflug-am-regnitzradweg-eine-rundtour-die-rockt\/","og_site_name":"Franken Blog","article_published_time":"2021-09-24T10:00:00+00:00","article_modified_time":"2023-06-26T12:39:39+00:00","og_image":[{"width":1920,"height":2560,"url":"https:\/\/www.frankentourismus.de\/blog\/wp-content\/uploads\/2021\/08\/IMG_20210531_164338-scaled.jpg","type":"image\/jpeg"}],"author":"Monika Rank","twitter_card":"summary_large_image","twitter_misc":{"Written by":"Monika Rank","Est. reading time":"9 Minuten"},"schema":{"@context":"https:\/\/schema.org","@graph":[{"@type":"WebPage","@id":"https:\/\/www.frankentourismus.de\/blog\/2021\/09\/24\/tagesausflug-am-regnitzradweg-eine-rundtour-die-rockt\/","url":"https:\/\/www.frankentourismus.de\/blog\/2021\/09\/24\/tagesausflug-am-regnitzradweg-eine-rundtour-die-rockt\/","name":"Tagesausflug am RegnitzRadweg - eine Rundtour, die rockt! - Franken Blog","isPartOf":{"@id":"https:\/\/www.frankentourismus.de\/blog\/#website"},"datePublished":"2021-09-24T10:00:00+00:00","dateModified":"2023-06-26T12:39:39+00:00","author":{"@id":"https:\/\/www.frankentourismus.de\/blog\/#\/schema\/person\/ef52ea9658cf39a528d6e9582c60634a"},"breadcrumb":{"@id":"https:\/\/www.frankentourismus.de\/blog\/2021\/09\/24\/tagesausflug-am-regnitzradweg-eine-rundtour-die-rockt\/#breadcrumb"},"inLanguage":"de-DE","potentialAction":[{"@type":"ReadAction","target":["https:\/\/www.frankentourismus.de\/blog\/2021\/09\/24\/tagesausflug-am-regnitzradweg-eine-rundtour-die-rockt\/"]}]},{"@type":"BreadcrumbList","@id":"https:\/\/www.frankentourismus.de\/blog\/2021\/09\/24\/tagesausflug-am-regnitzradweg-eine-rundtour-die-rockt\/#breadcrumb","itemListElement":[{"@type":"ListItem","position":1,"name":"Home","item":"https:\/\/www.frankentourismus.de\/blog\/"},{"@type":"ListItem","position":2,"name":"Tagesausflug am RegnitzRadweg &#8211; eine Rundtour, die rockt!"}]},{"@type":"WebSite","@id":"https:\/\/www.frankentourismus.de\/blog\/#website","url":"https:\/\/www.frankentourismus.de\/blog\/","name":"Franken Blog","description":"Urlaub in Franken!","potentialAction":[{"@type":"SearchAction","target":{"@type":"EntryPoint","urlTemplate":"https:\/\/www.frankentourismus.de\/blog\/?s={search_term_string}"},"query-input":"required name=search_term_string"}],"inLanguage":"de-DE"},{"@type":"Person","@id":"https:\/\/www.frankentourismus.de\/blog\/#\/schema\/person\/ef52ea9658cf39a528d6e9582c60634a","name":"Monika Rank","image":{"@type":"ImageObject","inLanguage":"de-DE","@id":"https:\/\/www.frankentourismus.de\/blog\/#\/schema\/person\/image\/","url":"https:\/\/www.frankentourismus.de\/blog\/wp-content\/uploads\/2021\/08\/IMG_20201208_215758-150x150.jpg","contentUrl":"https:\/\/www.frankentourismus.de\/blog\/wp-content\/uploads\/2021\/08\/IMG_20201208_215758-150x150.jpg","caption":"Monika Rank"},"sameAs":["http:\/\/www.flussparadies-franken.de"],"url":"https:\/\/www.frankentourismus.de\/blog\/author\/monika-rank\/"}]}},"_links":{"self":[{"href":"https:\/\/www.frankentourismus.de\/blog\/wp-json\/wp\/v2\/posts\/2075"}],"collection":[{"href":"https:\/\/www.frankentourismus.de\/blog\/wp-json\/wp\/v2\/posts"}],"about":[{"href":"https:\/\/www.frankentourismus.de\/blog\/wp-json\/wp\/v2\/types\/post"}],"author":[{"embeddable":true,"href":"https:\/\/www.frankentourismus.de\/blog\/wp-json\/wp\/v2\/users\/51"}],"replies":[{"embeddable":true,"href":"https:\/\/www.frankentourismus.de\/blog\/wp-json\/wp\/v2\/comments?post=2075"}],"version-history":[{"count":21,"href":"https:\/\/www.frankentourismus.de\/blog\/wp-json\/wp\/v2\/posts\/2075\/revisions"}],"predecessor-version":[{"id":5081,"href":"https:\/\/www.frankentourismus.de\/blog\/wp-json\/wp\/v2\/posts\/2075\/revisions\/5081"}],"wp:featuredmedia":[{"embeddable":true,"href":"https:\/\/www.frankentourismus.de\/blog\/wp-json\/wp\/v2\/media\/2089"}],"wp:attachment":[{"href":"https:\/\/www.frankentourismus.de\/blog\/wp-json\/wp\/v2\/media?parent=2075"}],"wp:term":[{"taxonomy":"category","embeddable":true,"href":"https:\/\/www.frankentourismus.de\/blog\/wp-json\/wp\/v2\/categories?post=2075"},{"taxonomy":"post_tag","embeddable":true,"href":"https:\/\/www.frankentourismus.de\/blog\/wp-json\/wp\/v2\/tags?post=2075"}],"curies":[{"name":"wp","href":"https:\/\/api.w.org\/{rel}","templated":true}]}}