{"id":1997,"date":"2021-08-13T12:49:47","date_gmt":"2021-08-13T10:49:47","guid":{"rendered":"https:\/\/www.frankentourismus.de\/blog\/?p=1997"},"modified":"2021-08-31T15:04:31","modified_gmt":"2021-08-31T13:04:31","slug":"vom-fichtelgebirge-zum-rhein-unterwegs-am-mainradweg","status":"publish","type":"post","link":"https:\/\/www.frankentourismus.de\/blog\/2021\/08\/13\/vom-fichtelgebirge-zum-rhein-unterwegs-am-mainradweg\/","title":{"rendered":"Vom Fichtelgebirge zum Rhein \u2013 Unterwegs am MainRadweg"},"content":{"rendered":"\n<p><strong>538 km schl\u00e4ngelt sich der Main von seinen zwei<\/strong> <strong>Quellen im Fichtelgebirge und in der Fr\u00e4nkischen Schweiz  \u00fcber Bamberg, Schweinfurt, W\u00fcrzburg und Frankfurt bis zur M\u00fcndung in den Rhein bei Mainz. Und flie\u00dft dabei durch verschiedene, landschaftlich reizvolle Urlaubsregionen, die den <a rel=\"noreferrer noopener\" href=\"https:\/\/www.mainradweg.com\/\" data-type=\"URL\" data-id=\"https:\/\/www.mainradweg.com\/\" target=\"_blank\">MainRadweg<\/a> gerade f\u00fcr Familien ideal machen. Es gibt kaum Steigungen, die Route verl\u00e4uft meist abseits des Verkehrs und zus\u00e4tzlich gibt es viele Einkehr- und \u00dcbernachtungsm\u00f6glichkeiten. So w\u00fcnscht man sich eine Radtour.<\/strong><\/p>\n\n\n<div class=\"hint\">\n            <figure>\n            <img width=\"300\" height=\"200\" src=\"https:\/\/www.frankentourismus.de\/blog\/wp-content\/uploads\/2021\/04\/Bernd-Deschauer-300x200.jpg\" class=\"attachment-medium size-medium\" alt=\"\" decoding=\"async\" loading=\"lazy\" srcset=\"https:\/\/www.frankentourismus.de\/blog\/wp-content\/uploads\/2021\/04\/Bernd-Deschauer-300x200.jpg 300w, https:\/\/www.frankentourismus.de\/blog\/wp-content\/uploads\/2021\/04\/Bernd-Deschauer-1024x683.jpg 1024w, https:\/\/www.frankentourismus.de\/blog\/wp-content\/uploads\/2021\/04\/Bernd-Deschauer-768x512.jpg 768w, https:\/\/www.frankentourismus.de\/blog\/wp-content\/uploads\/2021\/04\/Bernd-Deschauer-1536x1024.jpg 1536w, https:\/\/www.frankentourismus.de\/blog\/wp-content\/uploads\/2021\/04\/Bernd-Deschauer-2048x1365.jpg 2048w\" sizes=\"(max-width: 300px) 100vw, 300px\" \/>        <\/figure>\n    \n    <div class=\"content\">\n        <p>Hallo, mein Name ist Bernd Deschauer und ich bin in der Welterbestadt Bamberg zuhause. Seit 2011 pr\u00e4sentiere ich auf meinem Blog wanderzwerg.eu Ausflugstipps f\u00fcr Familien. Zudem schreibe ich f\u00fcr verschiedene Medien und habe folgende B\u00fccher verfasst: \u201eKinderwagen- &amp; Tragetouren Fr\u00e4nkische Schweiz | Bamberg\u201c, \u201eFamilientouren Ober- und Unterfranken\u201c sowie \u201eLaufen macht gl\u00fccklich\u201c.<\/p>\n    <\/div>\n<\/div>\n\n\n\n<h2>Unsere neu entdeckte Leidenschaft \u2013 Radtouren entlang des MainRadwegs<\/h2>\n\n\n\n<p>Inzwischen haben wir bereits mehrere Streckenabschnitte mit dem Fahrrad erkundet und dabei immer wieder <strong>Abstecher zu Burgen und Schluchten<\/strong> gemacht oder auch bei einer <strong>kurzen Wanderung<\/strong> die Gegend erkundet. Wir? Das sind mein 2010 geborener Sohn Leopold, dessen gleichaltriger Freund und sein Papa. Seit 2020 sind wir mehrmals aufs Rad gestiegen, um den MainRadweg zu erkunden. Trotzdem fehlen uns noch einige Abschnitte, die St\u00fcck f\u00fcr St\u00fcck dazu kommen.<\/p>\n\n\n\n<p>Ausgangspunkt unserer Radtouren ist <strong>Bamberg<\/strong> im <a href=\"https:\/\/www.frankentourismus.de\/gebiete\/steigerwald\/\" data-type=\"URL\" data-id=\"https:\/\/www.frankentourismus.de\/gebiete\/steigerwald\/\" target=\"_blank\" rel=\"noreferrer noopener\"><strong>Steigerwald<\/strong><\/a>, so dass wir meist mit einer Zugfahrt starten. Von Bamberg aus geht es mit dem Regionalexpress zum Start der Touren. Die <strong>Verbindungen sind gut <\/strong>und meist erreichen wir unser Ziel ohne Umsteigen. In den Z\u00fcgen ist leider aber oft wenig Platz f\u00fcr R\u00e4der; gerade wenn mehrere Personen mit Gep\u00e4ck unterwegs sind, kann es eng werden. Es empfiehlt sich daher,<strong> rechtzeitig am Gleis zu sein<\/strong>, um einen Platz zu bekommen. Mit etwas Gl\u00fcck steht der Zug bereits ein paar Minuten fr\u00fcher bereit.<\/p>\n\n\n\n<p>Der MainRadweg ist <strong>sehr gut ausgeschildert<\/strong>, so dass man sich immer gut zurechtfindet. \u00dcber die Webseite <strong><a href=\"https:\/\/www.mainradweg.com\/service\/gps-daten\/\" data-type=\"URL\" target=\"_blank\" rel=\"noreferrer noopener\">www.mainradweg.com<\/a><\/strong> steht zudem der <strong>GPX-Track zum Download<\/strong> bereit. Erg\u00e4nzend empfiehlt sich die Verwendung eines Tourenbuches zum Radweg wie beispielsweise das handliche <strong><a href=\"https:\/\/www.mainradweg.com\/service\/infomaterial\/tourbegleiter\/\" target=\"_blank\" rel=\"noreferrer noopener\">Serviceheft von FrankenTourismus<\/a><\/strong>. In diesem finden sich neben der Streckenbeschreibung noch viele weitere wertvolle Tipps.<\/p>\n\n\n\n<figure class=\"wp-block-image size-large\"><img decoding=\"async\" loading=\"lazy\" width=\"1024\" height=\"768\" src=\"https:\/\/www.frankentourismus.de\/blog\/wp-content\/uploads\/2021\/07\/Mainradweg-Gruppenbild-1-1024x768.jpg\" alt=\"\" class=\"wp-image-2001\" srcset=\"https:\/\/www.frankentourismus.de\/blog\/wp-content\/uploads\/2021\/07\/Mainradweg-Gruppenbild-1-1024x768.jpg 1024w, https:\/\/www.frankentourismus.de\/blog\/wp-content\/uploads\/2021\/07\/Mainradweg-Gruppenbild-1-300x225.jpg 300w, https:\/\/www.frankentourismus.de\/blog\/wp-content\/uploads\/2021\/07\/Mainradweg-Gruppenbild-1-768x576.jpg 768w, https:\/\/www.frankentourismus.de\/blog\/wp-content\/uploads\/2021\/07\/Mainradweg-Gruppenbild-1-1536x1152.jpg 1536w, https:\/\/www.frankentourismus.de\/blog\/wp-content\/uploads\/2021\/07\/Mainradweg-Gruppenbild-1.jpg 2000w\" sizes=\"(max-width: 1024px) 100vw, 1024px\" \/><figcaption>\u00a9 Bernd Deschauer \/ Wanderzwerg<\/figcaption><\/figure>\n\n\n\n<h2>Die Route<\/h2>\n\n\n\n<p>Heute m\u00f6chten wir eine unserer liebsten Routen vorstellen, die wir 2020 und 2021 gefahren sind. Sie f\u00fchrt von <strong>Schweinfurt bis W\u00fcrzburg<\/strong> und dann von <strong>W\u00fcrzburg bis Aschaffenburg<\/strong>. Wir durchqueren dabei das <a rel=\"noreferrer noopener\" href=\"https:\/\/www.frankentourismus.de\/gebiete\/fraenkisches-weinland\/\" data-type=\"URL\" data-id=\"https:\/\/www.frankentourismus.de\/gebiete\/fraenkisches-weinland\/\" target=\"_blank\"><strong>Fr\u00e4nkische Weinland<\/strong><\/a>, das <a href=\"https:\/\/www.frankentourismus.de\/gebiete\/liebliches-taubertal\/\" data-type=\"URL\" data-id=\"https:\/\/www.frankentourismus.de\/gebiete\/liebliches-taubertal\/\" target=\"_blank\" rel=\"noreferrer noopener\"><strong>Liebliche Taubertal<\/strong><\/a> und die Urlaubsregion <a href=\"https:\/\/www.frankentourismus.de\/gebiete\/spessart-mainland\/\" data-type=\"URL\" data-id=\"https:\/\/www.frankentourismus.de\/gebiete\/spessart-mainland\/\" target=\"_blank\" rel=\"noreferrer noopener\"><strong>Spessart-Mainland<\/strong><\/a>. Die Tagesetappen haben wir dabei bewusst so gew\u00e4hlt, dass <strong>Kinder um die 10 Jahre problemlos mitfahren<\/strong> k\u00f6nnen. Aber nat\u00fcrlich ist die Strecke auch mit kleineren Kindern m\u00f6glich. Man kann die Route einfach verk\u00fcrzen, oder auch die Zahl der \u00dcbernachtungen erh\u00f6hen. <strong>Das Angebot an M\u00f6glichkeiten ist gro\u00df<\/strong>, wobei in der Hauptsaison die \u00dcbernachtungen im Vorfeld gebucht werden sollten.<\/p>\n\n\n\n<h2>Start in Schweinfurt<\/h2>\n\n\n\n<p>Unser Weg f\u00fchrt uns zun\u00e4chst mit dem Zug aus <strong>Bierfranken nach Weinfranken<\/strong>. Ausgangspunkt f\u00fcr unsere Radtour ist hier <strong>Schweinfurt Hauptbahnhof,<\/strong> wo der MainRadweg bereits ausgeschildert ist. Anfangs f\u00fchrt die Strecke ein kurzes St\u00fcck durch die Stadt, bevor es dann am Bahnhof Schweinfurt-Stadt an den Main geht. Hier erwartet einen bereits das erste <strong>Walzenwehr<\/strong> aus dem Jahr 1903. Dieses wurde nach 60-j\u00e4hrigem Betrieb durch die neue Schleuse ersetzt und steht heute als Industriedenkmal am Main. Der Radweg f\u00fchrt von dort aus entlang gr\u00fcner Wiesen und gro\u00dfer B\u00e4ume aus Schweinfurt hinaus. Es geht Richtung S\u00fcden vorbei an Grafenrheinfeld mit dem AKW, das 2015 stillgelegt wurde. Aus der N\u00e4he wirkt es etwas be\u00e4ngstigend, aber dennoch faszinierend.<\/p>\n\n\n\n<p>Bis Wipfeld geht es <strong>sehr gem\u00fctlich am MainRadweg<\/strong> entlang. Im Ort ist die <strong>Mainf\u00e4hre<\/strong> im Einsatz und bringt Personen und Fahrzeuge auf die andere Seite. Auch der MainRadweg f\u00fchrt nun auf der gegen\u00fcberliegenden Seite weiter, wobei sich vor dem \u00dcbersetzen in Wipfeld auch eine kleine Pause auf den einladenden B\u00e4nken direkt an der F\u00e4hre anbietet. Dr\u00fcben angekommen, geht es \u00fcber Stammheim mit seinen sch\u00f6nen Fachwerkh\u00e4usern weiter Richtung Fahr, wo auch <strong>wieder eine F\u00e4hre \u00fcber den Main<\/strong> im Einsatz ist. Gleich neben der F\u00e4hrstelle kann man gut die Beine ins Wasser halten, sich abk\u00fchlen und den ersten Blick auf die <strong>Vogelsburg<\/strong> genie\u00dfen, die hoch oben an der <strong>Volkacher Mainschleife<\/strong> liegt. Direkt am Main entlang geht die Route weiter, die schlie\u00dflich bis hoch zur Wallfahrtskirche <strong>Maria im Weingarten<\/strong> f\u00fchrt. Auch hier sollte man unbedingt einen Zwischenstopp einplanen, um die Kirche zu besichtigen. Aber Achtung, denn die Kirche mit Tilmann Riemenschneiders Madonna im Rosenkranz hat nur bis 17 Uhr ge\u00f6ffnet.<\/p>\n\n\n\n<figure class=\"wp-block-image size-large\"><img decoding=\"async\" loading=\"lazy\" width=\"1024\" height=\"768\" src=\"https:\/\/www.frankentourismus.de\/blog\/wp-content\/uploads\/2021\/07\/Mainradweg-Faehre-Wipfeld-1-1024x768.jpg\" alt=\"\" class=\"wp-image-2003\" srcset=\"https:\/\/www.frankentourismus.de\/blog\/wp-content\/uploads\/2021\/07\/Mainradweg-Faehre-Wipfeld-1-1024x768.jpg 1024w, https:\/\/www.frankentourismus.de\/blog\/wp-content\/uploads\/2021\/07\/Mainradweg-Faehre-Wipfeld-1-300x225.jpg 300w, https:\/\/www.frankentourismus.de\/blog\/wp-content\/uploads\/2021\/07\/Mainradweg-Faehre-Wipfeld-1-768x576.jpg 768w, https:\/\/www.frankentourismus.de\/blog\/wp-content\/uploads\/2021\/07\/Mainradweg-Faehre-Wipfeld-1-1536x1152.jpg 1536w, https:\/\/www.frankentourismus.de\/blog\/wp-content\/uploads\/2021\/07\/Mainradweg-Faehre-Wipfeld-1.jpg 2000w\" sizes=\"(max-width: 1024px) 100vw, 1024px\" \/><figcaption>\u00a9 Bernd Deschauer \/ Wanderzwerg<\/figcaption><\/figure>\n\n\n\n<p>Nun ist es nur noch ein kurzes St\u00fcck bis<strong> Volkach<\/strong>, wo man gem\u00fctlich einen Spaziergang durch die <strong>sch\u00f6ne Altstadt oder den Hindenburgpark<\/strong> machen kann. Zudem starten in Volkach <strong>Ausflugsfahrten<\/strong> um die Mainschleife. <\/p>\n\n\n\n<p><strong>Ein kleiner Extratipp<\/strong>: die Mainschleife bietet sich ideal f\u00fcr eine l\u00e4ngere Pause mit einer Wanderung an. Einen Wandervorschlag gibt es unter: <a rel=\"noreferrer noopener\" href=\"https:\/\/wanderzwerg.eu\/mainschleife\" target=\"_blank\">www.wanderzwerg.eu<\/a>. <\/p>\n\n\n\n<p>Von der Mainschleife aus geht es anschlie\u00dfend durch die Mainaue in das kleine<strong> idyllische Winzerst\u00e4dtchen Sommerach<\/strong> mit Campingplatz und Badebuchten. Als Etappenziele f\u00fcr den ersten Tag bieten sich M\u00fcnsterschwarzach oder Schwarzach am Main sehr gut an, da man hier bereits etwa die H\u00e4lfte der Strecke nach W\u00fcrzburg geradelt ist.<\/p>\n\n\n\n<h2>Weiterfahrt nach W\u00fcrzburg<\/h2>\n\n\n\n<p>Nach einem ausgiebigen Fr\u00fchst\u00fcck und einer Besichtigung der <strong>Abteikirche in M\u00fcnsterschwarzach<\/strong> kann der neue Tag starten. Bis Dettelbach kann etwas Strecke gutgemacht werden, da der MainRadweg hier etwas abseits des Flusses verl\u00e4uft. Daf\u00fcr gibt es im Ort wieder einiges zu entdecken. Direkt am Radweg wird der <strong>Skulpturen- und Freizeitpark<\/strong> passiert, der f\u00fcr eine kurze Rast und Spielpause perfekt ist.<\/p>\n\n\n\n<p>Wieder am Main entlang f\u00fchrt die Route nun Richtung Kitzingen. Es geht unter der A3 durch und an Mainstockheim vorbei, bevor die Kreisstadt erreicht wird, in der <strong>2011 die Landesgartenschau<\/strong> stattfand. Das am Main gelegene Areal ist ein sch\u00f6ner Platz f\u00fcr eine Rast: B\u00e4nke laden zum Verweilen ein und am gro\u00dfen Spielplatz werden Kinder ihre Freude haben. Zudem bietet sich ein sehr sch\u00f6ner Blick auf die <strong>Altstadt von Kitzingen<\/strong>.<\/p>\n\n\n\n<figure class=\"wp-block-image size-large\"><img decoding=\"async\" loading=\"lazy\" width=\"1024\" height=\"682\" src=\"https:\/\/www.frankentourismus.de\/blog\/wp-content\/uploads\/2021\/07\/Mainradweg-Kitzingen-1-1024x682.jpg\" alt=\"\" class=\"wp-image-2005\" srcset=\"https:\/\/www.frankentourismus.de\/blog\/wp-content\/uploads\/2021\/07\/Mainradweg-Kitzingen-1-1024x682.jpg 1024w, https:\/\/www.frankentourismus.de\/blog\/wp-content\/uploads\/2021\/07\/Mainradweg-Kitzingen-1-300x200.jpg 300w, https:\/\/www.frankentourismus.de\/blog\/wp-content\/uploads\/2021\/07\/Mainradweg-Kitzingen-1-768x512.jpg 768w, https:\/\/www.frankentourismus.de\/blog\/wp-content\/uploads\/2021\/07\/Mainradweg-Kitzingen-1-1536x1024.jpg 1536w, https:\/\/www.frankentourismus.de\/blog\/wp-content\/uploads\/2021\/07\/Mainradweg-Kitzingen-1.jpg 2000w\" sizes=\"(max-width: 1024px) 100vw, 1024px\" \/><figcaption>\u00a9 Bernd Deschauer \/ Wanderzwerg<\/figcaption><\/figure>\n\n\n\n<p>Zwischen Kitzingen und Marktsteft l\u00e4sst sich wieder etwas Strecke machen, bevor es an <strong>Bayerns \u00e4ltestem Hafen<\/strong> vorbeigeht. Auf kleinen Stra\u00dfen geht es durch den Ort und anschlie\u00dfend \u00fcber Felder und vorbei an den Mainwiesen nach <strong>Marktbreit<\/strong>. Der Ort besticht durch seine<strong> Fachwerkh\u00e4user<\/strong> und die H\u00e4user entlang des Breitbachs. Hier sollte man unbedingt <strong>eine kurze Runde durch die Altstadt<\/strong> einplanen! Die sch\u00f6nen Orte wollen gar nicht mehr aufh\u00f6ren \u2013 nur 6 km sind es ins nahe <strong>Ochsenfurt<\/strong>, wo sich eine sch\u00f6ne Kaffeepause anbietet. Nahe dem Kirchplatz kann man wunderbar in den vielen Caf\u00e9s eine Pause machen und die Stadt auf sich wirken lassen.<\/p>\n\n\n\n<p>Nun sind es nur noch 20 km bis W\u00fcrzburg, die Strecke f\u00fchrt direkt an den Weinbergen entlang nach <strong>Sommerhausen<\/strong>, wo der <strong>Tierpark oder eine Badepause<\/strong> zu einer weiteren willkommenen Rast einladen. \u00dcber Eibelstadt und Randersacker erreicht man dann schlie\u00dflich <strong>W\u00fcrzburg<\/strong>. Gem\u00fctlich geht es entlang der Kurt-Schumacher-Promenade durch den Park bis zur <strong>Alten Mainbr\u00fccke<\/strong>. Es ist geschafft! Nach zwei Tagen auf dem Rad ist die Altstadt erreicht und man wird mit einem <strong>traumhaften Ausblick auf die Marienfeste und den Main <\/strong>belohnt. Vorbei an <strong>Dom<\/strong> und der <strong>Residenz<\/strong> geht es zum Hauptbahnhof, wo diese Tour endet und die n\u00e4chste starten wird.<\/p>\n\n\n\n<figure class=\"is-layout-flex wp-block-gallery-1 wp-block-gallery columns-3 is-cropped\"><ul class=\"blocks-gallery-grid\"><li class=\"blocks-gallery-item\"><figure><img decoding=\"async\" loading=\"lazy\" width=\"1024\" height=\"682\" src=\"https:\/\/www.frankentourismus.de\/blog\/wp-content\/uploads\/2021\/07\/Mainradweg-Marktbreit-1-1024x682.jpg\" alt=\"\" data-id=\"2007\" data-full-url=\"https:\/\/www.frankentourismus.de\/blog\/wp-content\/uploads\/2021\/07\/Mainradweg-Marktbreit-1.jpg\" data-link=\"https:\/\/www.frankentourismus.de\/blog\/mainradweg-marktbreit-1\/\" class=\"wp-image-2007\" srcset=\"https:\/\/www.frankentourismus.de\/blog\/wp-content\/uploads\/2021\/07\/Mainradweg-Marktbreit-1-1024x682.jpg 1024w, https:\/\/www.frankentourismus.de\/blog\/wp-content\/uploads\/2021\/07\/Mainradweg-Marktbreit-1-300x200.jpg 300w, https:\/\/www.frankentourismus.de\/blog\/wp-content\/uploads\/2021\/07\/Mainradweg-Marktbreit-1-768x512.jpg 768w, https:\/\/www.frankentourismus.de\/blog\/wp-content\/uploads\/2021\/07\/Mainradweg-Marktbreit-1-1536x1024.jpg 1536w, https:\/\/www.frankentourismus.de\/blog\/wp-content\/uploads\/2021\/07\/Mainradweg-Marktbreit-1.jpg 2000w\" sizes=\"(max-width: 1024px) 100vw, 1024px\" \/><figcaption class=\"blocks-gallery-item__caption\">\u00a9 Bernd Deschauer \/ Wanderzwerg<\/figcaption><\/figure><\/li><li class=\"blocks-gallery-item\"><figure><img decoding=\"async\" loading=\"lazy\" width=\"1024\" height=\"768\" src=\"https:\/\/www.frankentourismus.de\/blog\/wp-content\/uploads\/2021\/07\/Mainradweg-Radler-1-1024x768.jpg\" alt=\"\" data-id=\"2009\" data-full-url=\"https:\/\/www.frankentourismus.de\/blog\/wp-content\/uploads\/2021\/07\/Mainradweg-Radler-1.jpg\" data-link=\"https:\/\/www.frankentourismus.de\/blog\/mainradweg-radler-1\/\" class=\"wp-image-2009\" srcset=\"https:\/\/www.frankentourismus.de\/blog\/wp-content\/uploads\/2021\/07\/Mainradweg-Radler-1-1024x768.jpg 1024w, https:\/\/www.frankentourismus.de\/blog\/wp-content\/uploads\/2021\/07\/Mainradweg-Radler-1-300x225.jpg 300w, https:\/\/www.frankentourismus.de\/blog\/wp-content\/uploads\/2021\/07\/Mainradweg-Radler-1-768x576.jpg 768w, https:\/\/www.frankentourismus.de\/blog\/wp-content\/uploads\/2021\/07\/Mainradweg-Radler-1-1536x1152.jpg 1536w, https:\/\/www.frankentourismus.de\/blog\/wp-content\/uploads\/2021\/07\/Mainradweg-Radler-1.jpg 2000w\" sizes=\"(max-width: 1024px) 100vw, 1024px\" \/><figcaption class=\"blocks-gallery-item__caption\">\u00a9 Bernd Deschauer \/ Wanderzwerg<\/figcaption><\/figure><\/li><li class=\"blocks-gallery-item\"><figure><img decoding=\"async\" loading=\"lazy\" width=\"1024\" height=\"1024\" src=\"https:\/\/www.frankentourismus.de\/blog\/wp-content\/uploads\/2021\/07\/Mainradweg-Wuerzburg-1-1024x1024.jpg\" alt=\"\" data-id=\"2011\" data-full-url=\"https:\/\/www.frankentourismus.de\/blog\/wp-content\/uploads\/2021\/07\/Mainradweg-Wuerzburg-1.jpg\" data-link=\"https:\/\/www.frankentourismus.de\/blog\/mainradweg-wuerzburg-1\/\" class=\"wp-image-2011\" srcset=\"https:\/\/www.frankentourismus.de\/blog\/wp-content\/uploads\/2021\/07\/Mainradweg-Wuerzburg-1-1024x1024.jpg 1024w, https:\/\/www.frankentourismus.de\/blog\/wp-content\/uploads\/2021\/07\/Mainradweg-Wuerzburg-1-300x300.jpg 300w, https:\/\/www.frankentourismus.de\/blog\/wp-content\/uploads\/2021\/07\/Mainradweg-Wuerzburg-1-150x150.jpg 150w, https:\/\/www.frankentourismus.de\/blog\/wp-content\/uploads\/2021\/07\/Mainradweg-Wuerzburg-1-768x768.jpg 768w, https:\/\/www.frankentourismus.de\/blog\/wp-content\/uploads\/2021\/07\/Mainradweg-Wuerzburg-1-1536x1536.jpg 1536w, https:\/\/www.frankentourismus.de\/blog\/wp-content\/uploads\/2021\/07\/Mainradweg-Wuerzburg-1.jpg 2000w\" sizes=\"(max-width: 1024px) 100vw, 1024px\" \/><figcaption class=\"blocks-gallery-item__caption\">\u00a9 Bernd Deschauer \/ Wanderzwerg<\/figcaption><\/figure><\/li><\/ul><\/figure>\n\n\n\n<h2>Von W\u00fcrzburg in den Spessart<\/h2>\n\n\n\n<p><strong>Ein Jahr sp\u00e4ter geht die Tour weiter. Wir schlie\u00dfen an unsere Tour aus dem Vorjahr an und radeln von W\u00fcrzburg den Main flussabw\u00e4rts.<\/strong><\/p>\n\n\n\n<p>Durch einen Park f\u00fchrt der MainRadweg von S\u00fcden kommend nach W\u00fcrzburg und durch einen Park wird die Stadt wieder verlassen. Bis zum ersten Stopp in <strong>Veitsh\u00f6chheim<\/strong> sind es nur etwa 7 km. Von Margetsh\u00f6chheim aus f\u00fchrt eine Fu\u00dfg\u00e4ngerbr\u00fccke \u00fcber den Fluss in den Ort, wo das <strong>Schloss mit dem Hofgarten<\/strong> besichtigt werden kann, das den F\u00fcrstbisch\u00f6fen von W\u00fcrzburg als Sommerresidenz diente. Anschlie\u00dfend geht es wieder \u00fcber den Main und weiter Richtung Karlstadt. Auf dem Weg dorthin passiert man einen ganz besonderen Ort: <strong>Himmelstadt<\/strong>. Dort befindet sich <strong>Bayerns einziges Weihnachtspostamt<\/strong> und entlang des MainRadwegs ist ein Philatelisten-Lehrpfad aufgebaut. Auf der gegen\u00fcberliegenden Seite zeigen sich Felsen und Weinberge. In M\u00fchlbach, kurz vor Karlstadt, empfiehlt sich nochmals eine Pause, um eine kleine Wanderung zu machen. Es sind nur 500 Meter einfach \u00fcber den Burgweg bis zur<strong> Karlsburg<\/strong>. Der <strong>Ausblick auf Karlstadt<\/strong> ist aber gro\u00dfartig und sollte nicht verpasst werden!<\/p>\n\n\n\n<figure class=\"wp-block-image size-large\"><img decoding=\"async\" loading=\"lazy\" width=\"1024\" height=\"682\" src=\"https:\/\/www.frankentourismus.de\/blog\/wp-content\/uploads\/2021\/07\/Mainradweg-Karlstadt-1-1024x682.jpg\" alt=\"\" class=\"wp-image-2013\" srcset=\"https:\/\/www.frankentourismus.de\/blog\/wp-content\/uploads\/2021\/07\/Mainradweg-Karlstadt-1-1024x682.jpg 1024w, https:\/\/www.frankentourismus.de\/blog\/wp-content\/uploads\/2021\/07\/Mainradweg-Karlstadt-1-300x200.jpg 300w, https:\/\/www.frankentourismus.de\/blog\/wp-content\/uploads\/2021\/07\/Mainradweg-Karlstadt-1-768x512.jpg 768w, https:\/\/www.frankentourismus.de\/blog\/wp-content\/uploads\/2021\/07\/Mainradweg-Karlstadt-1-1536x1024.jpg 1536w, https:\/\/www.frankentourismus.de\/blog\/wp-content\/uploads\/2021\/07\/Mainradweg-Karlstadt-1.jpg 2000w\" sizes=\"(max-width: 1024px) 100vw, 1024px\" \/><figcaption>\u00a9 Bernd Deschauer \/ Wanderzwerg<\/figcaption><\/figure>\n\n\n\n<p>Wieder an den R\u00e4dern angekommen, geht es \u00fcber den Main in die <strong>Altstadt von Karlstadt<\/strong>, die mit ihren vielen Fachwerkh\u00e4usern zu einem Spaziergang einl\u00e4dt. Wer zur rechten Zeit kommt, kann am Marktplatz dem <strong>Schwedenm\u00e4nnle<\/strong> mit seinem Trompetenspiel lauschen.<\/p>\n\n\n\n<p>Das Tagesziel Gem\u00fcnden ist bereits angeschrieben \u2013 allerdings sind es noch 17 Kilometer. Entlang des Weges liegt das Naturschutzgebiet Grainberg-Kalbenstein und Saupurzel, das <strong>Kletter- und Wanderm\u00f6glichkeiten oberhalb des Mainradwegs<\/strong> bietet. \u00dcber Wernfeld, wo die Wern in den Main m\u00fcndet, geht es dem Zielort Gem\u00fcnden entgegen. Zwischen Fluss und Bahngleisen f\u00fchrt der Radweg zum Parkplatz an der Mainl\u00e4nde, wo die Gleise unterquert werden, um in die Stadt zu gelangen.<\/p>\n\n\n\n<blockquote class=\"wp-block-quote\"><p>&#8222;Besonders empfiehlt sich die Scherenburg bei Sonnenuntergang.&#8220;<\/p><cite>Bernd Deschauer<\/cite><\/blockquote>\n\n\n\n<div class=\"wp-block-image\"><figure class=\"alignright size-large is-resized\"><img decoding=\"async\" loading=\"lazy\" src=\"https:\/\/www.frankentourismus.de\/blog\/wp-content\/uploads\/2021\/07\/Mainradweg-Gemuenden-1-768x1024.jpg\" alt=\"\" class=\"wp-image-2015\" width=\"351\" height=\"468\" srcset=\"https:\/\/www.frankentourismus.de\/blog\/wp-content\/uploads\/2021\/07\/Mainradweg-Gemuenden-1-768x1024.jpg 768w, https:\/\/www.frankentourismus.de\/blog\/wp-content\/uploads\/2021\/07\/Mainradweg-Gemuenden-1-225x300.jpg 225w, https:\/\/www.frankentourismus.de\/blog\/wp-content\/uploads\/2021\/07\/Mainradweg-Gemuenden-1-1152x1536.jpg 1152w, https:\/\/www.frankentourismus.de\/blog\/wp-content\/uploads\/2021\/07\/Mainradweg-Gemuenden-1.jpg 1500w\" sizes=\"(max-width: 351px) 100vw, 351px\" \/><figcaption>\u00a9 Bernd Deschauer \/ Wanderzwerg<\/figcaption><\/figure><\/div>\n\n\n\n<p>Ein \u00fcberschaubares St\u00e4dtchen erwartet die Besucherinnen und Besucher, die dieses auf einem <strong>ausgeschilderten Altstadtspaziergang<\/strong> erkunden k\u00f6nnen. Die <strong>Scherenburg<\/strong> ist dabei inbegriffen und bietet einen sch\u00f6nen Blick \u00fcber Gem\u00fcnden. Besonders empfehlenswert ist der Besuch der Burg zum Sonnenuntergang.<\/p>\n\n\n\n<h2>Von der Scherenburg zur Burg Wertheim<\/h2>\n\n\n\n<p>Mit knapp 55 Kilometern folgt eine der l\u00e4ngsten Tagesetappen auf der Tour nach Aschaffenburg, so dass es nach dem Fr\u00fchst\u00fcck gleich losgeht und zu Beginn auch einmal ein Zwischenstopp ausgelassen wird. So l\u00e4sst es sich gegen Ende entspannter radeln, wenn das Ziel n\u00e4herkommt.<\/p>\n\n\n\n<p>Morgens geht es \u00fcber die fr\u00e4nkische Saale aus Gem\u00fcnden und weiter am MainRadweg entlang. Von der Br\u00fccke, die hier \u00fcberquert wird, zeigt sich die Stadt nochmal von ihrer sch\u00f6nsten Seite. Bis zum ersten Zwischenstopp, der <strong>Schneewittchenstadt Lohr am Main<\/strong>, sind es etwa 15 Kilometer. Zwischen der Schleuse Steinbach und der neuen Mainbr\u00fccke bei Lohr kann man nochmal einen kurzen Halt an einer etwas ungew\u00f6hnlichen Markierung einlegen. Der MainRadweg passiert den<strong> 50. Breitengrad<\/strong>, auf dem Lohr, aber auch Winnipeg oder Prag liegen.<\/p>\n\n\n\n<p>In Lohr angekommen, werden die R\u00e4der geparkt und erkundet, was es mit der <strong>Schneewittchenstadt<\/strong> auf sich hat. Ende des 20. Jahrhunderts entdeckte der Lohrer Apotheker und Historiker Dr. Karlheinz Bartels Parallelen zwischen dem M\u00e4rchen und der Stadtgeschichte. <strong>Schneewittchen ist in Lohr an vielen Stellen anzutreffen<\/strong>. Es gibt einen Schneewittchenweg, Figuren am Schlossplatz, den sprechenden Spiegel oder auch Lesungen.<\/p>\n\n\n\n<figure class=\"wp-block-image size-large\"><img decoding=\"async\" loading=\"lazy\" width=\"1024\" height=\"768\" src=\"https:\/\/www.frankentourismus.de\/blog\/wp-content\/uploads\/2021\/07\/Mainradweg-Lohr-2-1024x768.jpg\" alt=\"\" class=\"wp-image-2017\" srcset=\"https:\/\/www.frankentourismus.de\/blog\/wp-content\/uploads\/2021\/07\/Mainradweg-Lohr-2-1024x768.jpg 1024w, https:\/\/www.frankentourismus.de\/blog\/wp-content\/uploads\/2021\/07\/Mainradweg-Lohr-2-300x225.jpg 300w, https:\/\/www.frankentourismus.de\/blog\/wp-content\/uploads\/2021\/07\/Mainradweg-Lohr-2-768x576.jpg 768w, https:\/\/www.frankentourismus.de\/blog\/wp-content\/uploads\/2021\/07\/Mainradweg-Lohr-2-1536x1152.jpg 1536w, https:\/\/www.frankentourismus.de\/blog\/wp-content\/uploads\/2021\/07\/Mainradweg-Lohr-2.jpg 2000w\" sizes=\"(max-width: 1024px) 100vw, 1024px\" \/><figcaption>\u00a9 Bernd Deschauer \/ Wanderzwerg<\/figcaption><\/figure>\n\n\n\n<p>\u00dcber die neue Mainbr\u00fccke geht es wieder auf den Radweg <strong>Richtung Marktheidenfeld<\/strong>. Die Weinberge sind inzwischen den W\u00e4ldern auf beiden Seiten des Mains gewichen, trotzdem ist der Weg sehr sonnig. Bei <strong>Rothenfels<\/strong> zeigt sich <strong>eine sch\u00f6n gelegene Burg<\/strong> \u00fcber dem Ort, die durch einen kleinen Abstecher \u00fcber die gleichnamige Schleuse erreicht werden kann. F\u00fcr uns geht es allerdings direkt weiter nach <strong>Marktheidenfeld<\/strong>, da es bis Wertheim noch einige Kilometer zu radeln sind. Nach Passieren der Nordbr\u00fccke f\u00fchrt der MainRadweg direkt am Fluss entlang und am Mainkai zeigen sich <strong>die herausgeputzten H\u00e4user und Caf\u00e9s<\/strong> von ihrer besten Seite. Hier lohnt es sich, die R\u00e4der abzustellen, ein Getr\u00e4nk zu sich zu nehmen und den Blick \u00fcber den Main schweifen zu lassen. 18 Kilometer sind es noch bis Wertheim, die f\u00fcr uns mit zwei \u00dcberraschungen verbunden waren. Zum einen war eine kurze Wanderung beim Kloster Triefenstein geplant, deren Start wir verpassten und zum anderen hatte die Weiterfahrt auf der \u201efalschen\u201c Mainseite zur Folge, dass wir etwas Strecke abk\u00fcrzen konnten, aber auch einige H\u00f6henmeter mehr machen mussten. In <strong>Wertheim<\/strong> stellte sich anschlie\u00dfend heraus, dass es gut war, die Wanderung verpasst zu haben. So wurde die Corona-Teststation rechtzeitig erreicht, um den ben\u00f6tigten Test f\u00fcr die Hotel\u00fcbernachtung zu machen.<\/p>\n\n\n\n<p>Abends wartete auf uns noch der etwas anstrengende, aber <strong>lohnenswerte Spaziergang zur Burg Wertheim<\/strong>, die hoch \u00fcber der Stadt liegt. In der Burg gibt es viele Treppenstufen, \u00fcber welche die verschiedenen Bereiche verbunden sind. Nach der Anstrengung wird man allerdings belohnt, denn der <strong>Ausblick von der Burg \u00fcber die Stadt, Main und Tauber ist ph\u00e4nomenal<\/strong>! Die Kinder waren von der Burg so begeistert, dass sie am n\u00e4chsten Tag vor der Weiterfahrt nochmal hinwollten.<\/p>\n\n\n\n<figure class=\"is-layout-flex wp-block-gallery-3 wp-block-gallery columns-2 is-cropped\"><ul class=\"blocks-gallery-grid\"><li class=\"blocks-gallery-item\"><figure><img decoding=\"async\" loading=\"lazy\" width=\"1024\" height=\"768\" src=\"https:\/\/www.frankentourismus.de\/blog\/wp-content\/uploads\/2021\/07\/Mainradweg-Marktheidenfeld-1-1024x768.jpg\" alt=\"\" data-id=\"2019\" data-full-url=\"https:\/\/www.frankentourismus.de\/blog\/wp-content\/uploads\/2021\/07\/Mainradweg-Marktheidenfeld-1.jpg\" data-link=\"https:\/\/www.frankentourismus.de\/blog\/mainradweg-marktheidenfeld-1\/\" class=\"wp-image-2019\" srcset=\"https:\/\/www.frankentourismus.de\/blog\/wp-content\/uploads\/2021\/07\/Mainradweg-Marktheidenfeld-1-1024x768.jpg 1024w, https:\/\/www.frankentourismus.de\/blog\/wp-content\/uploads\/2021\/07\/Mainradweg-Marktheidenfeld-1-300x225.jpg 300w, https:\/\/www.frankentourismus.de\/blog\/wp-content\/uploads\/2021\/07\/Mainradweg-Marktheidenfeld-1-768x576.jpg 768w, https:\/\/www.frankentourismus.de\/blog\/wp-content\/uploads\/2021\/07\/Mainradweg-Marktheidenfeld-1-1536x1152.jpg 1536w, https:\/\/www.frankentourismus.de\/blog\/wp-content\/uploads\/2021\/07\/Mainradweg-Marktheidenfeld-1.jpg 2000w\" sizes=\"(max-width: 1024px) 100vw, 1024px\" \/><figcaption class=\"blocks-gallery-item__caption\">\u00a9 Bernd Deschauer \/ Wanderzwerg<\/figcaption><\/figure><\/li><li class=\"blocks-gallery-item\"><figure><img decoding=\"async\" loading=\"lazy\" width=\"1024\" height=\"768\" src=\"https:\/\/www.frankentourismus.de\/blog\/wp-content\/uploads\/2021\/07\/Mainradweg-Wertheim-1-1024x768.jpg\" alt=\"\" data-id=\"2021\" data-full-url=\"https:\/\/www.frankentourismus.de\/blog\/wp-content\/uploads\/2021\/07\/Mainradweg-Wertheim-1.jpg\" data-link=\"https:\/\/www.frankentourismus.de\/blog\/mainradweg-wertheim-1\/\" class=\"wp-image-2021\" srcset=\"https:\/\/www.frankentourismus.de\/blog\/wp-content\/uploads\/2021\/07\/Mainradweg-Wertheim-1-1024x768.jpg 1024w, https:\/\/www.frankentourismus.de\/blog\/wp-content\/uploads\/2021\/07\/Mainradweg-Wertheim-1-300x225.jpg 300w, https:\/\/www.frankentourismus.de\/blog\/wp-content\/uploads\/2021\/07\/Mainradweg-Wertheim-1-768x576.jpg 768w, https:\/\/www.frankentourismus.de\/blog\/wp-content\/uploads\/2021\/07\/Mainradweg-Wertheim-1-1536x1152.jpg 1536w, https:\/\/www.frankentourismus.de\/blog\/wp-content\/uploads\/2021\/07\/Mainradweg-Wertheim-1.jpg 2000w\" sizes=\"(max-width: 1024px) 100vw, 1024px\" \/><figcaption class=\"blocks-gallery-item__caption\">\u00a9 Bernd Deschauer \/ Wanderzwerg<\/figcaption><\/figure><\/li><\/ul><\/figure>\n\n\n\n<h2>Wertheim bis Miltenberg<\/h2>\n\n\n\n<p>Auf der n\u00e4chsten Tagesetappe schl\u00e4ngelt sich der Main durch den Spessart und passiert dabei viele kleinere Orte. Nach zwei l\u00e4ngeren Tagen freuen sich die Kinder \u00fcber eine etwas k\u00fcrzere Tour. Der Main ist hier \u00fcber weite Strecken die <strong>Grenze zwischen Bayern und Baden-W\u00fcrttemberg<\/strong>. Von Wertheim aus geht es \u00fcber die Br\u00fccke wieder auf die bayerische Seite des Mains, an der der MainRadweg verl\u00e4uft. \u00dcber Kreuzwertheim f\u00fchrt die Route direkt am Main nach Hasloch und Faulbach. Zwischen den beiden Orten \u00fcberrascht der <strong>Garten \u201eNatur in Stille\u201c<\/strong>. Es ist ein liebevoll gestalteter Ort der Ruhe, Entspannung und Meditation. Verschiedene Sitzgelegenheiten bieten sich f\u00fcr eine Rast an und man bekommt direkt das Gef\u00fchl, als w\u00e4re man in eine andere Welt eingetaucht.<\/p>\n\n\n\n<figure class=\"wp-block-image size-large\"><img decoding=\"async\" loading=\"lazy\" width=\"1024\" height=\"768\" src=\"https:\/\/www.frankentourismus.de\/blog\/wp-content\/uploads\/2021\/07\/Mainradweg-Natur-in-Stille-1-1024x768.jpg\" alt=\"\" class=\"wp-image-2025\" srcset=\"https:\/\/www.frankentourismus.de\/blog\/wp-content\/uploads\/2021\/07\/Mainradweg-Natur-in-Stille-1-1024x768.jpg 1024w, https:\/\/www.frankentourismus.de\/blog\/wp-content\/uploads\/2021\/07\/Mainradweg-Natur-in-Stille-1-300x225.jpg 300w, https:\/\/www.frankentourismus.de\/blog\/wp-content\/uploads\/2021\/07\/Mainradweg-Natur-in-Stille-1-768x576.jpg 768w, https:\/\/www.frankentourismus.de\/blog\/wp-content\/uploads\/2021\/07\/Mainradweg-Natur-in-Stille-1-1536x1152.jpg 1536w, https:\/\/www.frankentourismus.de\/blog\/wp-content\/uploads\/2021\/07\/Mainradweg-Natur-in-Stille-1.jpg 2000w\" sizes=\"(max-width: 1024px) 100vw, 1024px\" \/><figcaption>\u00a9 Bernd Deschauer \/ Wanderzwerg<\/figcaption><\/figure>\n\n\n\n<p>Nach einer St\u00e4rkung geht es weiter bis <strong>Stadtprozelten<\/strong>, einem Ort, der sich entlang der Hauptstra\u00dfe schl\u00e4ngelt. Hier gibt es eine Mainf\u00e4hre und mit der <strong>Henneburg<\/strong> zugleich auch noch eine sehr sch\u00f6n gelegene Burg \u00fcber dem Ort. Der kurze Aufstieg beginnt nahe der Apotheke und lohnt sich schon wegen der Aussicht \u00fcber den Main und die Landschaft. An der F\u00e4hre steht ein Eiswagen, der sich bei den hohen Temperaturen \u00fcber viel Kundschaft freuen kann. Auch wir g\u00f6nnen uns vor der Weiterfahrt ein Eis.<\/p>\n\n\n\n<p>Es geht weiter Richtung Collenberg, wo auf der gegen\u00fcberliegenden Mainseite ein <strong>gr\u00f6\u00dferes Freizeitgel\u00e4nde mit Badesee und Campingplatz<\/strong> liegt. Zu erreichen ist das Gel\u00e4nde \u00fcber die folgende Schleuse. Bei Kirschfurt f\u00fchrt die Route \u00fcber den Main nach <strong>Freudenberg<\/strong>. Ein Ort mit vielen Fachwerkh\u00e4usern und der <strong>Freudenburg<\/strong> hoch \u00fcber dem Ort. Nach einer sehr kurzen Passage an der Hauptstra\u00dfe radeln wir wieder direkt am Fluss entlang. Auf der gegen\u00fcberliegenden Seite zeigen sich die roten Felsen, die typisch f\u00fcr die Region sind. Nach wenigen Kilometern erreicht man <strong>B\u00fcrgstadt<\/strong>, den Ort, in dem wir \u00fcbernachten und von dem aus wir abends <strong>Miltenberg<\/strong> erkunden wollen.<\/p>\n\n\n\n<figure class=\"wp-block-image size-large\"><img decoding=\"async\" loading=\"lazy\" width=\"1024\" height=\"768\" src=\"https:\/\/www.frankentourismus.de\/blog\/wp-content\/uploads\/2021\/07\/Mainradweg-Buergstadt-1-1024x768.jpg\" alt=\"\" class=\"wp-image-2023\" srcset=\"https:\/\/www.frankentourismus.de\/blog\/wp-content\/uploads\/2021\/07\/Mainradweg-Buergstadt-1-1024x768.jpg 1024w, https:\/\/www.frankentourismus.de\/blog\/wp-content\/uploads\/2021\/07\/Mainradweg-Buergstadt-1-300x225.jpg 300w, https:\/\/www.frankentourismus.de\/blog\/wp-content\/uploads\/2021\/07\/Mainradweg-Buergstadt-1-768x576.jpg 768w, https:\/\/www.frankentourismus.de\/blog\/wp-content\/uploads\/2021\/07\/Mainradweg-Buergstadt-1-1536x1152.jpg 1536w, https:\/\/www.frankentourismus.de\/blog\/wp-content\/uploads\/2021\/07\/Mainradweg-Buergstadt-1.jpg 2000w\" sizes=\"(max-width: 1024px) 100vw, 1024px\" \/><figcaption>\u00a9 Bernd Deschauer \/ Wanderzwerg<\/figcaption><\/figure>\n\n\n\n<h2>Finale der Tour \u2013 auf dem Weg nach Aschaffenburg<\/h2>\n\n\n\n<p>Der letzte Morgen startet mit ein paar Sehensw\u00fcrdigkeiten nach dem Fr\u00fchst\u00fcck. In B\u00fcrgstadt stand ein Besuch in der \u00fcber<strong> 1000-j\u00e4hrigen Martinskapelle<\/strong> auf dem Programm, die voll mit Wandmalereien ist. Den Schl\u00fcssel f\u00fcr die Kapelle gibt es praktischerweise nebenan in der G\u00e4rtnerei. Mit den R\u00e4dern geht es anschlie\u00dfend nach Miltenberg, um nochmals durch <strong>die verwinkelten Gassen mit den Fachwerkh\u00e4usern<\/strong> zu spazieren. Das Highlight ist der <strong>Blick von der Burg<\/strong>! Es ist einfach wundersch\u00f6n und man m\u00f6chte nicht mehr weg. Aber es muss sein \u2013 abends geht es schlie\u00dflich zur\u00fcck nach Bamberg.<\/p>\n\n\n\n<blockquote class=\"wp-block-quote\"><p>&#8222;Der Blick von Burg Miltenberg ist einfach wundersch\u00f6n &#8211; man m\u00f6chte nicht mehr weg!&#8220;<\/p><cite>Bernd Deschauer<\/cite><\/blockquote>\n\n\n\n<p>Kurz hinter Miltenberg erleben die Kinder nochmals hautnah Geschichte: Der Radweg f\u00fchrt am ehemaligen r\u00f6mischen <strong>Kohortenkastell Miltenberg<\/strong> vorbei, das von 150 bis etwa 260 nach Christus bestand. Heute ist nur noch ein kleiner Mauerrest zu sehen, aber f\u00fcr Kinder die gerade Asterix und Obelix lesen, ist das nat\u00fcrlich sehr spannend.<\/p>\n\n\n\n<p>Mittags erreichen wir <strong>Klingenberg<\/strong>, in dem eine etwas ausgedehntere Pause eingeplant ist. Vom Ort aus geht es in die <strong>Seltenbachschlucht<\/strong>, durch die ein kurzer und sehr sch\u00f6ner Wanderweg f\u00fchrt. B\u00e4ume liegen quer, Farne wachsen und der Bach wird h\u00e4ufig gequert. Alles ist gr\u00fcn und die Kinder haben ihre Freude an der Abwechslung. Auf dem R\u00fcckweg l\u00e4sst sich ein Abstecher zur <strong>Clingenburg<\/strong> einbauen, die \u00fcber Klingenberg liegt.<\/p>\n\n\n\n<figure class=\"is-layout-flex wp-block-gallery-5 wp-block-gallery columns-2 is-cropped\"><ul class=\"blocks-gallery-grid\"><li class=\"blocks-gallery-item\"><figure><img decoding=\"async\" loading=\"lazy\" width=\"1024\" height=\"768\" src=\"https:\/\/www.frankentourismus.de\/blog\/wp-content\/uploads\/2021\/07\/Mainradweg-Miltenberg-2-1024x768.jpg\" alt=\"\" data-id=\"2029\" data-full-url=\"https:\/\/www.frankentourismus.de\/blog\/wp-content\/uploads\/2021\/07\/Mainradweg-Miltenberg-2.jpg\" data-link=\"https:\/\/www.frankentourismus.de\/blog\/mainradweg-miltenberg-2\/\" class=\"wp-image-2029\" srcset=\"https:\/\/www.frankentourismus.de\/blog\/wp-content\/uploads\/2021\/07\/Mainradweg-Miltenberg-2-1024x768.jpg 1024w, https:\/\/www.frankentourismus.de\/blog\/wp-content\/uploads\/2021\/07\/Mainradweg-Miltenberg-2-300x225.jpg 300w, https:\/\/www.frankentourismus.de\/blog\/wp-content\/uploads\/2021\/07\/Mainradweg-Miltenberg-2-768x576.jpg 768w, https:\/\/www.frankentourismus.de\/blog\/wp-content\/uploads\/2021\/07\/Mainradweg-Miltenberg-2-1536x1152.jpg 1536w, https:\/\/www.frankentourismus.de\/blog\/wp-content\/uploads\/2021\/07\/Mainradweg-Miltenberg-2.jpg 2000w\" sizes=\"(max-width: 1024px) 100vw, 1024px\" \/><figcaption class=\"blocks-gallery-item__caption\">\u00a9 Bernd Deschauer \/ Wanderzwerg<\/figcaption><\/figure><\/li><li class=\"blocks-gallery-item\"><figure><img decoding=\"async\" loading=\"lazy\" width=\"1024\" height=\"768\" src=\"https:\/\/www.frankentourismus.de\/blog\/wp-content\/uploads\/2021\/07\/Mainradweg-Seltenbachschlucht-1-1024x768.jpg\" alt=\"\" data-id=\"2031\" data-full-url=\"https:\/\/www.frankentourismus.de\/blog\/wp-content\/uploads\/2021\/07\/Mainradweg-Seltenbachschlucht-1.jpg\" data-link=\"https:\/\/www.frankentourismus.de\/blog\/mainradweg-seltenbachschlucht-1\/\" class=\"wp-image-2031\" srcset=\"https:\/\/www.frankentourismus.de\/blog\/wp-content\/uploads\/2021\/07\/Mainradweg-Seltenbachschlucht-1-1024x768.jpg 1024w, https:\/\/www.frankentourismus.de\/blog\/wp-content\/uploads\/2021\/07\/Mainradweg-Seltenbachschlucht-1-300x225.jpg 300w, https:\/\/www.frankentourismus.de\/blog\/wp-content\/uploads\/2021\/07\/Mainradweg-Seltenbachschlucht-1-768x576.jpg 768w, https:\/\/www.frankentourismus.de\/blog\/wp-content\/uploads\/2021\/07\/Mainradweg-Seltenbachschlucht-1-1536x1152.jpg 1536w, https:\/\/www.frankentourismus.de\/blog\/wp-content\/uploads\/2021\/07\/Mainradweg-Seltenbachschlucht-1.jpg 2000w\" sizes=\"(max-width: 1024px) 100vw, 1024px\" \/><figcaption class=\"blocks-gallery-item__caption\">\u00a9 Bernd Deschauer \/ Wanderzwerg<\/figcaption><\/figure><\/li><\/ul><\/figure>\n\n\n\n<p>Es geht weiter nach W\u00f6rth, wo der Hochwasserschutz besonders auffallend ist. An den Mauern und Toren zum Main befinden sich richtige Schotten, die bei Bedarf geschlossen werden k\u00f6nnen. Im gegen\u00fcberliegenden Erlenbach befindet sich eine Schiffswerft, wo gro\u00dfe Mainschiffe an Land liegen. Bis zum Ortsende von Obernburg am Main verl\u00e4uft nun der Radweg sehr nahe an der Bundesstra\u00dfe. Die Orte werden nun gr\u00f6\u00dfer, so dass man weniger urspr\u00fcngliche Natur passiert. <strong>Sehr interessant, wie sich die Landschaft entlang des MainRadwegs \u00e4ndert<\/strong>. Nach Niedernberg f\u00fchrt der Radweg vom Main weg und an Feldern und Wiesen entlang. Ab den ersten <strong>Vororten Aschaffenburgs<\/strong> geht es wieder an den Fluss und entlang eines bewaldeten Gr\u00fcnstreifens gelangt man zur Adenauerbr\u00fccke in <strong>Aschaffenburg<\/strong>. Unser Tourziel ist somit bald erreicht! \u00dcber die Willigisbr\u00fccke geht es auf die andere Flussseite und das <strong>Schloss Johannisburg<\/strong> ist bereits in Sichtweite. Nun sind es nur noch ein paar Minuten, um dieses zu erreichen. Und tats\u00e4chlich, wenige Augenblicke sp\u00e4ter sind wir auch schon am Schloss angekommen und die Freude ist gro\u00df.<\/p>\n\n\n\n<figure class=\"wp-block-image size-large\"><img decoding=\"async\" loading=\"lazy\" width=\"1024\" height=\"768\" src=\"https:\/\/www.frankentourismus.de\/blog\/wp-content\/uploads\/2021\/07\/Mainradweg-Gruppenbild-2-1024x768.jpg\" alt=\"\" class=\"wp-image-2027\" srcset=\"https:\/\/www.frankentourismus.de\/blog\/wp-content\/uploads\/2021\/07\/Mainradweg-Gruppenbild-2-1024x768.jpg 1024w, https:\/\/www.frankentourismus.de\/blog\/wp-content\/uploads\/2021\/07\/Mainradweg-Gruppenbild-2-300x225.jpg 300w, https:\/\/www.frankentourismus.de\/blog\/wp-content\/uploads\/2021\/07\/Mainradweg-Gruppenbild-2-768x576.jpg 768w, https:\/\/www.frankentourismus.de\/blog\/wp-content\/uploads\/2021\/07\/Mainradweg-Gruppenbild-2-1536x1152.jpg 1536w, https:\/\/www.frankentourismus.de\/blog\/wp-content\/uploads\/2021\/07\/Mainradweg-Gruppenbild-2.jpg 2000w\" sizes=\"(max-width: 1024px) 100vw, 1024px\" \/><figcaption>\u00a9 Bernd Deschauer \/ Wanderzwerg<\/figcaption><\/figure>\n\n\n\n<p>Nach vier Tagen auf den R\u00e4dern ist es geschafft. Etwa <strong>180 Kilometer<\/strong> sind zur\u00fcckgelegt und die Kinder hatten viel Freude bei der Tour. Bei n\u00e4chster Gelegenheit wird diese fortgesetzt und der letzte Abschnitt des MainRadwegs bis zur M\u00fcndung in den Rhein erkundet. Begleitet uns auch auf dieser letzten Etappe wieder und seid auf den Social-Media-Kan\u00e4len von <a href=\"https:\/\/wanderzwerg.eu\/\" data-type=\"URL\" data-id=\"https:\/\/wanderzwerg.eu\/\" target=\"_blank\" rel=\"noreferrer noopener\">wanderzwerg.eu<\/a> dabei!<\/p>\n\n\n\n<p><strong>Wer gerne mehr \u00fcber den MainRadweg und die einzelnen Tagesetappen erfahren m\u00f6chte, kann sich unter <\/strong><a rel=\"noreferrer noopener\" href=\"http:\/\/www.wanderzwerg.eu\/mainradweg\" target=\"_blank\"><strong>www.wanderzwerg.eu\/mainradweg<\/strong><\/a><strong>&nbsp;und auf der Website <a href=\"https:\/\/www.mainradweg.com\/\" data-type=\"URL\" data-id=\"https:\/\/www.mainradweg.com\/\" target=\"_blank\" rel=\"noreferrer noopener\">www.mainradweg.com<\/a> einen tieferen Einblick verschaffen. Sowohl der Startpunkt in Bamberg als auch viele Zwischenstationen und der Zielort in Aschaffenburg sind ganz einfach mit dem \u00d6PNV zu erreichen.<\/strong> <strong>Wie Radler sich am besten auf einem naturnahen Radweg wie dem MainRadweg fortbewegen, kann unter <a rel=\"noreferrer noopener\" href=\"https:\/\/www.frankentourismus.de\/reisefuehrer\/reiseplanung\/verhaltensregeln\/\" data-type=\"URL\" data-id=\"https:\/\/www.frankentourismus.de\/reisefuehrer\/reiseplanung\/verhaltensregeln\/\" target=\"_blank\">Verhalten in der Natur<\/a> eingesehen werden.<\/strong><\/p>\n\n\n\n<figure class=\"is-layout-flex wp-block-gallery-7 wp-block-gallery columns-3 is-cropped\"><ul class=\"blocks-gallery-grid\"><li class=\"blocks-gallery-item\"><figure><img decoding=\"async\" loading=\"lazy\" width=\"1024\" height=\"768\" src=\"https:\/\/www.frankentourismus.de\/blog\/wp-content\/uploads\/2021\/07\/Mainradweg-1-1024x768.jpg\" alt=\"\" data-id=\"2033\" data-full-url=\"https:\/\/www.frankentourismus.de\/blog\/wp-content\/uploads\/2021\/07\/Mainradweg-1.jpg\" data-link=\"https:\/\/www.frankentourismus.de\/blog\/mainradweg-1\/\" class=\"wp-image-2033\" srcset=\"https:\/\/www.frankentourismus.de\/blog\/wp-content\/uploads\/2021\/07\/Mainradweg-1-1024x768.jpg 1024w, https:\/\/www.frankentourismus.de\/blog\/wp-content\/uploads\/2021\/07\/Mainradweg-1-300x225.jpg 300w, https:\/\/www.frankentourismus.de\/blog\/wp-content\/uploads\/2021\/07\/Mainradweg-1-768x576.jpg 768w, https:\/\/www.frankentourismus.de\/blog\/wp-content\/uploads\/2021\/07\/Mainradweg-1-1536x1152.jpg 1536w, https:\/\/www.frankentourismus.de\/blog\/wp-content\/uploads\/2021\/07\/Mainradweg-1.jpg 2000w\" sizes=\"(max-width: 1024px) 100vw, 1024px\" \/><figcaption class=\"blocks-gallery-item__caption\">\u00a9 Bernd Deschauer \/ Wanderzwerg<\/figcaption><\/figure><\/li><li class=\"blocks-gallery-item\"><figure><img decoding=\"async\" loading=\"lazy\" width=\"1024\" height=\"768\" src=\"https:\/\/www.frankentourismus.de\/blog\/wp-content\/uploads\/2021\/07\/Mainradweg-Lohr-1-1024x768.jpg\" alt=\"\" data-id=\"2041\" data-full-url=\"https:\/\/www.frankentourismus.de\/blog\/wp-content\/uploads\/2021\/07\/Mainradweg-Lohr-1.jpg\" data-link=\"https:\/\/www.frankentourismus.de\/blog\/mainradweg-lohr-1\/\" class=\"wp-image-2041\" srcset=\"https:\/\/www.frankentourismus.de\/blog\/wp-content\/uploads\/2021\/07\/Mainradweg-Lohr-1-1024x768.jpg 1024w, https:\/\/www.frankentourismus.de\/blog\/wp-content\/uploads\/2021\/07\/Mainradweg-Lohr-1-300x225.jpg 300w, https:\/\/www.frankentourismus.de\/blog\/wp-content\/uploads\/2021\/07\/Mainradweg-Lohr-1-768x576.jpg 768w, https:\/\/www.frankentourismus.de\/blog\/wp-content\/uploads\/2021\/07\/Mainradweg-Lohr-1-1536x1152.jpg 1536w, https:\/\/www.frankentourismus.de\/blog\/wp-content\/uploads\/2021\/07\/Mainradweg-Lohr-1.jpg 2000w\" sizes=\"(max-width: 1024px) 100vw, 1024px\" \/><figcaption class=\"blocks-gallery-item__caption\">\u00a9 Bernd Deschauer \/ Wanderzwerg<\/figcaption><\/figure><\/li><li class=\"blocks-gallery-item\"><figure><img decoding=\"async\" loading=\"lazy\" width=\"1024\" height=\"768\" src=\"https:\/\/www.frankentourismus.de\/blog\/wp-content\/uploads\/2021\/07\/Mainradweg-Buergstadt-Martinskapelle-1-1024x768.jpg\" alt=\"\" data-id=\"2037\" data-full-url=\"https:\/\/www.frankentourismus.de\/blog\/wp-content\/uploads\/2021\/07\/Mainradweg-Buergstadt-Martinskapelle-1.jpg\" data-link=\"https:\/\/www.frankentourismus.de\/blog\/mainradweg-buergstadt-martinskapelle-1\/\" class=\"wp-image-2037\" srcset=\"https:\/\/www.frankentourismus.de\/blog\/wp-content\/uploads\/2021\/07\/Mainradweg-Buergstadt-Martinskapelle-1-1024x768.jpg 1024w, https:\/\/www.frankentourismus.de\/blog\/wp-content\/uploads\/2021\/07\/Mainradweg-Buergstadt-Martinskapelle-1-300x225.jpg 300w, https:\/\/www.frankentourismus.de\/blog\/wp-content\/uploads\/2021\/07\/Mainradweg-Buergstadt-Martinskapelle-1-768x576.jpg 768w, https:\/\/www.frankentourismus.de\/blog\/wp-content\/uploads\/2021\/07\/Mainradweg-Buergstadt-Martinskapelle-1-1536x1152.jpg 1536w, https:\/\/www.frankentourismus.de\/blog\/wp-content\/uploads\/2021\/07\/Mainradweg-Buergstadt-Martinskapelle-1.jpg 2000w\" sizes=\"(max-width: 1024px) 100vw, 1024px\" \/><figcaption class=\"blocks-gallery-item__caption\">\u00a9 Bernd Deschauer \/ Wanderzwerg<\/figcaption><\/figure><\/li><li class=\"blocks-gallery-item\"><figure><img decoding=\"async\" loading=\"lazy\" width=\"1024\" height=\"768\" src=\"https:\/\/www.frankentourismus.de\/blog\/wp-content\/uploads\/2021\/07\/Mainradweg-Henneburg-1-1024x768.jpg\" alt=\"\" data-id=\"2039\" data-full-url=\"https:\/\/www.frankentourismus.de\/blog\/wp-content\/uploads\/2021\/07\/Mainradweg-Henneburg-1.jpg\" data-link=\"https:\/\/www.frankentourismus.de\/blog\/mainradweg-henneburg-1\/\" class=\"wp-image-2039\" srcset=\"https:\/\/www.frankentourismus.de\/blog\/wp-content\/uploads\/2021\/07\/Mainradweg-Henneburg-1-1024x768.jpg 1024w, https:\/\/www.frankentourismus.de\/blog\/wp-content\/uploads\/2021\/07\/Mainradweg-Henneburg-1-300x225.jpg 300w, https:\/\/www.frankentourismus.de\/blog\/wp-content\/uploads\/2021\/07\/Mainradweg-Henneburg-1-768x576.jpg 768w, https:\/\/www.frankentourismus.de\/blog\/wp-content\/uploads\/2021\/07\/Mainradweg-Henneburg-1-1536x1152.jpg 1536w, https:\/\/www.frankentourismus.de\/blog\/wp-content\/uploads\/2021\/07\/Mainradweg-Henneburg-1.jpg 2000w\" sizes=\"(max-width: 1024px) 100vw, 1024px\" \/><figcaption class=\"blocks-gallery-item__caption\">\u00a9 Bernd Deschauer \/ Wanderzwerg<\/figcaption><\/figure><\/li><li class=\"blocks-gallery-item\"><figure><img decoding=\"async\" loading=\"lazy\" width=\"1024\" height=\"768\" src=\"https:\/\/www.frankentourismus.de\/blog\/wp-content\/uploads\/2021\/07\/Mainradweg-Aschaffenburg-2-1024x768.jpg\" alt=\"\" data-id=\"2035\" data-full-url=\"https:\/\/www.frankentourismus.de\/blog\/wp-content\/uploads\/2021\/07\/Mainradweg-Aschaffenburg-2.jpg\" data-link=\"https:\/\/www.frankentourismus.de\/blog\/mainradweg-aschaffenburg-2\/\" class=\"wp-image-2035\" srcset=\"https:\/\/www.frankentourismus.de\/blog\/wp-content\/uploads\/2021\/07\/Mainradweg-Aschaffenburg-2-1024x768.jpg 1024w, https:\/\/www.frankentourismus.de\/blog\/wp-content\/uploads\/2021\/07\/Mainradweg-Aschaffenburg-2-300x225.jpg 300w, https:\/\/www.frankentourismus.de\/blog\/wp-content\/uploads\/2021\/07\/Mainradweg-Aschaffenburg-2-768x576.jpg 768w, https:\/\/www.frankentourismus.de\/blog\/wp-content\/uploads\/2021\/07\/Mainradweg-Aschaffenburg-2-1536x1152.jpg 1536w, https:\/\/www.frankentourismus.de\/blog\/wp-content\/uploads\/2021\/07\/Mainradweg-Aschaffenburg-2.jpg 2000w\" sizes=\"(max-width: 1024px) 100vw, 1024px\" \/><figcaption class=\"blocks-gallery-item__caption\">\u00a9 Bernd Deschauer \/ Wanderzwerg<\/figcaption><\/figure><\/li><li class=\"blocks-gallery-item\"><figure><img decoding=\"async\" loading=\"lazy\" width=\"1024\" height=\"682\" src=\"https:\/\/www.frankentourismus.de\/blog\/wp-content\/uploads\/2021\/07\/Mainradweg-Kitzingen-2-1024x682.jpg\" alt=\"\" data-id=\"1999\" data-full-url=\"https:\/\/www.frankentourismus.de\/blog\/wp-content\/uploads\/2021\/07\/Mainradweg-Kitzingen-2.jpg\" data-link=\"https:\/\/www.frankentourismus.de\/blog\/mainradweg-kitzingen-2\/\" class=\"wp-image-1999\" srcset=\"https:\/\/www.frankentourismus.de\/blog\/wp-content\/uploads\/2021\/07\/Mainradweg-Kitzingen-2-1024x682.jpg 1024w, https:\/\/www.frankentourismus.de\/blog\/wp-content\/uploads\/2021\/07\/Mainradweg-Kitzingen-2-300x200.jpg 300w, https:\/\/www.frankentourismus.de\/blog\/wp-content\/uploads\/2021\/07\/Mainradweg-Kitzingen-2-768x512.jpg 768w, https:\/\/www.frankentourismus.de\/blog\/wp-content\/uploads\/2021\/07\/Mainradweg-Kitzingen-2-1536x1024.jpg 1536w, https:\/\/www.frankentourismus.de\/blog\/wp-content\/uploads\/2021\/07\/Mainradweg-Kitzingen-2.jpg 2000w\" sizes=\"(max-width: 1024px) 100vw, 1024px\" \/><figcaption class=\"blocks-gallery-item__caption\">\u00a9 Bernd Deschauer \/ Wanderzwerg<\/figcaption><\/figure><\/li><\/ul><\/figure>\n","protected":false},"excerpt":{"rendered":"<p>538 km schl\u00e4ngelt sich der Main von seinen zwei Quellen im Fichtelgebirge und in der Fr\u00e4nkischen Schweiz \u00fcber Bamberg, Schweinfurt, W\u00fcrzburg und Frankfurt bis zur M\u00fcndung in den Rhein bei Mainz. Und flie\u00dft dabei durch verschiedene, landschaftlich reizvolle Urlaubsregionen, die den MainRadweg gerade f\u00fcr Familien ideal machen. Es gibt kaum Steigungen, die Route verl\u00e4uft meist [&hellip;]<\/p>\n","protected":false},"author":37,"featured_media":1999,"comment_status":"open","ping_status":"","sticky":false,"template":"","format":"standard","meta":[],"categories":[61,177],"tags":[197,51,71,239,111,109,139],"yoast_head":"<!-- This site is optimized with the Yoast SEO plugin v19.14 - https:\/\/yoast.com\/wordpress\/plugins\/seo\/ -->\n<title>Vom Fichtelgebirge zum Rhein \u2013 Unterwegs am MainRadweg - Franken Blog<\/title>\n<meta name=\"robots\" content=\"index, follow, max-snippet:-1, max-image-preview:large, max-video-preview:-1\" \/>\n<link rel=\"canonical\" href=\"https:\/\/www.frankentourismus.de\/blog\/2021\/08\/13\/vom-fichtelgebirge-zum-rhein-unterwegs-am-mainradweg\/\" \/>\n<meta property=\"og:locale\" content=\"de_DE\" \/>\n<meta property=\"og:type\" content=\"article\" \/>\n<meta property=\"og:title\" content=\"Vom Fichtelgebirge zum Rhein \u2013 Unterwegs am MainRadweg - Franken Blog\" \/>\n<meta property=\"og:description\" content=\"538 km schl\u00e4ngelt sich der Main von seinen zwei Quellen im Fichtelgebirge und in der Fr\u00e4nkischen Schweiz \u00fcber Bamberg, Schweinfurt, W\u00fcrzburg und Frankfurt bis zur M\u00fcndung in den Rhein bei Mainz. Und flie\u00dft dabei durch verschiedene, landschaftlich reizvolle Urlaubsregionen, die den MainRadweg gerade f\u00fcr Familien ideal machen. Es gibt kaum Steigungen, die Route verl\u00e4uft meist [&hellip;]\" \/>\n<meta property=\"og:url\" content=\"https:\/\/www.frankentourismus.de\/blog\/2021\/08\/13\/vom-fichtelgebirge-zum-rhein-unterwegs-am-mainradweg\/\" \/>\n<meta property=\"og:site_name\" content=\"Franken Blog\" \/>\n<meta property=\"article:published_time\" content=\"2021-08-13T10:49:47+00:00\" \/>\n<meta property=\"article:modified_time\" content=\"2021-08-31T13:04:31+00:00\" \/>\n<meta property=\"og:image\" content=\"https:\/\/www.frankentourismus.de\/blog\/wp-content\/uploads\/2021\/07\/Mainradweg-Kitzingen-2.jpg\" \/>\n\t<meta property=\"og:image:width\" content=\"2000\" \/>\n\t<meta property=\"og:image:height\" content=\"1333\" \/>\n\t<meta property=\"og:image:type\" content=\"image\/jpeg\" \/>\n<meta name=\"author\" content=\"Bernd Deschauer\" \/>\n<meta name=\"twitter:card\" content=\"summary_large_image\" \/>\n<meta name=\"twitter:label1\" content=\"Written by\" \/>\n\t<meta name=\"twitter:data1\" content=\"Bernd Deschauer\" \/>\n\t<meta name=\"twitter:label2\" content=\"Est. reading time\" \/>\n\t<meta name=\"twitter:data2\" content=\"15 Minuten\" \/>\n<script type=\"application\/ld+json\" class=\"yoast-schema-graph\">{\"@context\":\"https:\/\/schema.org\",\"@graph\":[{\"@type\":\"WebPage\",\"@id\":\"https:\/\/www.frankentourismus.de\/blog\/2021\/08\/13\/vom-fichtelgebirge-zum-rhein-unterwegs-am-mainradweg\/\",\"url\":\"https:\/\/www.frankentourismus.de\/blog\/2021\/08\/13\/vom-fichtelgebirge-zum-rhein-unterwegs-am-mainradweg\/\",\"name\":\"Vom Fichtelgebirge zum Rhein \u2013 Unterwegs am MainRadweg - Franken Blog\",\"isPartOf\":{\"@id\":\"https:\/\/www.frankentourismus.de\/blog\/#website\"},\"datePublished\":\"2021-08-13T10:49:47+00:00\",\"dateModified\":\"2021-08-31T13:04:31+00:00\",\"author\":{\"@id\":\"https:\/\/www.frankentourismus.de\/blog\/#\/schema\/person\/c7001653a239f940564390aae86113df\"},\"breadcrumb\":{\"@id\":\"https:\/\/www.frankentourismus.de\/blog\/2021\/08\/13\/vom-fichtelgebirge-zum-rhein-unterwegs-am-mainradweg\/#breadcrumb\"},\"inLanguage\":\"de-DE\",\"potentialAction\":[{\"@type\":\"ReadAction\",\"target\":[\"https:\/\/www.frankentourismus.de\/blog\/2021\/08\/13\/vom-fichtelgebirge-zum-rhein-unterwegs-am-mainradweg\/\"]}]},{\"@type\":\"BreadcrumbList\",\"@id\":\"https:\/\/www.frankentourismus.de\/blog\/2021\/08\/13\/vom-fichtelgebirge-zum-rhein-unterwegs-am-mainradweg\/#breadcrumb\",\"itemListElement\":[{\"@type\":\"ListItem\",\"position\":1,\"name\":\"Home\",\"item\":\"https:\/\/www.frankentourismus.de\/blog\/\"},{\"@type\":\"ListItem\",\"position\":2,\"name\":\"Vom Fichtelgebirge zum Rhein \u2013 Unterwegs am MainRadweg\"}]},{\"@type\":\"WebSite\",\"@id\":\"https:\/\/www.frankentourismus.de\/blog\/#website\",\"url\":\"https:\/\/www.frankentourismus.de\/blog\/\",\"name\":\"Franken Blog\",\"description\":\"Urlaub in Franken!\",\"potentialAction\":[{\"@type\":\"SearchAction\",\"target\":{\"@type\":\"EntryPoint\",\"urlTemplate\":\"https:\/\/www.frankentourismus.de\/blog\/?s={search_term_string}\"},\"query-input\":\"required name=search_term_string\"}],\"inLanguage\":\"de-DE\"},{\"@type\":\"Person\",\"@id\":\"https:\/\/www.frankentourismus.de\/blog\/#\/schema\/person\/c7001653a239f940564390aae86113df\",\"name\":\"Bernd Deschauer\",\"image\":{\"@type\":\"ImageObject\",\"inLanguage\":\"de-DE\",\"@id\":\"https:\/\/www.frankentourismus.de\/blog\/#\/schema\/person\/image\/\",\"url\":\"https:\/\/www.frankentourismus.de\/blog\/wp-content\/uploads\/2021\/04\/Bernd-Deschauer-150x150.jpg\",\"contentUrl\":\"https:\/\/www.frankentourismus.de\/blog\/wp-content\/uploads\/2021\/04\/Bernd-Deschauer-150x150.jpg\",\"caption\":\"Bernd Deschauer\"},\"sameAs\":[\"https:\/\/wanderzwerg.eu\/\"],\"url\":\"https:\/\/www.frankentourismus.de\/blog\/author\/bernd-deschauer\/\"}]}<\/script>\n<!-- \/ Yoast SEO plugin. -->","yoast_head_json":{"title":"Vom Fichtelgebirge zum Rhein \u2013 Unterwegs am MainRadweg - Franken Blog","robots":{"index":"index","follow":"follow","max-snippet":"max-snippet:-1","max-image-preview":"max-image-preview:large","max-video-preview":"max-video-preview:-1"},"canonical":"https:\/\/www.frankentourismus.de\/blog\/2021\/08\/13\/vom-fichtelgebirge-zum-rhein-unterwegs-am-mainradweg\/","og_locale":"de_DE","og_type":"article","og_title":"Vom Fichtelgebirge zum Rhein \u2013 Unterwegs am MainRadweg - Franken Blog","og_description":"538 km schl\u00e4ngelt sich der Main von seinen zwei Quellen im Fichtelgebirge und in der Fr\u00e4nkischen Schweiz \u00fcber Bamberg, Schweinfurt, W\u00fcrzburg und Frankfurt bis zur M\u00fcndung in den Rhein bei Mainz. Und flie\u00dft dabei durch verschiedene, landschaftlich reizvolle Urlaubsregionen, die den MainRadweg gerade f\u00fcr Familien ideal machen. Es gibt kaum Steigungen, die Route verl\u00e4uft meist [&hellip;]","og_url":"https:\/\/www.frankentourismus.de\/blog\/2021\/08\/13\/vom-fichtelgebirge-zum-rhein-unterwegs-am-mainradweg\/","og_site_name":"Franken Blog","article_published_time":"2021-08-13T10:49:47+00:00","article_modified_time":"2021-08-31T13:04:31+00:00","og_image":[{"width":2000,"height":1333,"url":"https:\/\/www.frankentourismus.de\/blog\/wp-content\/uploads\/2021\/07\/Mainradweg-Kitzingen-2.jpg","type":"image\/jpeg"}],"author":"Bernd Deschauer","twitter_card":"summary_large_image","twitter_misc":{"Written by":"Bernd Deschauer","Est. reading time":"15 Minuten"},"schema":{"@context":"https:\/\/schema.org","@graph":[{"@type":"WebPage","@id":"https:\/\/www.frankentourismus.de\/blog\/2021\/08\/13\/vom-fichtelgebirge-zum-rhein-unterwegs-am-mainradweg\/","url":"https:\/\/www.frankentourismus.de\/blog\/2021\/08\/13\/vom-fichtelgebirge-zum-rhein-unterwegs-am-mainradweg\/","name":"Vom Fichtelgebirge zum Rhein \u2013 Unterwegs am MainRadweg - Franken Blog","isPartOf":{"@id":"https:\/\/www.frankentourismus.de\/blog\/#website"},"datePublished":"2021-08-13T10:49:47+00:00","dateModified":"2021-08-31T13:04:31+00:00","author":{"@id":"https:\/\/www.frankentourismus.de\/blog\/#\/schema\/person\/c7001653a239f940564390aae86113df"},"breadcrumb":{"@id":"https:\/\/www.frankentourismus.de\/blog\/2021\/08\/13\/vom-fichtelgebirge-zum-rhein-unterwegs-am-mainradweg\/#breadcrumb"},"inLanguage":"de-DE","potentialAction":[{"@type":"ReadAction","target":["https:\/\/www.frankentourismus.de\/blog\/2021\/08\/13\/vom-fichtelgebirge-zum-rhein-unterwegs-am-mainradweg\/"]}]},{"@type":"BreadcrumbList","@id":"https:\/\/www.frankentourismus.de\/blog\/2021\/08\/13\/vom-fichtelgebirge-zum-rhein-unterwegs-am-mainradweg\/#breadcrumb","itemListElement":[{"@type":"ListItem","position":1,"name":"Home","item":"https:\/\/www.frankentourismus.de\/blog\/"},{"@type":"ListItem","position":2,"name":"Vom Fichtelgebirge zum Rhein \u2013 Unterwegs am MainRadweg"}]},{"@type":"WebSite","@id":"https:\/\/www.frankentourismus.de\/blog\/#website","url":"https:\/\/www.frankentourismus.de\/blog\/","name":"Franken Blog","description":"Urlaub in Franken!","potentialAction":[{"@type":"SearchAction","target":{"@type":"EntryPoint","urlTemplate":"https:\/\/www.frankentourismus.de\/blog\/?s={search_term_string}"},"query-input":"required name=search_term_string"}],"inLanguage":"de-DE"},{"@type":"Person","@id":"https:\/\/www.frankentourismus.de\/blog\/#\/schema\/person\/c7001653a239f940564390aae86113df","name":"Bernd Deschauer","image":{"@type":"ImageObject","inLanguage":"de-DE","@id":"https:\/\/www.frankentourismus.de\/blog\/#\/schema\/person\/image\/","url":"https:\/\/www.frankentourismus.de\/blog\/wp-content\/uploads\/2021\/04\/Bernd-Deschauer-150x150.jpg","contentUrl":"https:\/\/www.frankentourismus.de\/blog\/wp-content\/uploads\/2021\/04\/Bernd-Deschauer-150x150.jpg","caption":"Bernd Deschauer"},"sameAs":["https:\/\/wanderzwerg.eu\/"],"url":"https:\/\/www.frankentourismus.de\/blog\/author\/bernd-deschauer\/"}]}},"_links":{"self":[{"href":"https:\/\/www.frankentourismus.de\/blog\/wp-json\/wp\/v2\/posts\/1997"}],"collection":[{"href":"https:\/\/www.frankentourismus.de\/blog\/wp-json\/wp\/v2\/posts"}],"about":[{"href":"https:\/\/www.frankentourismus.de\/blog\/wp-json\/wp\/v2\/types\/post"}],"author":[{"embeddable":true,"href":"https:\/\/www.frankentourismus.de\/blog\/wp-json\/wp\/v2\/users\/37"}],"replies":[{"embeddable":true,"href":"https:\/\/www.frankentourismus.de\/blog\/wp-json\/wp\/v2\/comments?post=1997"}],"version-history":[{"count":20,"href":"https:\/\/www.frankentourismus.de\/blog\/wp-json\/wp\/v2\/posts\/1997\/revisions"}],"predecessor-version":[{"id":2355,"href":"https:\/\/www.frankentourismus.de\/blog\/wp-json\/wp\/v2\/posts\/1997\/revisions\/2355"}],"wp:featuredmedia":[{"embeddable":true,"href":"https:\/\/www.frankentourismus.de\/blog\/wp-json\/wp\/v2\/media\/1999"}],"wp:attachment":[{"href":"https:\/\/www.frankentourismus.de\/blog\/wp-json\/wp\/v2\/media?parent=1997"}],"wp:term":[{"taxonomy":"category","embeddable":true,"href":"https:\/\/www.frankentourismus.de\/blog\/wp-json\/wp\/v2\/categories?post=1997"},{"taxonomy":"post_tag","embeddable":true,"href":"https:\/\/www.frankentourismus.de\/blog\/wp-json\/wp\/v2\/tags?post=1997"}],"curies":[{"name":"wp","href":"https:\/\/api.w.org\/{rel}","templated":true}]}}