{"id":1713,"date":"2021-07-02T13:13:30","date_gmt":"2021-07-02T11:13:30","guid":{"rendered":"https:\/\/www.frankentourismus.de\/blog\/?p=1713"},"modified":"2023-02-06T13:33:48","modified_gmt":"2023-02-06T12:33:48","slug":"baerenstarke-familienbande-in-der-urlaubsregion-coburg-rennsteig","status":"publish","type":"post","link":"https:\/\/www.frankentourismus.de\/blog\/2021\/07\/02\/baerenstarke-familienbande-in-der-urlaubsregion-coburg-rennsteig\/","title":{"rendered":"B\u00e4renstarke Familienbande in der Urlaubsregion Coburg.Rennsteig"},"content":{"rendered":"\n<p><strong>In der Sonneberger Werkstatt der Familie Martin entstehen aus Mohair, Holzwolle und viel handwerklichem K\u00f6nnen au\u00dfergew\u00f6hnliche Sammlerb\u00e4ren. Seit fast 100 Jahren begeistern die Teddys aus der Region <a rel=\"noreferrer noopener\" href=\"https:\/\/www.frankentourismus.de\/gebiete\/coburgrennsteig\/\" data-type=\"URL\" data-id=\"https:\/\/www.frankentourismus.de\/gebiete\/coburgrennsteig\/\" target=\"_blank\">Coburg.Rennsteig<\/a> Liebhaber in der ganzen Welt.<\/strong><\/p>\n\n\n<div class=\"hint\">\n            <figure>\n            <img width=\"300\" height=\"199\" src=\"https:\/\/www.frankentourismus.de\/blog\/wp-content\/uploads\/2021\/05\/Sisi-Wein-3-bearbeitet-neu-1-300x199.jpg\" class=\"attachment-medium size-medium\" alt=\"\" decoding=\"async\" loading=\"lazy\" srcset=\"https:\/\/www.frankentourismus.de\/blog\/wp-content\/uploads\/2021\/05\/Sisi-Wein-3-bearbeitet-neu-1-300x199.jpg 300w, https:\/\/www.frankentourismus.de\/blog\/wp-content\/uploads\/2021\/05\/Sisi-Wein-3-bearbeitet-neu-1.jpg 622w\" sizes=\"(max-width: 300px) 100vw, 300px\" \/>        <\/figure>\n    \n    <div class=\"content\">\n        <p>Wenn man Wein mit Familiennamen (und Sisi mit Vornamen) hei\u00dft, passt es wunderbar, wenn man \u00fcber den Frankenwein schreiben darf. Und \u00fcber Frankens kulinarische Besonderheiten. \u00dcber Natur, Traditionen und Kultur. Und vor allem \u00fcber die Menschen, die das Urlaubsland so besonders machen. Das tue ich, seitdem ich vor rund 20 Jahren als Journalistin vom Bayerischen Wald in den Naturpark Altm\u00fchltal gezogen bin. So vereint meine Arbeit zwei meiner Lieblingsdinge: Schreiben und Reisen \u2013 denn noch immer ist jeder Recherche-Besuch in Franken wie Urlaub, bei dem unglaublich spannende und gastfreundliche Menschen meinen Horizont erweitern.<\/p>\n    <\/div>\n<\/div>\n\n\n\n<div class=\"wp-block-media-text alignwide has-media-on-the-right is-stacked-on-mobile\" style=\"grid-template-columns:auto 15%\"><div class=\"wp-block-media-text__content\">\n<p><strong>Mit den \u201eHausbesuchen\u201c begleiten wir Einheimische bei ihrem t\u00e4glichen Wirken im Urlaubsland Franken.<\/strong> <strong>In der Region Coburg.Rennsteig besuche ich die Teddys bei &#8222;Martin B\u00e4ren&#8220; und lasse mich von Sindy Wohlleben \u00fcber die brummigen Kuscheltiere aufkl\u00e4ren.<\/strong><\/p>\n<\/div><figure class=\"wp-block-media-text__media\"><img decoding=\"async\" loading=\"lazy\" width=\"562\" height=\"640\" src=\"https:\/\/www.frankentourismus.de\/blog\/wp-content\/uploads\/2021\/05\/FT-Hausbesuche-frei-1.png\" alt=\"\" class=\"wp-image-1195 size-full\" srcset=\"https:\/\/www.frankentourismus.de\/blog\/wp-content\/uploads\/2021\/05\/FT-Hausbesuche-frei-1.png 562w, https:\/\/www.frankentourismus.de\/blog\/wp-content\/uploads\/2021\/05\/FT-Hausbesuche-frei-1-263x300.png 263w\" sizes=\"(max-width: 562px) 100vw, 562px\" \/><\/figure><\/div>\n\n\n\n<p>Bei einem Bummel durch die <strong>Spielzeugstadt Sonneberg<\/strong> in der <strong>Urlaubsregion Coburg.Rennsteig<\/strong> ist das Haus von \u201eMartin B\u00e4ren\u201c kaum zu \u00fcbersehen. Im Schaufenster thront schlie\u00dflich <strong>der gr\u00f6\u00dfte Teddy der Welt<\/strong>.<\/p>\n\n\n\n<p>5,60 Meter ist der<strong> riesige Spielgef\u00e4hrte<\/strong> mit Eintrag im Guinness-Buch der Rekorde gro\u00df, sogar sitzend bringt er es noch auf stattliche 3,40 Meter. \u201eF\u00fcr den B\u00e4ren haben wir extra angebaut\u201c, erz\u00e4hlt Sindy Wohlleben von \u201eMartin B\u00e4ren\u201c. Kaum ein Besucher verpasst die Gelegenheit, auf dem <strong>Scho\u00df des B\u00e4ren<\/strong> Platz zu nehmen und ein <strong>Erinnerungsfoto<\/strong> zu schie\u00dfen. Absolut fotow\u00fcrdig sind auch die <strong>B\u00e4ren kleineren Formats<\/strong>, die im Laden eine herzige Parade bilden: Wie in einem possierlichen Regenbogen reihen sich <strong>honiggelbe, rosafarbene, zartgr\u00fcne oder meerblaue B\u00e4ren<\/strong> aneinander. In einer Tasse hat neben einer Stange Zimt das kleine \u201ePunschb\u00e4rchen\u201c Platz gefunden und in einer H\u00e4ngematte haben es sich viele weitere fellige Gesellen bequem gemacht. Entspannen k\u00f6nnen die B\u00e4ren hier in Sonneberg allemal, genauso wie in der gesamten <strong>Region Coburg.Rennsteig<\/strong> auch <strong>Urlauber und Erholungssuchende ohne Pelz <\/strong>ein vielf\u00e4ltiges Angebot vorfinden. Das Gebiet bietet eine Vielzahl an <strong>Wander- und Radm\u00f6glichkeiten rund um den Rennsteig<\/strong> und hat mit dem <strong>gr\u00f6\u00dften Skigebiet im Th\u00fcringer Wald<\/strong> auch <strong>Alternativen f\u00fcr Wintersportler<\/strong> parat. In den <strong>Thermen von Bad Rodach und Bad Colberg<\/strong> wird Kraft f\u00fcr Geist und Seele getankt, und <strong>Coburg<\/strong> \u00fcberzeugt als kulturelles Zentrum mit Samba-Festival und der eindrucksvollen Veste. Weiterhin machen <strong>traditionelle Feierlichkeiten, die alte Braukunst und die historische Spielzeugherstellung<\/strong> Coburg.Rennsteig zu einem unvergleichlichen fr\u00e4nkischen Urlaubserlebnis. <\/p>\n\n\n\n<figure class=\"wp-block-image size-large\"><img decoding=\"async\" loading=\"lazy\" width=\"1024\" height=\"681\" src=\"https:\/\/www.frankentourismus.de\/blog\/wp-content\/uploads\/2021\/06\/DSC_0015-Kopie-1024x681.jpg\" alt=\"\" class=\"wp-image-1717\" srcset=\"https:\/\/www.frankentourismus.de\/blog\/wp-content\/uploads\/2021\/06\/DSC_0015-Kopie-1024x681.jpg 1024w, https:\/\/www.frankentourismus.de\/blog\/wp-content\/uploads\/2021\/06\/DSC_0015-Kopie-300x199.jpg 300w, https:\/\/www.frankentourismus.de\/blog\/wp-content\/uploads\/2021\/06\/DSC_0015-Kopie-768x511.jpg 768w, https:\/\/www.frankentourismus.de\/blog\/wp-content\/uploads\/2021\/06\/DSC_0015-Kopie-1536x1021.jpg 1536w, https:\/\/www.frankentourismus.de\/blog\/wp-content\/uploads\/2021\/06\/DSC_0015-Kopie.jpg 1772w\" sizes=\"(max-width: 1024px) 100vw, 1024px\" \/><figcaption class=\"wp-element-caption\">\u00a9Sisi Wein<\/figcaption><\/figure>\n\n\n\n<p> Auch die Martin-B\u00e4ren reihen sich in die lange Spielzeugtradition des Urlaubsgebiets ein: 2013 hat Sina Martin in <strong>f\u00fcnfter Generation den Familienbetrieb <\/strong>\u00fcbernommen. Derzeit befindet sich die junge Chefin in Elternzeit, weshalb Sindy Wohlleben sie im Betrieb vertritt. In der Werkstatt sind derweil die <strong>\u201eguten Geister\u201c<\/strong> am Werk, die \u201eMartin B\u00e4ren\u201c teils schon seit Jahrzehnten die Treue halten. Hier werden die B\u00e4ren entworfen, gen\u00e4ht, mit Brummstimme und beweglichen Gliedma\u00dfen versehen und mit vielen Accessoires vollendet: entweder als <strong>limitierter Serienb\u00e4r <\/strong>oder als<strong> begehrtes Einzelst\u00fcck<\/strong>. Die meisten B\u00e4ren werden mit Holzwolle \u201ehart gestopft\u201c. Es gibt sie aber auch gef\u00fcllt mit Zirbenholz, das mit seinem dezenten Duft beim Einschlafen hilft, als Heu- oder Kirschkernb\u00e4r sowie \u2013 wenn es ein Kuschelb\u00e4r f\u00fcr Kinder sein soll \u2013 mit einem Innenleben aus weichem Fleece. Auf alle F\u00e4lle haben die B\u00e4ren ihr <strong>Herz immer am rechten Fleck<\/strong>: Das <strong>Martin-Markenzeichen<\/strong> ist ein <strong>gr\u00fcnes Metallherz<\/strong> auf der B\u00e4renbrust. Die <strong>Liebe zum Detail<\/strong> ist jedem B\u00e4ren sofort anzusehen. Auf den zweiten Blick zeigt sich zudem, dass die Martins <strong>gro\u00dfen Wert auf Nachhaltigkeit und regionale Rohstoffe <\/strong>legen, wie Sindy Wohlleben betont: \u201eWir verwenden zum Beispiel mundgeblasene Glasaugen aus unserer Nachbarstadt Lauscha, die F\u00fcllwatte kommt aus Ebersdorf bei Coburg.\u201c Seit Kurzem schenken die Martins auch <strong>getragener Kleidung<\/strong> ein zweites Leben: Alte Jeans ihrer Kunden <strong>\u201eupcyceln\u201c<\/strong> sie zu <strong>einzigartigen B\u00e4ren-Pers\u00f6nlichkeiten<\/strong>.<\/p>\n\n\n\n<blockquote class=\"wp-block-quote\">\n<p>&#8222;Wir legen gro\u00dfen Wert auf Nachhaltigkeit und regionale Rohstoffe.&#8220;<\/p>\n<cite>Sindy Wohlleben<\/cite><\/blockquote>\n\n\n\n<p>Bei den Martins hat \u00fcbrigens nicht nur der gr\u00f6\u00dfte B\u00e4r der Welt, sondern mit gerade einmal <strong>drei Millimetern <\/strong>auch das wahrscheinlich <strong>kleinste Exemplar<\/strong> sein Zuhause \u2013 und zwar im <strong>\u201eDeutschen Teddyb\u00e4ren Museum\u201c<\/strong>, das sich im Obergeschoss von \u201eMartin B\u00e4ren\u201c befindet. Hier hat die Familie all die B\u00e4ren versammelt, die seit <strong>Anbeginn der Firmengeschichte <\/strong>hergestellt wurden. Es versteht sich von selbst, dass in der <strong>Teddywerkstatt des Museums<\/strong> auch die B\u00e4ren selbst am Werk sind. An die Pinnwand der Werkstatt sind fellige Beine und B\u00e4uche geheftet: \u201eHier sieht man gut, aus wie vielen einzelnen Teilen ein Teddy besteht.\u201c Das ist Ansporn,<strong> um sich selbst einen kleinen B\u00e4ren zu machen<\/strong> \u2013 zumindest in Teilen. \u201eBei uns k\u00f6nnen sich Besucher einen kleinen Kuschelfreund selbst ausstopfen und zun\u00e4hen\u201c. Das neue B\u00e4renbaby erh\u00e4lt nat\u00fcrlich auch einen<strong> Namen<\/strong>. Dieser wird ebenso wie das <strong>\u201eGeburtsgewicht\u201c<\/strong> in eine <strong>Geburtsurkunde<\/strong> eingetragen. Vielleicht ist ja diese Hand voll B\u00e4rengl\u00fcck der Beginn einer <strong>lebenslangen Teddy-Sammelleidenschaft<\/strong>.<\/p>\n\n\n\n<p><strong>Wer jetzt Lust bekommen hat, die B\u00e4ren-Familie in Sonneberg zu besuchen und die Region Coburg.Rennsteig zu entdecken, der findet N\u00e4heres unter <a rel=\"noreferrer noopener\" href=\"https:\/\/www.martinbaeren.de\/\" data-type=\"URL\" data-id=\"https:\/\/www.martinbaeren.de\/\" target=\"_blank\">www.martinbaeren.de<\/a>. Die Spielzeugstadt Sonneberg ist an das DB-Netz angeschlossen und als Zentrum des regionalen Busverkehrs gut mit dem \u00d6PNV zu erreichen.<\/strong><\/p>\n\n\n\n<figure class=\"is-layout-flex wp-block-gallery-1 wp-block-gallery has-nested-images columns-default is-cropped\">\n<figure class=\"wp-block-image size-large\"><img decoding=\"async\" loading=\"lazy\" width=\"1024\" height=\"624\" data-id=\"1719\"  src=\"https:\/\/www.frankentourismus.de\/blog\/wp-content\/uploads\/2021\/06\/Familie-Martin-2012-1024x624.jpg\" alt=\"\" class=\"wp-image-1719\" srcset=\"https:\/\/www.frankentourismus.de\/blog\/wp-content\/uploads\/2021\/06\/Familie-Martin-2012-1024x624.jpg 1024w, https:\/\/www.frankentourismus.de\/blog\/wp-content\/uploads\/2021\/06\/Familie-Martin-2012-300x183.jpg 300w, https:\/\/www.frankentourismus.de\/blog\/wp-content\/uploads\/2021\/06\/Familie-Martin-2012-768x468.jpg 768w, https:\/\/www.frankentourismus.de\/blog\/wp-content\/uploads\/2021\/06\/Familie-Martin-2012-1536x935.jpg 1536w, https:\/\/www.frankentourismus.de\/blog\/wp-content\/uploads\/2021\/06\/Familie-Martin-2012.jpg 1772w\" sizes=\"(max-width: 1024px) 100vw, 1024px\" \/><figcaption class=\"wp-element-caption\">\u00a9Martin B\u00e4ren<\/figcaption><\/figure>\n\n\n\n<figure class=\"wp-block-image size-large\"><img decoding=\"async\" loading=\"lazy\" width=\"1024\" height=\"681\" data-id=\"1715\"  src=\"https:\/\/www.frankentourismus.de\/blog\/wp-content\/uploads\/2021\/06\/coburg_247_Coburg.Rennsteig_Coburg_Schloss-Callenberg-Kopie-1024x681.jpg\" alt=\"\" class=\"wp-image-1715\" srcset=\"https:\/\/www.frankentourismus.de\/blog\/wp-content\/uploads\/2021\/06\/coburg_247_Coburg.Rennsteig_Coburg_Schloss-Callenberg-Kopie-1024x681.jpg 1024w, https:\/\/www.frankentourismus.de\/blog\/wp-content\/uploads\/2021\/06\/coburg_247_Coburg.Rennsteig_Coburg_Schloss-Callenberg-Kopie-300x200.jpg 300w, https:\/\/www.frankentourismus.de\/blog\/wp-content\/uploads\/2021\/06\/coburg_247_Coburg.Rennsteig_Coburg_Schloss-Callenberg-Kopie-768x511.jpg 768w, https:\/\/www.frankentourismus.de\/blog\/wp-content\/uploads\/2021\/06\/coburg_247_Coburg.Rennsteig_Coburg_Schloss-Callenberg-Kopie.jpg 1417w\" sizes=\"(max-width: 1024px) 100vw, 1024px\" \/><figcaption class=\"wp-element-caption\">\u00a9Stadt Coburg<\/figcaption><\/figure>\n<\/figure>\n","protected":false},"excerpt":{"rendered":"<p>In der Sonneberger Werkstatt der Familie Martin entstehen aus Mohair, Holzwolle und viel handwerklichem K\u00f6nnen au\u00dfergew\u00f6hnliche Sammlerb\u00e4ren. Seit fast 100 Jahren begeistern die Teddys aus der Region Coburg.Rennsteig Liebhaber in der ganzen Welt. Mit den \u201eHausbesuchen\u201c begleiten wir Einheimische bei ihrem t\u00e4glichen Wirken im Urlaubsland Franken. In der Region Coburg.Rennsteig besuche ich die Teddys bei [&hellip;]<\/p>\n","protected":false},"author":41,"featured_media":1715,"comment_status":"open","ping_status":"closed","sticky":false,"template":"","format":"standard","meta":[],"categories":[61,125,289],"tags":[227,211,229,231,209],"yoast_head":"<!-- This site is optimized with the Yoast SEO plugin v19.14 - https:\/\/yoast.com\/wordpress\/plugins\/seo\/ -->\n<title>B\u00e4renstarke Familienbande in der Urlaubsregion Coburg.Rennsteig - Franken Blog<\/title>\n<meta name=\"robots\" content=\"index, follow, max-snippet:-1, max-image-preview:large, max-video-preview:-1\" \/>\n<link rel=\"canonical\" href=\"https:\/\/www.frankentourismus.de\/blog\/2021\/07\/02\/baerenstarke-familienbande-in-der-urlaubsregion-coburg-rennsteig\/\" \/>\n<meta property=\"og:locale\" content=\"de_DE\" \/>\n<meta property=\"og:type\" content=\"article\" \/>\n<meta property=\"og:title\" content=\"B\u00e4renstarke Familienbande in der Urlaubsregion Coburg.Rennsteig - Franken Blog\" \/>\n<meta property=\"og:description\" content=\"In der Sonneberger Werkstatt der Familie Martin entstehen aus Mohair, Holzwolle und viel handwerklichem K\u00f6nnen au\u00dfergew\u00f6hnliche Sammlerb\u00e4ren. Seit fast 100 Jahren begeistern die Teddys aus der Region Coburg.Rennsteig Liebhaber in der ganzen Welt. Mit den \u201eHausbesuchen\u201c begleiten wir Einheimische bei ihrem t\u00e4glichen Wirken im Urlaubsland Franken. In der Region Coburg.Rennsteig besuche ich die Teddys bei [&hellip;]\" \/>\n<meta property=\"og:url\" content=\"https:\/\/www.frankentourismus.de\/blog\/2021\/07\/02\/baerenstarke-familienbande-in-der-urlaubsregion-coburg-rennsteig\/\" \/>\n<meta property=\"og:site_name\" content=\"Franken Blog\" \/>\n<meta property=\"article:published_time\" content=\"2021-07-02T11:13:30+00:00\" \/>\n<meta property=\"article:modified_time\" content=\"2023-02-06T12:33:48+00:00\" \/>\n<meta property=\"og:image\" content=\"https:\/\/www.frankentourismus.de\/blog\/wp-content\/uploads\/2021\/06\/coburg_247_Coburg.Rennsteig_Coburg_Schloss-Callenberg-Kopie.jpg\" \/>\n\t<meta property=\"og:image:width\" content=\"1417\" \/>\n\t<meta property=\"og:image:height\" content=\"943\" \/>\n\t<meta property=\"og:image:type\" content=\"image\/jpeg\" \/>\n<meta name=\"author\" content=\"Sisi Wein\" \/>\n<meta name=\"twitter:card\" content=\"summary_large_image\" \/>\n<meta name=\"twitter:label1\" content=\"Written by\" \/>\n\t<meta name=\"twitter:data1\" content=\"Sisi Wein\" \/>\n\t<meta name=\"twitter:label2\" content=\"Est. reading time\" \/>\n\t<meta name=\"twitter:data2\" content=\"5 Minuten\" \/>\n<script type=\"application\/ld+json\" class=\"yoast-schema-graph\">{\"@context\":\"https:\/\/schema.org\",\"@graph\":[{\"@type\":\"WebPage\",\"@id\":\"https:\/\/www.frankentourismus.de\/blog\/2021\/07\/02\/baerenstarke-familienbande-in-der-urlaubsregion-coburg-rennsteig\/\",\"url\":\"https:\/\/www.frankentourismus.de\/blog\/2021\/07\/02\/baerenstarke-familienbande-in-der-urlaubsregion-coburg-rennsteig\/\",\"name\":\"B\u00e4renstarke Familienbande in der Urlaubsregion Coburg.Rennsteig - Franken Blog\",\"isPartOf\":{\"@id\":\"https:\/\/www.frankentourismus.de\/blog\/#website\"},\"datePublished\":\"2021-07-02T11:13:30+00:00\",\"dateModified\":\"2023-02-06T12:33:48+00:00\",\"author\":{\"@id\":\"https:\/\/www.frankentourismus.de\/blog\/#\/schema\/person\/077d15c247939e3520696ee497ffc26f\"},\"breadcrumb\":{\"@id\":\"https:\/\/www.frankentourismus.de\/blog\/2021\/07\/02\/baerenstarke-familienbande-in-der-urlaubsregion-coburg-rennsteig\/#breadcrumb\"},\"inLanguage\":\"de-DE\",\"potentialAction\":[{\"@type\":\"ReadAction\",\"target\":[\"https:\/\/www.frankentourismus.de\/blog\/2021\/07\/02\/baerenstarke-familienbande-in-der-urlaubsregion-coburg-rennsteig\/\"]}]},{\"@type\":\"BreadcrumbList\",\"@id\":\"https:\/\/www.frankentourismus.de\/blog\/2021\/07\/02\/baerenstarke-familienbande-in-der-urlaubsregion-coburg-rennsteig\/#breadcrumb\",\"itemListElement\":[{\"@type\":\"ListItem\",\"position\":1,\"name\":\"Home\",\"item\":\"https:\/\/www.frankentourismus.de\/blog\/\"},{\"@type\":\"ListItem\",\"position\":2,\"name\":\"B\u00e4renstarke Familienbande in der Urlaubsregion Coburg.Rennsteig\"}]},{\"@type\":\"WebSite\",\"@id\":\"https:\/\/www.frankentourismus.de\/blog\/#website\",\"url\":\"https:\/\/www.frankentourismus.de\/blog\/\",\"name\":\"Franken Blog\",\"description\":\"Urlaub in Franken!\",\"potentialAction\":[{\"@type\":\"SearchAction\",\"target\":{\"@type\":\"EntryPoint\",\"urlTemplate\":\"https:\/\/www.frankentourismus.de\/blog\/?s={search_term_string}\"},\"query-input\":\"required name=search_term_string\"}],\"inLanguage\":\"de-DE\"},{\"@type\":\"Person\",\"@id\":\"https:\/\/www.frankentourismus.de\/blog\/#\/schema\/person\/077d15c247939e3520696ee497ffc26f\",\"name\":\"Sisi Wein\",\"image\":{\"@type\":\"ImageObject\",\"inLanguage\":\"de-DE\",\"@id\":\"https:\/\/www.frankentourismus.de\/blog\/#\/schema\/person\/image\/\",\"url\":\"https:\/\/www.frankentourismus.de\/blog\/wp-content\/uploads\/2021\/05\/Sisi-Wein-bearbeitet-150x150.jpg\",\"contentUrl\":\"https:\/\/www.frankentourismus.de\/blog\/wp-content\/uploads\/2021\/05\/Sisi-Wein-bearbeitet-150x150.jpg\",\"caption\":\"Sisi Wein\"},\"url\":\"https:\/\/www.frankentourismus.de\/blog\/author\/sisi-wein\/\"}]}<\/script>\n<!-- \/ Yoast SEO plugin. -->","yoast_head_json":{"title":"B\u00e4renstarke Familienbande in der Urlaubsregion Coburg.Rennsteig - Franken Blog","robots":{"index":"index","follow":"follow","max-snippet":"max-snippet:-1","max-image-preview":"max-image-preview:large","max-video-preview":"max-video-preview:-1"},"canonical":"https:\/\/www.frankentourismus.de\/blog\/2021\/07\/02\/baerenstarke-familienbande-in-der-urlaubsregion-coburg-rennsteig\/","og_locale":"de_DE","og_type":"article","og_title":"B\u00e4renstarke Familienbande in der Urlaubsregion Coburg.Rennsteig - Franken Blog","og_description":"In der Sonneberger Werkstatt der Familie Martin entstehen aus Mohair, Holzwolle und viel handwerklichem K\u00f6nnen au\u00dfergew\u00f6hnliche Sammlerb\u00e4ren. Seit fast 100 Jahren begeistern die Teddys aus der Region Coburg.Rennsteig Liebhaber in der ganzen Welt. Mit den \u201eHausbesuchen\u201c begleiten wir Einheimische bei ihrem t\u00e4glichen Wirken im Urlaubsland Franken. In der Region Coburg.Rennsteig besuche ich die Teddys bei [&hellip;]","og_url":"https:\/\/www.frankentourismus.de\/blog\/2021\/07\/02\/baerenstarke-familienbande-in-der-urlaubsregion-coburg-rennsteig\/","og_site_name":"Franken Blog","article_published_time":"2021-07-02T11:13:30+00:00","article_modified_time":"2023-02-06T12:33:48+00:00","og_image":[{"width":1417,"height":943,"url":"https:\/\/www.frankentourismus.de\/blog\/wp-content\/uploads\/2021\/06\/coburg_247_Coburg.Rennsteig_Coburg_Schloss-Callenberg-Kopie.jpg","type":"image\/jpeg"}],"author":"Sisi Wein","twitter_card":"summary_large_image","twitter_misc":{"Written by":"Sisi Wein","Est. reading time":"5 Minuten"},"schema":{"@context":"https:\/\/schema.org","@graph":[{"@type":"WebPage","@id":"https:\/\/www.frankentourismus.de\/blog\/2021\/07\/02\/baerenstarke-familienbande-in-der-urlaubsregion-coburg-rennsteig\/","url":"https:\/\/www.frankentourismus.de\/blog\/2021\/07\/02\/baerenstarke-familienbande-in-der-urlaubsregion-coburg-rennsteig\/","name":"B\u00e4renstarke Familienbande in der Urlaubsregion Coburg.Rennsteig - Franken Blog","isPartOf":{"@id":"https:\/\/www.frankentourismus.de\/blog\/#website"},"datePublished":"2021-07-02T11:13:30+00:00","dateModified":"2023-02-06T12:33:48+00:00","author":{"@id":"https:\/\/www.frankentourismus.de\/blog\/#\/schema\/person\/077d15c247939e3520696ee497ffc26f"},"breadcrumb":{"@id":"https:\/\/www.frankentourismus.de\/blog\/2021\/07\/02\/baerenstarke-familienbande-in-der-urlaubsregion-coburg-rennsteig\/#breadcrumb"},"inLanguage":"de-DE","potentialAction":[{"@type":"ReadAction","target":["https:\/\/www.frankentourismus.de\/blog\/2021\/07\/02\/baerenstarke-familienbande-in-der-urlaubsregion-coburg-rennsteig\/"]}]},{"@type":"BreadcrumbList","@id":"https:\/\/www.frankentourismus.de\/blog\/2021\/07\/02\/baerenstarke-familienbande-in-der-urlaubsregion-coburg-rennsteig\/#breadcrumb","itemListElement":[{"@type":"ListItem","position":1,"name":"Home","item":"https:\/\/www.frankentourismus.de\/blog\/"},{"@type":"ListItem","position":2,"name":"B\u00e4renstarke Familienbande in der Urlaubsregion Coburg.Rennsteig"}]},{"@type":"WebSite","@id":"https:\/\/www.frankentourismus.de\/blog\/#website","url":"https:\/\/www.frankentourismus.de\/blog\/","name":"Franken Blog","description":"Urlaub in Franken!","potentialAction":[{"@type":"SearchAction","target":{"@type":"EntryPoint","urlTemplate":"https:\/\/www.frankentourismus.de\/blog\/?s={search_term_string}"},"query-input":"required name=search_term_string"}],"inLanguage":"de-DE"},{"@type":"Person","@id":"https:\/\/www.frankentourismus.de\/blog\/#\/schema\/person\/077d15c247939e3520696ee497ffc26f","name":"Sisi Wein","image":{"@type":"ImageObject","inLanguage":"de-DE","@id":"https:\/\/www.frankentourismus.de\/blog\/#\/schema\/person\/image\/","url":"https:\/\/www.frankentourismus.de\/blog\/wp-content\/uploads\/2021\/05\/Sisi-Wein-bearbeitet-150x150.jpg","contentUrl":"https:\/\/www.frankentourismus.de\/blog\/wp-content\/uploads\/2021\/05\/Sisi-Wein-bearbeitet-150x150.jpg","caption":"Sisi Wein"},"url":"https:\/\/www.frankentourismus.de\/blog\/author\/sisi-wein\/"}]}},"_links":{"self":[{"href":"https:\/\/www.frankentourismus.de\/blog\/wp-json\/wp\/v2\/posts\/1713"}],"collection":[{"href":"https:\/\/www.frankentourismus.de\/blog\/wp-json\/wp\/v2\/posts"}],"about":[{"href":"https:\/\/www.frankentourismus.de\/blog\/wp-json\/wp\/v2\/types\/post"}],"author":[{"embeddable":true,"href":"https:\/\/www.frankentourismus.de\/blog\/wp-json\/wp\/v2\/users\/41"}],"replies":[{"embeddable":true,"href":"https:\/\/www.frankentourismus.de\/blog\/wp-json\/wp\/v2\/comments?post=1713"}],"version-history":[{"count":14,"href":"https:\/\/www.frankentourismus.de\/blog\/wp-json\/wp\/v2\/posts\/1713\/revisions"}],"predecessor-version":[{"id":4755,"href":"https:\/\/www.frankentourismus.de\/blog\/wp-json\/wp\/v2\/posts\/1713\/revisions\/4755"}],"wp:featuredmedia":[{"embeddable":true,"href":"https:\/\/www.frankentourismus.de\/blog\/wp-json\/wp\/v2\/media\/1715"}],"wp:attachment":[{"href":"https:\/\/www.frankentourismus.de\/blog\/wp-json\/wp\/v2\/media?parent=1713"}],"wp:term":[{"taxonomy":"category","embeddable":true,"href":"https:\/\/www.frankentourismus.de\/blog\/wp-json\/wp\/v2\/categories?post=1713"},{"taxonomy":"post_tag","embeddable":true,"href":"https:\/\/www.frankentourismus.de\/blog\/wp-json\/wp\/v2\/tags?post=1713"}],"curies":[{"name":"wp","href":"https:\/\/api.w.org\/{rel}","templated":true}]}}