{"id":1695,"date":"2022-05-06T12:00:00","date_gmt":"2022-05-06T10:00:00","guid":{"rendered":"https:\/\/www.frankentourismus.de\/blog\/?p=1695"},"modified":"2022-05-06T13:06:30","modified_gmt":"2022-05-06T11:06:30","slug":"weinwissen-mit-frauenpower-im-fraenkischen-weinland","status":"publish","type":"post","link":"https:\/\/www.frankentourismus.de\/blog\/2022\/05\/06\/weinwissen-mit-frauenpower-im-fraenkischen-weinland\/","title":{"rendered":"Weinwissen mit Frauenpower im Fr\u00e4nkischen Weinland"},"content":{"rendered":"\n<p><strong>Die InfoVinothek in Sommerach ist fest in weiblicher Hand: Acht Damen pr\u00e4sentieren hier mit viel Charme und Herzlichkeit die Vielfalt der Sommeracher Weine und laden ein zu Weinwissen, Verkostungen und Erlebnissen im <a rel=\"noreferrer noopener\" href=\"https:\/\/www.frankentourismus.de\/gebiete\/fraenkisches-weinland\/\" data-type=\"URL\" data-id=\"https:\/\/www.frankentourismus.de\/gebiete\/fraenkisches-weinland\/\" target=\"_blank\">Fr\u00e4nkischen Weinland.<\/a><\/strong> <\/p>\n\n\n<div class=\"hint\">\n            <figure>\n            <img width=\"300\" height=\"199\" src=\"https:\/\/www.frankentourismus.de\/blog\/wp-content\/uploads\/2021\/05\/Sisi-Wein-3-bearbeitet-neu-1-300x199.jpg\" class=\"attachment-medium size-medium\" alt=\"\" decoding=\"async\" loading=\"lazy\" srcset=\"https:\/\/www.frankentourismus.de\/blog\/wp-content\/uploads\/2021\/05\/Sisi-Wein-3-bearbeitet-neu-1-300x199.jpg 300w, https:\/\/www.frankentourismus.de\/blog\/wp-content\/uploads\/2021\/05\/Sisi-Wein-3-bearbeitet-neu-1.jpg 622w\" sizes=\"(max-width: 300px) 100vw, 300px\" \/>        <\/figure>\n    \n    <div class=\"content\">\n        <p>Wenn man Wein mit Familiennamen (und Sisi mit Vornamen) hei\u00dft, passt es wunderbar, wenn man \u00fcber den Frankenwein schreiben darf. Und \u00fcber Frankens kulinarische Besonderheiten. \u00dcber Natur, Traditionen und Kultur. Und vor allem \u00fcber die Menschen, die das Urlaubsland so besonders machen. Das tue ich, seitdem ich vor rund 20 Jahren als Journalistin vom Bayerischen Wald in den Naturpark Altm\u00fchltal gezogen bin. So vereint meine Arbeit zwei meiner Lieblingsdinge: Schreiben und Reisen \u2013 denn noch immer ist jeder Recherche-Besuch in Franken wie Urlaub, bei dem unglaublich spannende und gastfreundliche Menschen meinen Horizont erweitern.<\/p>\n    <\/div>\n<\/div>\n\n\n\n<div class=\"wp-block-media-text alignwide has-media-on-the-right is-stacked-on-mobile\" style=\"grid-template-columns:auto 15%\"><figure class=\"wp-block-media-text__media\"><img decoding=\"async\" loading=\"lazy\" width=\"562\" height=\"640\" src=\"https:\/\/www.frankentourismus.de\/blog\/wp-content\/uploads\/2021\/05\/FT-Hausbesuche-frei-1.png\" alt=\"\" class=\"wp-image-1195 size-full\" srcset=\"https:\/\/www.frankentourismus.de\/blog\/wp-content\/uploads\/2021\/05\/FT-Hausbesuche-frei-1.png 562w, https:\/\/www.frankentourismus.de\/blog\/wp-content\/uploads\/2021\/05\/FT-Hausbesuche-frei-1-263x300.png 263w\" sizes=\"(max-width: 562px) 100vw, 562px\" \/><\/figure><div class=\"wp-block-media-text__content\">\n<p><strong>Mit den Hausbesuchen begleiten wir Einheimische bei ihrem t\u00e4glichen Wirken im Urlaubsland Franken<\/strong>. <strong>Ich lasse mir diesmal den fr\u00e4nkischen Wein bei Heike Prestele und Elisabeth Drescher samt ihrem Team in der Sommeracher InfoVinothek schmecken.<\/strong><\/p>\n<\/div><\/div>\n\n\n\n<p>Mit einem ebenso herzlichen wie ansteckenden Lachen skizziert<strong> Elisabeth Drescher die Sommeracher InfoVinothek<\/strong>: \u201eWir sind eine reine Weiberwirtschaft!\u201c. Zusammen mit <strong>Heike Prestele<\/strong> leitet sie im <strong>Herzen des Sommeracher Altorts<\/strong> die Vinothek. Unter einem Dach vereinen die beiden mit ihren <strong>sechs Mitarbeiterinnen<\/strong> <strong>G\u00e4steinformation, Weinwissen, regionale Feinkost, Wein-Accessoires und nat\u00fcrlich die Pr\u00e4sentation der Sommeracher Weine.<\/strong><\/p>\n\n\n\n<p><strong>21 Weing\u00fcter<\/strong> sowie den <strong>Winzerkeller Sommerach<\/strong> k\u00f6nnen die Besucher hier kennenlernen, zum Beispiel bei der <strong>beliebten Dreier-Weinprobe<\/strong>. \u201eWir verstehen uns bewusst als <strong>Ortsvinothek<\/strong>\u201c, betont Heike Prestele, \u201edie Zusammenarbeit mit unseren Winzern ist uns deshalb sehr wichtig\u201c. Vor den in den Weinfarben dunkelrot und hellgelb gestrichenen W\u00e4nden der InfoVinothek entfaltet sich ein <strong>beeindruckendes Angebot<\/strong>. Alleine 12 verschiedene Silvaner finden sich hier, dadurch bleibt es f\u00fcr Weingenie\u00dfer immer spannend. \u201eWir sehen uns als Tor zu Sommerachs Weinen\u201c, fasst Elisabeth Drescher die Aufgabe der Vinothek zusammen, \u201ebei uns kann man Sommerach erschnuppern und erschmecken\u201c.<\/p>\n\n\n\n<figure class=\"wp-block-image size-large\"><img decoding=\"async\" loading=\"lazy\" width=\"1024\" height=\"726\" src=\"https:\/\/www.frankentourismus.de\/blog\/wp-content\/uploads\/2021\/06\/2019-09-05-14.02.50-Kopie-1024x726.jpg\" alt=\"\" class=\"wp-image-1699\" srcset=\"https:\/\/www.frankentourismus.de\/blog\/wp-content\/uploads\/2021\/06\/2019-09-05-14.02.50-Kopie-1024x726.jpg 1024w, https:\/\/www.frankentourismus.de\/blog\/wp-content\/uploads\/2021\/06\/2019-09-05-14.02.50-Kopie-300x213.jpg 300w, https:\/\/www.frankentourismus.de\/blog\/wp-content\/uploads\/2021\/06\/2019-09-05-14.02.50-Kopie-768x545.jpg 768w, https:\/\/www.frankentourismus.de\/blog\/wp-content\/uploads\/2021\/06\/2019-09-05-14.02.50-Kopie-1536x1090.jpg 1536w, https:\/\/www.frankentourismus.de\/blog\/wp-content\/uploads\/2021\/06\/2019-09-05-14.02.50-Kopie.jpg 1772w\" sizes=\"(max-width: 1024px) 100vw, 1024px\" \/><figcaption>\u00a9 Sisi Wein<\/figcaption><\/figure>\n\n\n\n<p>Auf <strong>gute Beratung ist Verlass<\/strong>, denn die Damen wissen, wovon sie sprechen. \u201eDie meisten von uns sind schon ihr Leben lang mit dem Weinbau verbunden\u201c, betont Elisabeth Drescher \u2013 sei es, dass sie in ein Weingut hineingeboren wurden oder wie Drescher selbst auf einem Winzerhof zu Hause sind. F\u00fcnf der Frauen in der InfoVinothek sind zudem ausgebildete <strong>\u201eG\u00e4stef\u00fchrer Weinerlebnis Franken\u201c<\/strong>. \u201eWeinaffin und weinerfahren\u201c, beschreibt Elisabeth Drescher deshalb ihr Team. Neben den <strong>ansprechend pr\u00e4sentierten Weinen<\/strong> beweisen die Damen auch bei der Auswahl des weiteren Angebots viel <strong>Stilbewusststein und Sinn f\u00fcr regionale Produkte<\/strong>. So warten auf die Besucher zum Beispiel<strong> Br\u00e4nde und Marmeladen aus heimischem Obst oder Pralinen<\/strong>, die mit Sommeracher Wein verfeinert sind sowie<strong> liebevolle Deko und Weinaccessoires<\/strong>. Besonders oft findet sich darunter als Motiv eine <strong>Katze<\/strong>: eine Hommage an den <strong>\u201eKatzenkopf\u201c<\/strong>, Sommerachs bekannteste Weinlage.<\/p>\n\n\n\n<blockquote class=\"wp-block-quote\"><p>&#8222;Bei uns kann man Sommerach erschnuppern und erschmecken.&#8220;<\/p><cite>Elisabeth Drescher<\/cite><\/blockquote>\n\n\n\n<p>F\u00fcr <strong>Touristen<\/strong> lohnt sich der Weg in die InfoVinothek auch deshalb, weil die Mitarbeiterinnen \u00fcber das <strong>Wander- und Radwegenetz<\/strong> und die <strong>Vielfalt des Fr\u00e4nkischen Weinlands<\/strong> bestens Bescheid wissen. Die Urlaubsregion kann nicht nur mit dem<strong> allgegenw\u00e4rtigen Frankenwein<\/strong> und der dazu<strong> passenden Kulinarik <\/strong>punkten, sondern auch mit vielen <strong>historischen Winzerorten<\/strong>, Freizeitm\u00f6glichkeiten in Form von <strong>Golfen<\/strong> oder <strong>Tennis<\/strong> und mit der <strong>urbanen Barockperle W\u00fcrzburg<\/strong>. Die Sommeracher Damen haben dar\u00fcber hinaus <strong>viele Touren mit den \u201eG\u00e4stef\u00fchrern Weinerlebnis Franken\u201c<\/strong> im Angebot: vom Spaziergang \u00fcber den Rebsortenlehrpfad bis zur Weinbergsf\u00fchrung \u201eEin himmlischer Ausblick\u201c mit Weinverkostung am Aussichtsturm. Den Besuchern des Winzerortes kommt entgegen, dass die InfoVinothek in der Saison an <strong>sieben Tagen die Woche<\/strong> ge\u00f6ffnet hat. \u201eAu\u00dferdem sind wir f\u00fcr den Ort ein beliebter sozialer Treffpunkt geworden\u201c, erz\u00e4hlt Heike Prestele und verweist auf das <strong>\u201eDischla\u201c<\/strong> \u2013 jenen Stehtisch, an dem sich immer sonntagnachmittags die \u00e4ltere Generation der Sommeracher zu einem gepflegten Secco trifft. <\/p>\n\n\n\n<p><strong>Wem jetzt der Sinn danach steht, ein sch\u00f6nes Glas Frankenwein aus der InfoVinothek Sommerach zu probieren und die Sch\u00f6nheit des Fr\u00e4nkischen Weinlandes kennenzulernen, der findet weitere Informationen unter <a rel=\"noreferrer noopener\" href=\"http:\/\/www.infovinothek-sommerach.de\/infovinothek-sommerach\/startseite\/index.html\" data-type=\"URL\" data-id=\"http:\/\/www.infovinothek-sommerach.de\/infovinothek-sommerach\/startseite\/index.html\" target=\"_blank\">www.infovinothek-sommerach.de<\/a>. Sommerach ist durch Regionalbusanschl\u00fcsse in den \u00d6PNV integriert, zus\u00e4tzlich fahren in der Saison der &#8222;Mainschleifen-Express&#8220; und der &#8222;Mainschleifen-Shuttle&#8220; den Weinort an.<\/strong><\/p>\n\n\n\n<figure class=\"is-layout-flex wp-block-gallery-1 wp-block-gallery columns-2 is-cropped\"><ul class=\"blocks-gallery-grid\"><li class=\"blocks-gallery-item\"><figure><img decoding=\"async\" loading=\"lazy\" width=\"682\" height=\"1024\" src=\"https:\/\/www.frankentourismus.de\/blog\/wp-content\/uploads\/2021\/06\/wein_093_fraenkisches-weinland_in-der-infovinothek-sommerach-682x1024.jpg\" alt=\"\" data-id=\"1703\" data-full-url=\"https:\/\/www.frankentourismus.de\/blog\/wp-content\/uploads\/2021\/06\/wein_093_fraenkisches-weinland_in-der-infovinothek-sommerach.jpg\" data-link=\"https:\/\/www.frankentourismus.de\/blog\/in-der-infovinothek-sommerach\/\" class=\"wp-image-1703\" srcset=\"https:\/\/www.frankentourismus.de\/blog\/wp-content\/uploads\/2021\/06\/wein_093_fraenkisches-weinland_in-der-infovinothek-sommerach-682x1024.jpg 682w, https:\/\/www.frankentourismus.de\/blog\/wp-content\/uploads\/2021\/06\/wein_093_fraenkisches-weinland_in-der-infovinothek-sommerach-200x300.jpg 200w, https:\/\/www.frankentourismus.de\/blog\/wp-content\/uploads\/2021\/06\/wein_093_fraenkisches-weinland_in-der-infovinothek-sommerach-768x1152.jpg 768w, https:\/\/www.frankentourismus.de\/blog\/wp-content\/uploads\/2021\/06\/wein_093_fraenkisches-weinland_in-der-infovinothek-sommerach-1024x1536.jpg 1024w, https:\/\/www.frankentourismus.de\/blog\/wp-content\/uploads\/2021\/06\/wein_093_fraenkisches-weinland_in-der-infovinothek-sommerach.jpg 1333w\" sizes=\"(max-width: 682px) 100vw, 682px\" \/><figcaption class=\"blocks-gallery-item__caption\">\u00a9FrankenTourismus\/FWL\/Hub<\/figcaption><\/figure><\/li><li class=\"blocks-gallery-item\"><figure><img decoding=\"async\" loading=\"lazy\" width=\"682\" height=\"1024\" src=\"https:\/\/www.frankentourismus.de\/blog\/wp-content\/uploads\/2021\/06\/Sommerach-2-682x1024.jpg\" alt=\"\" data-id=\"1701\" data-full-url=\"https:\/\/www.frankentourismus.de\/blog\/wp-content\/uploads\/2021\/06\/Sommerach-2.jpg\" data-link=\"https:\/\/www.frankentourismus.de\/blog\/sommerach-near-volkach-franconia-bavaria-germany\/\" class=\"wp-image-1701\" srcset=\"https:\/\/www.frankentourismus.de\/blog\/wp-content\/uploads\/2021\/06\/Sommerach-2-682x1024.jpg 682w, https:\/\/www.frankentourismus.de\/blog\/wp-content\/uploads\/2021\/06\/Sommerach-2-200x300.jpg 200w, https:\/\/www.frankentourismus.de\/blog\/wp-content\/uploads\/2021\/06\/Sommerach-2-768x1152.jpg 768w, https:\/\/www.frankentourismus.de\/blog\/wp-content\/uploads\/2021\/06\/Sommerach-2-1024x1536.jpg 1024w, https:\/\/www.frankentourismus.de\/blog\/wp-content\/uploads\/2021\/06\/Sommerach-2.jpg 1181w\" sizes=\"(max-width: 682px) 100vw, 682px\" \/><figcaption class=\"blocks-gallery-item__caption\">\u00a9Holger Leue<\/figcaption><\/figure><\/li><li class=\"blocks-gallery-item\"><figure><img decoding=\"async\" loading=\"lazy\" width=\"1024\" height=\"682\" src=\"https:\/\/www.frankentourismus.de\/blog\/wp-content\/uploads\/2021\/06\/2017-07-29-042-Kopie-1024x682.jpg\" alt=\"\" data-id=\"1697\" data-full-url=\"https:\/\/www.frankentourismus.de\/blog\/wp-content\/uploads\/2021\/06\/2017-07-29-042-Kopie.jpg\" data-link=\"https:\/\/www.frankentourismus.de\/blog\/iphofen-franconia-bavaria-germany\/\" class=\"wp-image-1697\" srcset=\"https:\/\/www.frankentourismus.de\/blog\/wp-content\/uploads\/2021\/06\/2017-07-29-042-Kopie-1024x682.jpg 1024w, https:\/\/www.frankentourismus.de\/blog\/wp-content\/uploads\/2021\/06\/2017-07-29-042-Kopie-300x200.jpg 300w, https:\/\/www.frankentourismus.de\/blog\/wp-content\/uploads\/2021\/06\/2017-07-29-042-Kopie-768x512.jpg 768w, https:\/\/www.frankentourismus.de\/blog\/wp-content\/uploads\/2021\/06\/2017-07-29-042-Kopie-1536x1024.jpg 1536w, https:\/\/www.frankentourismus.de\/blog\/wp-content\/uploads\/2021\/06\/2017-07-29-042-Kopie.jpg 1772w\" sizes=\"(max-width: 1024px) 100vw, 1024px\" \/><figcaption class=\"blocks-gallery-item__caption\">\u00a9Holger Leue<\/figcaption><\/figure><\/li><\/ul><\/figure>\n","protected":false},"excerpt":{"rendered":"<p>Die InfoVinothek in Sommerach ist fest in weiblicher Hand: Acht Damen pr\u00e4sentieren hier mit viel Charme und Herzlichkeit die Vielfalt der Sommeracher Weine und laden ein zu Weinwissen, Verkostungen und Erlebnissen im Fr\u00e4nkischen Weinland. Mit den Hausbesuchen begleiten wir Einheimische bei ihrem t\u00e4glichen Wirken im Urlaubsland Franken. Ich lasse mir diesmal den fr\u00e4nkischen Wein bei [&hellip;]<\/p>\n","protected":false},"author":41,"featured_media":1697,"comment_status":"open","ping_status":"","sticky":false,"template":"","format":"standard","meta":[],"categories":[19,17],"tags":[15,51,189,161,3,13],"yoast_head":"<!-- This site is optimized with the Yoast SEO plugin v19.14 - https:\/\/yoast.com\/wordpress\/plugins\/seo\/ -->\n<title>Weinwissen mit Frauenpower im Fr\u00e4nkischen Weinland - Franken Blog<\/title>\n<meta name=\"robots\" content=\"index, follow, max-snippet:-1, max-image-preview:large, max-video-preview:-1\" \/>\n<link rel=\"canonical\" href=\"https:\/\/www.frankentourismus.de\/blog\/2022\/05\/06\/weinwissen-mit-frauenpower-im-fraenkischen-weinland\/\" \/>\n<meta property=\"og:locale\" content=\"de_DE\" \/>\n<meta property=\"og:type\" content=\"article\" \/>\n<meta property=\"og:title\" content=\"Weinwissen mit Frauenpower im Fr\u00e4nkischen Weinland - Franken Blog\" \/>\n<meta property=\"og:description\" content=\"Die InfoVinothek in Sommerach ist fest in weiblicher Hand: Acht Damen pr\u00e4sentieren hier mit viel Charme und Herzlichkeit die Vielfalt der Sommeracher Weine und laden ein zu Weinwissen, Verkostungen und Erlebnissen im Fr\u00e4nkischen Weinland. Mit den Hausbesuchen begleiten wir Einheimische bei ihrem t\u00e4glichen Wirken im Urlaubsland Franken. Ich lasse mir diesmal den fr\u00e4nkischen Wein bei [&hellip;]\" \/>\n<meta property=\"og:url\" content=\"https:\/\/www.frankentourismus.de\/blog\/2022\/05\/06\/weinwissen-mit-frauenpower-im-fraenkischen-weinland\/\" \/>\n<meta property=\"og:site_name\" content=\"Franken Blog\" \/>\n<meta property=\"article:published_time\" content=\"2022-05-06T10:00:00+00:00\" \/>\n<meta property=\"article:modified_time\" content=\"2022-05-06T11:06:30+00:00\" \/>\n<meta property=\"og:image\" content=\"https:\/\/www.frankentourismus.de\/blog\/wp-content\/uploads\/2021\/06\/2017-07-29-042-Kopie-768x512.jpg\" \/>\n\t<meta property=\"og:image:width\" content=\"768\" \/>\n\t<meta property=\"og:image:height\" content=\"512\" \/>\n\t<meta property=\"og:image:type\" content=\"image\/jpeg\" \/>\n<meta name=\"author\" content=\"Sisi Wein\" \/>\n<meta name=\"twitter:card\" content=\"summary_large_image\" \/>\n<meta name=\"twitter:label1\" content=\"Written by\" \/>\n\t<meta name=\"twitter:data1\" content=\"Sisi Wein\" \/>\n\t<meta name=\"twitter:label2\" content=\"Est. reading time\" \/>\n\t<meta name=\"twitter:data2\" content=\"3 Minuten\" \/>\n<script type=\"application\/ld+json\" class=\"yoast-schema-graph\">{\"@context\":\"https:\/\/schema.org\",\"@graph\":[{\"@type\":\"WebPage\",\"@id\":\"https:\/\/www.frankentourismus.de\/blog\/2022\/05\/06\/weinwissen-mit-frauenpower-im-fraenkischen-weinland\/\",\"url\":\"https:\/\/www.frankentourismus.de\/blog\/2022\/05\/06\/weinwissen-mit-frauenpower-im-fraenkischen-weinland\/\",\"name\":\"Weinwissen mit Frauenpower im Fr\u00e4nkischen Weinland - Franken Blog\",\"isPartOf\":{\"@id\":\"https:\/\/www.frankentourismus.de\/blog\/#website\"},\"datePublished\":\"2022-05-06T10:00:00+00:00\",\"dateModified\":\"2022-05-06T11:06:30+00:00\",\"author\":{\"@id\":\"https:\/\/www.frankentourismus.de\/blog\/#\/schema\/person\/077d15c247939e3520696ee497ffc26f\"},\"breadcrumb\":{\"@id\":\"https:\/\/www.frankentourismus.de\/blog\/2022\/05\/06\/weinwissen-mit-frauenpower-im-fraenkischen-weinland\/#breadcrumb\"},\"inLanguage\":\"de-DE\",\"potentialAction\":[{\"@type\":\"ReadAction\",\"target\":[\"https:\/\/www.frankentourismus.de\/blog\/2022\/05\/06\/weinwissen-mit-frauenpower-im-fraenkischen-weinland\/\"]}]},{\"@type\":\"BreadcrumbList\",\"@id\":\"https:\/\/www.frankentourismus.de\/blog\/2022\/05\/06\/weinwissen-mit-frauenpower-im-fraenkischen-weinland\/#breadcrumb\",\"itemListElement\":[{\"@type\":\"ListItem\",\"position\":1,\"name\":\"Home\",\"item\":\"https:\/\/www.frankentourismus.de\/blog\/\"},{\"@type\":\"ListItem\",\"position\":2,\"name\":\"Weinwissen mit Frauenpower im Fr\u00e4nkischen Weinland\"}]},{\"@type\":\"WebSite\",\"@id\":\"https:\/\/www.frankentourismus.de\/blog\/#website\",\"url\":\"https:\/\/www.frankentourismus.de\/blog\/\",\"name\":\"Franken Blog\",\"description\":\"Urlaub in Franken!\",\"potentialAction\":[{\"@type\":\"SearchAction\",\"target\":{\"@type\":\"EntryPoint\",\"urlTemplate\":\"https:\/\/www.frankentourismus.de\/blog\/?s={search_term_string}\"},\"query-input\":\"required name=search_term_string\"}],\"inLanguage\":\"de-DE\"},{\"@type\":\"Person\",\"@id\":\"https:\/\/www.frankentourismus.de\/blog\/#\/schema\/person\/077d15c247939e3520696ee497ffc26f\",\"name\":\"Sisi Wein\",\"image\":{\"@type\":\"ImageObject\",\"inLanguage\":\"de-DE\",\"@id\":\"https:\/\/www.frankentourismus.de\/blog\/#\/schema\/person\/image\/\",\"url\":\"https:\/\/www.frankentourismus.de\/blog\/wp-content\/uploads\/2021\/05\/Sisi-Wein-bearbeitet-150x150.jpg\",\"contentUrl\":\"https:\/\/www.frankentourismus.de\/blog\/wp-content\/uploads\/2021\/05\/Sisi-Wein-bearbeitet-150x150.jpg\",\"caption\":\"Sisi Wein\"},\"url\":\"https:\/\/www.frankentourismus.de\/blog\/author\/sisi-wein\/\"}]}<\/script>\n<!-- \/ Yoast SEO plugin. -->","yoast_head_json":{"title":"Weinwissen mit Frauenpower im Fr\u00e4nkischen Weinland - Franken Blog","robots":{"index":"index","follow":"follow","max-snippet":"max-snippet:-1","max-image-preview":"max-image-preview:large","max-video-preview":"max-video-preview:-1"},"canonical":"https:\/\/www.frankentourismus.de\/blog\/2022\/05\/06\/weinwissen-mit-frauenpower-im-fraenkischen-weinland\/","og_locale":"de_DE","og_type":"article","og_title":"Weinwissen mit Frauenpower im Fr\u00e4nkischen Weinland - Franken Blog","og_description":"Die InfoVinothek in Sommerach ist fest in weiblicher Hand: Acht Damen pr\u00e4sentieren hier mit viel Charme und Herzlichkeit die Vielfalt der Sommeracher Weine und laden ein zu Weinwissen, Verkostungen und Erlebnissen im Fr\u00e4nkischen Weinland. Mit den Hausbesuchen begleiten wir Einheimische bei ihrem t\u00e4glichen Wirken im Urlaubsland Franken. Ich lasse mir diesmal den fr\u00e4nkischen Wein bei [&hellip;]","og_url":"https:\/\/www.frankentourismus.de\/blog\/2022\/05\/06\/weinwissen-mit-frauenpower-im-fraenkischen-weinland\/","og_site_name":"Franken Blog","article_published_time":"2022-05-06T10:00:00+00:00","article_modified_time":"2022-05-06T11:06:30+00:00","og_image":[{"width":768,"height":512,"url":"https:\/\/www.frankentourismus.de\/blog\/wp-content\/uploads\/2021\/06\/2017-07-29-042-Kopie-768x512.jpg","type":"image\/jpeg"}],"author":"Sisi Wein","twitter_card":"summary_large_image","twitter_misc":{"Written by":"Sisi Wein","Est. reading time":"3 Minuten"},"schema":{"@context":"https:\/\/schema.org","@graph":[{"@type":"WebPage","@id":"https:\/\/www.frankentourismus.de\/blog\/2022\/05\/06\/weinwissen-mit-frauenpower-im-fraenkischen-weinland\/","url":"https:\/\/www.frankentourismus.de\/blog\/2022\/05\/06\/weinwissen-mit-frauenpower-im-fraenkischen-weinland\/","name":"Weinwissen mit Frauenpower im Fr\u00e4nkischen Weinland - Franken Blog","isPartOf":{"@id":"https:\/\/www.frankentourismus.de\/blog\/#website"},"datePublished":"2022-05-06T10:00:00+00:00","dateModified":"2022-05-06T11:06:30+00:00","author":{"@id":"https:\/\/www.frankentourismus.de\/blog\/#\/schema\/person\/077d15c247939e3520696ee497ffc26f"},"breadcrumb":{"@id":"https:\/\/www.frankentourismus.de\/blog\/2022\/05\/06\/weinwissen-mit-frauenpower-im-fraenkischen-weinland\/#breadcrumb"},"inLanguage":"de-DE","potentialAction":[{"@type":"ReadAction","target":["https:\/\/www.frankentourismus.de\/blog\/2022\/05\/06\/weinwissen-mit-frauenpower-im-fraenkischen-weinland\/"]}]},{"@type":"BreadcrumbList","@id":"https:\/\/www.frankentourismus.de\/blog\/2022\/05\/06\/weinwissen-mit-frauenpower-im-fraenkischen-weinland\/#breadcrumb","itemListElement":[{"@type":"ListItem","position":1,"name":"Home","item":"https:\/\/www.frankentourismus.de\/blog\/"},{"@type":"ListItem","position":2,"name":"Weinwissen mit Frauenpower im Fr\u00e4nkischen Weinland"}]},{"@type":"WebSite","@id":"https:\/\/www.frankentourismus.de\/blog\/#website","url":"https:\/\/www.frankentourismus.de\/blog\/","name":"Franken Blog","description":"Urlaub in Franken!","potentialAction":[{"@type":"SearchAction","target":{"@type":"EntryPoint","urlTemplate":"https:\/\/www.frankentourismus.de\/blog\/?s={search_term_string}"},"query-input":"required name=search_term_string"}],"inLanguage":"de-DE"},{"@type":"Person","@id":"https:\/\/www.frankentourismus.de\/blog\/#\/schema\/person\/077d15c247939e3520696ee497ffc26f","name":"Sisi Wein","image":{"@type":"ImageObject","inLanguage":"de-DE","@id":"https:\/\/www.frankentourismus.de\/blog\/#\/schema\/person\/image\/","url":"https:\/\/www.frankentourismus.de\/blog\/wp-content\/uploads\/2021\/05\/Sisi-Wein-bearbeitet-150x150.jpg","contentUrl":"https:\/\/www.frankentourismus.de\/blog\/wp-content\/uploads\/2021\/05\/Sisi-Wein-bearbeitet-150x150.jpg","caption":"Sisi Wein"},"url":"https:\/\/www.frankentourismus.de\/blog\/author\/sisi-wein\/"}]}},"_links":{"self":[{"href":"https:\/\/www.frankentourismus.de\/blog\/wp-json\/wp\/v2\/posts\/1695"}],"collection":[{"href":"https:\/\/www.frankentourismus.de\/blog\/wp-json\/wp\/v2\/posts"}],"about":[{"href":"https:\/\/www.frankentourismus.de\/blog\/wp-json\/wp\/v2\/types\/post"}],"author":[{"embeddable":true,"href":"https:\/\/www.frankentourismus.de\/blog\/wp-json\/wp\/v2\/users\/41"}],"replies":[{"embeddable":true,"href":"https:\/\/www.frankentourismus.de\/blog\/wp-json\/wp\/v2\/comments?post=1695"}],"version-history":[{"count":8,"href":"https:\/\/www.frankentourismus.de\/blog\/wp-json\/wp\/v2\/posts\/1695\/revisions"}],"predecessor-version":[{"id":3091,"href":"https:\/\/www.frankentourismus.de\/blog\/wp-json\/wp\/v2\/posts\/1695\/revisions\/3091"}],"wp:featuredmedia":[{"embeddable":true,"href":"https:\/\/www.frankentourismus.de\/blog\/wp-json\/wp\/v2\/media\/1697"}],"wp:attachment":[{"href":"https:\/\/www.frankentourismus.de\/blog\/wp-json\/wp\/v2\/media?parent=1695"}],"wp:term":[{"taxonomy":"category","embeddable":true,"href":"https:\/\/www.frankentourismus.de\/blog\/wp-json\/wp\/v2\/categories?post=1695"},{"taxonomy":"post_tag","embeddable":true,"href":"https:\/\/www.frankentourismus.de\/blog\/wp-json\/wp\/v2\/tags?post=1695"}],"curies":[{"name":"wp","href":"https:\/\/api.w.org\/{rel}","templated":true}]}}