{"id":1563,"date":"2021-08-27T12:00:00","date_gmt":"2021-08-27T10:00:00","guid":{"rendered":"https:\/\/www.frankentourismus.de\/blog\/?p=1563"},"modified":"2023-10-05T14:06:00","modified_gmt":"2023-10-05T12:06:00","slug":"kunstvolle-verflechtungen-im-obermainjura","status":"publish","type":"post","link":"https:\/\/www.frankentourismus.de\/blog\/2021\/08\/27\/kunstvolle-verflechtungen-im-obermainjura\/","title":{"rendered":"Kunstvolle Verflechtungen im Obermain.Jura"},"content":{"rendered":"\n<p><strong>Leichtigkeit, Transparenz und Tradition \u2013 das verbindet Stefanie Schreiber aus Weismain mit der Flechtkultur. Als Gestalterin im Handwerk bewahrt sie mit ihrer Firma \u201eholz + geflecht\u201c diese im <a data-type=\"URL\" data-id=\"https:\/\/www.frankentourismus.de\/gebiete\/obermainjura\/\" href=\"https:\/\/www.frankentourismus.de\/gebiete\/obermainjura\/\" target=\"_blank\" rel=\"noreferrer noopener\">Obermain.Jura<\/a> seit Jahrhunderten \u00fcberlieferte Kunst und verkn\u00fcpft sie mit frischen Ideen.<\/strong><\/p>\n\n\n<div class=\"hint\">\n            <figure>\n            <img width=\"269\" height=\"300\" src=\"https:\/\/www.frankentourismus.de\/blog\/wp-content\/uploads\/2021\/05\/Caro-Feller-2-bearbeitet-269x300.jpg\" class=\"attachment-medium size-medium\" alt=\"\" decoding=\"async\" loading=\"lazy\" srcset=\"https:\/\/www.frankentourismus.de\/blog\/wp-content\/uploads\/2021\/05\/Caro-Feller-2-bearbeitet-269x300.jpg 269w, https:\/\/www.frankentourismus.de\/blog\/wp-content\/uploads\/2021\/05\/Caro-Feller-2-bearbeitet-920x1024.jpg 920w, https:\/\/www.frankentourismus.de\/blog\/wp-content\/uploads\/2021\/05\/Caro-Feller-2-bearbeitet-768x855.jpg 768w, https:\/\/www.frankentourismus.de\/blog\/wp-content\/uploads\/2021\/05\/Caro-Feller-2-bearbeitet-1380x1536.jpg 1380w, https:\/\/www.frankentourismus.de\/blog\/wp-content\/uploads\/2021\/05\/Caro-Feller-2-bearbeitet-1840x2048.jpg 1840w\" sizes=\"(max-width: 269px) 100vw, 269px\" \/>        <\/figure>\n    \n    <div class=\"content\">\n        <p>Hallo, mein Name ist Caro Feller, ich wohne in Ingolstadt im S\u00fcden des Naturpark Altm\u00fchltal, komme aber urspr\u00fcnglich aus der N\u00e4he von Aschaffenburg und habe in Erlangen studiert \u2013 bin also eine waschechte Fr\u00e4nkin. Deshalb bin ich auch als Redakteurin so gerne drau\u00dfen in Frankens wildromantischer Natur, quirligen St\u00e4dten und idyllischen Orten unterwegs und schreibe \u00fcber spannende Begegnungen mit sympathischen und liebenswerten Menschen.<\/p>\n    <\/div>\n<\/div>\n\n\n\n<div class=\"wp-block-media-text alignwide has-media-on-the-right is-stacked-on-mobile\" style=\"grid-template-columns:auto 15%\"><div class=\"wp-block-media-text__content\">\n<p><strong>Mit den Hausbesuchen begleiten wir Einheimische bei ihrem t\u00e4glichen Wirken im Urlaubsland Franken. Im Obermain.Jura bringt mir Stefanie Schreiber heute das traditionelle Kunsthandwerk des Flechtens n\u00e4her.<\/strong><\/p>\n<\/div><figure class=\"wp-block-media-text__media\"><img decoding=\"async\" loading=\"lazy\" width=\"562\" height=\"640\" src=\"https:\/\/www.frankentourismus.de\/blog\/wp-content\/uploads\/2021\/05\/FT-Hausbesuche-frei-1.png\" alt=\"\" class=\"wp-image-1195 size-full\" srcset=\"https:\/\/www.frankentourismus.de\/blog\/wp-content\/uploads\/2021\/05\/FT-Hausbesuche-frei-1.png 562w, https:\/\/www.frankentourismus.de\/blog\/wp-content\/uploads\/2021\/05\/FT-Hausbesuche-frei-1-263x300.png 263w\" sizes=\"(max-width: 562px) 100vw, 562px\" \/><\/figure><\/div>\n\n\n\n<p>Sein Name ist <strong>\u201eRoots\u201c<\/strong>. Er vereint<strong> Anmut, Poesie und Leichtigkeit<\/strong>. Erschaffen hat diesen Meditationssessel aus Weidenruten <strong>Stefanie Schreiber<\/strong> aus Weismain: Als <strong>Schreinerin und Flechtwerkgestalterin<\/strong> kombiniert sie die <strong>Naturmaterialien Holz und Weide<\/strong> und begleitet ihre Werke von der Holzbohle \u00fcber das Flechtwerk bis zum fertigen Unikat. Jedes St\u00fcck hat seinen <strong>ganz eigenen Charakter und in jedem steckt die Handschrift der Gestalterin.<\/strong><\/p>\n\n\n\n<p>Mit \u201eRoots\u201c zum Beispiel verbindet Stefanie Schreiber die fest im Boden verankerten Weidenruten mit ihren eigenen famili\u00e4ren Wurzeln. Schlie\u00dflich steht das <strong>Flechten bei Familie Schreiber schon lange im Mittelpunkt<\/strong>. Bereits ihr Urgro\u00dfvater Andreas Schreiber hatte einen Flechtbetrieb f\u00fcr Transportk\u00f6rbe, die in der Landwirtschaft genutzt wurden. Stefanie Schreiber selbst absolvierte eine Ausbildung als Schreinerin und trat dann ein Werksstudium an der<strong> \u201eAkademie f\u00fcr Gestaltung\u201c<\/strong> an. Ihre Ideen setzt sie nun in ihrer Werkstatt um. Es ist nicht nur die Tradition, die sie mit ihrer <strong>Firma \u201eholz + geflecht\u201c<\/strong> in Ehren halten will, sie ist vielmehr absolut begeistert von der <strong>Lebendigkeit des Materials<\/strong>. Weidenrinde, Weide oder Peddigrohr vereint sie geschickt mit heimischen Edelh\u00f6lzern wie Nussbaum, Kirschbaum oder Ahorn. So entstehen <strong>au\u00dfergew\u00f6hnliche Tische, B\u00e4nke und Betten<\/strong>. Ihre M\u00f6bel, Einrichtungsgegenst\u00e4nde und Accessoires, die individuell auf Kundenw\u00fcnsche zugeschnitten sind, zeichnen sich durch <strong>schlichte und zeitlose Eleganz<\/strong> aus.<\/p>\n\n\n\n<figure class=\"wp-block-image size-large\"><img decoding=\"async\" loading=\"lazy\" width=\"1024\" height=\"682\" src=\"https:\/\/www.frankentourismus.de\/blog\/wp-content\/uploads\/2021\/06\/Nussbaum-2-1024x682.jpg\" alt=\"\" class=\"wp-image-1567\" srcset=\"https:\/\/www.frankentourismus.de\/blog\/wp-content\/uploads\/2021\/06\/Nussbaum-2-1024x682.jpg 1024w, https:\/\/www.frankentourismus.de\/blog\/wp-content\/uploads\/2021\/06\/Nussbaum-2-300x200.jpg 300w, https:\/\/www.frankentourismus.de\/blog\/wp-content\/uploads\/2021\/06\/Nussbaum-2-768x512.jpg 768w, https:\/\/www.frankentourismus.de\/blog\/wp-content\/uploads\/2021\/06\/Nussbaum-2-1536x1024.jpg 1536w, https:\/\/www.frankentourismus.de\/blog\/wp-content\/uploads\/2021\/06\/Nussbaum-2.jpg 1772w\" sizes=\"(max-width: 1024px) 100vw, 1024px\" \/><figcaption class=\"wp-element-caption\">\u00a9 holzflechtwerkstatt\/Stefanie Schreiber<\/figcaption><\/figure>\n\n\n\n<p>Spezialisiert hat sich Stefanie Schreiber auf <strong>St\u00fchle<\/strong>: \u201eEin Stuhl muss ma\u00dfgeschneidert passen wie eine gut sitzende Jeans.\u201c <strong>Deshalb kommt bei ihr von der Idee bis zum fertigen Produkt alles aus einer Hand<\/strong>. Sie schneidet zun\u00e4chst das <strong>individuell ausgesuchte Holz<\/strong> an der Kreiss\u00e4ge zu, hobelt es auf die gleiche St\u00e4rke, bohrt Holzverbindungen, leimt es zusammen und veredelt die Oberfl\u00e4che mit \u00d6l. F\u00fcr die ergonomisch geformte R\u00fcckenlehne verbindet sie Edelstahl mit geschmeidigem Flechtmaterial zu <strong>einer stabilen, aber luftig leichten Konstruktion<\/strong>. Seine Vollendung erh\u00e4lt der Stuhl schlie\u00dflich mit einem <strong>weichen Lederpolster<\/strong>. Und hat er erst einmal das Herz seiner Besitzer erobert, begleitet er sie meist auch ein Leben lang.<\/p>\n\n\n\n<blockquote class=\"wp-block-quote\">\n<p>\u201eEin Stuhl muss ma\u00dfgeschneidert passen wie eine gut sitzende Jeans.\u201c<\/p>\n<cite>Stefanie Schreiber<\/cite><\/blockquote>\n\n\n\n<p>\u201eSo wie man sich ein Geflecht formt, kann man auch sein Leben formen\u201c, sagt Stefanie Schreiber dazu: \u201eDie Gestaltung hat man selbst in der Hand.\u201c Sp\u00e4testens jetzt wird deutlich, dass es ihr nicht nur ums Handwerkliche geht, sondern um ein <strong>Lebensgef\u00fchl<\/strong>. \u201eWenn man beim Flechten erst einmal im Flow ist, l\u00e4sst er einen so schnell nicht wieder los\u201c, erkl\u00e4rt sie und strahlt dabei \u00fcbers ganze Gesicht. Von dieser Begeisterung bezaubern lassen sich auch die <strong>Teilnehmer der Flechtkurse<\/strong>, die sie im <strong>Stadtschloss Lichtenfels<\/strong>, in der <strong><a data-type=\"URL\" data-id=\"https:\/\/www.lkr-lif.de\/landratsamt\/umwelt\/umweltstation\/\" href=\"https:\/\/www.lkr-lif.de\/landratsamt\/umwelt\/umweltstation\/\" target=\"_blank\" rel=\"noreferrer noopener\">Umweltstation Weismain<\/a><\/strong> und f\u00fcr Gruppen auch an Ort und Termin nach Wunsch anbietet. <strong>So lernen Kinder und Erwachsene die Flechtkultur kennen, die im Obermain.Jura lange Tradition hat.<\/strong> Und nicht nur wegen diesem einzigartigen kulturellen Erbe <strong>l\u00e4dt die Urlaubsregion zum Verweilen<\/strong> ein: Das Gebiet ist ein <strong>hervorragendes Ziel f\u00fcr Wanderer und Radfahrer<\/strong>, dar\u00fcber hinaus kann der <strong>Main bei einer Bootstour erkundet<\/strong> werden. <strong>Kloster Banz<\/strong>, <strong>die Wallfahrtsbasilika Vierzehnheiligen<\/strong> und der <strong>sagenumwobene Staffelberg<\/strong> bilden das <strong>&#8222;fr\u00e4nkische Dreigestirn&#8220;<\/strong>, und in <strong>Bad Staffelstein<\/strong> l\u00e4dt Bayerns <strong>w\u00e4rmstes Thermalbad<\/strong> zum Entspannen ein.<\/p>\n\n\n\n<p>Hier f\u00fchlt sich auch Stefanie Schreiber rundum wohl, und so definiert sie sich als verwurzelt und stabil, dar\u00fcber hinaus aber auch als dynamisch und offen f\u00fcr Neues. \u00c4hnlich also, wie das robuste und gleichzeitig flexible Material, mit dem sie arbeitet. Ihre Ideen, die eine raffinierte Mischung aus <strong>Innovation und Tradition<\/strong> sind, sprudeln nur so aus ihr heraus, w\u00e4hrend sie f\u00fcr jede Situation eine praktische L\u00f6sung parat hat. Oft ist n\u00e4mlich gerade das sch\u00f6nste Holz am schwierigsten zu bearbeiten. Kirschbaumholz zum Beispiel ist samtig weich, splittert aber auch leicht. Wie gut, dass Stefanie Schreiber bestens damit umzugehen wei\u00df. Gerne verwendet sie auch die <strong>\u201eSchwarte\u201c<\/strong>. Sie ist das halbrunde \u00dcberbleibsel mit Rinde, das beim Zers\u00e4gen eines Baumstammes auf Schnittholz entsteht. Manchmal haben sich Insekten einen Weg durch das weiche Material unter der Borke gesucht und <strong>faszinierende Muster<\/strong> hinterlassen. Daraus macht die Gestalterin dann dekorative Accessoires, die wie sie <strong>Leichtigkeit und Lebensfreude<\/strong> verspr\u00fchen.<\/p>\n\n\n\n<p><strong>Wer sich nun auf den Weg machen m\u00f6chte, um vor Ort die Urlaubsregion Obermain.Jura<\/strong> <strong>und ihre alte Flechtkultur kennen zu lernen und dabei die Werkstatt von Stefanie Schreiber besuchen will,  findet weitere Informationen unter <a data-type=\"URL\" data-id=\"https:\/\/www.holzflechtwerkstatt.de\/\" href=\"https:\/\/www.holzflechtwerkstatt.de\/\" target=\"_blank\" rel=\"noreferrer noopener\">www.holzflechtwerkstatt.de<\/a>. Das Kurs-Angebot rund ums Flechten im <strong>Obermain.Jura<\/strong> l\u00e4sst sich unter <a data-type=\"URL\" data-id=\"https:\/\/flechtworkshops.de\/\" href=\"https:\/\/flechtworkshops.de\/\" target=\"_blank\" rel=\"noreferrer noopener\">www.flechtworkshops.de<\/a> einsehen. Die wichtigsten Anlaufpunkte zur Felchtkultur sind in das \u00d6PNV-Netz der Region integriert und gut zu erreichen.<\/strong><\/p>\n\n\n\n<figure class=\"is-layout-flex wp-block-gallery-1 wp-block-gallery has-nested-images columns-2 is-cropped\">\n<figure class=\"wp-block-image size-large\"><img decoding=\"async\" loading=\"lazy\" width=\"680\" height=\"1024\" data-id=\"1565\"  src=\"https:\/\/www.frankentourismus.de\/blog\/wp-content\/uploads\/2021\/06\/12.11.-Kopie-680x1024.jpg\" alt=\"\" class=\"wp-image-1565\" srcset=\"https:\/\/www.frankentourismus.de\/blog\/wp-content\/uploads\/2021\/06\/12.11.-Kopie-680x1024.jpg 680w, https:\/\/www.frankentourismus.de\/blog\/wp-content\/uploads\/2021\/06\/12.11.-Kopie-199x300.jpg 199w, https:\/\/www.frankentourismus.de\/blog\/wp-content\/uploads\/2021\/06\/12.11.-Kopie-768x1156.jpg 768w, https:\/\/www.frankentourismus.de\/blog\/wp-content\/uploads\/2021\/06\/12.11.-Kopie-1020x1536.jpg 1020w, https:\/\/www.frankentourismus.de\/blog\/wp-content\/uploads\/2021\/06\/12.11.-Kopie.jpg 1177w\" sizes=\"(max-width: 680px) 100vw, 680px\" \/><figcaption class=\"wp-element-caption\">\u00a9 holzflechtwerkstatt\/Stefanie Schreiber<\/figcaption><\/figure>\n\n\n\n<figure class=\"wp-block-image size-large\"><img decoding=\"async\" loading=\"lazy\" width=\"681\" height=\"1024\" data-id=\"1573\"  src=\"https:\/\/www.frankentourismus.de\/blog\/wp-content\/uploads\/2021\/06\/bad_staffelstein_104_oberes-maintal-coburger-land_wiese-bei-vierzehnheiligen-681x1024.jpg\" alt=\"\" class=\"wp-image-1573\" srcset=\"https:\/\/www.frankentourismus.de\/blog\/wp-content\/uploads\/2021\/06\/bad_staffelstein_104_oberes-maintal-coburger-land_wiese-bei-vierzehnheiligen-681x1024.jpg 681w, https:\/\/www.frankentourismus.de\/blog\/wp-content\/uploads\/2021\/06\/bad_staffelstein_104_oberes-maintal-coburger-land_wiese-bei-vierzehnheiligen-200x300.jpg 200w, https:\/\/www.frankentourismus.de\/blog\/wp-content\/uploads\/2021\/06\/bad_staffelstein_104_oberes-maintal-coburger-land_wiese-bei-vierzehnheiligen-768x1154.jpg 768w, https:\/\/www.frankentourismus.de\/blog\/wp-content\/uploads\/2021\/06\/bad_staffelstein_104_oberes-maintal-coburger-land_wiese-bei-vierzehnheiligen-1022x1536.jpg 1022w, https:\/\/www.frankentourismus.de\/blog\/wp-content\/uploads\/2021\/06\/bad_staffelstein_104_oberes-maintal-coburger-land_wiese-bei-vierzehnheiligen.jpg 1331w\" sizes=\"(max-width: 681px) 100vw, 681px\" \/><figcaption class=\"wp-element-caption\">\u00a9FrankenTourismus\/Bad Staffelstein\/Hub<\/figcaption><\/figure>\n\n\n\n<figure class=\"wp-block-image size-large\"><img decoding=\"async\" loading=\"lazy\" width=\"1024\" height=\"681\" data-id=\"1569\"  src=\"https:\/\/www.frankentourismus.de\/blog\/wp-content\/uploads\/2021\/06\/omj_0001_Obermain\u2022Jura_Bad-Staffelstein_Kloster-Banz-Kopie-1024x681.jpg\" alt=\"\" class=\"wp-image-1569\" srcset=\"https:\/\/www.frankentourismus.de\/blog\/wp-content\/uploads\/2021\/06\/omj_0001_Obermain\u2022Jura_Bad-Staffelstein_Kloster-Banz-Kopie-1024x681.jpg 1024w, https:\/\/www.frankentourismus.de\/blog\/wp-content\/uploads\/2021\/06\/omj_0001_Obermain\u2022Jura_Bad-Staffelstein_Kloster-Banz-Kopie-300x200.jpg 300w, https:\/\/www.frankentourismus.de\/blog\/wp-content\/uploads\/2021\/06\/omj_0001_Obermain\u2022Jura_Bad-Staffelstein_Kloster-Banz-Kopie-768x511.jpg 768w, https:\/\/www.frankentourismus.de\/blog\/wp-content\/uploads\/2021\/06\/omj_0001_Obermain\u2022Jura_Bad-Staffelstein_Kloster-Banz-Kopie-1536x1022.jpg 1536w, https:\/\/www.frankentourismus.de\/blog\/wp-content\/uploads\/2021\/06\/omj_0001_Obermain\u2022Jura_Bad-Staffelstein_Kloster-Banz-Kopie.jpg 1772w\" sizes=\"(max-width: 1024px) 100vw, 1024px\" \/><figcaption class=\"wp-element-caption\">\u00a9Obermain Jura\/Hub<\/figcaption><\/figure>\n<\/figure>\n","protected":false},"excerpt":{"rendered":"<p>Leichtigkeit, Transparenz und Tradition \u2013 das verbindet Stefanie Schreiber aus Weismain mit der Flechtkultur. Als Gestalterin im Handwerk bewahrt sie mit ihrer Firma \u201eholz + geflecht\u201c diese im Obermain.Jura seit Jahrhunderten \u00fcberlieferte Kunst und verkn\u00fcpft sie mit frischen Ideen. Mit den Hausbesuchen begleiten wir Einheimische bei ihrem t\u00e4glichen Wirken im Urlaubsland Franken. Im Obermain.Jura bringt [&hellip;]<\/p>\n","protected":false},"author":45,"featured_media":1569,"comment_status":"open","ping_status":"closed","sticky":false,"template":"","format":"standard","meta":[],"categories":[125,307],"tags":[211,87,89,327,209],"yoast_head":"<!-- This site is optimized with the Yoast SEO plugin v19.14 - https:\/\/yoast.com\/wordpress\/plugins\/seo\/ -->\n<title>Kunstvolle Verflechtungen im Obermain.Jura - Franken Blog<\/title>\n<meta name=\"robots\" content=\"index, follow, max-snippet:-1, max-image-preview:large, max-video-preview:-1\" \/>\n<link rel=\"canonical\" href=\"https:\/\/www.frankentourismus.de\/blog\/2021\/08\/27\/kunstvolle-verflechtungen-im-obermainjura\/\" \/>\n<meta property=\"og:locale\" content=\"de_DE\" \/>\n<meta property=\"og:type\" content=\"article\" \/>\n<meta property=\"og:title\" content=\"Kunstvolle Verflechtungen im Obermain.Jura - Franken Blog\" \/>\n<meta property=\"og:description\" content=\"Leichtigkeit, Transparenz und Tradition \u2013 das verbindet Stefanie Schreiber aus Weismain mit der Flechtkultur. Als Gestalterin im Handwerk bewahrt sie mit ihrer Firma \u201eholz + geflecht\u201c diese im Obermain.Jura seit Jahrhunderten \u00fcberlieferte Kunst und verkn\u00fcpft sie mit frischen Ideen. Mit den Hausbesuchen begleiten wir Einheimische bei ihrem t\u00e4glichen Wirken im Urlaubsland Franken. Im Obermain.Jura bringt [&hellip;]\" \/>\n<meta property=\"og:url\" content=\"https:\/\/www.frankentourismus.de\/blog\/2021\/08\/27\/kunstvolle-verflechtungen-im-obermainjura\/\" \/>\n<meta property=\"og:site_name\" content=\"Franken Blog\" \/>\n<meta property=\"article:published_time\" content=\"2021-08-27T10:00:00+00:00\" \/>\n<meta property=\"article:modified_time\" content=\"2023-10-05T12:06:00+00:00\" \/>\n<meta property=\"og:image\" content=\"https:\/\/www.frankentourismus.de\/blog\/wp-content\/uploads\/2021\/06\/omj_0001_Obermain\u2022Jura_Bad-Staffelstein_Kloster-Banz-Kopie-1024x681.jpg\" \/>\n\t<meta property=\"og:image:width\" content=\"1024\" \/>\n\t<meta property=\"og:image:height\" content=\"681\" \/>\n\t<meta property=\"og:image:type\" content=\"image\/jpeg\" \/>\n<meta name=\"author\" content=\"Caro Feller\" \/>\n<meta name=\"twitter:card\" content=\"summary_large_image\" \/>\n<meta name=\"twitter:label1\" content=\"Written by\" \/>\n\t<meta name=\"twitter:data1\" content=\"Caro Feller\" \/>\n\t<meta name=\"twitter:label2\" content=\"Est. reading time\" \/>\n\t<meta name=\"twitter:data2\" content=\"6 Minuten\" \/>\n<script type=\"application\/ld+json\" class=\"yoast-schema-graph\">{\"@context\":\"https:\/\/schema.org\",\"@graph\":[{\"@type\":\"WebPage\",\"@id\":\"https:\/\/www.frankentourismus.de\/blog\/2021\/08\/27\/kunstvolle-verflechtungen-im-obermainjura\/\",\"url\":\"https:\/\/www.frankentourismus.de\/blog\/2021\/08\/27\/kunstvolle-verflechtungen-im-obermainjura\/\",\"name\":\"Kunstvolle Verflechtungen im Obermain.Jura - Franken Blog\",\"isPartOf\":{\"@id\":\"https:\/\/www.frankentourismus.de\/blog\/#website\"},\"datePublished\":\"2021-08-27T10:00:00+00:00\",\"dateModified\":\"2023-10-05T12:06:00+00:00\",\"author\":{\"@id\":\"https:\/\/www.frankentourismus.de\/blog\/#\/schema\/person\/b2ed870ddb17768ef696f31d6f6b9fd8\"},\"breadcrumb\":{\"@id\":\"https:\/\/www.frankentourismus.de\/blog\/2021\/08\/27\/kunstvolle-verflechtungen-im-obermainjura\/#breadcrumb\"},\"inLanguage\":\"de-DE\",\"potentialAction\":[{\"@type\":\"ReadAction\",\"target\":[\"https:\/\/www.frankentourismus.de\/blog\/2021\/08\/27\/kunstvolle-verflechtungen-im-obermainjura\/\"]}]},{\"@type\":\"BreadcrumbList\",\"@id\":\"https:\/\/www.frankentourismus.de\/blog\/2021\/08\/27\/kunstvolle-verflechtungen-im-obermainjura\/#breadcrumb\",\"itemListElement\":[{\"@type\":\"ListItem\",\"position\":1,\"name\":\"Home\",\"item\":\"https:\/\/www.frankentourismus.de\/blog\/\"},{\"@type\":\"ListItem\",\"position\":2,\"name\":\"Kunstvolle Verflechtungen im Obermain.Jura\"}]},{\"@type\":\"WebSite\",\"@id\":\"https:\/\/www.frankentourismus.de\/blog\/#website\",\"url\":\"https:\/\/www.frankentourismus.de\/blog\/\",\"name\":\"Franken Blog\",\"description\":\"Urlaub in Franken!\",\"potentialAction\":[{\"@type\":\"SearchAction\",\"target\":{\"@type\":\"EntryPoint\",\"urlTemplate\":\"https:\/\/www.frankentourismus.de\/blog\/?s={search_term_string}\"},\"query-input\":\"required name=search_term_string\"}],\"inLanguage\":\"de-DE\"},{\"@type\":\"Person\",\"@id\":\"https:\/\/www.frankentourismus.de\/blog\/#\/schema\/person\/b2ed870ddb17768ef696f31d6f6b9fd8\",\"name\":\"Caro Feller\",\"image\":{\"@type\":\"ImageObject\",\"inLanguage\":\"de-DE\",\"@id\":\"https:\/\/www.frankentourismus.de\/blog\/#\/schema\/person\/image\/\",\"url\":\"https:\/\/www.frankentourismus.de\/blog\/wp-content\/uploads\/2021\/05\/Caro-Feller-2-bearbeitet-150x150.jpg\",\"contentUrl\":\"https:\/\/www.frankentourismus.de\/blog\/wp-content\/uploads\/2021\/05\/Caro-Feller-2-bearbeitet-150x150.jpg\",\"caption\":\"Caro Feller\"},\"url\":\"https:\/\/www.frankentourismus.de\/blog\/author\/caro-feller\/\"}]}<\/script>\n<!-- \/ Yoast SEO plugin. -->","yoast_head_json":{"title":"Kunstvolle Verflechtungen im Obermain.Jura - Franken Blog","robots":{"index":"index","follow":"follow","max-snippet":"max-snippet:-1","max-image-preview":"max-image-preview:large","max-video-preview":"max-video-preview:-1"},"canonical":"https:\/\/www.frankentourismus.de\/blog\/2021\/08\/27\/kunstvolle-verflechtungen-im-obermainjura\/","og_locale":"de_DE","og_type":"article","og_title":"Kunstvolle Verflechtungen im Obermain.Jura - Franken Blog","og_description":"Leichtigkeit, Transparenz und Tradition \u2013 das verbindet Stefanie Schreiber aus Weismain mit der Flechtkultur. Als Gestalterin im Handwerk bewahrt sie mit ihrer Firma \u201eholz + geflecht\u201c diese im Obermain.Jura seit Jahrhunderten \u00fcberlieferte Kunst und verkn\u00fcpft sie mit frischen Ideen. Mit den Hausbesuchen begleiten wir Einheimische bei ihrem t\u00e4glichen Wirken im Urlaubsland Franken. Im Obermain.Jura bringt [&hellip;]","og_url":"https:\/\/www.frankentourismus.de\/blog\/2021\/08\/27\/kunstvolle-verflechtungen-im-obermainjura\/","og_site_name":"Franken Blog","article_published_time":"2021-08-27T10:00:00+00:00","article_modified_time":"2023-10-05T12:06:00+00:00","og_image":[{"width":1024,"height":681,"url":"https:\/\/www.frankentourismus.de\/blog\/wp-content\/uploads\/2021\/06\/omj_0001_Obermain\u2022Jura_Bad-Staffelstein_Kloster-Banz-Kopie-1024x681.jpg","type":"image\/jpeg"}],"author":"Caro Feller","twitter_card":"summary_large_image","twitter_misc":{"Written by":"Caro Feller","Est. reading time":"6 Minuten"},"schema":{"@context":"https:\/\/schema.org","@graph":[{"@type":"WebPage","@id":"https:\/\/www.frankentourismus.de\/blog\/2021\/08\/27\/kunstvolle-verflechtungen-im-obermainjura\/","url":"https:\/\/www.frankentourismus.de\/blog\/2021\/08\/27\/kunstvolle-verflechtungen-im-obermainjura\/","name":"Kunstvolle Verflechtungen im Obermain.Jura - Franken Blog","isPartOf":{"@id":"https:\/\/www.frankentourismus.de\/blog\/#website"},"datePublished":"2021-08-27T10:00:00+00:00","dateModified":"2023-10-05T12:06:00+00:00","author":{"@id":"https:\/\/www.frankentourismus.de\/blog\/#\/schema\/person\/b2ed870ddb17768ef696f31d6f6b9fd8"},"breadcrumb":{"@id":"https:\/\/www.frankentourismus.de\/blog\/2021\/08\/27\/kunstvolle-verflechtungen-im-obermainjura\/#breadcrumb"},"inLanguage":"de-DE","potentialAction":[{"@type":"ReadAction","target":["https:\/\/www.frankentourismus.de\/blog\/2021\/08\/27\/kunstvolle-verflechtungen-im-obermainjura\/"]}]},{"@type":"BreadcrumbList","@id":"https:\/\/www.frankentourismus.de\/blog\/2021\/08\/27\/kunstvolle-verflechtungen-im-obermainjura\/#breadcrumb","itemListElement":[{"@type":"ListItem","position":1,"name":"Home","item":"https:\/\/www.frankentourismus.de\/blog\/"},{"@type":"ListItem","position":2,"name":"Kunstvolle Verflechtungen im Obermain.Jura"}]},{"@type":"WebSite","@id":"https:\/\/www.frankentourismus.de\/blog\/#website","url":"https:\/\/www.frankentourismus.de\/blog\/","name":"Franken Blog","description":"Urlaub in Franken!","potentialAction":[{"@type":"SearchAction","target":{"@type":"EntryPoint","urlTemplate":"https:\/\/www.frankentourismus.de\/blog\/?s={search_term_string}"},"query-input":"required name=search_term_string"}],"inLanguage":"de-DE"},{"@type":"Person","@id":"https:\/\/www.frankentourismus.de\/blog\/#\/schema\/person\/b2ed870ddb17768ef696f31d6f6b9fd8","name":"Caro Feller","image":{"@type":"ImageObject","inLanguage":"de-DE","@id":"https:\/\/www.frankentourismus.de\/blog\/#\/schema\/person\/image\/","url":"https:\/\/www.frankentourismus.de\/blog\/wp-content\/uploads\/2021\/05\/Caro-Feller-2-bearbeitet-150x150.jpg","contentUrl":"https:\/\/www.frankentourismus.de\/blog\/wp-content\/uploads\/2021\/05\/Caro-Feller-2-bearbeitet-150x150.jpg","caption":"Caro Feller"},"url":"https:\/\/www.frankentourismus.de\/blog\/author\/caro-feller\/"}]}},"_links":{"self":[{"href":"https:\/\/www.frankentourismus.de\/blog\/wp-json\/wp\/v2\/posts\/1563"}],"collection":[{"href":"https:\/\/www.frankentourismus.de\/blog\/wp-json\/wp\/v2\/posts"}],"about":[{"href":"https:\/\/www.frankentourismus.de\/blog\/wp-json\/wp\/v2\/types\/post"}],"author":[{"embeddable":true,"href":"https:\/\/www.frankentourismus.de\/blog\/wp-json\/wp\/v2\/users\/45"}],"replies":[{"embeddable":true,"href":"https:\/\/www.frankentourismus.de\/blog\/wp-json\/wp\/v2\/comments?post=1563"}],"version-history":[{"count":11,"href":"https:\/\/www.frankentourismus.de\/blog\/wp-json\/wp\/v2\/posts\/1563\/revisions"}],"predecessor-version":[{"id":5183,"href":"https:\/\/www.frankentourismus.de\/blog\/wp-json\/wp\/v2\/posts\/1563\/revisions\/5183"}],"wp:featuredmedia":[{"embeddable":true,"href":"https:\/\/www.frankentourismus.de\/blog\/wp-json\/wp\/v2\/media\/1569"}],"wp:attachment":[{"href":"https:\/\/www.frankentourismus.de\/blog\/wp-json\/wp\/v2\/media?parent=1563"}],"wp:term":[{"taxonomy":"category","embeddable":true,"href":"https:\/\/www.frankentourismus.de\/blog\/wp-json\/wp\/v2\/categories?post=1563"},{"taxonomy":"post_tag","embeddable":true,"href":"https:\/\/www.frankentourismus.de\/blog\/wp-json\/wp\/v2\/tags?post=1563"}],"curies":[{"name":"wp","href":"https:\/\/api.w.org\/{rel}","templated":true}]}}