{"id":1539,"date":"2021-07-23T12:00:00","date_gmt":"2021-07-23T10:00:00","guid":{"rendered":"https:\/\/www.frankentourismus.de\/blog\/?p=1539"},"modified":"2021-07-09T12:10:37","modified_gmt":"2021-07-09T10:10:37","slug":"rockmusik-trifft-renaissance-in-den-hassbergen","status":"publish","type":"post","link":"https:\/\/www.frankentourismus.de\/blog\/2021\/07\/23\/rockmusik-trifft-renaissance-in-den-hassbergen\/","title":{"rendered":"Rockmusik trifft Renaissance in den Ha\u00dfbergen"},"content":{"rendered":"\n<p><strong>Konstantin Wecker oder Rea Garvey zu Besuch haben \u2013 davon tr\u00e4umen Musikfans. F\u00fcr Hermann von Rotenhan wird dieser Traum wahr: Wenn er zum Open Air auf Schloss Eyrichshof in die <a rel=\"noreferrer noopener\" href=\"https:\/\/www.frankentourismus.de\/gebiete\/hassberge\/\" data-type=\"URL\" data-id=\"https:\/\/www.frankentourismus.de\/gebiete\/hassberge\/\" target=\"_blank\">Ha\u00dfberge<\/a> einl\u00e4dt, kommen die Stars und ihre Fans gern. Auch Gartenliebhaber und Weihnachtsromantiker sind bei den Veranstaltungen des Freiherren herzlich willkommen.<\/strong><\/p>\n\n\n<div class=\"hint\">\n            <figure>\n            <img width=\"300\" height=\"300\" src=\"https:\/\/www.frankentourismus.de\/blog\/wp-content\/uploads\/2021\/05\/Barbara-Keil-bearbeitet-300x300.jpg\" class=\"attachment-medium size-medium\" alt=\"\" decoding=\"async\" loading=\"lazy\" srcset=\"https:\/\/www.frankentourismus.de\/blog\/wp-content\/uploads\/2021\/05\/Barbara-Keil-bearbeitet-300x300.jpg 300w, https:\/\/www.frankentourismus.de\/blog\/wp-content\/uploads\/2021\/05\/Barbara-Keil-bearbeitet-1020x1024.jpg 1020w, https:\/\/www.frankentourismus.de\/blog\/wp-content\/uploads\/2021\/05\/Barbara-Keil-bearbeitet-150x150.jpg 150w, https:\/\/www.frankentourismus.de\/blog\/wp-content\/uploads\/2021\/05\/Barbara-Keil-bearbeitet-768x771.jpg 768w, https:\/\/www.frankentourismus.de\/blog\/wp-content\/uploads\/2021\/05\/Barbara-Keil-bearbeitet.jpg 1262w\" sizes=\"(max-width: 300px) 100vw, 300px\" \/>        <\/figure>\n    \n    <div class=\"content\">\n        <p>Mein Name ist Barbara Keil, ich bin an der Grenze zum Reiseland Franken aufgewachsen und habe schon als Kind gern meine fr\u00e4nkischen Verwandten besucht. Doch erst als ich vor einigen Jahren anfing, als Redakteurin beruflich nach Franken zu reisen, ist mir klar geworden, wie unglaublich vielf\u00e4ltig die Region ist. Jeder Ausflug bietet neue \u00fcberraschende Entdeckungen und spannende Begegnungen mit den Menschen vor Ort!<\/p>\n    <\/div>\n<\/div>\n\n\n\n<div class=\"wp-block-media-text alignwide has-media-on-the-right is-stacked-on-mobile\" style=\"grid-template-columns:auto 15%\"><figure class=\"wp-block-media-text__media\"><img decoding=\"async\" loading=\"lazy\" width=\"562\" height=\"640\" src=\"https:\/\/www.frankentourismus.de\/blog\/wp-content\/uploads\/2021\/05\/FT-Hausbesuche-frei-1.png\" alt=\"\" class=\"wp-image-1195 size-full\" srcset=\"https:\/\/www.frankentourismus.de\/blog\/wp-content\/uploads\/2021\/05\/FT-Hausbesuche-frei-1.png 562w, https:\/\/www.frankentourismus.de\/blog\/wp-content\/uploads\/2021\/05\/FT-Hausbesuche-frei-1-263x300.png 263w\" sizes=\"(max-width: 562px) 100vw, 562px\" \/><\/figure><div class=\"wp-block-media-text__content\">\n<p><strong>Mit den Hausbesuchen begleiten wir Einheimische bei ihrem t\u00e4glichen Wirken im Urlaubsland Franken. Auf Schloss Eyrichshof treffe ich Hermann von Rotenhan, der mir von seinen Veranstaltungen in dem altehrw\u00fcrdigen Gem\u00e4uer berichtet.<\/strong><\/p>\n<\/div><\/div>\n\n\n\n<p>Einmal am Tag mit dem Jagdhund durch den Schlosspark schlendern und sich dann in der Bibliothek einen Cognac servieren lassen: Wer sich das Leben eines <strong>Freiherren<\/strong> so ausmalt, hat vermutlich zu viele Adelsserien gesehen \u2013 und ist sicher noch nie <strong>Hermann von Rotenhan<\/strong> begegnet. Sich den <strong>Hausherren von Schloss Eyrichshof <\/strong>beim M\u00fc\u00dfiggang vorzustellen, f\u00e4llt schwer, denn der dynamische Freiherr ist nicht nur <strong>Veranstalter der gr\u00f6\u00dften Events in den Ha\u00dfbergen<\/strong>, sondern auch st\u00e4ndig in Bewegung.<\/p>\n\n\n\n<p>Noch herrscht Ruhe auf Schloss Eyrichshof in Ebern. Der <strong>imposante Renaissancebau<\/strong> mit den Treppengiebeln,<br>die Wirtschaftsgeb\u00e4ude, die Schlosskirche und der Landschaftspark liegen verschlafen in der Julisonne. In zwei Wochen wird es hier von Fans wimmeln, wenn beim <strong>\u201eR\u00f6sler Open Air\u201c<\/strong> <strong>Weltstars und nationale Musikgr\u00f6\u00dfen<\/strong> auf der B\u00fchne stehen. Hermann von Rotenhan sorgt als Veranstalter und Schlossherr mit daf\u00fcr, dass bei den <strong>Konzerth\u00f6hepunkten mit Tausenden Besuchern<\/strong> alles rund l\u00e4uft.<\/p>\n\n\n\n<p>\u201eIch bin froh, in den vergangenen Jahren die Veranstaltungen aufgebaut zu haben\u201c, r\u00e4umt er freim\u00fctig ein.<br>\u201eSonst w\u00fcsste ich gar nicht, wie ich das Schloss in Zukunft halten sollte.\u201c Denn der <strong>\u201ealte Kasten\u201c<\/strong>, wie er den Familiensitz liebevoll nennt, ist eben nicht so einfach zu unterhalten. Seit er das Erbe vor fast zwei Jahrzehnten angetreten hat, hat sich der Familienvater und studierte Jurist deshalb zum Unternehmer entwickelt \u2013 und festgestellt, dass ihm die neue <strong>Aufgabe gro\u00dfen Spa\u00df <\/strong>macht.<\/p>\n\n\n\n<blockquote class=\"wp-block-quote\"><p>&#8222;Das Schloss freut sich, wenn viele Menschen kommen.&#8220;<\/p><cite>Hermann von Rotenhan<\/cite><\/blockquote>\n\n\n\n<p>Im<strong> Jahr 2003<\/strong> wurden die <strong>eindrucksvollen Schlossbauten <\/strong>zum ersten Mal zur Kulisse f\u00fcr ein Event. \u201eEine Freundin hat mich damals auf die Idee gebracht, einen Gartenmarkt zu veranstalten\u201c, erinnert sich Hermann von Rotenhan: \u201eIch hatte eigentlich keine Ahnung, wie so etwas l\u00e4uft, aber es hat mich interessiert.\u201c <strong>Schnell lockte die neue Veranstaltung<\/strong> <strong>nicht nur Besucher aus der Umgebung, sondern auch aus den Nachbarregionen und aus ganz Deutschland in die Ha\u00dfberge<\/strong>. Und die <strong>Urlaubsregion<\/strong> hatte dann f\u00fcr <strong>G\u00e4ste auch noch Einiges mehr zu bieten<\/strong>: Neben den <strong>unz\u00e4hligen Burgen, Schl\u00f6ssern und Kirchen<\/strong>, die die Region pr\u00e4gen, \u00fcberzeugen die Ha\u00dfberge als <strong>einmalige Wanderregion<\/strong> <strong>mit abwechselungsreichen Wegen<\/strong> wie dem Keltenweg oder dem Rennweg. Malerische <strong>Reisen in die Vergangenheit<\/strong> lassen sich in den <strong>Fachwerkst\u00e4dtchen<\/strong> unternehmen, wo dann auch <strong>gem\u00fctliche Gasth\u00e4user <\/strong>darauf warten, Besucher mit <strong>fr\u00e4nkischer Kulinarik und Gastlichkeit<\/strong> zu empfangen. Deswegen kamen und kommen Urlauber immer gern in die Region und nach Schloss Eyrichshof, manche inzwischen sogar zweimal im Jahr. Denn <strong>zus\u00e4tzlich zum Gartenmarkt an Pfingsten<\/strong> findet inzwischen<strong> im November die \u201eWintersZeit\u201c als romantischer Vorweihnachtsmarkt<\/strong> auf dem Schlossgel\u00e4nde statt.<\/p>\n\n\n\n<figure class=\"wp-block-image size-large\"><img decoding=\"async\" loading=\"lazy\" width=\"1024\" height=\"754\" src=\"https:\/\/www.frankentourismus.de\/blog\/wp-content\/uploads\/2021\/06\/IMG_20190727_222000-Kopie-1024x754.jpg\" alt=\"\" class=\"wp-image-1547\" srcset=\"https:\/\/www.frankentourismus.de\/blog\/wp-content\/uploads\/2021\/06\/IMG_20190727_222000-Kopie-1024x754.jpg 1024w, https:\/\/www.frankentourismus.de\/blog\/wp-content\/uploads\/2021\/06\/IMG_20190727_222000-Kopie-300x221.jpg 300w, https:\/\/www.frankentourismus.de\/blog\/wp-content\/uploads\/2021\/06\/IMG_20190727_222000-Kopie-768x566.jpg 768w, https:\/\/www.frankentourismus.de\/blog\/wp-content\/uploads\/2021\/06\/IMG_20190727_222000-Kopie-1536x1131.jpg 1536w, https:\/\/www.frankentourismus.de\/blog\/wp-content\/uploads\/2021\/06\/IMG_20190727_222000-Kopie.jpg 1772w\" sizes=\"(max-width: 1024px) 100vw, 1024px\" \/><figcaption>\u00a9Schloss Eyrichshof<\/figcaption><\/figure>\n\n\n\n<p>Ermutigt durch den <strong>Erfolg des Gartenmarkts<\/strong> nahm Musikfan Hermann von Rotenhan ein zweites Projekt in Angriff: <strong>das Open Air<\/strong>. Nach zwei kleineren Musikfesten als Probelauf holte der Schlossherr mit <strong>Gaby Heyder  vom Veranstaltungsservice Bamberg <\/strong>eine professionelle Partnerin mit an Bord. Die Einwohner des St\u00e4dtchens Ebern waren begeistert, als pl\u00f6tzlich <strong>Stars wie Anastacia und Nena, Konstantin Wecker, Rainhard Fendrich, Johannes Oerding oder Wincent Weiss<\/strong> praktisch<strong> vor ihrer Haust\u00fcr <\/strong>auftraten. Doch von Anfang an kamen auch Fans von weit her. \u201eZu Ritchie Blackmores Auftritt reiste bei unserem ersten Open Air sogar ein Paar aus Australien an\u201c, erinnert sich der Schlossherr.<\/p>\n\n\n\n<p>Was seine Vorfahren aus der rund <strong>800-j\u00e4hrigen Familiengeschichte<\/strong> der von Rotenhans dazu sagen w\u00fcrden, wenn <strong>Bands wie \u201eIn Extremo\u201c<\/strong> richtig aufdrehen \u2013 und bei der Begr\u00fc\u00dfung auch mal Schloss Eyrichshof spontan in \u201eSchloss Ebern\u201c umtaufen? Bei dem Gedanken muss ihr Nachfahre schmunzeln. Als Bruch mit der Tradition sieht er die Veranstaltungen aber nicht: \u201eDieses Haus war ja schon fr\u00fcher ein Ort, wo Musik und Theater aufgef\u00fchrt wurden und wo G\u00e4ste willkommen waren. Das Schloss freut sich, wenn viele Menschen kommen\u201c, ist er \u00fcberzeugt. Das gilt \u00fcbrigens nicht nur f\u00fcr die gro\u00dfen Events, denn<strong> in den Nebengeb\u00e4uden des Schlosses kann man auch R\u00e4ume f\u00fcr private Feiern und Firmenveranstaltungen <\/strong>mieten. \u201eIm Sommer haben wir fast jedes Wochenende eine Hochzeit\u201c, erz\u00e4hlt der Schlossherr. \u201eSo werden die Geb\u00e4ude genutzt und ich kann das Ensemble erhalten, um es eines Tages an die n\u00e4chste Generation weiterzugeben.\u201c<\/p>\n\n\n\n<p><strong>Wer nun Lust bekommen hat, eines der stimmungsvollen Konzerte auf Schloss Eyrichshof zu erleben, der kann sich unter <a rel=\"noreferrer noopener\" href=\"https:\/\/www.rockthecastle.de\/\" data-type=\"URL\" data-id=\"https:\/\/www.rockthecastle.de\/\" target=\"_blank\">www.rockthecastle.de<\/a> informieren. Alles Weitere zum Gartenmarkt und zum Voradventsmarkt &#8222;WintersZeit&#8220; gibt es unter <a rel=\"noreferrer noopener\" href=\"https:\/\/www.gartenfest-eyrichshof.de\/\" target=\"_blank\">www.gartenfest-eyrichshof.de<\/a> beziehungsweise unter <a rel=\"noreferrer noopener\" href=\"https:\/\/www.winterszeit.com\/\" target=\"_blank\">www.winterszeit.com<\/a>. F\u00fcr Informationen zu privaten Festen oder Firmenfeiern im Schloss steht die Website <a rel=\"noreferrer noopener\" href=\"https:\/\/www.rotenhan.com\/\" data-type=\"URL\" data-id=\"https:\/\/www.rotenhan.com\/\" target=\"_blank\">www.rotenhan.com<\/a> zur Verf\u00fcgung. Der Sitz der Freiherren von Rotenhan ist an das Busnetz im Landkreis Ha\u00dfberge angeschlossen.<\/strong><\/p>\n\n\n\n<p><strong>Hinweis: Der Beitrag wurde vor Beginn der Corona-Pandemie verfasst.<\/strong><\/p>\n\n\n\n<figure class=\"is-layout-flex wp-block-gallery-1 wp-block-gallery columns-3 is-cropped\"><ul class=\"blocks-gallery-grid\"><li class=\"blocks-gallery-item\"><figure><img decoding=\"async\" loading=\"lazy\" width=\"1024\" height=\"682\" src=\"https:\/\/www.frankentourismus.de\/blog\/wp-content\/uploads\/2021\/06\/has_0593_Hassberge__Burgruine-Altenstein-Kopie-1024x682.jpg\" alt=\"\" data-id=\"1545\" data-full-url=\"https:\/\/www.frankentourismus.de\/blog\/wp-content\/uploads\/2021\/06\/has_0593_Hassberge__Burgruine-Altenstein-Kopie.jpg\" data-link=\"https:\/\/www.frankentourismus.de\/blog\/burgruine-altenstein\/\" class=\"wp-image-1545\" srcset=\"https:\/\/www.frankentourismus.de\/blog\/wp-content\/uploads\/2021\/06\/has_0593_Hassberge__Burgruine-Altenstein-Kopie-1024x682.jpg 1024w, https:\/\/www.frankentourismus.de\/blog\/wp-content\/uploads\/2021\/06\/has_0593_Hassberge__Burgruine-Altenstein-Kopie-300x200.jpg 300w, https:\/\/www.frankentourismus.de\/blog\/wp-content\/uploads\/2021\/06\/has_0593_Hassberge__Burgruine-Altenstein-Kopie-768x512.jpg 768w, https:\/\/www.frankentourismus.de\/blog\/wp-content\/uploads\/2021\/06\/has_0593_Hassberge__Burgruine-Altenstein-Kopie-1536x1024.jpg 1536w, https:\/\/www.frankentourismus.de\/blog\/wp-content\/uploads\/2021\/06\/has_0593_Hassberge__Burgruine-Altenstein-Kopie.jpg 1772w\" sizes=\"(max-width: 1024px) 100vw, 1024px\" \/><figcaption class=\"blocks-gallery-item__caption\">\u00a9Ha\u00dfberge\/FrankenTourismus<\/figcaption><\/figure><\/li><li class=\"blocks-gallery-item\"><figure><img decoding=\"async\" loading=\"lazy\" width=\"682\" height=\"1024\" src=\"https:\/\/www.frankentourismus.de\/blog\/wp-content\/uploads\/2021\/06\/Rotenhan-682x1024.jpg\" alt=\"\" data-id=\"1541\" data-full-url=\"https:\/\/www.frankentourismus.de\/blog\/wp-content\/uploads\/2021\/06\/Rotenhan.jpg\" data-link=\"https:\/\/www.frankentourismus.de\/blog\/rotenhan\/\" class=\"wp-image-1541\" srcset=\"https:\/\/www.frankentourismus.de\/blog\/wp-content\/uploads\/2021\/06\/Rotenhan-682x1024.jpg 682w, https:\/\/www.frankentourismus.de\/blog\/wp-content\/uploads\/2021\/06\/Rotenhan-200x300.jpg 200w, https:\/\/www.frankentourismus.de\/blog\/wp-content\/uploads\/2021\/06\/Rotenhan-768x1152.jpg 768w, https:\/\/www.frankentourismus.de\/blog\/wp-content\/uploads\/2021\/06\/Rotenhan-1024x1536.jpg 1024w, https:\/\/www.frankentourismus.de\/blog\/wp-content\/uploads\/2021\/06\/Rotenhan.jpg 1181w\" sizes=\"(max-width: 682px) 100vw, 682px\" \/><figcaption class=\"blocks-gallery-item__caption\">\u00a9Barbara Keil<\/figcaption><\/figure><\/li><li class=\"blocks-gallery-item\"><figure><img decoding=\"async\" loading=\"lazy\" width=\"1024\" height=\"419\" src=\"https:\/\/www.frankentourismus.de\/blog\/wp-content\/uploads\/2021\/06\/Gartenfest_Eyrichshof_2018-287-1024x419.jpg\" alt=\"\" data-id=\"1543\" data-full-url=\"https:\/\/www.frankentourismus.de\/blog\/wp-content\/uploads\/2021\/06\/Gartenfest_Eyrichshof_2018-287.jpg\" data-link=\"https:\/\/www.frankentourismus.de\/blog\/gartenfest_eyrichshof_2018-287\/\" class=\"wp-image-1543\" srcset=\"https:\/\/www.frankentourismus.de\/blog\/wp-content\/uploads\/2021\/06\/Gartenfest_Eyrichshof_2018-287-1024x419.jpg 1024w, https:\/\/www.frankentourismus.de\/blog\/wp-content\/uploads\/2021\/06\/Gartenfest_Eyrichshof_2018-287-300x123.jpg 300w, https:\/\/www.frankentourismus.de\/blog\/wp-content\/uploads\/2021\/06\/Gartenfest_Eyrichshof_2018-287-768x314.jpg 768w, https:\/\/www.frankentourismus.de\/blog\/wp-content\/uploads\/2021\/06\/Gartenfest_Eyrichshof_2018-287-1536x628.jpg 1536w, https:\/\/www.frankentourismus.de\/blog\/wp-content\/uploads\/2021\/06\/Gartenfest_Eyrichshof_2018-287.jpg 1772w\" sizes=\"(max-width: 1024px) 100vw, 1024px\" \/><figcaption class=\"blocks-gallery-item__caption\">\u00a9Rudolf Hein<\/figcaption><\/figure><\/li><\/ul><\/figure>\n\n\n\n<p><\/p>\n","protected":false},"excerpt":{"rendered":"<p>Konstantin Wecker oder Rea Garvey zu Besuch haben \u2013 davon tr\u00e4umen Musikfans. F\u00fcr Hermann von Rotenhan wird dieser Traum wahr: Wenn er zum Open Air auf Schloss Eyrichshof in die Ha\u00dfberge einl\u00e4dt, kommen die Stars und ihre Fans gern. Auch Gartenliebhaber und Weihnachtsromantiker sind bei den Veranstaltungen des Freiherren herzlich willkommen. Mit den Hausbesuchen begleiten [&hellip;]<\/p>\n","protected":false},"author":39,"featured_media":1543,"comment_status":"open","ping_status":"","sticky":false,"template":"","format":"standard","meta":[],"categories":[125],"tags":[201,205,203,185],"yoast_head":"<!-- This site is optimized with the Yoast SEO plugin v19.14 - https:\/\/yoast.com\/wordpress\/plugins\/seo\/ -->\n<title>Rockmusik trifft Renaissance in den Ha\u00dfbergen - Franken Blog<\/title>\n<meta name=\"robots\" content=\"index, follow, max-snippet:-1, max-image-preview:large, max-video-preview:-1\" \/>\n<link rel=\"canonical\" href=\"https:\/\/www.frankentourismus.de\/blog\/2021\/07\/23\/rockmusik-trifft-renaissance-in-den-hassbergen\/\" \/>\n<meta property=\"og:locale\" content=\"de_DE\" \/>\n<meta property=\"og:type\" content=\"article\" \/>\n<meta property=\"og:title\" content=\"Rockmusik trifft Renaissance in den Ha\u00dfbergen - Franken Blog\" \/>\n<meta property=\"og:description\" content=\"Konstantin Wecker oder Rea Garvey zu Besuch haben \u2013 davon tr\u00e4umen Musikfans. F\u00fcr Hermann von Rotenhan wird dieser Traum wahr: Wenn er zum Open Air auf Schloss Eyrichshof in die Ha\u00dfberge einl\u00e4dt, kommen die Stars und ihre Fans gern. Auch Gartenliebhaber und Weihnachtsromantiker sind bei den Veranstaltungen des Freiherren herzlich willkommen. Mit den Hausbesuchen begleiten [&hellip;]\" \/>\n<meta property=\"og:url\" content=\"https:\/\/www.frankentourismus.de\/blog\/2021\/07\/23\/rockmusik-trifft-renaissance-in-den-hassbergen\/\" \/>\n<meta property=\"og:site_name\" content=\"Franken Blog\" \/>\n<meta property=\"article:published_time\" content=\"2021-07-23T10:00:00+00:00\" \/>\n<meta property=\"article:modified_time\" content=\"2021-07-09T10:10:37+00:00\" \/>\n<meta property=\"og:image\" content=\"https:\/\/www.frankentourismus.de\/blog\/wp-content\/uploads\/2021\/06\/Gartenfest_Eyrichshof_2018-287.jpg\" \/>\n\t<meta property=\"og:image:width\" content=\"1772\" \/>\n\t<meta property=\"og:image:height\" content=\"725\" \/>\n\t<meta property=\"og:image:type\" content=\"image\/jpeg\" \/>\n<meta name=\"author\" content=\"Barbara Keil\" \/>\n<meta name=\"twitter:card\" content=\"summary_large_image\" \/>\n<meta name=\"twitter:label1\" content=\"Written by\" \/>\n\t<meta name=\"twitter:data1\" content=\"Barbara Keil\" \/>\n\t<meta name=\"twitter:label2\" content=\"Est. reading time\" \/>\n\t<meta name=\"twitter:data2\" content=\"4 Minuten\" \/>\n<script type=\"application\/ld+json\" class=\"yoast-schema-graph\">{\"@context\":\"https:\/\/schema.org\",\"@graph\":[{\"@type\":\"WebPage\",\"@id\":\"https:\/\/www.frankentourismus.de\/blog\/2021\/07\/23\/rockmusik-trifft-renaissance-in-den-hassbergen\/\",\"url\":\"https:\/\/www.frankentourismus.de\/blog\/2021\/07\/23\/rockmusik-trifft-renaissance-in-den-hassbergen\/\",\"name\":\"Rockmusik trifft Renaissance in den Ha\u00dfbergen - Franken Blog\",\"isPartOf\":{\"@id\":\"https:\/\/www.frankentourismus.de\/blog\/#website\"},\"datePublished\":\"2021-07-23T10:00:00+00:00\",\"dateModified\":\"2021-07-09T10:10:37+00:00\",\"author\":{\"@id\":\"https:\/\/www.frankentourismus.de\/blog\/#\/schema\/person\/1512774da01c82a6efe4d05624abe3a0\"},\"breadcrumb\":{\"@id\":\"https:\/\/www.frankentourismus.de\/blog\/2021\/07\/23\/rockmusik-trifft-renaissance-in-den-hassbergen\/#breadcrumb\"},\"inLanguage\":\"de-DE\",\"potentialAction\":[{\"@type\":\"ReadAction\",\"target\":[\"https:\/\/www.frankentourismus.de\/blog\/2021\/07\/23\/rockmusik-trifft-renaissance-in-den-hassbergen\/\"]}]},{\"@type\":\"BreadcrumbList\",\"@id\":\"https:\/\/www.frankentourismus.de\/blog\/2021\/07\/23\/rockmusik-trifft-renaissance-in-den-hassbergen\/#breadcrumb\",\"itemListElement\":[{\"@type\":\"ListItem\",\"position\":1,\"name\":\"Home\",\"item\":\"https:\/\/www.frankentourismus.de\/blog\/\"},{\"@type\":\"ListItem\",\"position\":2,\"name\":\"Rockmusik trifft Renaissance in den Ha\u00dfbergen\"}]},{\"@type\":\"WebSite\",\"@id\":\"https:\/\/www.frankentourismus.de\/blog\/#website\",\"url\":\"https:\/\/www.frankentourismus.de\/blog\/\",\"name\":\"Franken Blog\",\"description\":\"Urlaub in Franken!\",\"potentialAction\":[{\"@type\":\"SearchAction\",\"target\":{\"@type\":\"EntryPoint\",\"urlTemplate\":\"https:\/\/www.frankentourismus.de\/blog\/?s={search_term_string}\"},\"query-input\":\"required name=search_term_string\"}],\"inLanguage\":\"de-DE\"},{\"@type\":\"Person\",\"@id\":\"https:\/\/www.frankentourismus.de\/blog\/#\/schema\/person\/1512774da01c82a6efe4d05624abe3a0\",\"name\":\"Barbara Keil\",\"image\":{\"@type\":\"ImageObject\",\"inLanguage\":\"de-DE\",\"@id\":\"https:\/\/www.frankentourismus.de\/blog\/#\/schema\/person\/image\/\",\"url\":\"https:\/\/www.frankentourismus.de\/blog\/wp-content\/uploads\/2021\/05\/Barbara-Keil-bearbeitet-150x150.jpg\",\"contentUrl\":\"https:\/\/www.frankentourismus.de\/blog\/wp-content\/uploads\/2021\/05\/Barbara-Keil-bearbeitet-150x150.jpg\",\"caption\":\"Barbara Keil\"},\"url\":\"https:\/\/www.frankentourismus.de\/blog\/author\/barbara-keil\/\"}]}<\/script>\n<!-- \/ Yoast SEO plugin. -->","yoast_head_json":{"title":"Rockmusik trifft Renaissance in den Ha\u00dfbergen - Franken Blog","robots":{"index":"index","follow":"follow","max-snippet":"max-snippet:-1","max-image-preview":"max-image-preview:large","max-video-preview":"max-video-preview:-1"},"canonical":"https:\/\/www.frankentourismus.de\/blog\/2021\/07\/23\/rockmusik-trifft-renaissance-in-den-hassbergen\/","og_locale":"de_DE","og_type":"article","og_title":"Rockmusik trifft Renaissance in den Ha\u00dfbergen - Franken Blog","og_description":"Konstantin Wecker oder Rea Garvey zu Besuch haben \u2013 davon tr\u00e4umen Musikfans. F\u00fcr Hermann von Rotenhan wird dieser Traum wahr: Wenn er zum Open Air auf Schloss Eyrichshof in die Ha\u00dfberge einl\u00e4dt, kommen die Stars und ihre Fans gern. Auch Gartenliebhaber und Weihnachtsromantiker sind bei den Veranstaltungen des Freiherren herzlich willkommen. Mit den Hausbesuchen begleiten [&hellip;]","og_url":"https:\/\/www.frankentourismus.de\/blog\/2021\/07\/23\/rockmusik-trifft-renaissance-in-den-hassbergen\/","og_site_name":"Franken Blog","article_published_time":"2021-07-23T10:00:00+00:00","article_modified_time":"2021-07-09T10:10:37+00:00","og_image":[{"width":1772,"height":725,"url":"https:\/\/www.frankentourismus.de\/blog\/wp-content\/uploads\/2021\/06\/Gartenfest_Eyrichshof_2018-287.jpg","type":"image\/jpeg"}],"author":"Barbara Keil","twitter_card":"summary_large_image","twitter_misc":{"Written by":"Barbara Keil","Est. reading time":"4 Minuten"},"schema":{"@context":"https:\/\/schema.org","@graph":[{"@type":"WebPage","@id":"https:\/\/www.frankentourismus.de\/blog\/2021\/07\/23\/rockmusik-trifft-renaissance-in-den-hassbergen\/","url":"https:\/\/www.frankentourismus.de\/blog\/2021\/07\/23\/rockmusik-trifft-renaissance-in-den-hassbergen\/","name":"Rockmusik trifft Renaissance in den Ha\u00dfbergen - Franken Blog","isPartOf":{"@id":"https:\/\/www.frankentourismus.de\/blog\/#website"},"datePublished":"2021-07-23T10:00:00+00:00","dateModified":"2021-07-09T10:10:37+00:00","author":{"@id":"https:\/\/www.frankentourismus.de\/blog\/#\/schema\/person\/1512774da01c82a6efe4d05624abe3a0"},"breadcrumb":{"@id":"https:\/\/www.frankentourismus.de\/blog\/2021\/07\/23\/rockmusik-trifft-renaissance-in-den-hassbergen\/#breadcrumb"},"inLanguage":"de-DE","potentialAction":[{"@type":"ReadAction","target":["https:\/\/www.frankentourismus.de\/blog\/2021\/07\/23\/rockmusik-trifft-renaissance-in-den-hassbergen\/"]}]},{"@type":"BreadcrumbList","@id":"https:\/\/www.frankentourismus.de\/blog\/2021\/07\/23\/rockmusik-trifft-renaissance-in-den-hassbergen\/#breadcrumb","itemListElement":[{"@type":"ListItem","position":1,"name":"Home","item":"https:\/\/www.frankentourismus.de\/blog\/"},{"@type":"ListItem","position":2,"name":"Rockmusik trifft Renaissance in den Ha\u00dfbergen"}]},{"@type":"WebSite","@id":"https:\/\/www.frankentourismus.de\/blog\/#website","url":"https:\/\/www.frankentourismus.de\/blog\/","name":"Franken Blog","description":"Urlaub in Franken!","potentialAction":[{"@type":"SearchAction","target":{"@type":"EntryPoint","urlTemplate":"https:\/\/www.frankentourismus.de\/blog\/?s={search_term_string}"},"query-input":"required name=search_term_string"}],"inLanguage":"de-DE"},{"@type":"Person","@id":"https:\/\/www.frankentourismus.de\/blog\/#\/schema\/person\/1512774da01c82a6efe4d05624abe3a0","name":"Barbara Keil","image":{"@type":"ImageObject","inLanguage":"de-DE","@id":"https:\/\/www.frankentourismus.de\/blog\/#\/schema\/person\/image\/","url":"https:\/\/www.frankentourismus.de\/blog\/wp-content\/uploads\/2021\/05\/Barbara-Keil-bearbeitet-150x150.jpg","contentUrl":"https:\/\/www.frankentourismus.de\/blog\/wp-content\/uploads\/2021\/05\/Barbara-Keil-bearbeitet-150x150.jpg","caption":"Barbara Keil"},"url":"https:\/\/www.frankentourismus.de\/blog\/author\/barbara-keil\/"}]}},"_links":{"self":[{"href":"https:\/\/www.frankentourismus.de\/blog\/wp-json\/wp\/v2\/posts\/1539"}],"collection":[{"href":"https:\/\/www.frankentourismus.de\/blog\/wp-json\/wp\/v2\/posts"}],"about":[{"href":"https:\/\/www.frankentourismus.de\/blog\/wp-json\/wp\/v2\/types\/post"}],"author":[{"embeddable":true,"href":"https:\/\/www.frankentourismus.de\/blog\/wp-json\/wp\/v2\/users\/39"}],"replies":[{"embeddable":true,"href":"https:\/\/www.frankentourismus.de\/blog\/wp-json\/wp\/v2\/comments?post=1539"}],"version-history":[{"count":12,"href":"https:\/\/www.frankentourismus.de\/blog\/wp-json\/wp\/v2\/posts\/1539\/revisions"}],"predecessor-version":[{"id":1941,"href":"https:\/\/www.frankentourismus.de\/blog\/wp-json\/wp\/v2\/posts\/1539\/revisions\/1941"}],"wp:featuredmedia":[{"embeddable":true,"href":"https:\/\/www.frankentourismus.de\/blog\/wp-json\/wp\/v2\/media\/1543"}],"wp:attachment":[{"href":"https:\/\/www.frankentourismus.de\/blog\/wp-json\/wp\/v2\/media?parent=1539"}],"wp:term":[{"taxonomy":"category","embeddable":true,"href":"https:\/\/www.frankentourismus.de\/blog\/wp-json\/wp\/v2\/categories?post=1539"},{"taxonomy":"post_tag","embeddable":true,"href":"https:\/\/www.frankentourismus.de\/blog\/wp-json\/wp\/v2\/tags?post=1539"}],"curies":[{"name":"wp","href":"https:\/\/api.w.org\/{rel}","templated":true}]}}